{"id":6891,"date":"2022-01-25T18:37:31","date_gmt":"2022-01-25T18:37:31","guid":{"rendered":"http:\/\/obeirao.pt\/online\/?p=6891"},"modified":"2022-01-25T18:57:55","modified_gmt":"2022-01-25T18:57:55","slug":"municipio-de-tondela-vai-distribuir-compostores-domesticos-nas-ipss-e-escolas","status":"publish","type":"post","link":"http:\/\/obeirao.pt\/online\/2022\/01\/25\/municipio-de-tondela-vai-distribuir-compostores-domesticos-nas-ipss-e-escolas\/","title":{"rendered":"MUNIC\u00cdPIO DE TONDELA VAI DISTRIBUIR COMPOSTORES DOM\u00c9STICOS NAS IPSS E ESCOLAS"},"content":{"rendered":"<span class=\"span-reading-time rt-reading-time\" style=\"display: block;\"><span class=\"rt-label rt-prefix\">tempo de leitura:<\/span> <span class=\"rt-time\"> 2<\/span> <span class=\"rt-label rt-postfix\">minutos<\/span><\/span><figure id=\"attachment_6892\" aria-describedby=\"caption-attachment-6892\" style=\"width: 300px\" class=\"wp-caption alignleft\"><a href=\"http:\/\/obeirao.pt\/online\/wp-content\/uploads\/2022\/01\/Compostores-entregues-ao-munic\u00edpio-scaled.jpg\"><img loading=\"lazy\" decoding=\"async\" class=\"wp-image-6892 size-medium\" src=\"http:\/\/obeirao.pt\/online\/wp-content\/uploads\/2022\/01\/Compostores-entregues-ao-munic\u00edpio-300x200.jpg\" alt=\"\" width=\"300\" height=\"200\" srcset=\"http:\/\/obeirao.pt\/online\/wp-content\/uploads\/2022\/01\/Compostores-entregues-ao-munic\u00edpio-300x200.jpg 300w, http:\/\/obeirao.pt\/online\/wp-content\/uploads\/2022\/01\/Compostores-entregues-ao-munic\u00edpio-scaled.jpg 1024w, http:\/\/obeirao.pt\/online\/wp-content\/uploads\/2022\/01\/Compostores-entregues-ao-munic\u00edpio-768x512.jpg 768w, http:\/\/obeirao.pt\/online\/wp-content\/uploads\/2022\/01\/Compostores-entregues-ao-munic\u00edpio-640x427.jpg 640w\" sizes=\"(max-width: 300px) 100vw, 300px\" \/><\/a><figcaption id=\"caption-attachment-6892\" class=\"wp-caption-text\"><span style=\"font-size: 8pt;font-family: georgia, palatino, serif\"><strong><em>AMRPB entrega compostores ao Munic\u00edpio<\/em><\/strong><\/span><\/figcaption><\/figure>\n<p><span style=\"font-family: georgia, palatino, serif;font-size: 12pt\"><strong><em>Ao abrigo da implementa\u00e7\u00e3o do Projecto \u201cBiobairros \u2013 da Terra \u00e0 Terra\u201d, a Associa\u00e7\u00e3o de Munic\u00edpios da Regi\u00e3o do Planalto Beir\u00e3o<\/em><\/strong><strong><em> (AMRPB) entregou ao Munic\u00edpio de Tondela diversos tipos de compostores.<\/em><\/strong><!--more--><\/span><\/p>\n<p><span style=\"font-family: georgia, palatino, serif;font-size: 12pt\">Foram cerca de 50 compostores dom\u00e9sticos entregues de 310 litros, quatro compostores de 660 litros\u00a0e 40 baldes para separa\u00e7\u00e3o dos res\u00edduos\u00a0org\u00e2nicos, compostores, ali\u00e1s, a serem distribu\u00eddos, nesta primeira fase, pelas escolas e IPSS do concelho.<\/span><\/p>\n<p><span style=\"font-family: georgia, palatino, serif;font-size: 12pt\">A entrega simb\u00f3lica foi feita, hoje (25\/1), ao final da manh\u00e3, junto ao edif\u00edcio dos Pa\u00e7os do Concelho, com a presen\u00e7a da presidente da C\u00e2mara Municipal, Carla Antunes Borges, acompanhada pelo vereador Jo\u00e3o Duarte, do representante da AMRPB, Jos\u00e9 Portela, e dos vereadores do PS, Francisco Coutinho e Fernando Sousa.<\/span><\/p>\n<ul>\n<li><span style=\"font-family: georgia, palatino, serif;font-size: 14pt;color: #ff0000;background-color: #ffff00\"><strong>PROJECTO ALARGADO A TODAS AS FREGUESIAS<\/strong><\/span><\/li>\n<\/ul>\n<figure id=\"attachment_6894\" aria-describedby=\"caption-attachment-6894\" style=\"width: 300px\" class=\"wp-caption alignright\"><a href=\"http:\/\/obeirao.pt\/online\/wp-content\/uploads\/2022\/01\/Jo\u00e3o-Duarte-Chico-Carla-Borges-Jos\u00e9-Portela-e-Fernando-Sousa-scaled.jpg\"><img loading=\"lazy\" decoding=\"async\" class=\"wp-image-6894 size-medium\" src=\"http:\/\/obeirao.pt\/online\/wp-content\/uploads\/2022\/01\/Jo\u00e3o-Duarte-Chico-Carla-Borges-Jos\u00e9-Portela-e-Fernando-Sousa-300x200.jpg\" alt=\"\" width=\"300\" height=\"200\" srcset=\"http:\/\/obeirao.pt\/online\/wp-content\/uploads\/2022\/01\/Jo\u00e3o-Duarte-Chico-Carla-Borges-Jos\u00e9-Portela-e-Fernando-Sousa-300x200.jpg 300w, http:\/\/obeirao.pt\/online\/wp-content\/uploads\/2022\/01\/Jo\u00e3o-Duarte-Chico-Carla-Borges-Jos\u00e9-Portela-e-Fernando-Sousa-scaled.jpg 1024w, http:\/\/obeirao.pt\/online\/wp-content\/uploads\/2022\/01\/Jo\u00e3o-Duarte-Chico-Carla-Borges-Jos\u00e9-Portela-e-Fernando-Sousa-768x512.jpg 768w, http:\/\/obeirao.pt\/online\/wp-content\/uploads\/2022\/01\/Jo\u00e3o-Duarte-Chico-Carla-Borges-Jos\u00e9-Portela-e-Fernando-Sousa-640x427.jpg 640w\" sizes=\"(max-width: 300px) 100vw, 300px\" \/><\/a><figcaption id=\"caption-attachment-6894\" class=\"wp-caption-text\"><strong><span style=\"font-family: georgia, palatino, serif\"><em><span style=\"font-size: 8pt\">Jo\u00e3o, Coutinho, Carla, Jos\u00e9 Portela, Fernando Sousa<\/span><\/em><\/span><\/strong><\/figcaption><\/figure>\n<p><span style=\"font-family: georgia, palatino, serif;font-size: 12pt\">Durante a cerim\u00f3nia simb\u00f3lica, Carla Antunes Borges destacou a import\u00e2ncia deste \u201cprojecto-piloto inovador, ao qual o munic\u00edpio de Tondela est\u00e1 muito sens\u00edvel e empenhado em dar continuidade\u201d e que \u201cser\u00e1 alargado \u00e0s v\u00e1rias freguesias do nosso territ\u00f3rio\u201d.<\/span><\/p>\n<p><span style=\"font-family: georgia, palatino, serif;font-size: 12pt\">\u201cSeremos os primeiros na linha da frente a implementar este sistema de compostagem no nosso territ\u00f3rio e a principal actua\u00e7\u00e3o vai ser no dom\u00ednio da mudan\u00e7a de mentalidades. Queremos chegar \u00e0s escolas e \u00e0s IPSS, que t\u00eam um papel activo na comunidade, promovendo junto dos utentes a import\u00e2ncia da compostagem dos res\u00edduos org\u00e2nicos. Tamb\u00e9m vamos envolver as nossas crian\u00e7as, que s\u00e3o um ve\u00edculo importante para esta mudan\u00e7a\u201d, sublinhou a presidente da C\u00e2mara Municipal de Tondela.<\/span><\/p>\n<ul>\n<li><span style=\"font-family: georgia, palatino, serif;font-size: 14pt;color: #ff0000;background-color: #ffff00\"><strong>TONDELA L\u00cdDER EM MAT\u00c9RIA DE <\/strong><strong>GEST\u00c3O DE RES\u00cdDUOS<\/strong><\/span><\/li>\n<\/ul>\n<figure id=\"attachment_6896\" aria-describedby=\"caption-attachment-6896\" style=\"width: 300px\" class=\"wp-caption alignleft\"><a href=\"http:\/\/obeirao.pt\/online\/wp-content\/uploads\/2022\/01\/DSC_0232-scaled.jpg\"><img loading=\"lazy\" decoding=\"async\" class=\"wp-image-6896 size-medium\" src=\"http:\/\/obeirao.pt\/online\/wp-content\/uploads\/2022\/01\/DSC_0232-300x150.jpg\" alt=\"\" width=\"300\" height=\"150\" srcset=\"http:\/\/obeirao.pt\/online\/wp-content\/uploads\/2022\/01\/DSC_0232-300x150.jpg 300w, http:\/\/obeirao.pt\/online\/wp-content\/uploads\/2022\/01\/DSC_0232-scaled.jpg 1024w, http:\/\/obeirao.pt\/online\/wp-content\/uploads\/2022\/01\/DSC_0232-768x383.jpg 768w, http:\/\/obeirao.pt\/online\/wp-content\/uploads\/2022\/01\/DSC_0232-640x320.jpg 640w\" sizes=\"(max-width: 300px) 100vw, 300px\" \/><\/a><figcaption id=\"caption-attachment-6896\" class=\"wp-caption-text\"><span style=\"font-family: georgia, palatino, serif;font-size: 8pt\"><strong><em>Compostores para todas as freguesias<\/em><\/strong><\/span><\/figcaption><\/figure>\n<p><span style=\"font-family: georgia, palatino, serif;font-size: 12pt\">Jos\u00e9 Portela destacou, durante a apresenta\u00e7\u00e3o do projecto, que o Munic\u00edpio de Tondela produz cerca de 10 mil toneladas de res\u00edduos s\u00f3lidos urbanos, mas j\u00e1 encaminha cerca de 9% para a reciclagem atrav\u00e9s dos ecopontos, fazendo de Tondela \u201cum munic\u00edpio l\u00edder em mat\u00e9ria de gest\u00e3o de res\u00edduos\u201d.<\/span><\/p>\n<p><span style=\"font-family: georgia, palatino, serif;font-size: 12pt\">O projecto \u201cBiobairros \u2013 da Terra \u00e0 Terra\u201d surge da apresenta\u00e7\u00e3o da candidatura ao Fundo Ambiental, aprovada a\u00a015 de Setembro de 2021, e tem como objectivo promover o aproveitamento de biorres\u00edduos pelo pr\u00f3prio produtor (compostagem dom\u00e9stica) permitindo a reciclagem na origem dos biorres\u00edduos gerados, que de outra forma teriam como destino o aterro sanit\u00e1rio.<\/span><\/p>\n<p><span style=\"font-family: georgia, palatino, serif;font-size: 12pt\">Este procedimento reduz, assim, os custos associados \u00e0 sua recolha, transporte e tratamento e consequentemente diminuindo as emiss\u00f5es dos gases com efeito de estufa.\u00a0<\/span><\/p>\n","protected":false},"excerpt":{"rendered":"<div class=\"mh-excerpt\"><span class=\"span-reading-time rt-reading-time\" style=\"display: block;\"><span class=\"rt-label rt-prefix\">tempo de leitura:<\/span> <span class=\"rt-time\"> 2<\/span> <span class=\"rt-label rt-postfix\">minutos<\/span><\/span>Ao abrigo da implementa\u00e7\u00e3o do Projecto \u201cBiobairros \u2013 da Terra \u00e0 Terra\u201d, a Associa\u00e7\u00e3o de Munic\u00edpios da Regi\u00e3o do Planalto Beir\u00e3o (AMRPB) entregou ao Munic\u00edpio <a class=\"mh-excerpt-more\" href=\"http:\/\/obeirao.pt\/online\/2022\/01\/25\/municipio-de-tondela-vai-distribuir-compostores-domesticos-nas-ipss-e-escolas\/\" title=\"MUNIC\u00cdPIO DE TONDELA VAI DISTRIBUIR COMPOSTORES DOM\u00c9STICOS NAS IPSS E ESCOLAS\">[&#8230;]<\/a><\/div>\n","protected":false},"author":2,"featured_media":6892,"comment_status":"closed","ping_status":"closed","sticky":false,"template":"","format":"standard","meta":{"footnotes":""},"categories":[2,5,188,6,4,63],"tags":[],"class_list":["post-6891","post","type-post","status-publish","format-standard","has-post-thumbnail","hentry","category-principal","category-cidade","category-comunidade-intermunicipal-viseu-dao-lafoes","category-pais","category-regiao","category-tondela"],"yoast_head":"<!-- This site is optimized with the Yoast SEO plugin v27.4 - https:\/\/yoast.com\/product\/yoast-seo-wordpress\/ -->\n<title>MUNIC\u00cdPIO DE TONDELA VAI DISTRIBUIR COMPOSTORES DOM\u00c9STICOS NAS IPSS E ESCOLAS - Beir\u00e3o Online<\/title>\n<meta name=\"robots\" content=\"index, follow, max-snippet:-1, max-image-preview:large, max-video-preview:-1\" \/>\n<link rel=\"canonical\" href=\"http:\/\/obeirao.pt\/online\/2022\/01\/25\/municipio-de-tondela-vai-distribuir-compostores-domesticos-nas-ipss-e-escolas\/\" \/>\n<meta property=\"og:locale\" content=\"pt_PT\" \/>\n<meta property=\"og:type\" content=\"article\" \/>\n<meta property=\"og:title\" content=\"MUNIC\u00cdPIO DE TONDELA VAI DISTRIBUIR COMPOSTORES DOM\u00c9STICOS NAS IPSS E ESCOLAS - Beir\u00e3o Online\" \/>\n<meta property=\"og:description\" content=\"tempo de leitura: 2 minutosAo abrigo da implementa\u00e7\u00e3o do Projecto \u201cBiobairros \u2013 da Terra \u00e0 Terra\u201d, a Associa\u00e7\u00e3o de Munic\u00edpios da Regi\u00e3o do Planalto Beir\u00e3o (AMRPB) entregou ao Munic\u00edpio [...]\" \/>\n<meta property=\"og:url\" content=\"http:\/\/obeirao.pt\/online\/2022\/01\/25\/municipio-de-tondela-vai-distribuir-compostores-domesticos-nas-ipss-e-escolas\/\" \/>\n<meta property=\"og:site_name\" content=\"Beir\u00e3o Online\" \/>\n<meta property=\"article:publisher\" content=\"https:\/\/pt-br.facebook.com\/pages\/Amigos-de-Tondela\/273620439973877\" \/>\n<meta property=\"article:published_time\" content=\"2022-01-25T18:37:31+00:00\" \/>\n<meta property=\"article:modified_time\" content=\"2022-01-25T18:57:55+00:00\" \/>\n<meta property=\"og:image\" content=\"http:\/\/obeirao.pt\/online\/wp-content\/uploads\/2022\/01\/Compostores-entregues-ao-munic\u00edpio-scaled.jpg\" \/>\n\t<meta property=\"og:image:width\" content=\"1024\" \/>\n\t<meta property=\"og:image:height\" content=\"683\" \/>\n\t<meta property=\"og:image:type\" content=\"image\/jpeg\" \/>\n<meta name=\"author\" content=\"Z\u00e9 Beir\u00e3o\" \/>\n<meta name=\"twitter:card\" content=\"summary_large_image\" \/>\n<meta name=\"twitter:creator\" content=\"@JoaquimDuarteP2\" \/>\n<meta name=\"twitter:site\" content=\"@JoaquimDuarteP2\" \/>\n<meta name=\"twitter:label1\" content=\"Escrito por\" \/>\n\t<meta name=\"twitter:data1\" content=\"Z\u00e9 Beir\u00e3o\" \/>\n\t<meta name=\"twitter:label2\" content=\"Tempo estimado de leitura\" \/>\n\t<meta name=\"twitter:data2\" content=\"3 minutos\" \/>\n<script type=\"application\/ld+json\" class=\"yoast-schema-graph\">{\"@context\":\"https:\\\/\\\/schema.org\",\"@graph\":[{\"@type\":\"Article\",\"@id\":\"http:\\\/\\\/obeirao.pt\\\/online\\\/2022\\\/01\\\/25\\\/municipio-de-tondela-vai-distribuir-compostores-domesticos-nas-ipss-e-escolas\\\/#article\",\"isPartOf\":{\"@id\":\"http:\\\/\\\/obeirao.pt\\\/online\\\/2022\\\/01\\\/25\\\/municipio-de-tondela-vai-distribuir-compostores-domesticos-nas-ipss-e-escolas\\\/\"},\"author\":{\"name\":\"Z\u00e9 Beir\u00e3o\",\"@id\":\"http:\\\/\\\/obeirao.pt\\\/online\\\/#\\\/schema\\\/person\\\/efac69bb5a33873e1c1bb9c1165ff38c\"},\"headline\":\"MUNIC\u00cdPIO DE TONDELA VAI DISTRIBUIR COMPOSTORES DOM\u00c9STICOS NAS IPSS E ESCOLAS\",\"datePublished\":\"2022-01-25T18:37:31+00:00\",\"dateModified\":\"2022-01-25T18:57:55+00:00\",\"mainEntityOfPage\":{\"@id\":\"http:\\\/\\\/obeirao.pt\\\/online\\\/2022\\\/01\\\/25\\\/municipio-de-tondela-vai-distribuir-compostores-domesticos-nas-ipss-e-escolas\\\/\"},\"wordCount\":469,\"image\":{\"@id\":\"http:\\\/\\\/obeirao.pt\\\/online\\\/2022\\\/01\\\/25\\\/municipio-de-tondela-vai-distribuir-compostores-domesticos-nas-ipss-e-escolas\\\/#primaryimage\"},\"thumbnailUrl\":\"http:\\\/\\\/obeirao.pt\\\/online\\\/wp-content\\\/uploads\\\/2022\\\/01\\\/Compostores-entregues-ao-munic\u00edpio-scaled.jpg\",\"articleSection\":[\"_Principal\",\"Cidade\",\"Comunidade Intermunicipal Viseu D\u00e3o Laf\u00f5es\",\"Pa\u00eds\",\"Regi\u00e3o\",\"Tondela\"],\"inLanguage\":\"pt-PT\"},{\"@type\":\"WebPage\",\"@id\":\"http:\\\/\\\/obeirao.pt\\\/online\\\/2022\\\/01\\\/25\\\/municipio-de-tondela-vai-distribuir-compostores-domesticos-nas-ipss-e-escolas\\\/\",\"url\":\"http:\\\/\\\/obeirao.pt\\\/online\\\/2022\\\/01\\\/25\\\/municipio-de-tondela-vai-distribuir-compostores-domesticos-nas-ipss-e-escolas\\\/\",\"name\":\"MUNIC\u00cdPIO DE TONDELA VAI DISTRIBUIR COMPOSTORES DOM\u00c9STICOS NAS IPSS E ESCOLAS - Beir\u00e3o Online\",\"isPartOf\":{\"@id\":\"http:\\\/\\\/obeirao.pt\\\/online\\\/#website\"},\"primaryImageOfPage\":{\"@id\":\"http:\\\/\\\/obeirao.pt\\\/online\\\/2022\\\/01\\\/25\\\/municipio-de-tondela-vai-distribuir-compostores-domesticos-nas-ipss-e-escolas\\\/#primaryimage\"},\"image\":{\"@id\":\"http:\\\/\\\/obeirao.pt\\\/online\\\/2022\\\/01\\\/25\\\/municipio-de-tondela-vai-distribuir-compostores-domesticos-nas-ipss-e-escolas\\\/#primaryimage\"},\"thumbnailUrl\":\"http:\\\/\\\/obeirao.pt\\\/online\\\/wp-content\\\/uploads\\\/2022\\\/01\\\/Compostores-entregues-ao-munic\u00edpio-scaled.jpg\",\"datePublished\":\"2022-01-25T18:37:31+00:00\",\"dateModified\":\"2022-01-25T18:57:55+00:00\",\"author\":{\"@id\":\"http:\\\/\\\/obeirao.pt\\\/online\\\/#\\\/schema\\\/person\\\/efac69bb5a33873e1c1bb9c1165ff38c\"},\"breadcrumb\":{\"@id\":\"http:\\\/\\\/obeirao.pt\\\/online\\\/2022\\\/01\\\/25\\\/municipio-de-tondela-vai-distribuir-compostores-domesticos-nas-ipss-e-escolas\\\/#breadcrumb\"},\"inLanguage\":\"pt-PT\",\"potentialAction\":[{\"@type\":\"ReadAction\",\"target\":[\"http:\\\/\\\/obeirao.pt\\\/online\\\/2022\\\/01\\\/25\\\/municipio-de-tondela-vai-distribuir-compostores-domesticos-nas-ipss-e-escolas\\\/\"]}]},{\"@type\":\"ImageObject\",\"inLanguage\":\"pt-PT\",\"@id\":\"http:\\\/\\\/obeirao.pt\\\/online\\\/2022\\\/01\\\/25\\\/municipio-de-tondela-vai-distribuir-compostores-domesticos-nas-ipss-e-escolas\\\/#primaryimage\",\"url\":\"http:\\\/\\\/obeirao.pt\\\/online\\\/wp-content\\\/uploads\\\/2022\\\/01\\\/Compostores-entregues-ao-munic\u00edpio-scaled.jpg\",\"contentUrl\":\"http:\\\/\\\/obeirao.pt\\\/online\\\/wp-content\\\/uploads\\\/2022\\\/01\\\/Compostores-entregues-ao-munic\u00edpio-scaled.jpg\",\"width\":1024,\"height\":683,\"caption\":\"????????????????????????????????????\"},{\"@type\":\"BreadcrumbList\",\"@id\":\"http:\\\/\\\/obeirao.pt\\\/online\\\/2022\\\/01\\\/25\\\/municipio-de-tondela-vai-distribuir-compostores-domesticos-nas-ipss-e-escolas\\\/#breadcrumb\",\"itemListElement\":[{\"@type\":\"ListItem\",\"position\":1,\"name\":\"Home\",\"item\":\"http:\\\/\\\/obeirao.pt\\\/online\\\/\"},{\"@type\":\"ListItem\",\"position\":2,\"name\":\"MUNIC\u00cdPIO DE TONDELA VAI DISTRIBUIR COMPOSTORES DOM\u00c9STICOS NAS IPSS E ESCOLAS\"}]},{\"@type\":\"WebSite\",\"@id\":\"http:\\\/\\\/obeirao.pt\\\/online\\\/#website\",\"url\":\"http:\\\/\\\/obeirao.pt\\\/online\\\/\",\"name\":\"Beir\u00e3o Online\",\"description\":\"www.obeirao.pt\",\"potentialAction\":[{\"@type\":\"SearchAction\",\"target\":{\"@type\":\"EntryPoint\",\"urlTemplate\":\"http:\\\/\\\/obeirao.pt\\\/online\\\/?s={search_term_string}\"},\"query-input\":{\"@type\":\"PropertyValueSpecification\",\"valueRequired\":true,\"valueName\":\"search_term_string\"}}],\"inLanguage\":\"pt-PT\"},{\"@type\":\"Person\",\"@id\":\"http:\\\/\\\/obeirao.pt\\\/online\\\/#\\\/schema\\\/person\\\/efac69bb5a33873e1c1bb9c1165ff38c\",\"name\":\"Z\u00e9 Beir\u00e3o\",\"image\":{\"@type\":\"ImageObject\",\"inLanguage\":\"pt-PT\",\"@id\":\"http:\\\/\\\/0.gravatar.com\\\/avatar\\\/c8c44d1f9327baa4d27e9b1149cd71b3?s=96&d=mm&r=g\",\"url\":\"http:\\\/\\\/0.gravatar.com\\\/avatar\\\/c8c44d1f9327baa4d27e9b1149cd71b3?s=96&d=mm&r=g\",\"contentUrl\":\"http:\\\/\\\/0.gravatar.com\\\/avatar\\\/c8c44d1f9327baa4d27e9b1149cd71b3?s=96&d=mm&r=g\",\"caption\":\"Z\u00e9 Beir\u00e3o\"},\"url\":\"http:\\\/\\\/obeirao.pt\\\/online\\\/author\\\/zebeirao\\\/\"}]}<\/script>\n<!-- \/ Yoast SEO plugin. -->","yoast_head_json":{"title":"MUNIC\u00cdPIO DE TONDELA VAI DISTRIBUIR COMPOSTORES DOM\u00c9STICOS NAS IPSS E ESCOLAS - Beir\u00e3o Online","robots":{"index":"index","follow":"follow","max-snippet":"max-snippet:-1","max-image-preview":"max-image-preview:large","max-video-preview":"max-video-preview:-1"},"canonical":"http:\/\/obeirao.pt\/online\/2022\/01\/25\/municipio-de-tondela-vai-distribuir-compostores-domesticos-nas-ipss-e-escolas\/","og_locale":"pt_PT","og_type":"article","og_title":"MUNIC\u00cdPIO DE TONDELA VAI DISTRIBUIR COMPOSTORES DOM\u00c9STICOS NAS IPSS E ESCOLAS - Beir\u00e3o Online","og_description":"tempo de leitura: 2 minutosAo abrigo da implementa\u00e7\u00e3o do Projecto \u201cBiobairros \u2013 da Terra \u00e0 Terra\u201d, a Associa\u00e7\u00e3o de Munic\u00edpios da Regi\u00e3o do Planalto Beir\u00e3o (AMRPB) entregou ao Munic\u00edpio [...]","og_url":"http:\/\/obeirao.pt\/online\/2022\/01\/25\/municipio-de-tondela-vai-distribuir-compostores-domesticos-nas-ipss-e-escolas\/","og_site_name":"Beir\u00e3o Online","article_publisher":"https:\/\/pt-br.facebook.com\/pages\/Amigos-de-Tondela\/273620439973877","article_published_time":"2022-01-25T18:37:31+00:00","article_modified_time":"2022-01-25T18:57:55+00:00","og_image":[{"width":1024,"height":683,"url":"http:\/\/obeirao.pt\/online\/wp-content\/uploads\/2022\/01\/Compostores-entregues-ao-munic\u00edpio-scaled.jpg","type":"image\/jpeg"}],"author":"Z\u00e9 Beir\u00e3o","twitter_card":"summary_large_image","twitter_creator":"@JoaquimDuarteP2","twitter_site":"@JoaquimDuarteP2","twitter_misc":{"Escrito por":"Z\u00e9 Beir\u00e3o","Tempo estimado de leitura":"3 minutos"},"schema":{"@context":"https:\/\/schema.org","@graph":[{"@type":"Article","@id":"http:\/\/obeirao.pt\/online\/2022\/01\/25\/municipio-de-tondela-vai-distribuir-compostores-domesticos-nas-ipss-e-escolas\/#article","isPartOf":{"@id":"http:\/\/obeirao.pt\/online\/2022\/01\/25\/municipio-de-tondela-vai-distribuir-compostores-domesticos-nas-ipss-e-escolas\/"},"author":{"name":"Z\u00e9 Beir\u00e3o","@id":"http:\/\/obeirao.pt\/online\/#\/schema\/person\/efac69bb5a33873e1c1bb9c1165ff38c"},"headline":"MUNIC\u00cdPIO DE TONDELA VAI DISTRIBUIR COMPOSTORES DOM\u00c9STICOS NAS IPSS E ESCOLAS","datePublished":"2022-01-25T18:37:31+00:00","dateModified":"2022-01-25T18:57:55+00:00","mainEntityOfPage":{"@id":"http:\/\/obeirao.pt\/online\/2022\/01\/25\/municipio-de-tondela-vai-distribuir-compostores-domesticos-nas-ipss-e-escolas\/"},"wordCount":469,"image":{"@id":"http:\/\/obeirao.pt\/online\/2022\/01\/25\/municipio-de-tondela-vai-distribuir-compostores-domesticos-nas-ipss-e-escolas\/#primaryimage"},"thumbnailUrl":"http:\/\/obeirao.pt\/online\/wp-content\/uploads\/2022\/01\/Compostores-entregues-ao-munic\u00edpio-scaled.jpg","articleSection":["_Principal","Cidade","Comunidade Intermunicipal Viseu D\u00e3o Laf\u00f5es","Pa\u00eds","Regi\u00e3o","Tondela"],"inLanguage":"pt-PT"},{"@type":"WebPage","@id":"http:\/\/obeirao.pt\/online\/2022\/01\/25\/municipio-de-tondela-vai-distribuir-compostores-domesticos-nas-ipss-e-escolas\/","url":"http:\/\/obeirao.pt\/online\/2022\/01\/25\/municipio-de-tondela-vai-distribuir-compostores-domesticos-nas-ipss-e-escolas\/","name":"MUNIC\u00cdPIO DE TONDELA VAI DISTRIBUIR COMPOSTORES DOM\u00c9STICOS NAS IPSS E ESCOLAS - Beir\u00e3o Online","isPartOf":{"@id":"http:\/\/obeirao.pt\/online\/#website"},"primaryImageOfPage":{"@id":"http:\/\/obeirao.pt\/online\/2022\/01\/25\/municipio-de-tondela-vai-distribuir-compostores-domesticos-nas-ipss-e-escolas\/#primaryimage"},"image":{"@id":"http:\/\/obeirao.pt\/online\/2022\/01\/25\/municipio-de-tondela-vai-distribuir-compostores-domesticos-nas-ipss-e-escolas\/#primaryimage"},"thumbnailUrl":"http:\/\/obeirao.pt\/online\/wp-content\/uploads\/2022\/01\/Compostores-entregues-ao-munic\u00edpio-scaled.jpg","datePublished":"2022-01-25T18:37:31+00:00","dateModified":"2022-01-25T18:57:55+00:00","author":{"@id":"http:\/\/obeirao.pt\/online\/#\/schema\/person\/efac69bb5a33873e1c1bb9c1165ff38c"},"breadcrumb":{"@id":"http:\/\/obeirao.pt\/online\/2022\/01\/25\/municipio-de-tondela-vai-distribuir-compostores-domesticos-nas-ipss-e-escolas\/#breadcrumb"},"inLanguage":"pt-PT","potentialAction":[{"@type":"ReadAction","target":["http:\/\/obeirao.pt\/online\/2022\/01\/25\/municipio-de-tondela-vai-distribuir-compostores-domesticos-nas-ipss-e-escolas\/"]}]},{"@type":"ImageObject","inLanguage":"pt-PT","@id":"http:\/\/obeirao.pt\/online\/2022\/01\/25\/municipio-de-tondela-vai-distribuir-compostores-domesticos-nas-ipss-e-escolas\/#primaryimage","url":"http:\/\/obeirao.pt\/online\/wp-content\/uploads\/2022\/01\/Compostores-entregues-ao-munic\u00edpio-scaled.jpg","contentUrl":"http:\/\/obeirao.pt\/online\/wp-content\/uploads\/2022\/01\/Compostores-entregues-ao-munic\u00edpio-scaled.jpg","width":1024,"height":683,"caption":"????????????????????????????????????"},{"@type":"BreadcrumbList","@id":"http:\/\/obeirao.pt\/online\/2022\/01\/25\/municipio-de-tondela-vai-distribuir-compostores-domesticos-nas-ipss-e-escolas\/#breadcrumb","itemListElement":[{"@type":"ListItem","position":1,"name":"Home","item":"http:\/\/obeirao.pt\/online\/"},{"@type":"ListItem","position":2,"name":"MUNIC\u00cdPIO DE TONDELA VAI DISTRIBUIR COMPOSTORES DOM\u00c9STICOS NAS IPSS E ESCOLAS"}]},{"@type":"WebSite","@id":"http:\/\/obeirao.pt\/online\/#website","url":"http:\/\/obeirao.pt\/online\/","name":"Beir\u00e3o Online","description":"www.obeirao.pt","potentialAction":[{"@type":"SearchAction","target":{"@type":"EntryPoint","urlTemplate":"http:\/\/obeirao.pt\/online\/?s={search_term_string}"},"query-input":{"@type":"PropertyValueSpecification","valueRequired":true,"valueName":"search_term_string"}}],"inLanguage":"pt-PT"},{"@type":"Person","@id":"http:\/\/obeirao.pt\/online\/#\/schema\/person\/efac69bb5a33873e1c1bb9c1165ff38c","name":"Z\u00e9 Beir\u00e3o","image":{"@type":"ImageObject","inLanguage":"pt-PT","@id":"http:\/\/0.gravatar.com\/avatar\/c8c44d1f9327baa4d27e9b1149cd71b3?s=96&d=mm&r=g","url":"http:\/\/0.gravatar.com\/avatar\/c8c44d1f9327baa4d27e9b1149cd71b3?s=96&d=mm&r=g","contentUrl":"http:\/\/0.gravatar.com\/avatar\/c8c44d1f9327baa4d27e9b1149cd71b3?s=96&d=mm&r=g","caption":"Z\u00e9 Beir\u00e3o"},"url":"http:\/\/obeirao.pt\/online\/author\/zebeirao\/"}]}},"_links":{"self":[{"href":"http:\/\/obeirao.pt\/online\/wp-json\/wp\/v2\/posts\/6891"}],"collection":[{"href":"http:\/\/obeirao.pt\/online\/wp-json\/wp\/v2\/posts"}],"about":[{"href":"http:\/\/obeirao.pt\/online\/wp-json\/wp\/v2\/types\/post"}],"author":[{"embeddable":true,"href":"http:\/\/obeirao.pt\/online\/wp-json\/wp\/v2\/users\/2"}],"replies":[{"embeddable":true,"href":"http:\/\/obeirao.pt\/online\/wp-json\/wp\/v2\/comments?post=6891"}],"version-history":[{"count":6,"href":"http:\/\/obeirao.pt\/online\/wp-json\/wp\/v2\/posts\/6891\/revisions"}],"predecessor-version":[{"id":6900,"href":"http:\/\/obeirao.pt\/online\/wp-json\/wp\/v2\/posts\/6891\/revisions\/6900"}],"wp:featuredmedia":[{"embeddable":true,"href":"http:\/\/obeirao.pt\/online\/wp-json\/wp\/v2\/media\/6892"}],"wp:attachment":[{"href":"http:\/\/obeirao.pt\/online\/wp-json\/wp\/v2\/media?parent=6891"}],"wp:term":[{"taxonomy":"category","embeddable":true,"href":"http:\/\/obeirao.pt\/online\/wp-json\/wp\/v2\/categories?post=6891"},{"taxonomy":"post_tag","embeddable":true,"href":"http:\/\/obeirao.pt\/online\/wp-json\/wp\/v2\/tags?post=6891"}],"curies":[{"name":"wp","href":"https:\/\/api.w.org\/{rel}","templated":true}]}}