{"id":6975,"date":"2022-02-15T19:11:56","date_gmt":"2022-02-15T19:11:56","guid":{"rendered":"http:\/\/obeirao.pt\/online\/?p=6975"},"modified":"2022-02-15T19:12:29","modified_gmt":"2022-02-15T19:12:29","slug":"tondela-municipio-e-iscac-promovem-pos-graduacao-em-contabilidade-e-fiscalidade-empresarial","status":"publish","type":"post","link":"http:\/\/obeirao.pt\/online\/2022\/02\/15\/tondela-municipio-e-iscac-promovem-pos-graduacao-em-contabilidade-e-fiscalidade-empresarial\/","title":{"rendered":"TONDELA: MUNIC\u00cdPIO E ISCAC PROMOVEM P\u00d3S-GRADUA\u00c7\u00c3O EM CONTABILIDADE E FISCALIDADE EMPRESARIAL"},"content":{"rendered":"<span class=\"span-reading-time rt-reading-time\" style=\"display: block;\"><span class=\"rt-label rt-prefix\">tempo de leitura:<\/span> <span class=\"rt-time\"> 2<\/span> <span class=\"rt-label rt-postfix\">minutos<\/span><\/span><p><span style=\"font-size: 24pt\"><strong><a href=\"http:\/\/obeirao.pt\/online\/wp-content\/uploads\/2022\/02\/esta-coimbra.jpg\"><img loading=\"lazy\" decoding=\"async\" class=\"alignleft wp-image-6976 size-medium\" src=\"http:\/\/obeirao.pt\/online\/wp-content\/uploads\/2022\/02\/esta-coimbra-300x185.jpg\" alt=\"\" width=\"300\" height=\"185\" srcset=\"http:\/\/obeirao.pt\/online\/wp-content\/uploads\/2022\/02\/esta-coimbra-300x185.jpg 300w, http:\/\/obeirao.pt\/online\/wp-content\/uploads\/2022\/02\/esta-coimbra.jpg 600w\" sizes=\"(max-width: 300px) 100vw, 300px\" \/><\/a><\/strong><\/span><span style=\"font-family: georgia, palatino, serif\"><strong><em>Teve in\u00edcio no passado s\u00e1bado, dia 12 de Fevereiro, nas instala\u00e7\u00f5es do Museu Municipal de Tondela, a p\u00f3s-gradua\u00e7\u00e3o em Economia e Gest\u00e3o Industrial e Contabilidade e Fiscalidade Empresarial.<\/em><\/strong><!--more--><\/span><\/p>\n<p><span style=\"font-family: georgia, palatino, serif\">Este projecto inovador \u00e9 fruto de um protocolo de parceria entre o Munic\u00edpio de Tondela e a <strong>Coimbra Business School \u2013 Instituto Superior de Contabilidade e Administra\u00e7\u00e3o de Coimbra (ISCAC)<\/strong> que permite que aos mun\u00edcipes e aos funcion\u00e1rios das empresas frequentar p\u00f3s-gradua\u00e7\u00f5es.<\/span><\/p>\n<p><span style=\"font-family: georgia, palatino, serif\">Para assinalar o arranque desta nova val\u00eancia no concelho, marcaram presen\u00e7a na cerim\u00f3nia de abertura a presidente da C\u00e2mara Municipal de Tondela, Carla Antunes Borges, o vice-presidente, Jo\u00e3o Carlos Figueiredo, e a vice-presidente do ISCAC, Georgina Morais.<\/span><\/p>\n<p><span style=\"font-family: georgia, palatino, serif\">Na ocasi\u00e3o, a autarca de Tondela destacou a import\u00e2ncia desta parceria, na \u00e1rea da educa\u00e7\u00e3o, para o concelho. \u201cA \u00e1rea da educa\u00e7\u00e3o \u00e9 uma forte aposta no concelho de Tondela e, de facto, faltava-nos o car\u00e1cter inovador de um projecto como este de educa\u00e7\u00e3o\/ forma\u00e7\u00e3o para adultos em contexto de trabalho. Esta parceria pretende aproximar-nos do ensino superior e p\u00f3s-gradua\u00e7\u00e3o, em termos de forma\u00e7\u00e3o, acess\u00edvel a todos e desenvolvida a partir de Tondela\u201d, sublinhou.<\/span><\/p>\n<p><span style=\"font-family: georgia, palatino, serif\">O Centro Tecnol\u00f3gico e de Empreendedorismo, em Tondela, que j\u00e1 est\u00e1 em fase de conclus\u00e3o, ser\u00e1 o futuro local onde ser\u00e3o ministradas as forma\u00e7\u00f5es.<\/span><\/p>\n<p><span style=\"font-family: georgia, palatino, serif\">Carla Antunes Borges aproveitou ainda a ocasi\u00e3o para reconhecer o empenho do ISCAC neste processo. \u201cAgrade\u00e7o todo o apoio do ISCAC, que desde o in\u00edcio acreditou neste projecto e tudo fez para que se concretizasse. Estou certa que esta \u00e9 a primeira de outras experi\u00eancias formativas deste g\u00e9nero, pelo sucesso que vir\u00e1 a ter\u201d, concluiu.<\/span><\/p>\n<p><span style=\"font-family: georgia, palatino, serif\">As inscri\u00e7\u00f5es para a p\u00f3s-gradua\u00e7\u00e3o em Economia e Gest\u00e3o Industrial ainda est\u00e3o abertas e os interessados podem consultar toda a informa\u00e7\u00e3o no site do ISCAC.<\/span><\/p>\n<p>&nbsp;<\/p>\n","protected":false},"excerpt":{"rendered":"<div class=\"mh-excerpt\"><span class=\"span-reading-time rt-reading-time\" style=\"display: block;\"><span class=\"rt-label rt-prefix\">tempo de leitura:<\/span> <span class=\"rt-time\"> 2<\/span> <span class=\"rt-label rt-postfix\">minutos<\/span><\/span>Teve in\u00edcio no passado s\u00e1bado, dia 12 de Fevereiro, nas instala\u00e7\u00f5es do Museu Municipal de Tondela, a p\u00f3s-gradua\u00e7\u00e3o em Economia e Gest\u00e3o Industrial e Contabilidade <a class=\"mh-excerpt-more\" href=\"http:\/\/obeirao.pt\/online\/2022\/02\/15\/tondela-municipio-e-iscac-promovem-pos-graduacao-em-contabilidade-e-fiscalidade-empresarial\/\" title=\"TONDELA: MUNIC\u00cdPIO E ISCAC PROMOVEM P\u00d3S-GRADUA\u00c7\u00c3O EM CONTABILIDADE E FISCALIDADE EMPRESARIAL\">[&#8230;]<\/a><\/div>\n","protected":false},"author":2,"featured_media":6976,"comment_status":"closed","ping_status":"closed","sticky":false,"template":"","format":"standard","meta":{"footnotes":""},"categories":[2,5,188,6,4,63],"tags":[],"class_list":["post-6975","post","type-post","status-publish","format-standard","has-post-thumbnail","hentry","category-principal","category-cidade","category-comunidade-intermunicipal-viseu-dao-lafoes","category-pais","category-regiao","category-tondela"],"yoast_head":"<!-- This site is optimized with the Yoast SEO plugin v27.4 - https:\/\/yoast.com\/product\/yoast-seo-wordpress\/ -->\n<title>TONDELA: MUNIC\u00cdPIO E ISCAC PROMOVEM P\u00d3S-GRADUA\u00c7\u00c3O EM CONTABILIDADE E FISCALIDADE EMPRESARIAL - Beir\u00e3o Online<\/title>\n<meta name=\"robots\" content=\"index, follow, max-snippet:-1, max-image-preview:large, max-video-preview:-1\" \/>\n<link rel=\"canonical\" href=\"http:\/\/obeirao.pt\/online\/2022\/02\/15\/tondela-municipio-e-iscac-promovem-pos-graduacao-em-contabilidade-e-fiscalidade-empresarial\/\" \/>\n<meta property=\"og:locale\" content=\"pt_PT\" \/>\n<meta property=\"og:type\" content=\"article\" \/>\n<meta property=\"og:title\" content=\"TONDELA: MUNIC\u00cdPIO E ISCAC PROMOVEM P\u00d3S-GRADUA\u00c7\u00c3O EM CONTABILIDADE E FISCALIDADE EMPRESARIAL - Beir\u00e3o Online\" \/>\n<meta property=\"og:description\" content=\"tempo de leitura: 2 minutosTeve in\u00edcio no passado s\u00e1bado, dia 12 de Fevereiro, nas instala\u00e7\u00f5es do Museu Municipal de Tondela, a p\u00f3s-gradua\u00e7\u00e3o em Economia e Gest\u00e3o Industrial e Contabilidade [...]\" \/>\n<meta property=\"og:url\" content=\"http:\/\/obeirao.pt\/online\/2022\/02\/15\/tondela-municipio-e-iscac-promovem-pos-graduacao-em-contabilidade-e-fiscalidade-empresarial\/\" \/>\n<meta property=\"og:site_name\" content=\"Beir\u00e3o Online\" \/>\n<meta property=\"article:publisher\" content=\"https:\/\/pt-br.facebook.com\/pages\/Amigos-de-Tondela\/273620439973877\" \/>\n<meta property=\"article:published_time\" content=\"2022-02-15T19:11:56+00:00\" \/>\n<meta property=\"article:modified_time\" content=\"2022-02-15T19:12:29+00:00\" \/>\n<meta property=\"og:image\" content=\"http:\/\/obeirao.pt\/online\/wp-content\/uploads\/2022\/02\/esta-coimbra.jpg\" \/>\n\t<meta property=\"og:image:width\" content=\"600\" \/>\n\t<meta property=\"og:image:height\" content=\"369\" \/>\n\t<meta property=\"og:image:type\" content=\"image\/jpeg\" \/>\n<meta name=\"author\" content=\"Z\u00e9 Beir\u00e3o\" \/>\n<meta name=\"twitter:card\" content=\"summary_large_image\" \/>\n<meta name=\"twitter:creator\" content=\"@JoaquimDuarteP2\" \/>\n<meta name=\"twitter:site\" content=\"@JoaquimDuarteP2\" \/>\n<meta name=\"twitter:label1\" content=\"Escrito por\" \/>\n\t<meta name=\"twitter:data1\" content=\"Z\u00e9 Beir\u00e3o\" \/>\n\t<meta name=\"twitter:label2\" content=\"Tempo estimado de leitura\" \/>\n\t<meta name=\"twitter:data2\" content=\"2 minutos\" \/>\n<script type=\"application\/ld+json\" class=\"yoast-schema-graph\">{\"@context\":\"https:\\\/\\\/schema.org\",\"@graph\":[{\"@type\":\"Article\",\"@id\":\"http:\\\/\\\/obeirao.pt\\\/online\\\/2022\\\/02\\\/15\\\/tondela-municipio-e-iscac-promovem-pos-graduacao-em-contabilidade-e-fiscalidade-empresarial\\\/#article\",\"isPartOf\":{\"@id\":\"http:\\\/\\\/obeirao.pt\\\/online\\\/2022\\\/02\\\/15\\\/tondela-municipio-e-iscac-promovem-pos-graduacao-em-contabilidade-e-fiscalidade-empresarial\\\/\"},\"author\":{\"name\":\"Z\u00e9 Beir\u00e3o\",\"@id\":\"http:\\\/\\\/obeirao.pt\\\/online\\\/#\\\/schema\\\/person\\\/efac69bb5a33873e1c1bb9c1165ff38c\"},\"headline\":\"TONDELA: MUNIC\u00cdPIO E ISCAC PROMOVEM P\u00d3S-GRADUA\u00c7\u00c3O EM CONTABILIDADE E FISCALIDADE EMPRESARIAL\",\"datePublished\":\"2022-02-15T19:11:56+00:00\",\"dateModified\":\"2022-02-15T19:12:29+00:00\",\"mainEntityOfPage\":{\"@id\":\"http:\\\/\\\/obeirao.pt\\\/online\\\/2022\\\/02\\\/15\\\/tondela-municipio-e-iscac-promovem-pos-graduacao-em-contabilidade-e-fiscalidade-empresarial\\\/\"},\"wordCount\":338,\"image\":{\"@id\":\"http:\\\/\\\/obeirao.pt\\\/online\\\/2022\\\/02\\\/15\\\/tondela-municipio-e-iscac-promovem-pos-graduacao-em-contabilidade-e-fiscalidade-empresarial\\\/#primaryimage\"},\"thumbnailUrl\":\"http:\\\/\\\/obeirao.pt\\\/online\\\/wp-content\\\/uploads\\\/2022\\\/02\\\/esta-coimbra.jpg\",\"articleSection\":[\"_Principal\",\"Cidade\",\"Comunidade Intermunicipal Viseu D\u00e3o Laf\u00f5es\",\"Pa\u00eds\",\"Regi\u00e3o\",\"Tondela\"],\"inLanguage\":\"pt-PT\"},{\"@type\":\"WebPage\",\"@id\":\"http:\\\/\\\/obeirao.pt\\\/online\\\/2022\\\/02\\\/15\\\/tondela-municipio-e-iscac-promovem-pos-graduacao-em-contabilidade-e-fiscalidade-empresarial\\\/\",\"url\":\"http:\\\/\\\/obeirao.pt\\\/online\\\/2022\\\/02\\\/15\\\/tondela-municipio-e-iscac-promovem-pos-graduacao-em-contabilidade-e-fiscalidade-empresarial\\\/\",\"name\":\"TONDELA: MUNIC\u00cdPIO E ISCAC PROMOVEM P\u00d3S-GRADUA\u00c7\u00c3O EM CONTABILIDADE E FISCALIDADE EMPRESARIAL - Beir\u00e3o Online\",\"isPartOf\":{\"@id\":\"http:\\\/\\\/obeirao.pt\\\/online\\\/#website\"},\"primaryImageOfPage\":{\"@id\":\"http:\\\/\\\/obeirao.pt\\\/online\\\/2022\\\/02\\\/15\\\/tondela-municipio-e-iscac-promovem-pos-graduacao-em-contabilidade-e-fiscalidade-empresarial\\\/#primaryimage\"},\"image\":{\"@id\":\"http:\\\/\\\/obeirao.pt\\\/online\\\/2022\\\/02\\\/15\\\/tondela-municipio-e-iscac-promovem-pos-graduacao-em-contabilidade-e-fiscalidade-empresarial\\\/#primaryimage\"},\"thumbnailUrl\":\"http:\\\/\\\/obeirao.pt\\\/online\\\/wp-content\\\/uploads\\\/2022\\\/02\\\/esta-coimbra.jpg\",\"datePublished\":\"2022-02-15T19:11:56+00:00\",\"dateModified\":\"2022-02-15T19:12:29+00:00\",\"author\":{\"@id\":\"http:\\\/\\\/obeirao.pt\\\/online\\\/#\\\/schema\\\/person\\\/efac69bb5a33873e1c1bb9c1165ff38c\"},\"breadcrumb\":{\"@id\":\"http:\\\/\\\/obeirao.pt\\\/online\\\/2022\\\/02\\\/15\\\/tondela-municipio-e-iscac-promovem-pos-graduacao-em-contabilidade-e-fiscalidade-empresarial\\\/#breadcrumb\"},\"inLanguage\":\"pt-PT\",\"potentialAction\":[{\"@type\":\"ReadAction\",\"target\":[\"http:\\\/\\\/obeirao.pt\\\/online\\\/2022\\\/02\\\/15\\\/tondela-municipio-e-iscac-promovem-pos-graduacao-em-contabilidade-e-fiscalidade-empresarial\\\/\"]}]},{\"@type\":\"ImageObject\",\"inLanguage\":\"pt-PT\",\"@id\":\"http:\\\/\\\/obeirao.pt\\\/online\\\/2022\\\/02\\\/15\\\/tondela-municipio-e-iscac-promovem-pos-graduacao-em-contabilidade-e-fiscalidade-empresarial\\\/#primaryimage\",\"url\":\"http:\\\/\\\/obeirao.pt\\\/online\\\/wp-content\\\/uploads\\\/2022\\\/02\\\/esta-coimbra.jpg\",\"contentUrl\":\"http:\\\/\\\/obeirao.pt\\\/online\\\/wp-content\\\/uploads\\\/2022\\\/02\\\/esta-coimbra.jpg\",\"width\":600,\"height\":369},{\"@type\":\"BreadcrumbList\",\"@id\":\"http:\\\/\\\/obeirao.pt\\\/online\\\/2022\\\/02\\\/15\\\/tondela-municipio-e-iscac-promovem-pos-graduacao-em-contabilidade-e-fiscalidade-empresarial\\\/#breadcrumb\",\"itemListElement\":[{\"@type\":\"ListItem\",\"position\":1,\"name\":\"Home\",\"item\":\"http:\\\/\\\/obeirao.pt\\\/online\\\/\"},{\"@type\":\"ListItem\",\"position\":2,\"name\":\"TONDELA: MUNIC\u00cdPIO E ISCAC PROMOVEM P\u00d3S-GRADUA\u00c7\u00c3O EM CONTABILIDADE E FISCALIDADE EMPRESARIAL\"}]},{\"@type\":\"WebSite\",\"@id\":\"http:\\\/\\\/obeirao.pt\\\/online\\\/#website\",\"url\":\"http:\\\/\\\/obeirao.pt\\\/online\\\/\",\"name\":\"Beir\u00e3o Online\",\"description\":\"www.obeirao.pt\",\"potentialAction\":[{\"@type\":\"SearchAction\",\"target\":{\"@type\":\"EntryPoint\",\"urlTemplate\":\"http:\\\/\\\/obeirao.pt\\\/online\\\/?s={search_term_string}\"},\"query-input\":{\"@type\":\"PropertyValueSpecification\",\"valueRequired\":true,\"valueName\":\"search_term_string\"}}],\"inLanguage\":\"pt-PT\"},{\"@type\":\"Person\",\"@id\":\"http:\\\/\\\/obeirao.pt\\\/online\\\/#\\\/schema\\\/person\\\/efac69bb5a33873e1c1bb9c1165ff38c\",\"name\":\"Z\u00e9 Beir\u00e3o\",\"image\":{\"@type\":\"ImageObject\",\"inLanguage\":\"pt-PT\",\"@id\":\"http:\\\/\\\/0.gravatar.com\\\/avatar\\\/c8c44d1f9327baa4d27e9b1149cd71b3?s=96&d=mm&r=g\",\"url\":\"http:\\\/\\\/0.gravatar.com\\\/avatar\\\/c8c44d1f9327baa4d27e9b1149cd71b3?s=96&d=mm&r=g\",\"contentUrl\":\"http:\\\/\\\/0.gravatar.com\\\/avatar\\\/c8c44d1f9327baa4d27e9b1149cd71b3?s=96&d=mm&r=g\",\"caption\":\"Z\u00e9 Beir\u00e3o\"},\"url\":\"http:\\\/\\\/obeirao.pt\\\/online\\\/author\\\/zebeirao\\\/\"}]}<\/script>\n<!-- \/ Yoast SEO plugin. -->","yoast_head_json":{"title":"TONDELA: MUNIC\u00cdPIO E ISCAC PROMOVEM P\u00d3S-GRADUA\u00c7\u00c3O EM CONTABILIDADE E FISCALIDADE EMPRESARIAL - Beir\u00e3o Online","robots":{"index":"index","follow":"follow","max-snippet":"max-snippet:-1","max-image-preview":"max-image-preview:large","max-video-preview":"max-video-preview:-1"},"canonical":"http:\/\/obeirao.pt\/online\/2022\/02\/15\/tondela-municipio-e-iscac-promovem-pos-graduacao-em-contabilidade-e-fiscalidade-empresarial\/","og_locale":"pt_PT","og_type":"article","og_title":"TONDELA: MUNIC\u00cdPIO E ISCAC PROMOVEM P\u00d3S-GRADUA\u00c7\u00c3O EM CONTABILIDADE E FISCALIDADE EMPRESARIAL - Beir\u00e3o Online","og_description":"tempo de leitura: 2 minutosTeve in\u00edcio no passado s\u00e1bado, dia 12 de Fevereiro, nas instala\u00e7\u00f5es do Museu Municipal de Tondela, a p\u00f3s-gradua\u00e7\u00e3o em Economia e Gest\u00e3o Industrial e Contabilidade [...]","og_url":"http:\/\/obeirao.pt\/online\/2022\/02\/15\/tondela-municipio-e-iscac-promovem-pos-graduacao-em-contabilidade-e-fiscalidade-empresarial\/","og_site_name":"Beir\u00e3o Online","article_publisher":"https:\/\/pt-br.facebook.com\/pages\/Amigos-de-Tondela\/273620439973877","article_published_time":"2022-02-15T19:11:56+00:00","article_modified_time":"2022-02-15T19:12:29+00:00","og_image":[{"width":600,"height":369,"url":"http:\/\/obeirao.pt\/online\/wp-content\/uploads\/2022\/02\/esta-coimbra.jpg","type":"image\/jpeg"}],"author":"Z\u00e9 Beir\u00e3o","twitter_card":"summary_large_image","twitter_creator":"@JoaquimDuarteP2","twitter_site":"@JoaquimDuarteP2","twitter_misc":{"Escrito por":"Z\u00e9 Beir\u00e3o","Tempo estimado de leitura":"2 minutos"},"schema":{"@context":"https:\/\/schema.org","@graph":[{"@type":"Article","@id":"http:\/\/obeirao.pt\/online\/2022\/02\/15\/tondela-municipio-e-iscac-promovem-pos-graduacao-em-contabilidade-e-fiscalidade-empresarial\/#article","isPartOf":{"@id":"http:\/\/obeirao.pt\/online\/2022\/02\/15\/tondela-municipio-e-iscac-promovem-pos-graduacao-em-contabilidade-e-fiscalidade-empresarial\/"},"author":{"name":"Z\u00e9 Beir\u00e3o","@id":"http:\/\/obeirao.pt\/online\/#\/schema\/person\/efac69bb5a33873e1c1bb9c1165ff38c"},"headline":"TONDELA: MUNIC\u00cdPIO E ISCAC PROMOVEM P\u00d3S-GRADUA\u00c7\u00c3O EM CONTABILIDADE E FISCALIDADE EMPRESARIAL","datePublished":"2022-02-15T19:11:56+00:00","dateModified":"2022-02-15T19:12:29+00:00","mainEntityOfPage":{"@id":"http:\/\/obeirao.pt\/online\/2022\/02\/15\/tondela-municipio-e-iscac-promovem-pos-graduacao-em-contabilidade-e-fiscalidade-empresarial\/"},"wordCount":338,"image":{"@id":"http:\/\/obeirao.pt\/online\/2022\/02\/15\/tondela-municipio-e-iscac-promovem-pos-graduacao-em-contabilidade-e-fiscalidade-empresarial\/#primaryimage"},"thumbnailUrl":"http:\/\/obeirao.pt\/online\/wp-content\/uploads\/2022\/02\/esta-coimbra.jpg","articleSection":["_Principal","Cidade","Comunidade Intermunicipal Viseu D\u00e3o Laf\u00f5es","Pa\u00eds","Regi\u00e3o","Tondela"],"inLanguage":"pt-PT"},{"@type":"WebPage","@id":"http:\/\/obeirao.pt\/online\/2022\/02\/15\/tondela-municipio-e-iscac-promovem-pos-graduacao-em-contabilidade-e-fiscalidade-empresarial\/","url":"http:\/\/obeirao.pt\/online\/2022\/02\/15\/tondela-municipio-e-iscac-promovem-pos-graduacao-em-contabilidade-e-fiscalidade-empresarial\/","name":"TONDELA: MUNIC\u00cdPIO E ISCAC PROMOVEM P\u00d3S-GRADUA\u00c7\u00c3O EM CONTABILIDADE E FISCALIDADE EMPRESARIAL - Beir\u00e3o Online","isPartOf":{"@id":"http:\/\/obeirao.pt\/online\/#website"},"primaryImageOfPage":{"@id":"http:\/\/obeirao.pt\/online\/2022\/02\/15\/tondela-municipio-e-iscac-promovem-pos-graduacao-em-contabilidade-e-fiscalidade-empresarial\/#primaryimage"},"image":{"@id":"http:\/\/obeirao.pt\/online\/2022\/02\/15\/tondela-municipio-e-iscac-promovem-pos-graduacao-em-contabilidade-e-fiscalidade-empresarial\/#primaryimage"},"thumbnailUrl":"http:\/\/obeirao.pt\/online\/wp-content\/uploads\/2022\/02\/esta-coimbra.jpg","datePublished":"2022-02-15T19:11:56+00:00","dateModified":"2022-02-15T19:12:29+00:00","author":{"@id":"http:\/\/obeirao.pt\/online\/#\/schema\/person\/efac69bb5a33873e1c1bb9c1165ff38c"},"breadcrumb":{"@id":"http:\/\/obeirao.pt\/online\/2022\/02\/15\/tondela-municipio-e-iscac-promovem-pos-graduacao-em-contabilidade-e-fiscalidade-empresarial\/#breadcrumb"},"inLanguage":"pt-PT","potentialAction":[{"@type":"ReadAction","target":["http:\/\/obeirao.pt\/online\/2022\/02\/15\/tondela-municipio-e-iscac-promovem-pos-graduacao-em-contabilidade-e-fiscalidade-empresarial\/"]}]},{"@type":"ImageObject","inLanguage":"pt-PT","@id":"http:\/\/obeirao.pt\/online\/2022\/02\/15\/tondela-municipio-e-iscac-promovem-pos-graduacao-em-contabilidade-e-fiscalidade-empresarial\/#primaryimage","url":"http:\/\/obeirao.pt\/online\/wp-content\/uploads\/2022\/02\/esta-coimbra.jpg","contentUrl":"http:\/\/obeirao.pt\/online\/wp-content\/uploads\/2022\/02\/esta-coimbra.jpg","width":600,"height":369},{"@type":"BreadcrumbList","@id":"http:\/\/obeirao.pt\/online\/2022\/02\/15\/tondela-municipio-e-iscac-promovem-pos-graduacao-em-contabilidade-e-fiscalidade-empresarial\/#breadcrumb","itemListElement":[{"@type":"ListItem","position":1,"name":"Home","item":"http:\/\/obeirao.pt\/online\/"},{"@type":"ListItem","position":2,"name":"TONDELA: MUNIC\u00cdPIO E ISCAC PROMOVEM P\u00d3S-GRADUA\u00c7\u00c3O EM CONTABILIDADE E FISCALIDADE EMPRESARIAL"}]},{"@type":"WebSite","@id":"http:\/\/obeirao.pt\/online\/#website","url":"http:\/\/obeirao.pt\/online\/","name":"Beir\u00e3o Online","description":"www.obeirao.pt","potentialAction":[{"@type":"SearchAction","target":{"@type":"EntryPoint","urlTemplate":"http:\/\/obeirao.pt\/online\/?s={search_term_string}"},"query-input":{"@type":"PropertyValueSpecification","valueRequired":true,"valueName":"search_term_string"}}],"inLanguage":"pt-PT"},{"@type":"Person","@id":"http:\/\/obeirao.pt\/online\/#\/schema\/person\/efac69bb5a33873e1c1bb9c1165ff38c","name":"Z\u00e9 Beir\u00e3o","image":{"@type":"ImageObject","inLanguage":"pt-PT","@id":"http:\/\/0.gravatar.com\/avatar\/c8c44d1f9327baa4d27e9b1149cd71b3?s=96&d=mm&r=g","url":"http:\/\/0.gravatar.com\/avatar\/c8c44d1f9327baa4d27e9b1149cd71b3?s=96&d=mm&r=g","contentUrl":"http:\/\/0.gravatar.com\/avatar\/c8c44d1f9327baa4d27e9b1149cd71b3?s=96&d=mm&r=g","caption":"Z\u00e9 Beir\u00e3o"},"url":"http:\/\/obeirao.pt\/online\/author\/zebeirao\/"}]}},"_links":{"self":[{"href":"http:\/\/obeirao.pt\/online\/wp-json\/wp\/v2\/posts\/6975"}],"collection":[{"href":"http:\/\/obeirao.pt\/online\/wp-json\/wp\/v2\/posts"}],"about":[{"href":"http:\/\/obeirao.pt\/online\/wp-json\/wp\/v2\/types\/post"}],"author":[{"embeddable":true,"href":"http:\/\/obeirao.pt\/online\/wp-json\/wp\/v2\/users\/2"}],"replies":[{"embeddable":true,"href":"http:\/\/obeirao.pt\/online\/wp-json\/wp\/v2\/comments?post=6975"}],"version-history":[{"count":1,"href":"http:\/\/obeirao.pt\/online\/wp-json\/wp\/v2\/posts\/6975\/revisions"}],"predecessor-version":[{"id":6977,"href":"http:\/\/obeirao.pt\/online\/wp-json\/wp\/v2\/posts\/6975\/revisions\/6977"}],"wp:featuredmedia":[{"embeddable":true,"href":"http:\/\/obeirao.pt\/online\/wp-json\/wp\/v2\/media\/6976"}],"wp:attachment":[{"href":"http:\/\/obeirao.pt\/online\/wp-json\/wp\/v2\/media?parent=6975"}],"wp:term":[{"taxonomy":"category","embeddable":true,"href":"http:\/\/obeirao.pt\/online\/wp-json\/wp\/v2\/categories?post=6975"},{"taxonomy":"post_tag","embeddable":true,"href":"http:\/\/obeirao.pt\/online\/wp-json\/wp\/v2\/tags?post=6975"}],"curies":[{"name":"wp","href":"https:\/\/api.w.org\/{rel}","templated":true}]}}