{"id":7219,"date":"2022-05-06T19:53:30","date_gmt":"2022-05-06T18:53:30","guid":{"rendered":"http:\/\/obeirao.pt\/online\/?p=7219"},"modified":"2022-05-06T19:53:52","modified_gmt":"2022-05-06T18:53:52","slug":"camisolas-do-tondela-na-final-da-taca-tem-nome-dos-24-concelhos-do-distrito","status":"publish","type":"post","link":"http:\/\/obeirao.pt\/online\/2022\/05\/06\/camisolas-do-tondela-na-final-da-taca-tem-nome-dos-24-concelhos-do-distrito\/","title":{"rendered":"CAMISOLAS DO TONDELA NA FINAL DA TA\u00c7A T\u00caM NOME DOS 24 CONCELHOS DO DISTRITO"},"content":{"rendered":"<span class=\"span-reading-time rt-reading-time\" style=\"display: block;\"><span class=\"rt-label rt-prefix\">tempo de leitura:<\/span> <span class=\"rt-time\"> 2<\/span> <span class=\"rt-label rt-postfix\">minutos<\/span><\/span><p><span style=\"font-size: 18pt\"><strong><a href=\"http:\/\/obeirao.pt\/online\/wp-content\/uploads\/2022\/05\/final-tondela-scaled.jpg\"><img loading=\"lazy\" decoding=\"async\" class=\"alignleft wp-image-7220 size-medium\" src=\"http:\/\/obeirao.pt\/online\/wp-content\/uploads\/2022\/05\/final-tondela-300x243.jpg\" alt=\"\" width=\"300\" height=\"243\" srcset=\"http:\/\/obeirao.pt\/online\/wp-content\/uploads\/2022\/05\/final-tondela-300x243.jpg 300w, http:\/\/obeirao.pt\/online\/wp-content\/uploads\/2022\/05\/final-tondela-scaled.jpg 1024w, http:\/\/obeirao.pt\/online\/wp-content\/uploads\/2022\/05\/final-tondela-768x621.jpg 768w, http:\/\/obeirao.pt\/online\/wp-content\/uploads\/2022\/05\/final-tondela-640x518.jpg 640w\" sizes=\"(max-width: 300px) 100vw, 300px\" \/><\/a><\/strong><\/span><span style=\"font-family: georgia, palatino, serif\"><strong><em>O Tondela vai entrar na final da Ta\u00e7a de Portugal de futebol, diante do FC Porto, com o nome dos 24 concelhos do distrito de Viseu impressos no equipamento, anunciou hoje o clube \u00e0 ag\u00eancia Lusa.<\/em><!--more--><\/strong><\/span><\/p>\n<p><span style=\"font-family: georgia, palatino, serif\"><strong>\u201cO Tondela est\u00e1 a fazer hist\u00f3ria n\u00e3o s\u00f3 no clube, mas na regi\u00e3o, j\u00e1 que \u00e9 a primeira vez que um clube do distrito de Viseu vai \u00e0 final da Ta\u00e7a de Portugal, no Jamor, e, por isso, queremos os 24 concelhos connosco\u201d, disse o director de comunica\u00e7\u00e3o dos beir\u00f5es, Francisco Favinha.<\/strong><\/span><\/p>\n<p><span style=\"font-family: georgia, palatino, serif\"><strong>Neste sentido, o equipamento com que o plantel vai jogar a final da prova \u2018rainha\u2019, no Est\u00e1dio Nacional, em 22 de maio, levar\u00e1 \u201cuma inscri\u00e7\u00e3o diferente\u201d.<\/strong><\/span><\/p>\n<p><span style=\"font-family: georgia, palatino, serif\"><strong>\u201cO equipamento, para al\u00e9m das inscri\u00e7\u00f5es normais pr\u00f3prias da Ta\u00e7a [de Portugal], tem inscrito, numa das faixas verdes, na parte da frente da camisola, o nome dos 24 concelhos [do distrito de Viseu]\u201d, revelou, explicando que \u201cesta \u00e9 uma forma de todo o distrito entrar em campo com o Tondela, de estar na final da Ta\u00e7a\u201d com o clube beir\u00e3o.<\/strong><\/span><\/p>\n<p><span style=\"font-family: georgia, palatino, serif\"><strong>Para dar a conhecer a iniciativa e \u201cpromover o esp\u00edrito beir\u00e3o\u201d em todo o distrito, o director de comunica\u00e7\u00e3o disse que tem feito \u201cum p\u00e9riplo\u201d pelo distrito a \u201coferecer a cada um dos presidentes de c\u00e2mara dos 24 concelhos uma camisola oficial\u201d.<\/strong><\/span><\/p>\n<p><span style=\"font-family: georgia, palatino, serif\"><strong>\u201c\u00c9 um momento hist\u00f3rico n\u00e3o s\u00f3 para o desporto, ou Tondela, como para toda a regi\u00e3o, porque \u00e9 toda uma cultura que se faz representar no Jamor e, por isso, ach\u00e1mos que era essencial entregarmos em m\u00e3os aos representantes dos munic\u00edpios a nossa camisola\u201d, assumiu.<\/strong><\/span><\/p>\n<p><span style=\"font-family: georgia, palatino, serif\"><strong>Este respons\u00e1vel reconheceu que \u201ca dist\u00e2ncia geogr\u00e1fica n\u00e3o ajuda, uma vez que na zona mais a sul do distrito, at\u00e9 s\u00e3o mais pr\u00f3ximos do Tondela e consideram-se beir\u00f5es, mas, mais a norte, na regi\u00e3o do Douro Sul, j\u00e1 s\u00e3o mais durienses\u201d.<\/strong><\/span><\/p>\n<p><span style=\"font-family: georgia, palatino, serif\"><strong>\u201cAlguns autarcas, que at\u00e9 admitiram serem adeptos de outros clubes, dos grandes, ficaram sensibilizados com o nosso gesto e sentiram-se parte desta conquista do Tondela e, alguns, acabaram mesmo por nos dizer que no dia 22, estamos todos unidos pela regi\u00e3o\u201d, contou.<\/strong><\/span><\/p>\n<p><span style=\"font-family: georgia, palatino, serif\"><strong>A final da Ta\u00e7a de Portugal, entre Tondela e FC Porto, est\u00e1 agendada para 22 de maio, \u00e0s 17:15, no Est\u00e1dio Nacional, em Oeiras, depois de nos dois anos anteriores ter sido realizada em Coimbra.<\/strong><\/span><\/p>\n","protected":false},"excerpt":{"rendered":"<div class=\"mh-excerpt\"><span class=\"span-reading-time rt-reading-time\" style=\"display: block;\"><span class=\"rt-label rt-prefix\">tempo de leitura:<\/span> <span class=\"rt-time\"> 2<\/span> <span class=\"rt-label rt-postfix\">minutos<\/span><\/span>O Tondela vai entrar na final da Ta\u00e7a de Portugal de futebol, diante do FC Porto, com o nome dos 24 concelhos do distrito de <a class=\"mh-excerpt-more\" href=\"http:\/\/obeirao.pt\/online\/2022\/05\/06\/camisolas-do-tondela-na-final-da-taca-tem-nome-dos-24-concelhos-do-distrito\/\" title=\"CAMISOLAS DO TONDELA NA FINAL DA TA\u00c7A T\u00caM NOME DOS 24 CONCELHOS DO DISTRITO\">[&#8230;]<\/a><\/div>\n","protected":false},"author":2,"featured_media":7220,"comment_status":"closed","ping_status":"closed","sticky":false,"template":"","format":"standard","meta":{"footnotes":""},"categories":[2,5,188,43,44,6,4,63],"tags":[],"class_list":["post-7219","post","type-post","status-publish","format-standard","has-post-thumbnail","hentry","category-principal","category-cidade","category-comunidade-intermunicipal-viseu-dao-lafoes","category-desporto","category-futebol","category-pais","category-regiao","category-tondela"],"yoast_head":"<!-- This site is optimized with the Yoast SEO plugin v27.4 - https:\/\/yoast.com\/product\/yoast-seo-wordpress\/ -->\n<title>CAMISOLAS DO TONDELA NA FINAL DA TA\u00c7A T\u00caM NOME DOS 24 CONCELHOS DO DISTRITO - Beir\u00e3o Online<\/title>\n<meta name=\"robots\" content=\"index, follow, max-snippet:-1, max-image-preview:large, max-video-preview:-1\" \/>\n<link rel=\"canonical\" href=\"http:\/\/obeirao.pt\/online\/2022\/05\/06\/camisolas-do-tondela-na-final-da-taca-tem-nome-dos-24-concelhos-do-distrito\/\" \/>\n<meta property=\"og:locale\" content=\"pt_PT\" \/>\n<meta property=\"og:type\" content=\"article\" \/>\n<meta property=\"og:title\" content=\"CAMISOLAS DO TONDELA NA FINAL DA TA\u00c7A T\u00caM NOME DOS 24 CONCELHOS DO DISTRITO - Beir\u00e3o Online\" \/>\n<meta property=\"og:description\" content=\"tempo de leitura: 2 minutosO Tondela vai entrar na final da Ta\u00e7a de Portugal de futebol, diante do FC Porto, com o nome dos 24 concelhos do distrito de [...]\" \/>\n<meta property=\"og:url\" content=\"http:\/\/obeirao.pt\/online\/2022\/05\/06\/camisolas-do-tondela-na-final-da-taca-tem-nome-dos-24-concelhos-do-distrito\/\" \/>\n<meta property=\"og:site_name\" content=\"Beir\u00e3o Online\" \/>\n<meta property=\"article:publisher\" content=\"https:\/\/pt-br.facebook.com\/pages\/Amigos-de-Tondela\/273620439973877\" \/>\n<meta property=\"article:published_time\" content=\"2022-05-06T18:53:30+00:00\" \/>\n<meta property=\"article:modified_time\" content=\"2022-05-06T18:53:52+00:00\" \/>\n<meta property=\"og:image\" content=\"http:\/\/obeirao.pt\/online\/wp-content\/uploads\/2022\/05\/final-tondela-scaled.jpg\" \/>\n\t<meta property=\"og:image:width\" content=\"1024\" \/>\n\t<meta property=\"og:image:height\" content=\"828\" \/>\n\t<meta property=\"og:image:type\" content=\"image\/jpeg\" \/>\n<meta name=\"author\" content=\"Z\u00e9 Beir\u00e3o\" \/>\n<meta name=\"twitter:card\" content=\"summary_large_image\" \/>\n<meta name=\"twitter:creator\" content=\"@JoaquimDuarteP2\" \/>\n<meta name=\"twitter:site\" content=\"@JoaquimDuarteP2\" \/>\n<meta name=\"twitter:label1\" content=\"Escrito por\" \/>\n\t<meta name=\"twitter:data1\" content=\"Z\u00e9 Beir\u00e3o\" \/>\n\t<meta name=\"twitter:label2\" content=\"Tempo estimado de leitura\" \/>\n\t<meta name=\"twitter:data2\" content=\"3 minutos\" \/>\n<script type=\"application\/ld+json\" class=\"yoast-schema-graph\">{\"@context\":\"https:\\\/\\\/schema.org\",\"@graph\":[{\"@type\":\"Article\",\"@id\":\"http:\\\/\\\/obeirao.pt\\\/online\\\/2022\\\/05\\\/06\\\/camisolas-do-tondela-na-final-da-taca-tem-nome-dos-24-concelhos-do-distrito\\\/#article\",\"isPartOf\":{\"@id\":\"http:\\\/\\\/obeirao.pt\\\/online\\\/2022\\\/05\\\/06\\\/camisolas-do-tondela-na-final-da-taca-tem-nome-dos-24-concelhos-do-distrito\\\/\"},\"author\":{\"name\":\"Z\u00e9 Beir\u00e3o\",\"@id\":\"http:\\\/\\\/obeirao.pt\\\/online\\\/#\\\/schema\\\/person\\\/efac69bb5a33873e1c1bb9c1165ff38c\"},\"headline\":\"CAMISOLAS DO TONDELA NA FINAL DA TA\u00c7A T\u00caM NOME DOS 24 CONCELHOS DO DISTRITO\",\"datePublished\":\"2022-05-06T18:53:30+00:00\",\"dateModified\":\"2022-05-06T18:53:52+00:00\",\"mainEntityOfPage\":{\"@id\":\"http:\\\/\\\/obeirao.pt\\\/online\\\/2022\\\/05\\\/06\\\/camisolas-do-tondela-na-final-da-taca-tem-nome-dos-24-concelhos-do-distrito\\\/\"},\"wordCount\":419,\"image\":{\"@id\":\"http:\\\/\\\/obeirao.pt\\\/online\\\/2022\\\/05\\\/06\\\/camisolas-do-tondela-na-final-da-taca-tem-nome-dos-24-concelhos-do-distrito\\\/#primaryimage\"},\"thumbnailUrl\":\"http:\\\/\\\/obeirao.pt\\\/online\\\/wp-content\\\/uploads\\\/2022\\\/05\\\/final-tondela-scaled.jpg\",\"articleSection\":[\"_Principal\",\"Cidade\",\"Comunidade Intermunicipal Viseu D\u00e3o Laf\u00f5es\",\"Desporto\",\"Futebol\",\"Pa\u00eds\",\"Regi\u00e3o\",\"Tondela\"],\"inLanguage\":\"pt-PT\"},{\"@type\":\"WebPage\",\"@id\":\"http:\\\/\\\/obeirao.pt\\\/online\\\/2022\\\/05\\\/06\\\/camisolas-do-tondela-na-final-da-taca-tem-nome-dos-24-concelhos-do-distrito\\\/\",\"url\":\"http:\\\/\\\/obeirao.pt\\\/online\\\/2022\\\/05\\\/06\\\/camisolas-do-tondela-na-final-da-taca-tem-nome-dos-24-concelhos-do-distrito\\\/\",\"name\":\"CAMISOLAS DO TONDELA NA FINAL DA TA\u00c7A T\u00caM NOME DOS 24 CONCELHOS DO DISTRITO - Beir\u00e3o Online\",\"isPartOf\":{\"@id\":\"http:\\\/\\\/obeirao.pt\\\/online\\\/#website\"},\"primaryImageOfPage\":{\"@id\":\"http:\\\/\\\/obeirao.pt\\\/online\\\/2022\\\/05\\\/06\\\/camisolas-do-tondela-na-final-da-taca-tem-nome-dos-24-concelhos-do-distrito\\\/#primaryimage\"},\"image\":{\"@id\":\"http:\\\/\\\/obeirao.pt\\\/online\\\/2022\\\/05\\\/06\\\/camisolas-do-tondela-na-final-da-taca-tem-nome-dos-24-concelhos-do-distrito\\\/#primaryimage\"},\"thumbnailUrl\":\"http:\\\/\\\/obeirao.pt\\\/online\\\/wp-content\\\/uploads\\\/2022\\\/05\\\/final-tondela-scaled.jpg\",\"datePublished\":\"2022-05-06T18:53:30+00:00\",\"dateModified\":\"2022-05-06T18:53:52+00:00\",\"author\":{\"@id\":\"http:\\\/\\\/obeirao.pt\\\/online\\\/#\\\/schema\\\/person\\\/efac69bb5a33873e1c1bb9c1165ff38c\"},\"breadcrumb\":{\"@id\":\"http:\\\/\\\/obeirao.pt\\\/online\\\/2022\\\/05\\\/06\\\/camisolas-do-tondela-na-final-da-taca-tem-nome-dos-24-concelhos-do-distrito\\\/#breadcrumb\"},\"inLanguage\":\"pt-PT\",\"potentialAction\":[{\"@type\":\"ReadAction\",\"target\":[\"http:\\\/\\\/obeirao.pt\\\/online\\\/2022\\\/05\\\/06\\\/camisolas-do-tondela-na-final-da-taca-tem-nome-dos-24-concelhos-do-distrito\\\/\"]}]},{\"@type\":\"ImageObject\",\"inLanguage\":\"pt-PT\",\"@id\":\"http:\\\/\\\/obeirao.pt\\\/online\\\/2022\\\/05\\\/06\\\/camisolas-do-tondela-na-final-da-taca-tem-nome-dos-24-concelhos-do-distrito\\\/#primaryimage\",\"url\":\"http:\\\/\\\/obeirao.pt\\\/online\\\/wp-content\\\/uploads\\\/2022\\\/05\\\/final-tondela-scaled.jpg\",\"contentUrl\":\"http:\\\/\\\/obeirao.pt\\\/online\\\/wp-content\\\/uploads\\\/2022\\\/05\\\/final-tondela-scaled.jpg\",\"width\":1024,\"height\":828},{\"@type\":\"BreadcrumbList\",\"@id\":\"http:\\\/\\\/obeirao.pt\\\/online\\\/2022\\\/05\\\/06\\\/camisolas-do-tondela-na-final-da-taca-tem-nome-dos-24-concelhos-do-distrito\\\/#breadcrumb\",\"itemListElement\":[{\"@type\":\"ListItem\",\"position\":1,\"name\":\"Home\",\"item\":\"http:\\\/\\\/obeirao.pt\\\/online\\\/\"},{\"@type\":\"ListItem\",\"position\":2,\"name\":\"CAMISOLAS DO TONDELA NA FINAL DA TA\u00c7A T\u00caM NOME DOS 24 CONCELHOS DO DISTRITO\"}]},{\"@type\":\"WebSite\",\"@id\":\"http:\\\/\\\/obeirao.pt\\\/online\\\/#website\",\"url\":\"http:\\\/\\\/obeirao.pt\\\/online\\\/\",\"name\":\"Beir\u00e3o Online\",\"description\":\"www.obeirao.pt\",\"potentialAction\":[{\"@type\":\"SearchAction\",\"target\":{\"@type\":\"EntryPoint\",\"urlTemplate\":\"http:\\\/\\\/obeirao.pt\\\/online\\\/?s={search_term_string}\"},\"query-input\":{\"@type\":\"PropertyValueSpecification\",\"valueRequired\":true,\"valueName\":\"search_term_string\"}}],\"inLanguage\":\"pt-PT\"},{\"@type\":\"Person\",\"@id\":\"http:\\\/\\\/obeirao.pt\\\/online\\\/#\\\/schema\\\/person\\\/efac69bb5a33873e1c1bb9c1165ff38c\",\"name\":\"Z\u00e9 Beir\u00e3o\",\"image\":{\"@type\":\"ImageObject\",\"inLanguage\":\"pt-PT\",\"@id\":\"http:\\\/\\\/0.gravatar.com\\\/avatar\\\/c8c44d1f9327baa4d27e9b1149cd71b3?s=96&d=mm&r=g\",\"url\":\"http:\\\/\\\/0.gravatar.com\\\/avatar\\\/c8c44d1f9327baa4d27e9b1149cd71b3?s=96&d=mm&r=g\",\"contentUrl\":\"http:\\\/\\\/0.gravatar.com\\\/avatar\\\/c8c44d1f9327baa4d27e9b1149cd71b3?s=96&d=mm&r=g\",\"caption\":\"Z\u00e9 Beir\u00e3o\"},\"url\":\"http:\\\/\\\/obeirao.pt\\\/online\\\/author\\\/zebeirao\\\/\"}]}<\/script>\n<!-- \/ Yoast SEO plugin. -->","yoast_head_json":{"title":"CAMISOLAS DO TONDELA NA FINAL DA TA\u00c7A T\u00caM NOME DOS 24 CONCELHOS DO DISTRITO - Beir\u00e3o Online","robots":{"index":"index","follow":"follow","max-snippet":"max-snippet:-1","max-image-preview":"max-image-preview:large","max-video-preview":"max-video-preview:-1"},"canonical":"http:\/\/obeirao.pt\/online\/2022\/05\/06\/camisolas-do-tondela-na-final-da-taca-tem-nome-dos-24-concelhos-do-distrito\/","og_locale":"pt_PT","og_type":"article","og_title":"CAMISOLAS DO TONDELA NA FINAL DA TA\u00c7A T\u00caM NOME DOS 24 CONCELHOS DO DISTRITO - Beir\u00e3o Online","og_description":"tempo de leitura: 2 minutosO Tondela vai entrar na final da Ta\u00e7a de Portugal de futebol, diante do FC Porto, com o nome dos 24 concelhos do distrito de [...]","og_url":"http:\/\/obeirao.pt\/online\/2022\/05\/06\/camisolas-do-tondela-na-final-da-taca-tem-nome-dos-24-concelhos-do-distrito\/","og_site_name":"Beir\u00e3o Online","article_publisher":"https:\/\/pt-br.facebook.com\/pages\/Amigos-de-Tondela\/273620439973877","article_published_time":"2022-05-06T18:53:30+00:00","article_modified_time":"2022-05-06T18:53:52+00:00","og_image":[{"width":1024,"height":828,"url":"http:\/\/obeirao.pt\/online\/wp-content\/uploads\/2022\/05\/final-tondela-scaled.jpg","type":"image\/jpeg"}],"author":"Z\u00e9 Beir\u00e3o","twitter_card":"summary_large_image","twitter_creator":"@JoaquimDuarteP2","twitter_site":"@JoaquimDuarteP2","twitter_misc":{"Escrito por":"Z\u00e9 Beir\u00e3o","Tempo estimado de leitura":"3 minutos"},"schema":{"@context":"https:\/\/schema.org","@graph":[{"@type":"Article","@id":"http:\/\/obeirao.pt\/online\/2022\/05\/06\/camisolas-do-tondela-na-final-da-taca-tem-nome-dos-24-concelhos-do-distrito\/#article","isPartOf":{"@id":"http:\/\/obeirao.pt\/online\/2022\/05\/06\/camisolas-do-tondela-na-final-da-taca-tem-nome-dos-24-concelhos-do-distrito\/"},"author":{"name":"Z\u00e9 Beir\u00e3o","@id":"http:\/\/obeirao.pt\/online\/#\/schema\/person\/efac69bb5a33873e1c1bb9c1165ff38c"},"headline":"CAMISOLAS DO TONDELA NA FINAL DA TA\u00c7A T\u00caM NOME DOS 24 CONCELHOS DO DISTRITO","datePublished":"2022-05-06T18:53:30+00:00","dateModified":"2022-05-06T18:53:52+00:00","mainEntityOfPage":{"@id":"http:\/\/obeirao.pt\/online\/2022\/05\/06\/camisolas-do-tondela-na-final-da-taca-tem-nome-dos-24-concelhos-do-distrito\/"},"wordCount":419,"image":{"@id":"http:\/\/obeirao.pt\/online\/2022\/05\/06\/camisolas-do-tondela-na-final-da-taca-tem-nome-dos-24-concelhos-do-distrito\/#primaryimage"},"thumbnailUrl":"http:\/\/obeirao.pt\/online\/wp-content\/uploads\/2022\/05\/final-tondela-scaled.jpg","articleSection":["_Principal","Cidade","Comunidade Intermunicipal Viseu D\u00e3o Laf\u00f5es","Desporto","Futebol","Pa\u00eds","Regi\u00e3o","Tondela"],"inLanguage":"pt-PT"},{"@type":"WebPage","@id":"http:\/\/obeirao.pt\/online\/2022\/05\/06\/camisolas-do-tondela-na-final-da-taca-tem-nome-dos-24-concelhos-do-distrito\/","url":"http:\/\/obeirao.pt\/online\/2022\/05\/06\/camisolas-do-tondela-na-final-da-taca-tem-nome-dos-24-concelhos-do-distrito\/","name":"CAMISOLAS DO TONDELA NA FINAL DA TA\u00c7A T\u00caM NOME DOS 24 CONCELHOS DO DISTRITO - Beir\u00e3o Online","isPartOf":{"@id":"http:\/\/obeirao.pt\/online\/#website"},"primaryImageOfPage":{"@id":"http:\/\/obeirao.pt\/online\/2022\/05\/06\/camisolas-do-tondela-na-final-da-taca-tem-nome-dos-24-concelhos-do-distrito\/#primaryimage"},"image":{"@id":"http:\/\/obeirao.pt\/online\/2022\/05\/06\/camisolas-do-tondela-na-final-da-taca-tem-nome-dos-24-concelhos-do-distrito\/#primaryimage"},"thumbnailUrl":"http:\/\/obeirao.pt\/online\/wp-content\/uploads\/2022\/05\/final-tondela-scaled.jpg","datePublished":"2022-05-06T18:53:30+00:00","dateModified":"2022-05-06T18:53:52+00:00","author":{"@id":"http:\/\/obeirao.pt\/online\/#\/schema\/person\/efac69bb5a33873e1c1bb9c1165ff38c"},"breadcrumb":{"@id":"http:\/\/obeirao.pt\/online\/2022\/05\/06\/camisolas-do-tondela-na-final-da-taca-tem-nome-dos-24-concelhos-do-distrito\/#breadcrumb"},"inLanguage":"pt-PT","potentialAction":[{"@type":"ReadAction","target":["http:\/\/obeirao.pt\/online\/2022\/05\/06\/camisolas-do-tondela-na-final-da-taca-tem-nome-dos-24-concelhos-do-distrito\/"]}]},{"@type":"ImageObject","inLanguage":"pt-PT","@id":"http:\/\/obeirao.pt\/online\/2022\/05\/06\/camisolas-do-tondela-na-final-da-taca-tem-nome-dos-24-concelhos-do-distrito\/#primaryimage","url":"http:\/\/obeirao.pt\/online\/wp-content\/uploads\/2022\/05\/final-tondela-scaled.jpg","contentUrl":"http:\/\/obeirao.pt\/online\/wp-content\/uploads\/2022\/05\/final-tondela-scaled.jpg","width":1024,"height":828},{"@type":"BreadcrumbList","@id":"http:\/\/obeirao.pt\/online\/2022\/05\/06\/camisolas-do-tondela-na-final-da-taca-tem-nome-dos-24-concelhos-do-distrito\/#breadcrumb","itemListElement":[{"@type":"ListItem","position":1,"name":"Home","item":"http:\/\/obeirao.pt\/online\/"},{"@type":"ListItem","position":2,"name":"CAMISOLAS DO TONDELA NA FINAL DA TA\u00c7A T\u00caM NOME DOS 24 CONCELHOS DO DISTRITO"}]},{"@type":"WebSite","@id":"http:\/\/obeirao.pt\/online\/#website","url":"http:\/\/obeirao.pt\/online\/","name":"Beir\u00e3o Online","description":"www.obeirao.pt","potentialAction":[{"@type":"SearchAction","target":{"@type":"EntryPoint","urlTemplate":"http:\/\/obeirao.pt\/online\/?s={search_term_string}"},"query-input":{"@type":"PropertyValueSpecification","valueRequired":true,"valueName":"search_term_string"}}],"inLanguage":"pt-PT"},{"@type":"Person","@id":"http:\/\/obeirao.pt\/online\/#\/schema\/person\/efac69bb5a33873e1c1bb9c1165ff38c","name":"Z\u00e9 Beir\u00e3o","image":{"@type":"ImageObject","inLanguage":"pt-PT","@id":"http:\/\/0.gravatar.com\/avatar\/c8c44d1f9327baa4d27e9b1149cd71b3?s=96&d=mm&r=g","url":"http:\/\/0.gravatar.com\/avatar\/c8c44d1f9327baa4d27e9b1149cd71b3?s=96&d=mm&r=g","contentUrl":"http:\/\/0.gravatar.com\/avatar\/c8c44d1f9327baa4d27e9b1149cd71b3?s=96&d=mm&r=g","caption":"Z\u00e9 Beir\u00e3o"},"url":"http:\/\/obeirao.pt\/online\/author\/zebeirao\/"}]}},"_links":{"self":[{"href":"http:\/\/obeirao.pt\/online\/wp-json\/wp\/v2\/posts\/7219"}],"collection":[{"href":"http:\/\/obeirao.pt\/online\/wp-json\/wp\/v2\/posts"}],"about":[{"href":"http:\/\/obeirao.pt\/online\/wp-json\/wp\/v2\/types\/post"}],"author":[{"embeddable":true,"href":"http:\/\/obeirao.pt\/online\/wp-json\/wp\/v2\/users\/2"}],"replies":[{"embeddable":true,"href":"http:\/\/obeirao.pt\/online\/wp-json\/wp\/v2\/comments?post=7219"}],"version-history":[{"count":1,"href":"http:\/\/obeirao.pt\/online\/wp-json\/wp\/v2\/posts\/7219\/revisions"}],"predecessor-version":[{"id":7221,"href":"http:\/\/obeirao.pt\/online\/wp-json\/wp\/v2\/posts\/7219\/revisions\/7221"}],"wp:featuredmedia":[{"embeddable":true,"href":"http:\/\/obeirao.pt\/online\/wp-json\/wp\/v2\/media\/7220"}],"wp:attachment":[{"href":"http:\/\/obeirao.pt\/online\/wp-json\/wp\/v2\/media?parent=7219"}],"wp:term":[{"taxonomy":"category","embeddable":true,"href":"http:\/\/obeirao.pt\/online\/wp-json\/wp\/v2\/categories?post=7219"},{"taxonomy":"post_tag","embeddable":true,"href":"http:\/\/obeirao.pt\/online\/wp-json\/wp\/v2\/tags?post=7219"}],"curies":[{"name":"wp","href":"https:\/\/api.w.org\/{rel}","templated":true}]}}