{"id":7385,"date":"2022-06-24T13:13:07","date_gmt":"2022-06-24T12:13:07","guid":{"rendered":"http:\/\/obeirao.pt\/online\/?p=7385"},"modified":"2022-06-24T13:25:42","modified_gmt":"2022-06-24T12:25:42","slug":"estacao-rupestre-de-molelinhos-mais-uma-vez-vandalizada","status":"publish","type":"post","link":"http:\/\/obeirao.pt\/online\/2022\/06\/24\/estacao-rupestre-de-molelinhos-mais-uma-vez-vandalizada\/","title":{"rendered":"ESTA\u00c7\u00c3O RUPESTRE DE MOLELINHOS MAIS UMA VEZ VANDALIZADA"},"content":{"rendered":"<span class=\"span-reading-time rt-reading-time\" style=\"display: block;\"><span class=\"rt-label rt-prefix\">tempo de leitura:<\/span> <span class=\"rt-time\"> 2<\/span> <span class=\"rt-label rt-postfix\">minutos<\/span><\/span><p><span style=\"font-size: 24pt\"><strong><a href=\"http:\/\/obeirao.pt\/online\/wp-content\/uploads\/2022\/06\/Esta\u00e7\u00e3o-rupestre-vandalizada-1.jpg\"><img loading=\"lazy\" decoding=\"async\" class=\"alignleft wp-image-7386 size-medium\" src=\"http:\/\/obeirao.pt\/online\/wp-content\/uploads\/2022\/06\/Esta\u00e7\u00e3o-rupestre-vandalizada-1-300x220.jpg\" alt=\"\" width=\"300\" height=\"220\" srcset=\"http:\/\/obeirao.pt\/online\/wp-content\/uploads\/2022\/06\/Esta\u00e7\u00e3o-rupestre-vandalizada-1-300x220.jpg 300w, http:\/\/obeirao.pt\/online\/wp-content\/uploads\/2022\/06\/Esta\u00e7\u00e3o-rupestre-vandalizada-1-80x60.jpg 80w, http:\/\/obeirao.pt\/online\/wp-content\/uploads\/2022\/06\/Esta\u00e7\u00e3o-rupestre-vandalizada-1.jpg 640w\" sizes=\"(max-width: 300px) 100vw, 300px\" \/><\/a><\/strong><\/span><span style=\"font-size: 14pt;font-family: georgia, palatino, serif\"><strong><em>A C\u00e2mara Municipal de Tondela participou \u00e0s autoridades os actos de vandalismo de que foram alvos, recentemente, dois p\u00f3los museol\u00f3gicos do concelho.<\/em><\/strong><\/span><!--more--><\/p>\n<p><span style=\"font-family: georgia, palatino, serif\"><strong>O Centro Interpretativo, da Esta\u00e7\u00e3o de Arte Rupestre de Molelinhos (Im\u00f3vel de Interesse P\u00fablico), sito no lugar da Carvalheira, na localidade de Molelinhos, sofreu actos de vandalismo, causando danos irrepar\u00e1veis no painel principal, cujo repert\u00f3rio figurativo se situa entre a Idade do Bronze Final e o In\u00edcio da II Idade do Ferro. <\/strong><\/span><\/p>\n<p><span style=\"font-family: georgia, palatino, serif\"><strong>\u201cAlgumas das sec\u00e7\u00f5es, das plataformas met\u00e1licas e pain\u00e9is informativos, foram tamb\u00e9m objecto de pinturas e inscri\u00e7\u00f5es.<\/strong><\/span><\/p>\n<figure id=\"attachment_7389\" aria-describedby=\"caption-attachment-7389\" style=\"width: 300px\" class=\"wp-caption alignright\"><a href=\"http:\/\/obeirao.pt\/online\/wp-content\/uploads\/2022\/06\/Arquinha-da-Moura-pode-ser-visitada...-scaled.jpg\"><img loading=\"lazy\" decoding=\"async\" class=\"wp-image-7389 size-medium\" src=\"http:\/\/obeirao.pt\/online\/wp-content\/uploads\/2022\/06\/Arquinha-da-Moura-pode-ser-visitada...-300x200.jpg\" alt=\"\" width=\"300\" height=\"200\" srcset=\"http:\/\/obeirao.pt\/online\/wp-content\/uploads\/2022\/06\/Arquinha-da-Moura-pode-ser-visitada...-300x200.jpg 300w, http:\/\/obeirao.pt\/online\/wp-content\/uploads\/2022\/06\/Arquinha-da-Moura-pode-ser-visitada...-scaled.jpg 1024w, http:\/\/obeirao.pt\/online\/wp-content\/uploads\/2022\/06\/Arquinha-da-Moura-pode-ser-visitada...-768x512.jpg 768w, http:\/\/obeirao.pt\/online\/wp-content\/uploads\/2022\/06\/Arquinha-da-Moura-pode-ser-visitada...-640x427.jpg 640w\" sizes=\"(max-width: 300px) 100vw, 300px\" \/><\/a><figcaption id=\"caption-attachment-7389\" class=\"wp-caption-text\"><span style=\"font-size: 8pt\"><strong><em>A Arquinha da Moura pode ser visitada<\/em><\/strong><\/span><\/figcaption><\/figure>\n<p><span style=\"font-family: georgia, palatino, serif\"><strong>Foi, igualmente, alvo de atrocidades a Anta da Arquinha da Moura (Im\u00f3vel de Interesse P\u00fablico), sito no lugar da Pedra Merendeira, em Lajeosa do D\u00e3o, que causaram danos na estrutura de ferro (port\u00e3o) que protege a entrada, para a c\u00e2mara funer\u00e1ria, deste monumento megal\u00edtico. <\/strong><\/span><\/p>\n<p><span style=\"font-family: georgia, palatino, serif\"><strong>S\u00e3o comportamentos incompreens\u00edveis que o Munic\u00edpio de Tondela condena de forma veemente, tendo feito a participa\u00e7\u00e3o \u00e0s autoridades policiais, na tentativa de serem identificados os autores destes actos inqualific\u00e1veis.<\/strong><\/span><\/p>\n<p><span style=\"font-family: georgia, palatino, serif\"><strong>O Munic\u00edpio apela \u00e0 sensibilidade e \u00e0 aten\u00e7\u00e3o da popula\u00e7\u00e3o para que identifique e comunique movimenta\u00e7\u00f5es suspeitas, impedindo este tipo de atentados, lembrando que o patrim\u00f3nio \u00e9 de todos e cabe a todos a sua preserva\u00e7\u00e3o, salvaguardando, assim, a hist\u00f3ria e a mem\u00f3ria de um povo, que outrora ocupou o nosso territ\u00f3rio\u201d.<\/strong><\/span><\/p>\n<ul>\n<li><span style=\"font-family: georgia, palatino, serif;color: #ff0000;background-color: #ffff00;font-size: 14pt\"><strong><em>MAIS SEGURAN\u00c7A E EFICAZ POLICIAMENTO<\/em><\/strong><\/span><\/li>\n<\/ul>\n<p><span style=\"font-family: georgia, palatino, serif\"><strong>Recorde-se que a esta\u00e7\u00e3o de arte rupestre de Molelinhos, j\u00e1 tinha sido vandalizada anteriormente, como \u00e9 do conhecimento geral, atrav\u00e9s de brincadeiras de crian\u00e7as, cujos pais, inadvertidamente, o permitiram.<\/strong><\/span><\/p>\n<p><span style=\"font-family: georgia, palatino, serif\"><strong>\u00c9 lament\u00e1vel que uma certa canalha, a altas horas da noite ou, talvez n\u00e3o, desocupada, \u00e9bria, tresloucada, se divirta desta maneira irrespons\u00e1vel, destruindo um patrim\u00f3nio de que nos devemos orgulhar, pois ele sinaliza a fixa\u00e7\u00e3o do homem primitivo nestas paragens do concelho de Tondela, h\u00e1 muitos milhares de anos.<\/strong><\/span><\/p>\n<p><span style=\"font-family: georgia, palatino, serif\"><strong>A Arquinha da Moura, tem 6.000 anos e as figura\u00e7\u00f5es rupestres das Lajes de Molelinhos, 3.000 anos.<\/strong><\/span><\/p>\n<p><span style=\"font-family: georgia, palatino, serif\"><strong>Requere-se melhor seguran\u00e7a do monumento, incluindo c\u00e2maras de v\u00eddeo dissimuladas e competente policiamento. A destrui\u00e7\u00e3o de um patrim\u00f3nio deste jaez, \u00e9 um aut\u00eantico roubo \u00e0 Humanidade.<\/strong><\/span><\/p>\n","protected":false},"excerpt":{"rendered":"<div class=\"mh-excerpt\"><span class=\"span-reading-time rt-reading-time\" style=\"display: block;\"><span class=\"rt-label rt-prefix\">tempo de leitura:<\/span> <span class=\"rt-time\"> 2<\/span> <span class=\"rt-label rt-postfix\">minutos<\/span><\/span>A C\u00e2mara Municipal de Tondela participou \u00e0s autoridades os actos de vandalismo de que foram alvos, recentemente, dois p\u00f3los museol\u00f3gicos do concelho.<\/div>\n","protected":false},"author":2,"featured_media":7386,"comment_status":"closed","ping_status":"closed","sticky":false,"template":"","format":"standard","meta":{"footnotes":""},"categories":[2,5,188,6,4,63],"tags":[],"class_list":["post-7385","post","type-post","status-publish","format-standard","has-post-thumbnail","hentry","category-principal","category-cidade","category-comunidade-intermunicipal-viseu-dao-lafoes","category-pais","category-regiao","category-tondela"],"yoast_head":"<!-- This site is optimized with the Yoast SEO plugin v27.4 - https:\/\/yoast.com\/product\/yoast-seo-wordpress\/ -->\n<title>ESTA\u00c7\u00c3O RUPESTRE DE MOLELINHOS MAIS UMA VEZ VANDALIZADA - Beir\u00e3o Online<\/title>\n<meta name=\"robots\" content=\"index, follow, max-snippet:-1, max-image-preview:large, max-video-preview:-1\" \/>\n<link rel=\"canonical\" href=\"http:\/\/obeirao.pt\/online\/2022\/06\/24\/estacao-rupestre-de-molelinhos-mais-uma-vez-vandalizada\/\" \/>\n<meta property=\"og:locale\" content=\"pt_PT\" \/>\n<meta property=\"og:type\" content=\"article\" \/>\n<meta property=\"og:title\" content=\"ESTA\u00c7\u00c3O RUPESTRE DE MOLELINHOS MAIS UMA VEZ VANDALIZADA - Beir\u00e3o Online\" \/>\n<meta property=\"og:description\" content=\"tempo de leitura: 2 minutosA C\u00e2mara Municipal de Tondela participou \u00e0s autoridades os actos de vandalismo de que foram alvos, recentemente, dois p\u00f3los museol\u00f3gicos do concelho.\" \/>\n<meta property=\"og:url\" content=\"http:\/\/obeirao.pt\/online\/2022\/06\/24\/estacao-rupestre-de-molelinhos-mais-uma-vez-vandalizada\/\" \/>\n<meta property=\"og:site_name\" content=\"Beir\u00e3o Online\" \/>\n<meta property=\"article:publisher\" content=\"https:\/\/pt-br.facebook.com\/pages\/Amigos-de-Tondela\/273620439973877\" \/>\n<meta property=\"article:published_time\" content=\"2022-06-24T12:13:07+00:00\" \/>\n<meta property=\"article:modified_time\" content=\"2022-06-24T12:25:42+00:00\" \/>\n<meta property=\"og:image\" content=\"http:\/\/obeirao.pt\/online\/wp-content\/uploads\/2022\/06\/Esta\u00e7\u00e3o-rupestre-vandalizada-1.jpg\" \/>\n\t<meta property=\"og:image:width\" content=\"640\" \/>\n\t<meta property=\"og:image:height\" content=\"470\" \/>\n\t<meta property=\"og:image:type\" content=\"image\/jpeg\" \/>\n<meta name=\"author\" content=\"Z\u00e9 Beir\u00e3o\" \/>\n<meta name=\"twitter:card\" content=\"summary_large_image\" \/>\n<meta name=\"twitter:creator\" content=\"@JoaquimDuarteP2\" \/>\n<meta name=\"twitter:site\" content=\"@JoaquimDuarteP2\" \/>\n<meta name=\"twitter:label1\" content=\"Escrito por\" \/>\n\t<meta name=\"twitter:data1\" content=\"Z\u00e9 Beir\u00e3o\" \/>\n\t<meta name=\"twitter:label2\" content=\"Tempo estimado de leitura\" \/>\n\t<meta name=\"twitter:data2\" content=\"3 minutos\" \/>\n<script type=\"application\/ld+json\" class=\"yoast-schema-graph\">{\"@context\":\"https:\\\/\\\/schema.org\",\"@graph\":[{\"@type\":\"Article\",\"@id\":\"http:\\\/\\\/obeirao.pt\\\/online\\\/2022\\\/06\\\/24\\\/estacao-rupestre-de-molelinhos-mais-uma-vez-vandalizada\\\/#article\",\"isPartOf\":{\"@id\":\"http:\\\/\\\/obeirao.pt\\\/online\\\/2022\\\/06\\\/24\\\/estacao-rupestre-de-molelinhos-mais-uma-vez-vandalizada\\\/\"},\"author\":{\"name\":\"Z\u00e9 Beir\u00e3o\",\"@id\":\"http:\\\/\\\/obeirao.pt\\\/online\\\/#\\\/schema\\\/person\\\/efac69bb5a33873e1c1bb9c1165ff38c\"},\"headline\":\"ESTA\u00c7\u00c3O RUPESTRE DE MOLELINHOS MAIS UMA VEZ VANDALIZADA\",\"datePublished\":\"2022-06-24T12:13:07+00:00\",\"dateModified\":\"2022-06-24T12:25:42+00:00\",\"mainEntityOfPage\":{\"@id\":\"http:\\\/\\\/obeirao.pt\\\/online\\\/2022\\\/06\\\/24\\\/estacao-rupestre-de-molelinhos-mais-uma-vez-vandalizada\\\/\"},\"wordCount\":406,\"image\":{\"@id\":\"http:\\\/\\\/obeirao.pt\\\/online\\\/2022\\\/06\\\/24\\\/estacao-rupestre-de-molelinhos-mais-uma-vez-vandalizada\\\/#primaryimage\"},\"thumbnailUrl\":\"http:\\\/\\\/obeirao.pt\\\/online\\\/wp-content\\\/uploads\\\/2022\\\/06\\\/Esta\u00e7\u00e3o-rupestre-vandalizada-1.jpg\",\"articleSection\":[\"_Principal\",\"Cidade\",\"Comunidade Intermunicipal Viseu D\u00e3o Laf\u00f5es\",\"Pa\u00eds\",\"Regi\u00e3o\",\"Tondela\"],\"inLanguage\":\"pt-PT\"},{\"@type\":\"WebPage\",\"@id\":\"http:\\\/\\\/obeirao.pt\\\/online\\\/2022\\\/06\\\/24\\\/estacao-rupestre-de-molelinhos-mais-uma-vez-vandalizada\\\/\",\"url\":\"http:\\\/\\\/obeirao.pt\\\/online\\\/2022\\\/06\\\/24\\\/estacao-rupestre-de-molelinhos-mais-uma-vez-vandalizada\\\/\",\"name\":\"ESTA\u00c7\u00c3O RUPESTRE DE MOLELINHOS MAIS UMA VEZ VANDALIZADA - Beir\u00e3o Online\",\"isPartOf\":{\"@id\":\"http:\\\/\\\/obeirao.pt\\\/online\\\/#website\"},\"primaryImageOfPage\":{\"@id\":\"http:\\\/\\\/obeirao.pt\\\/online\\\/2022\\\/06\\\/24\\\/estacao-rupestre-de-molelinhos-mais-uma-vez-vandalizada\\\/#primaryimage\"},\"image\":{\"@id\":\"http:\\\/\\\/obeirao.pt\\\/online\\\/2022\\\/06\\\/24\\\/estacao-rupestre-de-molelinhos-mais-uma-vez-vandalizada\\\/#primaryimage\"},\"thumbnailUrl\":\"http:\\\/\\\/obeirao.pt\\\/online\\\/wp-content\\\/uploads\\\/2022\\\/06\\\/Esta\u00e7\u00e3o-rupestre-vandalizada-1.jpg\",\"datePublished\":\"2022-06-24T12:13:07+00:00\",\"dateModified\":\"2022-06-24T12:25:42+00:00\",\"author\":{\"@id\":\"http:\\\/\\\/obeirao.pt\\\/online\\\/#\\\/schema\\\/person\\\/efac69bb5a33873e1c1bb9c1165ff38c\"},\"breadcrumb\":{\"@id\":\"http:\\\/\\\/obeirao.pt\\\/online\\\/2022\\\/06\\\/24\\\/estacao-rupestre-de-molelinhos-mais-uma-vez-vandalizada\\\/#breadcrumb\"},\"inLanguage\":\"pt-PT\",\"potentialAction\":[{\"@type\":\"ReadAction\",\"target\":[\"http:\\\/\\\/obeirao.pt\\\/online\\\/2022\\\/06\\\/24\\\/estacao-rupestre-de-molelinhos-mais-uma-vez-vandalizada\\\/\"]}]},{\"@type\":\"ImageObject\",\"inLanguage\":\"pt-PT\",\"@id\":\"http:\\\/\\\/obeirao.pt\\\/online\\\/2022\\\/06\\\/24\\\/estacao-rupestre-de-molelinhos-mais-uma-vez-vandalizada\\\/#primaryimage\",\"url\":\"http:\\\/\\\/obeirao.pt\\\/online\\\/wp-content\\\/uploads\\\/2022\\\/06\\\/Esta\u00e7\u00e3o-rupestre-vandalizada-1.jpg\",\"contentUrl\":\"http:\\\/\\\/obeirao.pt\\\/online\\\/wp-content\\\/uploads\\\/2022\\\/06\\\/Esta\u00e7\u00e3o-rupestre-vandalizada-1.jpg\",\"width\":640,\"height\":470},{\"@type\":\"BreadcrumbList\",\"@id\":\"http:\\\/\\\/obeirao.pt\\\/online\\\/2022\\\/06\\\/24\\\/estacao-rupestre-de-molelinhos-mais-uma-vez-vandalizada\\\/#breadcrumb\",\"itemListElement\":[{\"@type\":\"ListItem\",\"position\":1,\"name\":\"Home\",\"item\":\"http:\\\/\\\/obeirao.pt\\\/online\\\/\"},{\"@type\":\"ListItem\",\"position\":2,\"name\":\"ESTA\u00c7\u00c3O RUPESTRE DE MOLELINHOS MAIS UMA VEZ VANDALIZADA\"}]},{\"@type\":\"WebSite\",\"@id\":\"http:\\\/\\\/obeirao.pt\\\/online\\\/#website\",\"url\":\"http:\\\/\\\/obeirao.pt\\\/online\\\/\",\"name\":\"Beir\u00e3o Online\",\"description\":\"www.obeirao.pt\",\"potentialAction\":[{\"@type\":\"SearchAction\",\"target\":{\"@type\":\"EntryPoint\",\"urlTemplate\":\"http:\\\/\\\/obeirao.pt\\\/online\\\/?s={search_term_string}\"},\"query-input\":{\"@type\":\"PropertyValueSpecification\",\"valueRequired\":true,\"valueName\":\"search_term_string\"}}],\"inLanguage\":\"pt-PT\"},{\"@type\":\"Person\",\"@id\":\"http:\\\/\\\/obeirao.pt\\\/online\\\/#\\\/schema\\\/person\\\/efac69bb5a33873e1c1bb9c1165ff38c\",\"name\":\"Z\u00e9 Beir\u00e3o\",\"image\":{\"@type\":\"ImageObject\",\"inLanguage\":\"pt-PT\",\"@id\":\"http:\\\/\\\/0.gravatar.com\\\/avatar\\\/c8c44d1f9327baa4d27e9b1149cd71b3?s=96&d=mm&r=g\",\"url\":\"http:\\\/\\\/0.gravatar.com\\\/avatar\\\/c8c44d1f9327baa4d27e9b1149cd71b3?s=96&d=mm&r=g\",\"contentUrl\":\"http:\\\/\\\/0.gravatar.com\\\/avatar\\\/c8c44d1f9327baa4d27e9b1149cd71b3?s=96&d=mm&r=g\",\"caption\":\"Z\u00e9 Beir\u00e3o\"},\"url\":\"http:\\\/\\\/obeirao.pt\\\/online\\\/author\\\/zebeirao\\\/\"}]}<\/script>\n<!-- \/ Yoast SEO plugin. -->","yoast_head_json":{"title":"ESTA\u00c7\u00c3O RUPESTRE DE MOLELINHOS MAIS UMA VEZ VANDALIZADA - Beir\u00e3o Online","robots":{"index":"index","follow":"follow","max-snippet":"max-snippet:-1","max-image-preview":"max-image-preview:large","max-video-preview":"max-video-preview:-1"},"canonical":"http:\/\/obeirao.pt\/online\/2022\/06\/24\/estacao-rupestre-de-molelinhos-mais-uma-vez-vandalizada\/","og_locale":"pt_PT","og_type":"article","og_title":"ESTA\u00c7\u00c3O RUPESTRE DE MOLELINHOS MAIS UMA VEZ VANDALIZADA - Beir\u00e3o Online","og_description":"tempo de leitura: 2 minutosA C\u00e2mara Municipal de Tondela participou \u00e0s autoridades os actos de vandalismo de que foram alvos, recentemente, dois p\u00f3los museol\u00f3gicos do concelho.","og_url":"http:\/\/obeirao.pt\/online\/2022\/06\/24\/estacao-rupestre-de-molelinhos-mais-uma-vez-vandalizada\/","og_site_name":"Beir\u00e3o Online","article_publisher":"https:\/\/pt-br.facebook.com\/pages\/Amigos-de-Tondela\/273620439973877","article_published_time":"2022-06-24T12:13:07+00:00","article_modified_time":"2022-06-24T12:25:42+00:00","og_image":[{"width":640,"height":470,"url":"http:\/\/obeirao.pt\/online\/wp-content\/uploads\/2022\/06\/Esta\u00e7\u00e3o-rupestre-vandalizada-1.jpg","type":"image\/jpeg"}],"author":"Z\u00e9 Beir\u00e3o","twitter_card":"summary_large_image","twitter_creator":"@JoaquimDuarteP2","twitter_site":"@JoaquimDuarteP2","twitter_misc":{"Escrito por":"Z\u00e9 Beir\u00e3o","Tempo estimado de leitura":"3 minutos"},"schema":{"@context":"https:\/\/schema.org","@graph":[{"@type":"Article","@id":"http:\/\/obeirao.pt\/online\/2022\/06\/24\/estacao-rupestre-de-molelinhos-mais-uma-vez-vandalizada\/#article","isPartOf":{"@id":"http:\/\/obeirao.pt\/online\/2022\/06\/24\/estacao-rupestre-de-molelinhos-mais-uma-vez-vandalizada\/"},"author":{"name":"Z\u00e9 Beir\u00e3o","@id":"http:\/\/obeirao.pt\/online\/#\/schema\/person\/efac69bb5a33873e1c1bb9c1165ff38c"},"headline":"ESTA\u00c7\u00c3O RUPESTRE DE MOLELINHOS MAIS UMA VEZ VANDALIZADA","datePublished":"2022-06-24T12:13:07+00:00","dateModified":"2022-06-24T12:25:42+00:00","mainEntityOfPage":{"@id":"http:\/\/obeirao.pt\/online\/2022\/06\/24\/estacao-rupestre-de-molelinhos-mais-uma-vez-vandalizada\/"},"wordCount":406,"image":{"@id":"http:\/\/obeirao.pt\/online\/2022\/06\/24\/estacao-rupestre-de-molelinhos-mais-uma-vez-vandalizada\/#primaryimage"},"thumbnailUrl":"http:\/\/obeirao.pt\/online\/wp-content\/uploads\/2022\/06\/Esta\u00e7\u00e3o-rupestre-vandalizada-1.jpg","articleSection":["_Principal","Cidade","Comunidade Intermunicipal Viseu D\u00e3o Laf\u00f5es","Pa\u00eds","Regi\u00e3o","Tondela"],"inLanguage":"pt-PT"},{"@type":"WebPage","@id":"http:\/\/obeirao.pt\/online\/2022\/06\/24\/estacao-rupestre-de-molelinhos-mais-uma-vez-vandalizada\/","url":"http:\/\/obeirao.pt\/online\/2022\/06\/24\/estacao-rupestre-de-molelinhos-mais-uma-vez-vandalizada\/","name":"ESTA\u00c7\u00c3O RUPESTRE DE MOLELINHOS MAIS UMA VEZ VANDALIZADA - Beir\u00e3o Online","isPartOf":{"@id":"http:\/\/obeirao.pt\/online\/#website"},"primaryImageOfPage":{"@id":"http:\/\/obeirao.pt\/online\/2022\/06\/24\/estacao-rupestre-de-molelinhos-mais-uma-vez-vandalizada\/#primaryimage"},"image":{"@id":"http:\/\/obeirao.pt\/online\/2022\/06\/24\/estacao-rupestre-de-molelinhos-mais-uma-vez-vandalizada\/#primaryimage"},"thumbnailUrl":"http:\/\/obeirao.pt\/online\/wp-content\/uploads\/2022\/06\/Esta\u00e7\u00e3o-rupestre-vandalizada-1.jpg","datePublished":"2022-06-24T12:13:07+00:00","dateModified":"2022-06-24T12:25:42+00:00","author":{"@id":"http:\/\/obeirao.pt\/online\/#\/schema\/person\/efac69bb5a33873e1c1bb9c1165ff38c"},"breadcrumb":{"@id":"http:\/\/obeirao.pt\/online\/2022\/06\/24\/estacao-rupestre-de-molelinhos-mais-uma-vez-vandalizada\/#breadcrumb"},"inLanguage":"pt-PT","potentialAction":[{"@type":"ReadAction","target":["http:\/\/obeirao.pt\/online\/2022\/06\/24\/estacao-rupestre-de-molelinhos-mais-uma-vez-vandalizada\/"]}]},{"@type":"ImageObject","inLanguage":"pt-PT","@id":"http:\/\/obeirao.pt\/online\/2022\/06\/24\/estacao-rupestre-de-molelinhos-mais-uma-vez-vandalizada\/#primaryimage","url":"http:\/\/obeirao.pt\/online\/wp-content\/uploads\/2022\/06\/Esta\u00e7\u00e3o-rupestre-vandalizada-1.jpg","contentUrl":"http:\/\/obeirao.pt\/online\/wp-content\/uploads\/2022\/06\/Esta\u00e7\u00e3o-rupestre-vandalizada-1.jpg","width":640,"height":470},{"@type":"BreadcrumbList","@id":"http:\/\/obeirao.pt\/online\/2022\/06\/24\/estacao-rupestre-de-molelinhos-mais-uma-vez-vandalizada\/#breadcrumb","itemListElement":[{"@type":"ListItem","position":1,"name":"Home","item":"http:\/\/obeirao.pt\/online\/"},{"@type":"ListItem","position":2,"name":"ESTA\u00c7\u00c3O RUPESTRE DE MOLELINHOS MAIS UMA VEZ VANDALIZADA"}]},{"@type":"WebSite","@id":"http:\/\/obeirao.pt\/online\/#website","url":"http:\/\/obeirao.pt\/online\/","name":"Beir\u00e3o Online","description":"www.obeirao.pt","potentialAction":[{"@type":"SearchAction","target":{"@type":"EntryPoint","urlTemplate":"http:\/\/obeirao.pt\/online\/?s={search_term_string}"},"query-input":{"@type":"PropertyValueSpecification","valueRequired":true,"valueName":"search_term_string"}}],"inLanguage":"pt-PT"},{"@type":"Person","@id":"http:\/\/obeirao.pt\/online\/#\/schema\/person\/efac69bb5a33873e1c1bb9c1165ff38c","name":"Z\u00e9 Beir\u00e3o","image":{"@type":"ImageObject","inLanguage":"pt-PT","@id":"http:\/\/0.gravatar.com\/avatar\/c8c44d1f9327baa4d27e9b1149cd71b3?s=96&d=mm&r=g","url":"http:\/\/0.gravatar.com\/avatar\/c8c44d1f9327baa4d27e9b1149cd71b3?s=96&d=mm&r=g","contentUrl":"http:\/\/0.gravatar.com\/avatar\/c8c44d1f9327baa4d27e9b1149cd71b3?s=96&d=mm&r=g","caption":"Z\u00e9 Beir\u00e3o"},"url":"http:\/\/obeirao.pt\/online\/author\/zebeirao\/"}]}},"_links":{"self":[{"href":"http:\/\/obeirao.pt\/online\/wp-json\/wp\/v2\/posts\/7385"}],"collection":[{"href":"http:\/\/obeirao.pt\/online\/wp-json\/wp\/v2\/posts"}],"about":[{"href":"http:\/\/obeirao.pt\/online\/wp-json\/wp\/v2\/types\/post"}],"author":[{"embeddable":true,"href":"http:\/\/obeirao.pt\/online\/wp-json\/wp\/v2\/users\/2"}],"replies":[{"embeddable":true,"href":"http:\/\/obeirao.pt\/online\/wp-json\/wp\/v2\/comments?post=7385"}],"version-history":[{"count":4,"href":"http:\/\/obeirao.pt\/online\/wp-json\/wp\/v2\/posts\/7385\/revisions"}],"predecessor-version":[{"id":7391,"href":"http:\/\/obeirao.pt\/online\/wp-json\/wp\/v2\/posts\/7385\/revisions\/7391"}],"wp:featuredmedia":[{"embeddable":true,"href":"http:\/\/obeirao.pt\/online\/wp-json\/wp\/v2\/media\/7386"}],"wp:attachment":[{"href":"http:\/\/obeirao.pt\/online\/wp-json\/wp\/v2\/media?parent=7385"}],"wp:term":[{"taxonomy":"category","embeddable":true,"href":"http:\/\/obeirao.pt\/online\/wp-json\/wp\/v2\/categories?post=7385"},{"taxonomy":"post_tag","embeddable":true,"href":"http:\/\/obeirao.pt\/online\/wp-json\/wp\/v2\/tags?post=7385"}],"curies":[{"name":"wp","href":"https:\/\/api.w.org\/{rel}","templated":true}]}}