{"id":7392,"date":"2022-06-27T19:41:02","date_gmt":"2022-06-27T18:41:02","guid":{"rendered":"http:\/\/obeirao.pt\/online\/?p=7392"},"modified":"2022-06-27T20:08:47","modified_gmt":"2022-06-27T19:08:47","slug":"carta-social-do-municipio-de-tondela-aprovada-na-assembleia-municipal","status":"publish","type":"post","link":"http:\/\/obeirao.pt\/online\/2022\/06\/27\/carta-social-do-municipio-de-tondela-aprovada-na-assembleia-municipal\/","title":{"rendered":"CARTA SOCIAL DO MUNIC\u00cdPIO DE TONDELA APROVADA NA ASSEMBLEIA MUNICIPAL"},"content":{"rendered":"<span class=\"span-reading-time rt-reading-time\" style=\"display: block;\"><span class=\"rt-label rt-prefix\">tempo de leitura:<\/span> <span class=\"rt-time\"> 4<\/span> <span class=\"rt-label rt-postfix\">minutos<\/span><\/span><figure id=\"attachment_7393\" aria-describedby=\"caption-attachment-7393\" style=\"width: 300px\" class=\"wp-caption alignleft\"><a href=\"http:\/\/obeirao.pt\/online\/wp-content\/uploads\/2022\/06\/Assembleia-Municipal-em-Vilar-24-junho-2022-scaled.jpg\"><img loading=\"lazy\" decoding=\"async\" class=\"wp-image-7393 size-medium\" src=\"http:\/\/obeirao.pt\/online\/wp-content\/uploads\/2022\/06\/Assembleia-Municipal-em-Vilar-24-junho-2022-300x153.jpg\" alt=\"\" width=\"300\" height=\"153\" srcset=\"http:\/\/obeirao.pt\/online\/wp-content\/uploads\/2022\/06\/Assembleia-Municipal-em-Vilar-24-junho-2022-300x153.jpg 300w, http:\/\/obeirao.pt\/online\/wp-content\/uploads\/2022\/06\/Assembleia-Municipal-em-Vilar-24-junho-2022-scaled.jpg 1024w, http:\/\/obeirao.pt\/online\/wp-content\/uploads\/2022\/06\/Assembleia-Municipal-em-Vilar-24-junho-2022-768x393.jpg 768w, http:\/\/obeirao.pt\/online\/wp-content\/uploads\/2022\/06\/Assembleia-Municipal-em-Vilar-24-junho-2022-640x327.jpg 640w\" sizes=\"(max-width: 300px) 100vw, 300px\" \/><\/a><figcaption id=\"caption-attachment-7393\" class=\"wp-caption-text\"><span style=\"font-size: 8pt\"><strong><em>Mesa da Ass. Municipal em Vilar 24-6-2022<\/em><\/strong><\/span><\/figcaption><\/figure>\n<p><span style=\"color: #000000;font-family: georgia, palatino, serif\"><strong><em>A Carta Social do Munic\u00edpio de Tondela foi aprovada nesta \u00faltima sexta-feira (24 de Junho), por unanimidade, na Assembleia Municipal, que decorreu na sede da Uni\u00e3o de Freguesias de Vilar de Besteiros e Mosteiro de Fr\u00e1guas. <\/em><\/strong><\/span><!--more--><\/p>\n<figure id=\"attachment_7394\" aria-describedby=\"caption-attachment-7394\" style=\"width: 300px\" class=\"wp-caption alignright\"><a href=\"http:\/\/obeirao.pt\/online\/wp-content\/uploads\/2022\/06\/Deputados-sess\u00e3o-Ass.-Municipal-em-Vilar-scaled.jpg\"><img loading=\"lazy\" decoding=\"async\" class=\"wp-image-7394 size-medium\" src=\"http:\/\/obeirao.pt\/online\/wp-content\/uploads\/2022\/06\/Deputados-sess\u00e3o-Ass.-Municipal-em-Vilar-300x151.jpg\" alt=\"\" width=\"300\" height=\"151\" srcset=\"http:\/\/obeirao.pt\/online\/wp-content\/uploads\/2022\/06\/Deputados-sess\u00e3o-Ass.-Municipal-em-Vilar-300x151.jpg 300w, http:\/\/obeirao.pt\/online\/wp-content\/uploads\/2022\/06\/Deputados-sess\u00e3o-Ass.-Municipal-em-Vilar-scaled.jpg 1024w, http:\/\/obeirao.pt\/online\/wp-content\/uploads\/2022\/06\/Deputados-sess\u00e3o-Ass.-Municipal-em-Vilar-768x386.jpg 768w, http:\/\/obeirao.pt\/online\/wp-content\/uploads\/2022\/06\/Deputados-sess\u00e3o-Ass.-Municipal-em-Vilar-640x321.jpg 640w\" sizes=\"(max-width: 300px) 100vw, 300px\" \/><\/a><figcaption id=\"caption-attachment-7394\" class=\"wp-caption-text\"><span style=\"font-family: georgia, palatino, serif\"><strong><span style=\"font-size: 8pt\"><em>Sess\u00e3o Ass. Municipal em Vilar 2022<\/em><\/span><\/strong><\/span><\/figcaption><\/figure>\n<p><span style=\"color: #000000;font-family: georgia, palatino, serif\">A Carta Social \u00e9 um instrumento de diagn\u00f3stico e de planeamento estrat\u00e9gico din\u00e2mico sujeito a actualiza\u00e7\u00e3o peri\u00f3dica e participado pelos diferentes parceiros, com interven\u00e7\u00e3o na \u00e1rea do Munic\u00edpio, onde \u00e9 feita a caracteriza\u00e7\u00e3o da realidade social municipal, identificando as necessidades, os problemas e as prioridades de interven\u00e7\u00e3o, bem como os recursos, as potencialidades e os constrangimentos locais.<\/span><\/p>\n<p><span style=\"color: #000000;font-family: georgia, palatino, serif\">Actua em v\u00e1rios eixos e tem como objectivo a concerta\u00e7\u00e3o e vincula\u00e7\u00e3o de todos os agentes com responsabilidades na \u00e1rea social e a articula\u00e7\u00e3o com outros instrumentos de planeamento nacionais, sectoriais e municipais.<\/span><\/p>\n<p><span style=\"color: #000000;font-family: georgia, palatino, serif\">Este documento identifica os grupos vulner\u00e1veis (comunidade imigrante, crian\u00e7as e jovens em situa\u00e7\u00e3o de perigo, desempregados, idosos isolados, pessoas v\u00edtimas de viol\u00eancia dom\u00e9stica, popula\u00e7\u00f5es afectadas por calamidades ou situa\u00e7\u00f5es de crise), assim como os problemas sociais, identificando os equipamentos e respostas do concelho.<\/span><\/p>\n<p><span style=\"color: #000000;font-family: georgia, palatino, serif\">A Carta Social foi apresentada na Assembleia Municipal, a que presidiu Ant\u00f3nio Leit\u00e3o Amaro, pela presidente da C\u00e2mara Municipal de Tondela, Carla Antunes Borges, que refor\u00e7ou que se trata <em>\u201cde um documento de extrema import\u00e2ncia, estrat\u00e9gico, de diagn\u00f3stico, que retrata a situa\u00e7\u00e3o social do concelho com o objectivo de dar uma resposta coesa e integrada no territ\u00f3rio\u201d. <\/em><\/span><\/p>\n<ul>\n<li><span style=\"color: #ff0000;font-family: georgia, palatino, serif;background-color: #ffff00;font-size: 14pt\"><strong><em>RESPOSTAS SOCIAIS PARA IDOSOS E JOVENS<\/em><\/strong><\/span><\/li>\n<\/ul>\n<figure id=\"attachment_7395\" aria-describedby=\"caption-attachment-7395\" style=\"width: 300px\" class=\"wp-caption alignleft\"><a href=\"http:\/\/obeirao.pt\/online\/wp-content\/uploads\/2022\/06\/Carla-Borges-na-AM-em-Vilar-2022.jpg\"><img loading=\"lazy\" decoding=\"async\" class=\"wp-image-7395 size-medium\" src=\"http:\/\/obeirao.pt\/online\/wp-content\/uploads\/2022\/06\/Carla-Borges-na-AM-em-Vilar-2022-300x235.jpg\" alt=\"\" width=\"300\" height=\"235\" srcset=\"http:\/\/obeirao.pt\/online\/wp-content\/uploads\/2022\/06\/Carla-Borges-na-AM-em-Vilar-2022-300x235.jpg 300w, http:\/\/obeirao.pt\/online\/wp-content\/uploads\/2022\/06\/Carla-Borges-na-AM-em-Vilar-2022-768x602.jpg 768w, http:\/\/obeirao.pt\/online\/wp-content\/uploads\/2022\/06\/Carla-Borges-na-AM-em-Vilar-2022-640x502.jpg 640w, http:\/\/obeirao.pt\/online\/wp-content\/uploads\/2022\/06\/Carla-Borges-na-AM-em-Vilar-2022.jpg 994w\" sizes=\"(max-width: 300px) 100vw, 300px\" \/><\/a><figcaption id=\"caption-attachment-7395\" class=\"wp-caption-text\"><span style=\"font-size: 8pt\"><strong><em>Carla Borges na sess\u00e3o da AM em Vilar 2022<\/em><\/strong><\/span><\/figcaption><\/figure>\n<p><span style=\"color: #000000;font-family: georgia, palatino, serif\">Carla Antunes Borges defende que \u00e9 importante existirem respostas n\u00e3o s\u00f3 para a faixa social mais idosa, mas tamb\u00e9m para a mais jovem, com o objectivo de fixar mais pessoas no concelho.<\/span><\/p>\n<p><span style=\"color: #000000;font-family: georgia, palatino, serif\">Este documento \u00e9 composto por linhas de ac\u00e7\u00e3o estrat\u00e9gicas com objectivos definidos a implementar no terreno junto da comunidade, nas v\u00e1rias faixas et\u00e1rias, abrangendo uma an\u00e1lise prospectiva de 2011 a 2031.<\/span><\/p>\n<p><span style=\"color: #000000;font-family: georgia, palatino, serif\">Melhorar a rede de apoio \u00e0 inf\u00e2ncia e juventude; refor\u00e7ar e diferenciar a oferta na depend\u00eancia; promover a inova\u00e7\u00e3o social na resposta \u00e0s necessidades das pessoas com defici\u00eancia ou incapacidade; implementar respostas espec\u00edficas para pessoas com doen\u00e7as do foro mental ou psiqui\u00e1trico; alargar e especializar o apoio a v\u00edtimas de viol\u00eancia dom\u00e9stica; e garantir respostas globais e integradas \u00e0s necessidades da fam\u00edlia e da comunidade, s\u00e3o alguns dos objectivos definidos na estrat\u00e9gia de interven\u00e7\u00e3o da Carta Social.<\/span><\/p>\n<p><span style=\"color: #000000;font-family: georgia, palatino, serif\">Noutros aspectos, a Assembleia Municipal de Tondela, descentralizada, aprovou a celebra\u00e7\u00e3o de um Contrato Interadministrativo a celebrar entre o Munic\u00edpio de Tondela e a Uni\u00e3o de Freguesias do Barreiro de Besteiros e Tourigo, no \u00e2mbito dos transportes escolares e a liberta\u00e7\u00e3o de saldo remanescente de contratos interadministrativos celebrados entre o Munic\u00edpio de Tondela e Juntas\/Uni\u00f5es de Freguesias.<\/span><\/p>\n<ul>\n<li><span style=\"color: #ff0000;font-family: georgia, palatino, serif;background-color: #ffff00;font-size: 14pt\"><strong><em>C\u00c2MARAS TRANSFORMADAS EM \u201cPROMOTORAS DE EVENTOS\u201d<\/em><\/strong><\/span><\/li>\n<\/ul>\n<p><span style=\"color: #000000;font-family: georgia, palatino, serif\">Na aprecia\u00e7\u00e3o das Actividades da C\u00e2mara Municipal de Tondela, Carla Borges deu explica\u00e7\u00f5es sobre as obras em curso no concelho, deixando claro que a pandemia prejudicou as empreitadas, faltando m\u00e3o-de-obra e materiais, como acontece, at\u00e9, com simples cubos de granito.<\/span><\/p>\n<p><span style=\"color: #000000;font-family: georgia, palatino, serif\">Foi visualizado um v\u00eddeo do Munic\u00edpio sobre as actividades institucionais, no campo das realiza\u00e7\u00f5es culturais, desportivas e recreativas, com o deputado Rui Santos (PS) a asseverar que <em>\u201cas C\u00e2maras transformaram-se em promotoras de eventos\u201d<\/em> e que <em>\u201cn\u00e3o se justifica uma loja do cidad\u00e3o em Tondela, s\u00f3 para dois servi\u00e7os\u201d,<\/em> n\u00e3o deixando de focar a baixa execu\u00e7\u00e3o de obras na \u00e1rea da CIM Viseu D\u00e3o Laf\u00f5es em compara\u00e7\u00e3o com a maior taxa de execu\u00e7\u00e3o, por exemplo, na CIM da Serra da Estrela.<\/span><\/p>\n<p><span style=\"color: #000000;font-family: georgia, palatino, serif\">Carlos Amaral (PSD) congratulou Carla Borges pelo acr\u00e9scimo financeiro \u00e0s associa\u00e7\u00f5es de Bombeiros do concelho, a contas com acumula\u00e7\u00e3o de d\u00edvidas, agravadas pelo pre\u00e7o dos combust\u00edveis, com a amea\u00e7a de que haver\u00e1 servi\u00e7os que deixar\u00e3o de ser feitos.<\/span><\/p>\n<p><span style=\"color: #000000;font-family: georgia, palatino, serif\">Sobre a 3.\u00aa altera\u00e7\u00e3o modificativa ao or\u00e7amento e \u00e0s GOP de 2022, Carla Borges igualmente prestou as necess\u00e1rias explica\u00e7\u00f5es.<\/span><\/p>\n<ul>\n<li><span style=\"color: #ff0000;font-family: georgia, palatino, serif;background-color: #ffff00;font-size: 14pt\"><strong><em>CLUBE DESPORTIVO DE TONDELA COM VOTO DE LOUVOR<\/em><\/strong><\/span><\/li>\n<\/ul>\n<p><span style=\"color: #000000;font-family: georgia, palatino, serif\">O presidente da Assembleia Municipal de Tondela teria proposto um voto de louvor, pela presen\u00e7a honrosa na I Liga de Futebol Profissional, durante sete \u00e9pocas do Clube Desportivo de Tondela e a sua presen\u00e7a, hist\u00f3rica, na final da Ta\u00e7a de Portugal, no Est\u00e1dio do Jamor, o que nunca tinha acontecido na sua hist\u00f3ria e onde a maioria dos clubes portugueses gostariam de ter estado.<\/span><\/p>\n<p><span style=\"color: #000000;font-family: georgia, palatino, serif\">Ant\u00f3nio Leit\u00e3o Amaro referiu os ganhos para o concelho de Tondela, nas quest\u00f5es econ\u00f3micas, tur\u00edsticas e sociais, para al\u00e9m do prest\u00edgio granjeado para o concelho e a regi\u00e3o e na pr\u00f3pria escola de forma\u00e7\u00e3o, que n\u00e3o tinha h\u00e1 30 anos atr\u00e1s. \u201c<em>Foi extraordin\u00e1rio, isto ter acontecido\u201d,<\/em> disse Leit\u00e3o Amaro.<\/span><\/p>\n<p><span style=\"color: #000000;font-family: georgia, palatino, serif\">Por isso, para si, \u201c<em>\u00e9 mais que merecido este louvor\u201d, <\/em>sustentou Leit\u00e3o Amaro. Com efeito, os deputados da Assembleia Municipal, votaram por unanimidade, o voto de louvor ao Clube Desportivo de Tondela, que este ano, inexplicavelmente, foi despromovido \u00e0 II Liga, mas que, ao fim de contas, escreveu a p\u00e1gina mais gloriosa do futebol concelhio e distrital e uma das mais brilhantes do pa\u00eds, tendo sido o \u00fanico emblema representativo da regi\u00e3o e do interior de Portugal na I Liga, de 2015 a 2022.<\/span><\/p>\n<p style=\"text-align: left\"><span style=\"font-family: georgia, palatino, serif;font-size: 24pt;color: #ff0000;background-color: #ffff00\"><strong><em>DIA DE FESTA EM VILAR<\/em><\/strong><\/span><\/p>\n<figure id=\"attachment_7397\" aria-describedby=\"caption-attachment-7397\" style=\"width: 300px\" class=\"wp-caption alignright\"><a href=\"http:\/\/obeirao.pt\/online\/wp-content\/uploads\/2022\/06\/Bras\u00e3o-de-Vilar.jpg\"><img loading=\"lazy\" decoding=\"async\" class=\"wp-image-7397 size-medium\" src=\"http:\/\/obeirao.pt\/online\/wp-content\/uploads\/2022\/06\/Bras\u00e3o-de-Vilar-300x265.jpg\" alt=\"\" width=\"300\" height=\"265\" srcset=\"http:\/\/obeirao.pt\/online\/wp-content\/uploads\/2022\/06\/Bras\u00e3o-de-Vilar-300x265.jpg 300w, http:\/\/obeirao.pt\/online\/wp-content\/uploads\/2022\/06\/Bras\u00e3o-de-Vilar-768x678.jpg 768w, http:\/\/obeirao.pt\/online\/wp-content\/uploads\/2022\/06\/Bras\u00e3o-de-Vilar-640x565.jpg 640w, http:\/\/obeirao.pt\/online\/wp-content\/uploads\/2022\/06\/Bras\u00e3o-de-Vilar.jpg 954w\" sizes=\"(max-width: 300px) 100vw, 300px\" \/><\/a><figcaption id=\"caption-attachment-7397\" class=\"wp-caption-text\"><span style=\"font-size: 8pt\"><strong><em>Bras\u00e3o de Vilar a necessitar de limpeza&#8230;<\/em><\/strong><\/span><\/figcaption><\/figure>\n<p><span style=\"font-family: 'courier new', courier, monospace;font-size: 14pt\"><strong><em>O dia 24 de Junho, dia de S. Jo\u00e3o, foi de festa para a Igreja Paroquial de S. Jo\u00e3o de Vilar, que comemorou o seu Jubileu dos 250 anos da sua constru\u00e7\u00e3o, com descerramento de uma l\u00e1pide no exterior da Igreja.<\/em><\/strong><\/span><\/p>\n<p><span style=\"font-family: 'courier new', courier, monospace;font-size: 14pt\"><strong><em>Foi ainda descerrado um busto que homenageia o Monsenhor<\/em><em> S\u00edlvio Duarte Henriques<\/em><em>, dali natural, tudo com a presen\u00e7a do Bispo <span style=\"font-family: 'courier new', courier, monospace\">da Diocese<\/span> de Viseu, D. Ant\u00f3nio Luciano, que presidiu \u00e0 missa do Jubileu da Igreja.<\/em><\/strong><\/span><\/p>\n","protected":false},"excerpt":{"rendered":"<div class=\"mh-excerpt\"><span class=\"span-reading-time rt-reading-time\" style=\"display: block;\"><span class=\"rt-label rt-prefix\">tempo de leitura:<\/span> <span class=\"rt-time\"> 4<\/span> <span class=\"rt-label rt-postfix\">minutos<\/span><\/span>A Carta Social do Munic\u00edpio de Tondela foi aprovada nesta \u00faltima sexta-feira (24 de Junho), por unanimidade, na Assembleia Municipal, que decorreu na sede da <a class=\"mh-excerpt-more\" href=\"http:\/\/obeirao.pt\/online\/2022\/06\/27\/carta-social-do-municipio-de-tondela-aprovada-na-assembleia-municipal\/\" title=\"CARTA SOCIAL DO MUNIC\u00cdPIO DE TONDELA APROVADA NA ASSEMBLEIA MUNICIPAL\">[&#8230;]<\/a><\/div>\n","protected":false},"author":2,"featured_media":7393,"comment_status":"closed","ping_status":"closed","sticky":false,"template":"","format":"standard","meta":{"footnotes":""},"categories":[2,5,188,6,4,63],"tags":[],"class_list":["post-7392","post","type-post","status-publish","format-standard","has-post-thumbnail","hentry","category-principal","category-cidade","category-comunidade-intermunicipal-viseu-dao-lafoes","category-pais","category-regiao","category-tondela"],"yoast_head":"<!-- This site is optimized with the Yoast SEO plugin v27.4 - https:\/\/yoast.com\/product\/yoast-seo-wordpress\/ -->\n<title>CARTA SOCIAL DO MUNIC\u00cdPIO DE TONDELA APROVADA NA ASSEMBLEIA MUNICIPAL - Beir\u00e3o Online<\/title>\n<meta name=\"robots\" content=\"index, follow, max-snippet:-1, max-image-preview:large, max-video-preview:-1\" \/>\n<link rel=\"canonical\" href=\"http:\/\/obeirao.pt\/online\/2022\/06\/27\/carta-social-do-municipio-de-tondela-aprovada-na-assembleia-municipal\/\" \/>\n<meta property=\"og:locale\" content=\"pt_PT\" \/>\n<meta property=\"og:type\" content=\"article\" \/>\n<meta property=\"og:title\" content=\"CARTA SOCIAL DO MUNIC\u00cdPIO DE TONDELA APROVADA NA ASSEMBLEIA MUNICIPAL - Beir\u00e3o Online\" \/>\n<meta property=\"og:description\" content=\"tempo de leitura: 4 minutosA Carta Social do Munic\u00edpio de Tondela foi aprovada nesta \u00faltima sexta-feira (24 de Junho), por unanimidade, na Assembleia Municipal, que decorreu na sede da [...]\" \/>\n<meta property=\"og:url\" content=\"http:\/\/obeirao.pt\/online\/2022\/06\/27\/carta-social-do-municipio-de-tondela-aprovada-na-assembleia-municipal\/\" \/>\n<meta property=\"og:site_name\" content=\"Beir\u00e3o Online\" \/>\n<meta property=\"article:publisher\" content=\"https:\/\/pt-br.facebook.com\/pages\/Amigos-de-Tondela\/273620439973877\" \/>\n<meta property=\"article:published_time\" content=\"2022-06-27T18:41:02+00:00\" \/>\n<meta property=\"article:modified_time\" content=\"2022-06-27T19:08:47+00:00\" \/>\n<meta property=\"og:image\" content=\"http:\/\/obeirao.pt\/online\/wp-content\/uploads\/2022\/06\/Assembleia-Municipal-em-Vilar-24-junho-2022-scaled.jpg\" \/>\n\t<meta property=\"og:image:width\" content=\"1024\" \/>\n\t<meta property=\"og:image:height\" content=\"524\" \/>\n\t<meta property=\"og:image:type\" content=\"image\/jpeg\" \/>\n<meta name=\"author\" content=\"Z\u00e9 Beir\u00e3o\" \/>\n<meta name=\"twitter:card\" content=\"summary_large_image\" \/>\n<meta name=\"twitter:creator\" content=\"@JoaquimDuarteP2\" \/>\n<meta name=\"twitter:site\" content=\"@JoaquimDuarteP2\" \/>\n<meta name=\"twitter:label1\" content=\"Escrito por\" \/>\n\t<meta name=\"twitter:data1\" content=\"Z\u00e9 Beir\u00e3o\" \/>\n\t<meta name=\"twitter:label2\" content=\"Tempo estimado de leitura\" \/>\n\t<meta name=\"twitter:data2\" content=\"7 minutos\" \/>\n<script type=\"application\/ld+json\" class=\"yoast-schema-graph\">{\"@context\":\"https:\\\/\\\/schema.org\",\"@graph\":[{\"@type\":\"Article\",\"@id\":\"http:\\\/\\\/obeirao.pt\\\/online\\\/2022\\\/06\\\/27\\\/carta-social-do-municipio-de-tondela-aprovada-na-assembleia-municipal\\\/#article\",\"isPartOf\":{\"@id\":\"http:\\\/\\\/obeirao.pt\\\/online\\\/2022\\\/06\\\/27\\\/carta-social-do-municipio-de-tondela-aprovada-na-assembleia-municipal\\\/\"},\"author\":{\"name\":\"Z\u00e9 Beir\u00e3o\",\"@id\":\"http:\\\/\\\/obeirao.pt\\\/online\\\/#\\\/schema\\\/person\\\/efac69bb5a33873e1c1bb9c1165ff38c\"},\"headline\":\"CARTA SOCIAL DO MUNIC\u00cdPIO DE TONDELA APROVADA NA ASSEMBLEIA MUNICIPAL\",\"datePublished\":\"2022-06-27T18:41:02+00:00\",\"dateModified\":\"2022-06-27T19:08:47+00:00\",\"mainEntityOfPage\":{\"@id\":\"http:\\\/\\\/obeirao.pt\\\/online\\\/2022\\\/06\\\/27\\\/carta-social-do-municipio-de-tondela-aprovada-na-assembleia-municipal\\\/\"},\"wordCount\":1075,\"image\":{\"@id\":\"http:\\\/\\\/obeirao.pt\\\/online\\\/2022\\\/06\\\/27\\\/carta-social-do-municipio-de-tondela-aprovada-na-assembleia-municipal\\\/#primaryimage\"},\"thumbnailUrl\":\"http:\\\/\\\/obeirao.pt\\\/online\\\/wp-content\\\/uploads\\\/2022\\\/06\\\/Assembleia-Municipal-em-Vilar-24-junho-2022-scaled.jpg\",\"articleSection\":[\"_Principal\",\"Cidade\",\"Comunidade Intermunicipal Viseu D\u00e3o Laf\u00f5es\",\"Pa\u00eds\",\"Regi\u00e3o\",\"Tondela\"],\"inLanguage\":\"pt-PT\"},{\"@type\":\"WebPage\",\"@id\":\"http:\\\/\\\/obeirao.pt\\\/online\\\/2022\\\/06\\\/27\\\/carta-social-do-municipio-de-tondela-aprovada-na-assembleia-municipal\\\/\",\"url\":\"http:\\\/\\\/obeirao.pt\\\/online\\\/2022\\\/06\\\/27\\\/carta-social-do-municipio-de-tondela-aprovada-na-assembleia-municipal\\\/\",\"name\":\"CARTA SOCIAL DO MUNIC\u00cdPIO DE TONDELA APROVADA NA ASSEMBLEIA MUNICIPAL - Beir\u00e3o Online\",\"isPartOf\":{\"@id\":\"http:\\\/\\\/obeirao.pt\\\/online\\\/#website\"},\"primaryImageOfPage\":{\"@id\":\"http:\\\/\\\/obeirao.pt\\\/online\\\/2022\\\/06\\\/27\\\/carta-social-do-municipio-de-tondela-aprovada-na-assembleia-municipal\\\/#primaryimage\"},\"image\":{\"@id\":\"http:\\\/\\\/obeirao.pt\\\/online\\\/2022\\\/06\\\/27\\\/carta-social-do-municipio-de-tondela-aprovada-na-assembleia-municipal\\\/#primaryimage\"},\"thumbnailUrl\":\"http:\\\/\\\/obeirao.pt\\\/online\\\/wp-content\\\/uploads\\\/2022\\\/06\\\/Assembleia-Municipal-em-Vilar-24-junho-2022-scaled.jpg\",\"datePublished\":\"2022-06-27T18:41:02+00:00\",\"dateModified\":\"2022-06-27T19:08:47+00:00\",\"author\":{\"@id\":\"http:\\\/\\\/obeirao.pt\\\/online\\\/#\\\/schema\\\/person\\\/efac69bb5a33873e1c1bb9c1165ff38c\"},\"breadcrumb\":{\"@id\":\"http:\\\/\\\/obeirao.pt\\\/online\\\/2022\\\/06\\\/27\\\/carta-social-do-municipio-de-tondela-aprovada-na-assembleia-municipal\\\/#breadcrumb\"},\"inLanguage\":\"pt-PT\",\"potentialAction\":[{\"@type\":\"ReadAction\",\"target\":[\"http:\\\/\\\/obeirao.pt\\\/online\\\/2022\\\/06\\\/27\\\/carta-social-do-municipio-de-tondela-aprovada-na-assembleia-municipal\\\/\"]}]},{\"@type\":\"ImageObject\",\"inLanguage\":\"pt-PT\",\"@id\":\"http:\\\/\\\/obeirao.pt\\\/online\\\/2022\\\/06\\\/27\\\/carta-social-do-municipio-de-tondela-aprovada-na-assembleia-municipal\\\/#primaryimage\",\"url\":\"http:\\\/\\\/obeirao.pt\\\/online\\\/wp-content\\\/uploads\\\/2022\\\/06\\\/Assembleia-Municipal-em-Vilar-24-junho-2022-scaled.jpg\",\"contentUrl\":\"http:\\\/\\\/obeirao.pt\\\/online\\\/wp-content\\\/uploads\\\/2022\\\/06\\\/Assembleia-Municipal-em-Vilar-24-junho-2022-scaled.jpg\",\"width\":1024,\"height\":524,\"caption\":\"????????????????????????????????????\"},{\"@type\":\"BreadcrumbList\",\"@id\":\"http:\\\/\\\/obeirao.pt\\\/online\\\/2022\\\/06\\\/27\\\/carta-social-do-municipio-de-tondela-aprovada-na-assembleia-municipal\\\/#breadcrumb\",\"itemListElement\":[{\"@type\":\"ListItem\",\"position\":1,\"name\":\"Home\",\"item\":\"http:\\\/\\\/obeirao.pt\\\/online\\\/\"},{\"@type\":\"ListItem\",\"position\":2,\"name\":\"CARTA SOCIAL DO MUNIC\u00cdPIO DE TONDELA APROVADA NA ASSEMBLEIA MUNICIPAL\"}]},{\"@type\":\"WebSite\",\"@id\":\"http:\\\/\\\/obeirao.pt\\\/online\\\/#website\",\"url\":\"http:\\\/\\\/obeirao.pt\\\/online\\\/\",\"name\":\"Beir\u00e3o Online\",\"description\":\"www.obeirao.pt\",\"potentialAction\":[{\"@type\":\"SearchAction\",\"target\":{\"@type\":\"EntryPoint\",\"urlTemplate\":\"http:\\\/\\\/obeirao.pt\\\/online\\\/?s={search_term_string}\"},\"query-input\":{\"@type\":\"PropertyValueSpecification\",\"valueRequired\":true,\"valueName\":\"search_term_string\"}}],\"inLanguage\":\"pt-PT\"},{\"@type\":\"Person\",\"@id\":\"http:\\\/\\\/obeirao.pt\\\/online\\\/#\\\/schema\\\/person\\\/efac69bb5a33873e1c1bb9c1165ff38c\",\"name\":\"Z\u00e9 Beir\u00e3o\",\"image\":{\"@type\":\"ImageObject\",\"inLanguage\":\"pt-PT\",\"@id\":\"http:\\\/\\\/0.gravatar.com\\\/avatar\\\/c8c44d1f9327baa4d27e9b1149cd71b3?s=96&d=mm&r=g\",\"url\":\"http:\\\/\\\/0.gravatar.com\\\/avatar\\\/c8c44d1f9327baa4d27e9b1149cd71b3?s=96&d=mm&r=g\",\"contentUrl\":\"http:\\\/\\\/0.gravatar.com\\\/avatar\\\/c8c44d1f9327baa4d27e9b1149cd71b3?s=96&d=mm&r=g\",\"caption\":\"Z\u00e9 Beir\u00e3o\"},\"url\":\"http:\\\/\\\/obeirao.pt\\\/online\\\/author\\\/zebeirao\\\/\"}]}<\/script>\n<!-- \/ Yoast SEO plugin. -->","yoast_head_json":{"title":"CARTA SOCIAL DO MUNIC\u00cdPIO DE TONDELA APROVADA NA ASSEMBLEIA MUNICIPAL - Beir\u00e3o Online","robots":{"index":"index","follow":"follow","max-snippet":"max-snippet:-1","max-image-preview":"max-image-preview:large","max-video-preview":"max-video-preview:-1"},"canonical":"http:\/\/obeirao.pt\/online\/2022\/06\/27\/carta-social-do-municipio-de-tondela-aprovada-na-assembleia-municipal\/","og_locale":"pt_PT","og_type":"article","og_title":"CARTA SOCIAL DO MUNIC\u00cdPIO DE TONDELA APROVADA NA ASSEMBLEIA MUNICIPAL - Beir\u00e3o Online","og_description":"tempo de leitura: 4 minutosA Carta Social do Munic\u00edpio de Tondela foi aprovada nesta \u00faltima sexta-feira (24 de Junho), por unanimidade, na Assembleia Municipal, que decorreu na sede da [...]","og_url":"http:\/\/obeirao.pt\/online\/2022\/06\/27\/carta-social-do-municipio-de-tondela-aprovada-na-assembleia-municipal\/","og_site_name":"Beir\u00e3o Online","article_publisher":"https:\/\/pt-br.facebook.com\/pages\/Amigos-de-Tondela\/273620439973877","article_published_time":"2022-06-27T18:41:02+00:00","article_modified_time":"2022-06-27T19:08:47+00:00","og_image":[{"width":1024,"height":524,"url":"http:\/\/obeirao.pt\/online\/wp-content\/uploads\/2022\/06\/Assembleia-Municipal-em-Vilar-24-junho-2022-scaled.jpg","type":"image\/jpeg"}],"author":"Z\u00e9 Beir\u00e3o","twitter_card":"summary_large_image","twitter_creator":"@JoaquimDuarteP2","twitter_site":"@JoaquimDuarteP2","twitter_misc":{"Escrito por":"Z\u00e9 Beir\u00e3o","Tempo estimado de leitura":"7 minutos"},"schema":{"@context":"https:\/\/schema.org","@graph":[{"@type":"Article","@id":"http:\/\/obeirao.pt\/online\/2022\/06\/27\/carta-social-do-municipio-de-tondela-aprovada-na-assembleia-municipal\/#article","isPartOf":{"@id":"http:\/\/obeirao.pt\/online\/2022\/06\/27\/carta-social-do-municipio-de-tondela-aprovada-na-assembleia-municipal\/"},"author":{"name":"Z\u00e9 Beir\u00e3o","@id":"http:\/\/obeirao.pt\/online\/#\/schema\/person\/efac69bb5a33873e1c1bb9c1165ff38c"},"headline":"CARTA SOCIAL DO MUNIC\u00cdPIO DE TONDELA APROVADA NA ASSEMBLEIA MUNICIPAL","datePublished":"2022-06-27T18:41:02+00:00","dateModified":"2022-06-27T19:08:47+00:00","mainEntityOfPage":{"@id":"http:\/\/obeirao.pt\/online\/2022\/06\/27\/carta-social-do-municipio-de-tondela-aprovada-na-assembleia-municipal\/"},"wordCount":1075,"image":{"@id":"http:\/\/obeirao.pt\/online\/2022\/06\/27\/carta-social-do-municipio-de-tondela-aprovada-na-assembleia-municipal\/#primaryimage"},"thumbnailUrl":"http:\/\/obeirao.pt\/online\/wp-content\/uploads\/2022\/06\/Assembleia-Municipal-em-Vilar-24-junho-2022-scaled.jpg","articleSection":["_Principal","Cidade","Comunidade Intermunicipal Viseu D\u00e3o Laf\u00f5es","Pa\u00eds","Regi\u00e3o","Tondela"],"inLanguage":"pt-PT"},{"@type":"WebPage","@id":"http:\/\/obeirao.pt\/online\/2022\/06\/27\/carta-social-do-municipio-de-tondela-aprovada-na-assembleia-municipal\/","url":"http:\/\/obeirao.pt\/online\/2022\/06\/27\/carta-social-do-municipio-de-tondela-aprovada-na-assembleia-municipal\/","name":"CARTA SOCIAL DO MUNIC\u00cdPIO DE TONDELA APROVADA NA ASSEMBLEIA MUNICIPAL - Beir\u00e3o Online","isPartOf":{"@id":"http:\/\/obeirao.pt\/online\/#website"},"primaryImageOfPage":{"@id":"http:\/\/obeirao.pt\/online\/2022\/06\/27\/carta-social-do-municipio-de-tondela-aprovada-na-assembleia-municipal\/#primaryimage"},"image":{"@id":"http:\/\/obeirao.pt\/online\/2022\/06\/27\/carta-social-do-municipio-de-tondela-aprovada-na-assembleia-municipal\/#primaryimage"},"thumbnailUrl":"http:\/\/obeirao.pt\/online\/wp-content\/uploads\/2022\/06\/Assembleia-Municipal-em-Vilar-24-junho-2022-scaled.jpg","datePublished":"2022-06-27T18:41:02+00:00","dateModified":"2022-06-27T19:08:47+00:00","author":{"@id":"http:\/\/obeirao.pt\/online\/#\/schema\/person\/efac69bb5a33873e1c1bb9c1165ff38c"},"breadcrumb":{"@id":"http:\/\/obeirao.pt\/online\/2022\/06\/27\/carta-social-do-municipio-de-tondela-aprovada-na-assembleia-municipal\/#breadcrumb"},"inLanguage":"pt-PT","potentialAction":[{"@type":"ReadAction","target":["http:\/\/obeirao.pt\/online\/2022\/06\/27\/carta-social-do-municipio-de-tondela-aprovada-na-assembleia-municipal\/"]}]},{"@type":"ImageObject","inLanguage":"pt-PT","@id":"http:\/\/obeirao.pt\/online\/2022\/06\/27\/carta-social-do-municipio-de-tondela-aprovada-na-assembleia-municipal\/#primaryimage","url":"http:\/\/obeirao.pt\/online\/wp-content\/uploads\/2022\/06\/Assembleia-Municipal-em-Vilar-24-junho-2022-scaled.jpg","contentUrl":"http:\/\/obeirao.pt\/online\/wp-content\/uploads\/2022\/06\/Assembleia-Municipal-em-Vilar-24-junho-2022-scaled.jpg","width":1024,"height":524,"caption":"????????????????????????????????????"},{"@type":"BreadcrumbList","@id":"http:\/\/obeirao.pt\/online\/2022\/06\/27\/carta-social-do-municipio-de-tondela-aprovada-na-assembleia-municipal\/#breadcrumb","itemListElement":[{"@type":"ListItem","position":1,"name":"Home","item":"http:\/\/obeirao.pt\/online\/"},{"@type":"ListItem","position":2,"name":"CARTA SOCIAL DO MUNIC\u00cdPIO DE TONDELA APROVADA NA ASSEMBLEIA MUNICIPAL"}]},{"@type":"WebSite","@id":"http:\/\/obeirao.pt\/online\/#website","url":"http:\/\/obeirao.pt\/online\/","name":"Beir\u00e3o Online","description":"www.obeirao.pt","potentialAction":[{"@type":"SearchAction","target":{"@type":"EntryPoint","urlTemplate":"http:\/\/obeirao.pt\/online\/?s={search_term_string}"},"query-input":{"@type":"PropertyValueSpecification","valueRequired":true,"valueName":"search_term_string"}}],"inLanguage":"pt-PT"},{"@type":"Person","@id":"http:\/\/obeirao.pt\/online\/#\/schema\/person\/efac69bb5a33873e1c1bb9c1165ff38c","name":"Z\u00e9 Beir\u00e3o","image":{"@type":"ImageObject","inLanguage":"pt-PT","@id":"http:\/\/0.gravatar.com\/avatar\/c8c44d1f9327baa4d27e9b1149cd71b3?s=96&d=mm&r=g","url":"http:\/\/0.gravatar.com\/avatar\/c8c44d1f9327baa4d27e9b1149cd71b3?s=96&d=mm&r=g","contentUrl":"http:\/\/0.gravatar.com\/avatar\/c8c44d1f9327baa4d27e9b1149cd71b3?s=96&d=mm&r=g","caption":"Z\u00e9 Beir\u00e3o"},"url":"http:\/\/obeirao.pt\/online\/author\/zebeirao\/"}]}},"_links":{"self":[{"href":"http:\/\/obeirao.pt\/online\/wp-json\/wp\/v2\/posts\/7392"}],"collection":[{"href":"http:\/\/obeirao.pt\/online\/wp-json\/wp\/v2\/posts"}],"about":[{"href":"http:\/\/obeirao.pt\/online\/wp-json\/wp\/v2\/types\/post"}],"author":[{"embeddable":true,"href":"http:\/\/obeirao.pt\/online\/wp-json\/wp\/v2\/users\/2"}],"replies":[{"embeddable":true,"href":"http:\/\/obeirao.pt\/online\/wp-json\/wp\/v2\/comments?post=7392"}],"version-history":[{"count":4,"href":"http:\/\/obeirao.pt\/online\/wp-json\/wp\/v2\/posts\/7392\/revisions"}],"predecessor-version":[{"id":7400,"href":"http:\/\/obeirao.pt\/online\/wp-json\/wp\/v2\/posts\/7392\/revisions\/7400"}],"wp:featuredmedia":[{"embeddable":true,"href":"http:\/\/obeirao.pt\/online\/wp-json\/wp\/v2\/media\/7393"}],"wp:attachment":[{"href":"http:\/\/obeirao.pt\/online\/wp-json\/wp\/v2\/media?parent=7392"}],"wp:term":[{"taxonomy":"category","embeddable":true,"href":"http:\/\/obeirao.pt\/online\/wp-json\/wp\/v2\/categories?post=7392"},{"taxonomy":"post_tag","embeddable":true,"href":"http:\/\/obeirao.pt\/online\/wp-json\/wp\/v2\/tags?post=7392"}],"curies":[{"name":"wp","href":"https:\/\/api.w.org\/{rel}","templated":true}]}}