{"id":7692,"date":"2022-10-18T21:33:57","date_gmt":"2022-10-18T20:33:57","guid":{"rendered":"http:\/\/obeirao.pt\/online\/?p=7692"},"modified":"2022-10-18T21:58:07","modified_gmt":"2022-10-18T20:58:07","slug":"tondela-psd-denuncia-problemas-na-saude-e-na-justica-do-concelho","status":"publish","type":"post","link":"http:\/\/obeirao.pt\/online\/2022\/10\/18\/tondela-psd-denuncia-problemas-na-saude-e-na-justica-do-concelho\/","title":{"rendered":"TONDELA: PSD DENUNCIA PROBLEMAS NA SA\u00daDE E NA JUSTI\u00c7A DO CONCELHO"},"content":{"rendered":"<span class=\"span-reading-time rt-reading-time\" style=\"display: block;\"><span class=\"rt-label rt-prefix\">tempo de leitura:<\/span> <span class=\"rt-time\"> 2<\/span> <span class=\"rt-label rt-postfix\">minutos<\/span><\/span><p><span style=\"font-size: 24pt\"><strong><a href=\"http:\/\/obeirao.pt\/online\/wp-content\/uploads\/2022\/10\/Tribunal-de-Tondela-sem-Juiz-scaled.jpg\"><img loading=\"lazy\" decoding=\"async\" class=\"alignleft wp-image-7693 size-medium\" src=\"http:\/\/obeirao.pt\/online\/wp-content\/uploads\/2022\/10\/Tribunal-de-Tondela-sem-Juiz-300x174.jpg\" alt=\"\" width=\"300\" height=\"174\" srcset=\"http:\/\/obeirao.pt\/online\/wp-content\/uploads\/2022\/10\/Tribunal-de-Tondela-sem-Juiz-300x174.jpg 300w, http:\/\/obeirao.pt\/online\/wp-content\/uploads\/2022\/10\/Tribunal-de-Tondela-sem-Juiz-scaled.jpg 1024w, http:\/\/obeirao.pt\/online\/wp-content\/uploads\/2022\/10\/Tribunal-de-Tondela-sem-Juiz-768x445.jpg 768w, http:\/\/obeirao.pt\/online\/wp-content\/uploads\/2022\/10\/Tribunal-de-Tondela-sem-Juiz-640x371.jpg 640w\" sizes=\"(max-width: 300px) 100vw, 300px\" \/><\/a><span style=\"font-family: georgia, palatino, serif\">SERVI\u00c7OS DO ESTADO SEM &#8220;REI NEM ROQUE&#8221;&#8230;<\/span><\/strong><\/span><\/p>\n<p><span style=\"font-family: georgia, palatino, serif\"><span style=\"font-size: 14pt\"><em><strong>A Comiss\u00e3o Pol\u00edtica do PSD de Tondela vem denunciar, em comunicado enviado ao \u201cBEIR\u00c3O ONLINE\u201d, problemas graves nas quest\u00f5es da sa\u00fade e da justi\u00e7a.<\/strong><\/em><\/span><!--more--><\/span><\/p>\n<p><strong><span style=\"font-family: georgia, palatino, serif\">Da sa\u00fade, refere-se a uma <em>\u201cenorme falta de m\u00e9dicos, colocando em causa a presta\u00e7\u00e3o de assist\u00eancia que, em Molelos, extens\u00e3o da USF- Unidade de Sa\u00fade Familiar de Tondela, atingiu um patamar de tal ordem grave, onde as consultas t\u00eam um car\u00e1cter intermitente, havendo m\u00e9dico durante algumas horas por semana\u201d.<\/em><\/span><\/strong><\/p>\n<p><strong><span style=\"font-family: georgia, palatino, serif\">A somar a esta falta de profissionais, avan\u00e7am os sociais-democratas, <em>\u201cn\u00e3o \u00e9 poss\u00edvel a nenhum novo utente inscrever-se naquela unidade para obter m\u00e9dico de fam\u00edlia, sendo aconselhados a deslocar-se para outros pontos do concelho\u201d.<\/em><\/span><\/strong><\/p>\n<p><strong><span style=\"font-family: georgia, palatino, serif\"><a href=\"http:\/\/obeirao.pt\/online\/wp-content\/uploads\/2022\/10\/Vera-Machado-PSD-Tondela.jpg\"><img loading=\"lazy\" decoding=\"async\" class=\"alignright wp-image-7696 \" src=\"http:\/\/obeirao.pt\/online\/wp-content\/uploads\/2022\/10\/Vera-Machado-PSD-Tondela-300x300.jpg\" alt=\"\" width=\"260\" height=\"260\" srcset=\"http:\/\/obeirao.pt\/online\/wp-content\/uploads\/2022\/10\/Vera-Machado-PSD-Tondela-300x300.jpg 300w, http:\/\/obeirao.pt\/online\/wp-content\/uploads\/2022\/10\/Vera-Machado-PSD-Tondela-150x150.jpg 150w, http:\/\/obeirao.pt\/online\/wp-content\/uploads\/2022\/10\/Vera-Machado-PSD-Tondela-640x640.jpg 640w, http:\/\/obeirao.pt\/online\/wp-content\/uploads\/2022\/10\/Vera-Machado-PSD-Tondela-120x120.jpg 120w, http:\/\/obeirao.pt\/online\/wp-content\/uploads\/2022\/10\/Vera-Machado-PSD-Tondela.jpg 751w\" sizes=\"(max-width: 260px) 100vw, 260px\" \/><\/a>Segundo aqueles respons\u00e1veis pol\u00edticos, tamb\u00e9m a USF de Canas de Santa Maria est\u00e1 com o mesmo problema, <em>\u201ccujo reflexo \u00e9 not\u00f3rio na extens\u00e3o da Lajeosa do D\u00e3o pois, \u00e0 semelhan\u00e7a de Molelos, tamb\u00e9m n\u00e3o tem m\u00e9dico em perman\u00eancia\u201d.<\/em><\/span><\/strong><\/p>\n<p><strong><span style=\"font-family: georgia, palatino, serif\">Mas as den\u00fancias sobre <em>\u201cas debilidades nas \u00e1reas essenciais do estado central\u201d <\/em>n\u00e3o se ficam por aqui.<\/span><\/strong><\/p>\n<ul style=\"list-style-type: disc\">\n<li><span style=\"font-size: 18pt;color: #ff0000;background-color: #ffff00\"><strong><span style=\"font-family: georgia, palatino, serif\">TRIBUNAL PERDEU COMPET\u00caNCIAS E, AGORA,<\/span><\/strong><\/span><\/li>\n<li><span style=\"font-size: 18pt;color: #ff0000;background-color: #ffff00\"><strong><span style=\"font-family: georgia, palatino, serif\"> EST\u00c1 SEM JUIZ<\/span><\/strong><\/span><\/li>\n<\/ul>\n<p><strong><span style=\"font-family: georgia, palatino, serif\">Segundo a Comiss\u00e3o Pol\u00edtica do PSD de Tondela, o Tribunal de Tondela n\u00e3o tem neste momento juiz e <em>\u201cn\u00e3o h\u00e1 previs\u00e3o para quando ocorra, ficando parados todos os julgamentos at\u00e9 data incerta, contrariando o princ\u00edpio basilar da justi\u00e7a, a celeridade\u201d.<\/em><\/span><\/strong><\/p>\n<p><strong><span style=\"font-family: georgia, palatino, serif\">A Comiss\u00e3o Pol\u00edtica questiona por isso o Governo sobre <em>\u201cat\u00e9 quando vai continuar a deixar degradar os servi\u00e7os p\u00fablicos e para quando a coloca\u00e7\u00e3o de profissionais de sa\u00fade para garantir o b\u00e1sico nos acessos a cuidados de sa\u00fade prim\u00e1rios\u201d.<\/em><\/span><\/strong><\/p>\n<p><strong><span style=\"font-family: georgia, palatino, serif\">Questiona igualmente <em>\u201cpara quando a coloca\u00e7\u00e3o de um magistrado no Tribunal de Tondela\u201d.<\/em><\/span><\/strong><\/p>\n<p><strong><span style=\"font-family: georgia, palatino, serif\">Por fim, a Comiss\u00e3o Pol\u00edtica do PSD de Tondela desafia o Partido Socialista a encontrar respostas para estas quest\u00f5es e, <em>\u201cpara se associar \u00e0 nossa comunidade nesta luta desigual, para que seja garantido o acesso universal \u00e0 justi\u00e7a e \u00e0 sa\u00fade, porque viver no interior n\u00e3o pode ser uma fatalidade\u201d.<\/em><\/span><\/strong><\/p>\n<ul style=\"list-style-type: disc\">\n<li><strong><span style=\"color: #ff0000;background-color: #ffff00\"><em>NOTA DO DIRECTOR:<\/em><\/span><\/strong><\/li>\n<li><span style=\"font-family: georgia, palatino, serif\"><em><strong>Parece que Tondela se situa num qualquer sert\u00e3o africano. Nem sempre uma &#8220;maioria&#8221; \u00e9 sin\u00f3nimo de compet\u00eancia&#8230;<\/strong><\/em><\/span><\/li>\n<\/ul>\n","protected":false},"excerpt":{"rendered":"<div class=\"mh-excerpt\"><span class=\"span-reading-time rt-reading-time\" style=\"display: block;\"><span class=\"rt-label rt-prefix\">tempo de leitura:<\/span> <span class=\"rt-time\"> 2<\/span> <span class=\"rt-label rt-postfix\">minutos<\/span><\/span>SERVI\u00c7OS DO ESTADO SEM &#8220;REI NEM ROQUE&#8221;&#8230; A Comiss\u00e3o Pol\u00edtica do PSD de Tondela vem denunciar, em comunicado enviado ao \u201cBEIR\u00c3O ONLINE\u201d, problemas graves nas <a class=\"mh-excerpt-more\" href=\"http:\/\/obeirao.pt\/online\/2022\/10\/18\/tondela-psd-denuncia-problemas-na-saude-e-na-justica-do-concelho\/\" title=\"TONDELA: PSD DENUNCIA PROBLEMAS NA SA\u00daDE E NA JUSTI\u00c7A DO CONCELHO\">[&#8230;]<\/a><\/div>\n","protected":false},"author":2,"featured_media":7693,"comment_status":"closed","ping_status":"closed","sticky":false,"template":"","format":"standard","meta":{"footnotes":""},"categories":[1],"tags":[],"class_list":["post-7692","post","type-post","status-publish","format-standard","has-post-thumbnail","hentry","category-uncategorized"],"yoast_head":"<!-- This site is optimized with the Yoast SEO plugin v27.4 - https:\/\/yoast.com\/product\/yoast-seo-wordpress\/ -->\n<title>TONDELA: PSD DENUNCIA PROBLEMAS NA SA\u00daDE E NA JUSTI\u00c7A DO CONCELHO - Beir\u00e3o Online<\/title>\n<meta name=\"robots\" content=\"index, follow, max-snippet:-1, max-image-preview:large, max-video-preview:-1\" \/>\n<link rel=\"canonical\" href=\"http:\/\/obeirao.pt\/online\/2022\/10\/18\/tondela-psd-denuncia-problemas-na-saude-e-na-justica-do-concelho\/\" \/>\n<meta property=\"og:locale\" content=\"pt_PT\" \/>\n<meta property=\"og:type\" content=\"article\" \/>\n<meta property=\"og:title\" content=\"TONDELA: PSD DENUNCIA PROBLEMAS NA SA\u00daDE E NA JUSTI\u00c7A DO CONCELHO - Beir\u00e3o Online\" \/>\n<meta property=\"og:description\" content=\"tempo de leitura: 2 minutosSERVI\u00c7OS DO ESTADO SEM &#8220;REI NEM ROQUE&#8221;&#8230; A Comiss\u00e3o Pol\u00edtica do PSD de Tondela vem denunciar, em comunicado enviado ao \u201cBEIR\u00c3O ONLINE\u201d, problemas graves nas [...]\" \/>\n<meta property=\"og:url\" content=\"http:\/\/obeirao.pt\/online\/2022\/10\/18\/tondela-psd-denuncia-problemas-na-saude-e-na-justica-do-concelho\/\" \/>\n<meta property=\"og:site_name\" content=\"Beir\u00e3o Online\" \/>\n<meta property=\"article:publisher\" content=\"https:\/\/pt-br.facebook.com\/pages\/Amigos-de-Tondela\/273620439973877\" \/>\n<meta property=\"article:published_time\" content=\"2022-10-18T20:33:57+00:00\" \/>\n<meta property=\"article:modified_time\" content=\"2022-10-18T20:58:07+00:00\" \/>\n<meta property=\"og:image\" content=\"http:\/\/obeirao.pt\/online\/wp-content\/uploads\/2022\/10\/Tribunal-de-Tondela-sem-Juiz-scaled.jpg\" \/>\n\t<meta property=\"og:image:width\" content=\"1024\" \/>\n\t<meta property=\"og:image:height\" content=\"594\" \/>\n\t<meta property=\"og:image:type\" content=\"image\/jpeg\" \/>\n<meta name=\"author\" content=\"Z\u00e9 Beir\u00e3o\" \/>\n<meta name=\"twitter:card\" content=\"summary_large_image\" \/>\n<meta name=\"twitter:creator\" content=\"@JoaquimDuarteP2\" \/>\n<meta name=\"twitter:site\" content=\"@JoaquimDuarteP2\" \/>\n<meta name=\"twitter:label1\" content=\"Escrito por\" \/>\n\t<meta name=\"twitter:data1\" content=\"Z\u00e9 Beir\u00e3o\" \/>\n\t<meta name=\"twitter:label2\" content=\"Tempo estimado de leitura\" \/>\n\t<meta name=\"twitter:data2\" content=\"3 minutos\" \/>\n<script type=\"application\/ld+json\" class=\"yoast-schema-graph\">{\"@context\":\"https:\\\/\\\/schema.org\",\"@graph\":[{\"@type\":\"Article\",\"@id\":\"http:\\\/\\\/obeirao.pt\\\/online\\\/2022\\\/10\\\/18\\\/tondela-psd-denuncia-problemas-na-saude-e-na-justica-do-concelho\\\/#article\",\"isPartOf\":{\"@id\":\"http:\\\/\\\/obeirao.pt\\\/online\\\/2022\\\/10\\\/18\\\/tondela-psd-denuncia-problemas-na-saude-e-na-justica-do-concelho\\\/\"},\"author\":{\"name\":\"Z\u00e9 Beir\u00e3o\",\"@id\":\"http:\\\/\\\/obeirao.pt\\\/online\\\/#\\\/schema\\\/person\\\/efac69bb5a33873e1c1bb9c1165ff38c\"},\"headline\":\"TONDELA: PSD DENUNCIA PROBLEMAS NA SA\u00daDE E NA JUSTI\u00c7A DO CONCELHO\",\"datePublished\":\"2022-10-18T20:33:57+00:00\",\"dateModified\":\"2022-10-18T20:58:07+00:00\",\"mainEntityOfPage\":{\"@id\":\"http:\\\/\\\/obeirao.pt\\\/online\\\/2022\\\/10\\\/18\\\/tondela-psd-denuncia-problemas-na-saude-e-na-justica-do-concelho\\\/\"},\"wordCount\":406,\"image\":{\"@id\":\"http:\\\/\\\/obeirao.pt\\\/online\\\/2022\\\/10\\\/18\\\/tondela-psd-denuncia-problemas-na-saude-e-na-justica-do-concelho\\\/#primaryimage\"},\"thumbnailUrl\":\"http:\\\/\\\/obeirao.pt\\\/online\\\/wp-content\\\/uploads\\\/2022\\\/10\\\/Tribunal-de-Tondela-sem-Juiz-scaled.jpg\",\"articleSection\":[\"Uncategorized\"],\"inLanguage\":\"pt-PT\"},{\"@type\":\"WebPage\",\"@id\":\"http:\\\/\\\/obeirao.pt\\\/online\\\/2022\\\/10\\\/18\\\/tondela-psd-denuncia-problemas-na-saude-e-na-justica-do-concelho\\\/\",\"url\":\"http:\\\/\\\/obeirao.pt\\\/online\\\/2022\\\/10\\\/18\\\/tondela-psd-denuncia-problemas-na-saude-e-na-justica-do-concelho\\\/\",\"name\":\"TONDELA: PSD DENUNCIA PROBLEMAS NA SA\u00daDE E NA JUSTI\u00c7A DO CONCELHO - Beir\u00e3o Online\",\"isPartOf\":{\"@id\":\"http:\\\/\\\/obeirao.pt\\\/online\\\/#website\"},\"primaryImageOfPage\":{\"@id\":\"http:\\\/\\\/obeirao.pt\\\/online\\\/2022\\\/10\\\/18\\\/tondela-psd-denuncia-problemas-na-saude-e-na-justica-do-concelho\\\/#primaryimage\"},\"image\":{\"@id\":\"http:\\\/\\\/obeirao.pt\\\/online\\\/2022\\\/10\\\/18\\\/tondela-psd-denuncia-problemas-na-saude-e-na-justica-do-concelho\\\/#primaryimage\"},\"thumbnailUrl\":\"http:\\\/\\\/obeirao.pt\\\/online\\\/wp-content\\\/uploads\\\/2022\\\/10\\\/Tribunal-de-Tondela-sem-Juiz-scaled.jpg\",\"datePublished\":\"2022-10-18T20:33:57+00:00\",\"dateModified\":\"2022-10-18T20:58:07+00:00\",\"author\":{\"@id\":\"http:\\\/\\\/obeirao.pt\\\/online\\\/#\\\/schema\\\/person\\\/efac69bb5a33873e1c1bb9c1165ff38c\"},\"breadcrumb\":{\"@id\":\"http:\\\/\\\/obeirao.pt\\\/online\\\/2022\\\/10\\\/18\\\/tondela-psd-denuncia-problemas-na-saude-e-na-justica-do-concelho\\\/#breadcrumb\"},\"inLanguage\":\"pt-PT\",\"potentialAction\":[{\"@type\":\"ReadAction\",\"target\":[\"http:\\\/\\\/obeirao.pt\\\/online\\\/2022\\\/10\\\/18\\\/tondela-psd-denuncia-problemas-na-saude-e-na-justica-do-concelho\\\/\"]}]},{\"@type\":\"ImageObject\",\"inLanguage\":\"pt-PT\",\"@id\":\"http:\\\/\\\/obeirao.pt\\\/online\\\/2022\\\/10\\\/18\\\/tondela-psd-denuncia-problemas-na-saude-e-na-justica-do-concelho\\\/#primaryimage\",\"url\":\"http:\\\/\\\/obeirao.pt\\\/online\\\/wp-content\\\/uploads\\\/2022\\\/10\\\/Tribunal-de-Tondela-sem-Juiz-scaled.jpg\",\"contentUrl\":\"http:\\\/\\\/obeirao.pt\\\/online\\\/wp-content\\\/uploads\\\/2022\\\/10\\\/Tribunal-de-Tondela-sem-Juiz-scaled.jpg\",\"width\":1024,\"height\":594},{\"@type\":\"BreadcrumbList\",\"@id\":\"http:\\\/\\\/obeirao.pt\\\/online\\\/2022\\\/10\\\/18\\\/tondela-psd-denuncia-problemas-na-saude-e-na-justica-do-concelho\\\/#breadcrumb\",\"itemListElement\":[{\"@type\":\"ListItem\",\"position\":1,\"name\":\"Home\",\"item\":\"http:\\\/\\\/obeirao.pt\\\/online\\\/\"},{\"@type\":\"ListItem\",\"position\":2,\"name\":\"TONDELA: PSD DENUNCIA PROBLEMAS NA SA\u00daDE E NA JUSTI\u00c7A DO CONCELHO\"}]},{\"@type\":\"WebSite\",\"@id\":\"http:\\\/\\\/obeirao.pt\\\/online\\\/#website\",\"url\":\"http:\\\/\\\/obeirao.pt\\\/online\\\/\",\"name\":\"Beir\u00e3o Online\",\"description\":\"www.obeirao.pt\",\"potentialAction\":[{\"@type\":\"SearchAction\",\"target\":{\"@type\":\"EntryPoint\",\"urlTemplate\":\"http:\\\/\\\/obeirao.pt\\\/online\\\/?s={search_term_string}\"},\"query-input\":{\"@type\":\"PropertyValueSpecification\",\"valueRequired\":true,\"valueName\":\"search_term_string\"}}],\"inLanguage\":\"pt-PT\"},{\"@type\":\"Person\",\"@id\":\"http:\\\/\\\/obeirao.pt\\\/online\\\/#\\\/schema\\\/person\\\/efac69bb5a33873e1c1bb9c1165ff38c\",\"name\":\"Z\u00e9 Beir\u00e3o\",\"image\":{\"@type\":\"ImageObject\",\"inLanguage\":\"pt-PT\",\"@id\":\"http:\\\/\\\/0.gravatar.com\\\/avatar\\\/c8c44d1f9327baa4d27e9b1149cd71b3?s=96&d=mm&r=g\",\"url\":\"http:\\\/\\\/0.gravatar.com\\\/avatar\\\/c8c44d1f9327baa4d27e9b1149cd71b3?s=96&d=mm&r=g\",\"contentUrl\":\"http:\\\/\\\/0.gravatar.com\\\/avatar\\\/c8c44d1f9327baa4d27e9b1149cd71b3?s=96&d=mm&r=g\",\"caption\":\"Z\u00e9 Beir\u00e3o\"},\"url\":\"http:\\\/\\\/obeirao.pt\\\/online\\\/author\\\/zebeirao\\\/\"}]}<\/script>\n<!-- \/ Yoast SEO plugin. -->","yoast_head_json":{"title":"TONDELA: PSD DENUNCIA PROBLEMAS NA SA\u00daDE E NA JUSTI\u00c7A DO CONCELHO - Beir\u00e3o Online","robots":{"index":"index","follow":"follow","max-snippet":"max-snippet:-1","max-image-preview":"max-image-preview:large","max-video-preview":"max-video-preview:-1"},"canonical":"http:\/\/obeirao.pt\/online\/2022\/10\/18\/tondela-psd-denuncia-problemas-na-saude-e-na-justica-do-concelho\/","og_locale":"pt_PT","og_type":"article","og_title":"TONDELA: PSD DENUNCIA PROBLEMAS NA SA\u00daDE E NA JUSTI\u00c7A DO CONCELHO - Beir\u00e3o Online","og_description":"tempo de leitura: 2 minutosSERVI\u00c7OS DO ESTADO SEM &#8220;REI NEM ROQUE&#8221;&#8230; A Comiss\u00e3o Pol\u00edtica do PSD de Tondela vem denunciar, em comunicado enviado ao \u201cBEIR\u00c3O ONLINE\u201d, problemas graves nas [...]","og_url":"http:\/\/obeirao.pt\/online\/2022\/10\/18\/tondela-psd-denuncia-problemas-na-saude-e-na-justica-do-concelho\/","og_site_name":"Beir\u00e3o Online","article_publisher":"https:\/\/pt-br.facebook.com\/pages\/Amigos-de-Tondela\/273620439973877","article_published_time":"2022-10-18T20:33:57+00:00","article_modified_time":"2022-10-18T20:58:07+00:00","og_image":[{"width":1024,"height":594,"url":"http:\/\/obeirao.pt\/online\/wp-content\/uploads\/2022\/10\/Tribunal-de-Tondela-sem-Juiz-scaled.jpg","type":"image\/jpeg"}],"author":"Z\u00e9 Beir\u00e3o","twitter_card":"summary_large_image","twitter_creator":"@JoaquimDuarteP2","twitter_site":"@JoaquimDuarteP2","twitter_misc":{"Escrito por":"Z\u00e9 Beir\u00e3o","Tempo estimado de leitura":"3 minutos"},"schema":{"@context":"https:\/\/schema.org","@graph":[{"@type":"Article","@id":"http:\/\/obeirao.pt\/online\/2022\/10\/18\/tondela-psd-denuncia-problemas-na-saude-e-na-justica-do-concelho\/#article","isPartOf":{"@id":"http:\/\/obeirao.pt\/online\/2022\/10\/18\/tondela-psd-denuncia-problemas-na-saude-e-na-justica-do-concelho\/"},"author":{"name":"Z\u00e9 Beir\u00e3o","@id":"http:\/\/obeirao.pt\/online\/#\/schema\/person\/efac69bb5a33873e1c1bb9c1165ff38c"},"headline":"TONDELA: PSD DENUNCIA PROBLEMAS NA SA\u00daDE E NA JUSTI\u00c7A DO CONCELHO","datePublished":"2022-10-18T20:33:57+00:00","dateModified":"2022-10-18T20:58:07+00:00","mainEntityOfPage":{"@id":"http:\/\/obeirao.pt\/online\/2022\/10\/18\/tondela-psd-denuncia-problemas-na-saude-e-na-justica-do-concelho\/"},"wordCount":406,"image":{"@id":"http:\/\/obeirao.pt\/online\/2022\/10\/18\/tondela-psd-denuncia-problemas-na-saude-e-na-justica-do-concelho\/#primaryimage"},"thumbnailUrl":"http:\/\/obeirao.pt\/online\/wp-content\/uploads\/2022\/10\/Tribunal-de-Tondela-sem-Juiz-scaled.jpg","articleSection":["Uncategorized"],"inLanguage":"pt-PT"},{"@type":"WebPage","@id":"http:\/\/obeirao.pt\/online\/2022\/10\/18\/tondela-psd-denuncia-problemas-na-saude-e-na-justica-do-concelho\/","url":"http:\/\/obeirao.pt\/online\/2022\/10\/18\/tondela-psd-denuncia-problemas-na-saude-e-na-justica-do-concelho\/","name":"TONDELA: PSD DENUNCIA PROBLEMAS NA SA\u00daDE E NA JUSTI\u00c7A DO CONCELHO - Beir\u00e3o Online","isPartOf":{"@id":"http:\/\/obeirao.pt\/online\/#website"},"primaryImageOfPage":{"@id":"http:\/\/obeirao.pt\/online\/2022\/10\/18\/tondela-psd-denuncia-problemas-na-saude-e-na-justica-do-concelho\/#primaryimage"},"image":{"@id":"http:\/\/obeirao.pt\/online\/2022\/10\/18\/tondela-psd-denuncia-problemas-na-saude-e-na-justica-do-concelho\/#primaryimage"},"thumbnailUrl":"http:\/\/obeirao.pt\/online\/wp-content\/uploads\/2022\/10\/Tribunal-de-Tondela-sem-Juiz-scaled.jpg","datePublished":"2022-10-18T20:33:57+00:00","dateModified":"2022-10-18T20:58:07+00:00","author":{"@id":"http:\/\/obeirao.pt\/online\/#\/schema\/person\/efac69bb5a33873e1c1bb9c1165ff38c"},"breadcrumb":{"@id":"http:\/\/obeirao.pt\/online\/2022\/10\/18\/tondela-psd-denuncia-problemas-na-saude-e-na-justica-do-concelho\/#breadcrumb"},"inLanguage":"pt-PT","potentialAction":[{"@type":"ReadAction","target":["http:\/\/obeirao.pt\/online\/2022\/10\/18\/tondela-psd-denuncia-problemas-na-saude-e-na-justica-do-concelho\/"]}]},{"@type":"ImageObject","inLanguage":"pt-PT","@id":"http:\/\/obeirao.pt\/online\/2022\/10\/18\/tondela-psd-denuncia-problemas-na-saude-e-na-justica-do-concelho\/#primaryimage","url":"http:\/\/obeirao.pt\/online\/wp-content\/uploads\/2022\/10\/Tribunal-de-Tondela-sem-Juiz-scaled.jpg","contentUrl":"http:\/\/obeirao.pt\/online\/wp-content\/uploads\/2022\/10\/Tribunal-de-Tondela-sem-Juiz-scaled.jpg","width":1024,"height":594},{"@type":"BreadcrumbList","@id":"http:\/\/obeirao.pt\/online\/2022\/10\/18\/tondela-psd-denuncia-problemas-na-saude-e-na-justica-do-concelho\/#breadcrumb","itemListElement":[{"@type":"ListItem","position":1,"name":"Home","item":"http:\/\/obeirao.pt\/online\/"},{"@type":"ListItem","position":2,"name":"TONDELA: PSD DENUNCIA PROBLEMAS NA SA\u00daDE E NA JUSTI\u00c7A DO CONCELHO"}]},{"@type":"WebSite","@id":"http:\/\/obeirao.pt\/online\/#website","url":"http:\/\/obeirao.pt\/online\/","name":"Beir\u00e3o Online","description":"www.obeirao.pt","potentialAction":[{"@type":"SearchAction","target":{"@type":"EntryPoint","urlTemplate":"http:\/\/obeirao.pt\/online\/?s={search_term_string}"},"query-input":{"@type":"PropertyValueSpecification","valueRequired":true,"valueName":"search_term_string"}}],"inLanguage":"pt-PT"},{"@type":"Person","@id":"http:\/\/obeirao.pt\/online\/#\/schema\/person\/efac69bb5a33873e1c1bb9c1165ff38c","name":"Z\u00e9 Beir\u00e3o","image":{"@type":"ImageObject","inLanguage":"pt-PT","@id":"http:\/\/0.gravatar.com\/avatar\/c8c44d1f9327baa4d27e9b1149cd71b3?s=96&d=mm&r=g","url":"http:\/\/0.gravatar.com\/avatar\/c8c44d1f9327baa4d27e9b1149cd71b3?s=96&d=mm&r=g","contentUrl":"http:\/\/0.gravatar.com\/avatar\/c8c44d1f9327baa4d27e9b1149cd71b3?s=96&d=mm&r=g","caption":"Z\u00e9 Beir\u00e3o"},"url":"http:\/\/obeirao.pt\/online\/author\/zebeirao\/"}]}},"_links":{"self":[{"href":"http:\/\/obeirao.pt\/online\/wp-json\/wp\/v2\/posts\/7692"}],"collection":[{"href":"http:\/\/obeirao.pt\/online\/wp-json\/wp\/v2\/posts"}],"about":[{"href":"http:\/\/obeirao.pt\/online\/wp-json\/wp\/v2\/types\/post"}],"author":[{"embeddable":true,"href":"http:\/\/obeirao.pt\/online\/wp-json\/wp\/v2\/users\/2"}],"replies":[{"embeddable":true,"href":"http:\/\/obeirao.pt\/online\/wp-json\/wp\/v2\/comments?post=7692"}],"version-history":[{"count":3,"href":"http:\/\/obeirao.pt\/online\/wp-json\/wp\/v2\/posts\/7692\/revisions"}],"predecessor-version":[{"id":7697,"href":"http:\/\/obeirao.pt\/online\/wp-json\/wp\/v2\/posts\/7692\/revisions\/7697"}],"wp:featuredmedia":[{"embeddable":true,"href":"http:\/\/obeirao.pt\/online\/wp-json\/wp\/v2\/media\/7693"}],"wp:attachment":[{"href":"http:\/\/obeirao.pt\/online\/wp-json\/wp\/v2\/media?parent=7692"}],"wp:term":[{"taxonomy":"category","embeddable":true,"href":"http:\/\/obeirao.pt\/online\/wp-json\/wp\/v2\/categories?post=7692"},{"taxonomy":"post_tag","embeddable":true,"href":"http:\/\/obeirao.pt\/online\/wp-json\/wp\/v2\/tags?post=7692"}],"curies":[{"name":"wp","href":"https:\/\/api.w.org\/{rel}","templated":true}]}}