{"id":8147,"date":"2023-04-18T16:12:49","date_gmt":"2023-04-18T15:12:49","guid":{"rendered":"http:\/\/obeirao.pt\/online\/?p=8147"},"modified":"2023-04-18T16:13:58","modified_gmt":"2023-04-18T15:13:58","slug":"municipio-de-tondela-financia-obras-da-capela-e-criacao-do-museu-etnografico-de-parada-de-gonta","status":"publish","type":"post","link":"http:\/\/obeirao.pt\/online\/2023\/04\/18\/municipio-de-tondela-financia-obras-da-capela-e-criacao-do-museu-etnografico-de-parada-de-gonta\/","title":{"rendered":"MUNIC\u00cdPIO DE TONDELA financia obras da capela e cria\u00e7\u00e3o do Museu Etnogr\u00e1fico de Parada de Gonta"},"content":{"rendered":"<span class=\"span-reading-time rt-reading-time\" style=\"display: block;\"><span class=\"rt-label rt-prefix\">tempo de leitura:<\/span> <span class=\"rt-time\"> 2<\/span> <span class=\"rt-label rt-postfix\">minutos<\/span><\/span><p><a href=\"http:\/\/obeirao.pt\/online\/wp-content\/uploads\/2023\/04\/Protocolos-Parada-2-scaled.jpg\"><img loading=\"lazy\" decoding=\"async\" class=\"alignleft wp-image-8148 size-medium\" src=\"http:\/\/obeirao.pt\/online\/wp-content\/uploads\/2023\/04\/Protocolos-Parada-2-300x183.jpg\" alt=\"\" width=\"300\" height=\"183\" srcset=\"http:\/\/obeirao.pt\/online\/wp-content\/uploads\/2023\/04\/Protocolos-Parada-2-300x183.jpg 300w, http:\/\/obeirao.pt\/online\/wp-content\/uploads\/2023\/04\/Protocolos-Parada-2-scaled.jpg 1024w, http:\/\/obeirao.pt\/online\/wp-content\/uploads\/2023\/04\/Protocolos-Parada-2-768x470.jpg 768w, http:\/\/obeirao.pt\/online\/wp-content\/uploads\/2023\/04\/Protocolos-Parada-2-640x391.jpg 640w\" sizes=\"(max-width: 300px) 100vw, 300px\" \/><\/a><\/p>\n<p><span style=\"font-size: 24pt;color: #ff0000\"><strong>Escola Prim\u00e1ria vira Museu\u00a0<\/strong><\/span><\/p>\n<p><strong><em><span style=\"font-family: georgia, palatino, serif\">A C\u00e2mara Municipal de Tondela vai apoiar financeiramente as obras de requalifica\u00e7\u00e3o da capela do solar de S. Jos\u00e9, em Parada de Gonta e da antiga escola prim\u00e1ria, hoje edif\u00edcio sede do Rancho Folcl\u00f3rico, onde est\u00e1 a ser constru\u00eddo um Museu. <\/span><\/em><\/strong><!--more--><\/p>\n<p><span style=\"font-family: georgia, palatino, serif\">Os protocolos de financiamento das duas interven\u00e7\u00f5es foram tornados p\u00fablicos no dia 16 de Abril, numa sess\u00e3o que teve lugar ap\u00f3s uma caminhada, com recolha de lixo, duas ac\u00e7\u00f5es promovidas pela Associa\u00e7\u00e3o Desportiva Cultural e Recreativa de Parada de Gonta e pela Comiss\u00e3o de Festas de Santa Ana, com o apoio da Junta de Freguesia.<\/span><\/p>\n<p><span style=\"font-family: georgia, palatino, serif\">Com a autarquia local, a C\u00e2mara Municipal estabeleceu um acordo no montante total de 96.420 euros, que ser\u00e1 investido nas obras de reabilita\u00e7\u00e3o da capela do solar de S. Jos\u00e9. Este valor inclui os trabalhos, mas tamb\u00e9m o projecto de execu\u00e7\u00e3o e o relat\u00f3rio de estabiliza\u00e7\u00e3o e de desmontagem do patrim\u00f3nio existente no templo religioso.<\/span><\/p>\n<p><span style=\"color: #ff0000;background-color: #ffff00;font-family: georgia, palatino, serif\"><strong><em>OBRA ARRANCA EM MAIO<\/em><\/strong><\/span><\/p>\n<p><span style=\"font-family: georgia, palatino, serif\">A empreitada, da responsabilidade da Junta de Freguesia, j\u00e1 foi adjudicada devendo arrancar na segunda quinzena do pr\u00f3ximo m\u00eas de maio. A interven\u00e7\u00e3o tem um prazo de execu\u00e7\u00e3o de um ano.<\/span><\/p>\n<p><span style=\"font-family: georgia, palatino, serif\"><strong><em>\u201cHoje estamos a cumprir aquilo com que nos comprometemos\u201d,<\/em><\/strong> disse a presidente da C\u00e2mara, Carla Antunes Borges, real\u00e7ando que com a ajuda da autarquia ser\u00e1 requalificado <strong><em>\u201cum dos mais importantes patrim\u00f3nios\u201d<\/em><\/strong> de Parada de Gonta.<\/span><\/p>\n<p><span style=\"font-family: georgia, palatino, serif\">J\u00e1 com o Rancho Folcl\u00f3rico, o Munic\u00edpio protocolou um apoio financeiro de 12.530 euros que ser\u00e1 investido na cria\u00e7\u00e3o do Museu Etnogr\u00e1fico do grupo folcl\u00f3rico, que est\u00e1 a ser instalado na sede da colectividade, que ocupa as instala\u00e7\u00f5es da antiga Escola Prim\u00e1ria. O espa\u00e7o museol\u00f3gico, que re\u00fane in\u00fameras pe\u00e7as do passado, dever\u00e1 abrir portas em Agosto deste ano.<\/span><\/p>\n<p><span style=\"font-family: georgia, palatino, serif\"><strong><em>\u201cEnaltecer o trabalho que o Rancho tem feito ao longo destes anos todos e que vai culminar agora com a cria\u00e7\u00e3o deste Museu Etnogr\u00e1fico, que em boa hora ser\u00e1 instalado nesta freguesia\u201d,<\/em><\/strong> afirmou Carla Antunes Borges, sublinhando n\u00e3o ter d\u00favidas de que o grupo folcl\u00f3rico ter\u00e1 um \u201c<strong><em>futuro radioso\u201d.<\/em><\/strong><\/span><\/p>\n<p>&nbsp;<\/p>\n","protected":false},"excerpt":{"rendered":"<div class=\"mh-excerpt\"><span class=\"span-reading-time rt-reading-time\" style=\"display: block;\"><span class=\"rt-label rt-prefix\">tempo de leitura:<\/span> <span class=\"rt-time\"> 2<\/span> <span class=\"rt-label rt-postfix\">minutos<\/span><\/span>Escola Prim\u00e1ria vira Museu\u00a0 A C\u00e2mara Municipal de Tondela vai apoiar financeiramente as obras de requalifica\u00e7\u00e3o da capela do solar de S. Jos\u00e9, em Parada <a class=\"mh-excerpt-more\" href=\"http:\/\/obeirao.pt\/online\/2023\/04\/18\/municipio-de-tondela-financia-obras-da-capela-e-criacao-do-museu-etnografico-de-parada-de-gonta\/\" title=\"MUNIC\u00cdPIO DE TONDELA financia obras da capela e cria\u00e7\u00e3o do Museu Etnogr\u00e1fico de Parada de Gonta\">[&#8230;]<\/a><\/div>\n","protected":false},"author":2,"featured_media":8148,"comment_status":"closed","ping_status":"closed","sticky":false,"template":"","format":"standard","meta":{"footnotes":""},"categories":[2,5,188,6,4,63],"tags":[],"class_list":["post-8147","post","type-post","status-publish","format-standard","has-post-thumbnail","hentry","category-principal","category-cidade","category-comunidade-intermunicipal-viseu-dao-lafoes","category-pais","category-regiao","category-tondela"],"yoast_head":"<!-- This site is optimized with the Yoast SEO plugin v27.4 - https:\/\/yoast.com\/product\/yoast-seo-wordpress\/ -->\n<title>MUNIC\u00cdPIO DE TONDELA financia obras da capela e cria\u00e7\u00e3o do Museu Etnogr\u00e1fico de Parada de Gonta - Beir\u00e3o Online<\/title>\n<meta name=\"robots\" content=\"index, follow, max-snippet:-1, max-image-preview:large, max-video-preview:-1\" \/>\n<link rel=\"canonical\" href=\"http:\/\/obeirao.pt\/online\/2023\/04\/18\/municipio-de-tondela-financia-obras-da-capela-e-criacao-do-museu-etnografico-de-parada-de-gonta\/\" \/>\n<meta property=\"og:locale\" content=\"pt_PT\" \/>\n<meta property=\"og:type\" content=\"article\" \/>\n<meta property=\"og:title\" content=\"MUNIC\u00cdPIO DE TONDELA financia obras da capela e cria\u00e7\u00e3o do Museu Etnogr\u00e1fico de Parada de Gonta - Beir\u00e3o Online\" \/>\n<meta property=\"og:description\" content=\"tempo de leitura: 2 minutosEscola Prim\u00e1ria vira Museu\u00a0 A C\u00e2mara Municipal de Tondela vai apoiar financeiramente as obras de requalifica\u00e7\u00e3o da capela do solar de S. Jos\u00e9, em Parada [...]\" \/>\n<meta property=\"og:url\" content=\"http:\/\/obeirao.pt\/online\/2023\/04\/18\/municipio-de-tondela-financia-obras-da-capela-e-criacao-do-museu-etnografico-de-parada-de-gonta\/\" \/>\n<meta property=\"og:site_name\" content=\"Beir\u00e3o Online\" \/>\n<meta property=\"article:publisher\" content=\"https:\/\/pt-br.facebook.com\/pages\/Amigos-de-Tondela\/273620439973877\" \/>\n<meta property=\"article:published_time\" content=\"2023-04-18T15:12:49+00:00\" \/>\n<meta property=\"article:modified_time\" content=\"2023-04-18T15:13:58+00:00\" \/>\n<meta property=\"og:image\" content=\"http:\/\/obeirao.pt\/online\/wp-content\/uploads\/2023\/04\/Protocolos-Parada-2-scaled.jpg\" \/>\n\t<meta property=\"og:image:width\" content=\"1024\" \/>\n\t<meta property=\"og:image:height\" content=\"626\" \/>\n\t<meta property=\"og:image:type\" content=\"image\/jpeg\" \/>\n<meta name=\"author\" content=\"Z\u00e9 Beir\u00e3o\" \/>\n<meta name=\"twitter:card\" content=\"summary_large_image\" \/>\n<meta name=\"twitter:creator\" content=\"@JoaquimDuarteP2\" \/>\n<meta name=\"twitter:site\" content=\"@JoaquimDuarteP2\" \/>\n<meta name=\"twitter:label1\" content=\"Escrito por\" \/>\n\t<meta name=\"twitter:data1\" content=\"Z\u00e9 Beir\u00e3o\" \/>\n\t<meta name=\"twitter:label2\" content=\"Tempo estimado de leitura\" \/>\n\t<meta name=\"twitter:data2\" content=\"3 minutos\" \/>\n<script type=\"application\/ld+json\" class=\"yoast-schema-graph\">{\"@context\":\"https:\\\/\\\/schema.org\",\"@graph\":[{\"@type\":\"Article\",\"@id\":\"http:\\\/\\\/obeirao.pt\\\/online\\\/2023\\\/04\\\/18\\\/municipio-de-tondela-financia-obras-da-capela-e-criacao-do-museu-etnografico-de-parada-de-gonta\\\/#article\",\"isPartOf\":{\"@id\":\"http:\\\/\\\/obeirao.pt\\\/online\\\/2023\\\/04\\\/18\\\/municipio-de-tondela-financia-obras-da-capela-e-criacao-do-museu-etnografico-de-parada-de-gonta\\\/\"},\"author\":{\"name\":\"Z\u00e9 Beir\u00e3o\",\"@id\":\"http:\\\/\\\/obeirao.pt\\\/online\\\/#\\\/schema\\\/person\\\/efac69bb5a33873e1c1bb9c1165ff38c\"},\"headline\":\"MUNIC\u00cdPIO DE TONDELA financia obras da capela e cria\u00e7\u00e3o do Museu Etnogr\u00e1fico de Parada de Gonta\",\"datePublished\":\"2023-04-18T15:12:49+00:00\",\"dateModified\":\"2023-04-18T15:13:58+00:00\",\"mainEntityOfPage\":{\"@id\":\"http:\\\/\\\/obeirao.pt\\\/online\\\/2023\\\/04\\\/18\\\/municipio-de-tondela-financia-obras-da-capela-e-criacao-do-museu-etnografico-de-parada-de-gonta\\\/\"},\"wordCount\":394,\"image\":{\"@id\":\"http:\\\/\\\/obeirao.pt\\\/online\\\/2023\\\/04\\\/18\\\/municipio-de-tondela-financia-obras-da-capela-e-criacao-do-museu-etnografico-de-parada-de-gonta\\\/#primaryimage\"},\"thumbnailUrl\":\"http:\\\/\\\/obeirao.pt\\\/online\\\/wp-content\\\/uploads\\\/2023\\\/04\\\/Protocolos-Parada-2-scaled.jpg\",\"articleSection\":[\"_Principal\",\"Cidade\",\"Comunidade Intermunicipal Viseu D\u00e3o Laf\u00f5es\",\"Pa\u00eds\",\"Regi\u00e3o\",\"Tondela\"],\"inLanguage\":\"pt-PT\"},{\"@type\":\"WebPage\",\"@id\":\"http:\\\/\\\/obeirao.pt\\\/online\\\/2023\\\/04\\\/18\\\/municipio-de-tondela-financia-obras-da-capela-e-criacao-do-museu-etnografico-de-parada-de-gonta\\\/\",\"url\":\"http:\\\/\\\/obeirao.pt\\\/online\\\/2023\\\/04\\\/18\\\/municipio-de-tondela-financia-obras-da-capela-e-criacao-do-museu-etnografico-de-parada-de-gonta\\\/\",\"name\":\"MUNIC\u00cdPIO DE TONDELA financia obras da capela e cria\u00e7\u00e3o do Museu Etnogr\u00e1fico de Parada de Gonta - Beir\u00e3o Online\",\"isPartOf\":{\"@id\":\"http:\\\/\\\/obeirao.pt\\\/online\\\/#website\"},\"primaryImageOfPage\":{\"@id\":\"http:\\\/\\\/obeirao.pt\\\/online\\\/2023\\\/04\\\/18\\\/municipio-de-tondela-financia-obras-da-capela-e-criacao-do-museu-etnografico-de-parada-de-gonta\\\/#primaryimage\"},\"image\":{\"@id\":\"http:\\\/\\\/obeirao.pt\\\/online\\\/2023\\\/04\\\/18\\\/municipio-de-tondela-financia-obras-da-capela-e-criacao-do-museu-etnografico-de-parada-de-gonta\\\/#primaryimage\"},\"thumbnailUrl\":\"http:\\\/\\\/obeirao.pt\\\/online\\\/wp-content\\\/uploads\\\/2023\\\/04\\\/Protocolos-Parada-2-scaled.jpg\",\"datePublished\":\"2023-04-18T15:12:49+00:00\",\"dateModified\":\"2023-04-18T15:13:58+00:00\",\"author\":{\"@id\":\"http:\\\/\\\/obeirao.pt\\\/online\\\/#\\\/schema\\\/person\\\/efac69bb5a33873e1c1bb9c1165ff38c\"},\"breadcrumb\":{\"@id\":\"http:\\\/\\\/obeirao.pt\\\/online\\\/2023\\\/04\\\/18\\\/municipio-de-tondela-financia-obras-da-capela-e-criacao-do-museu-etnografico-de-parada-de-gonta\\\/#breadcrumb\"},\"inLanguage\":\"pt-PT\",\"potentialAction\":[{\"@type\":\"ReadAction\",\"target\":[\"http:\\\/\\\/obeirao.pt\\\/online\\\/2023\\\/04\\\/18\\\/municipio-de-tondela-financia-obras-da-capela-e-criacao-do-museu-etnografico-de-parada-de-gonta\\\/\"]}]},{\"@type\":\"ImageObject\",\"inLanguage\":\"pt-PT\",\"@id\":\"http:\\\/\\\/obeirao.pt\\\/online\\\/2023\\\/04\\\/18\\\/municipio-de-tondela-financia-obras-da-capela-e-criacao-do-museu-etnografico-de-parada-de-gonta\\\/#primaryimage\",\"url\":\"http:\\\/\\\/obeirao.pt\\\/online\\\/wp-content\\\/uploads\\\/2023\\\/04\\\/Protocolos-Parada-2-scaled.jpg\",\"contentUrl\":\"http:\\\/\\\/obeirao.pt\\\/online\\\/wp-content\\\/uploads\\\/2023\\\/04\\\/Protocolos-Parada-2-scaled.jpg\",\"width\":1024,\"height\":626,\"caption\":\"OLYMPUS DIGITAL CAMERA\"},{\"@type\":\"BreadcrumbList\",\"@id\":\"http:\\\/\\\/obeirao.pt\\\/online\\\/2023\\\/04\\\/18\\\/municipio-de-tondela-financia-obras-da-capela-e-criacao-do-museu-etnografico-de-parada-de-gonta\\\/#breadcrumb\",\"itemListElement\":[{\"@type\":\"ListItem\",\"position\":1,\"name\":\"Home\",\"item\":\"http:\\\/\\\/obeirao.pt\\\/online\\\/\"},{\"@type\":\"ListItem\",\"position\":2,\"name\":\"MUNIC\u00cdPIO DE TONDELA financia obras da capela e cria\u00e7\u00e3o do Museu Etnogr\u00e1fico de Parada de Gonta\"}]},{\"@type\":\"WebSite\",\"@id\":\"http:\\\/\\\/obeirao.pt\\\/online\\\/#website\",\"url\":\"http:\\\/\\\/obeirao.pt\\\/online\\\/\",\"name\":\"Beir\u00e3o Online\",\"description\":\"www.obeirao.pt\",\"potentialAction\":[{\"@type\":\"SearchAction\",\"target\":{\"@type\":\"EntryPoint\",\"urlTemplate\":\"http:\\\/\\\/obeirao.pt\\\/online\\\/?s={search_term_string}\"},\"query-input\":{\"@type\":\"PropertyValueSpecification\",\"valueRequired\":true,\"valueName\":\"search_term_string\"}}],\"inLanguage\":\"pt-PT\"},{\"@type\":\"Person\",\"@id\":\"http:\\\/\\\/obeirao.pt\\\/online\\\/#\\\/schema\\\/person\\\/efac69bb5a33873e1c1bb9c1165ff38c\",\"name\":\"Z\u00e9 Beir\u00e3o\",\"image\":{\"@type\":\"ImageObject\",\"inLanguage\":\"pt-PT\",\"@id\":\"http:\\\/\\\/0.gravatar.com\\\/avatar\\\/c8c44d1f9327baa4d27e9b1149cd71b3?s=96&d=mm&r=g\",\"url\":\"http:\\\/\\\/0.gravatar.com\\\/avatar\\\/c8c44d1f9327baa4d27e9b1149cd71b3?s=96&d=mm&r=g\",\"contentUrl\":\"http:\\\/\\\/0.gravatar.com\\\/avatar\\\/c8c44d1f9327baa4d27e9b1149cd71b3?s=96&d=mm&r=g\",\"caption\":\"Z\u00e9 Beir\u00e3o\"},\"url\":\"http:\\\/\\\/obeirao.pt\\\/online\\\/author\\\/zebeirao\\\/\"}]}<\/script>\n<!-- \/ Yoast SEO plugin. -->","yoast_head_json":{"title":"MUNIC\u00cdPIO DE TONDELA financia obras da capela e cria\u00e7\u00e3o do Museu Etnogr\u00e1fico de Parada de Gonta - Beir\u00e3o Online","robots":{"index":"index","follow":"follow","max-snippet":"max-snippet:-1","max-image-preview":"max-image-preview:large","max-video-preview":"max-video-preview:-1"},"canonical":"http:\/\/obeirao.pt\/online\/2023\/04\/18\/municipio-de-tondela-financia-obras-da-capela-e-criacao-do-museu-etnografico-de-parada-de-gonta\/","og_locale":"pt_PT","og_type":"article","og_title":"MUNIC\u00cdPIO DE TONDELA financia obras da capela e cria\u00e7\u00e3o do Museu Etnogr\u00e1fico de Parada de Gonta - Beir\u00e3o Online","og_description":"tempo de leitura: 2 minutosEscola Prim\u00e1ria vira Museu\u00a0 A C\u00e2mara Municipal de Tondela vai apoiar financeiramente as obras de requalifica\u00e7\u00e3o da capela do solar de S. Jos\u00e9, em Parada [...]","og_url":"http:\/\/obeirao.pt\/online\/2023\/04\/18\/municipio-de-tondela-financia-obras-da-capela-e-criacao-do-museu-etnografico-de-parada-de-gonta\/","og_site_name":"Beir\u00e3o Online","article_publisher":"https:\/\/pt-br.facebook.com\/pages\/Amigos-de-Tondela\/273620439973877","article_published_time":"2023-04-18T15:12:49+00:00","article_modified_time":"2023-04-18T15:13:58+00:00","og_image":[{"width":1024,"height":626,"url":"http:\/\/obeirao.pt\/online\/wp-content\/uploads\/2023\/04\/Protocolos-Parada-2-scaled.jpg","type":"image\/jpeg"}],"author":"Z\u00e9 Beir\u00e3o","twitter_card":"summary_large_image","twitter_creator":"@JoaquimDuarteP2","twitter_site":"@JoaquimDuarteP2","twitter_misc":{"Escrito por":"Z\u00e9 Beir\u00e3o","Tempo estimado de leitura":"3 minutos"},"schema":{"@context":"https:\/\/schema.org","@graph":[{"@type":"Article","@id":"http:\/\/obeirao.pt\/online\/2023\/04\/18\/municipio-de-tondela-financia-obras-da-capela-e-criacao-do-museu-etnografico-de-parada-de-gonta\/#article","isPartOf":{"@id":"http:\/\/obeirao.pt\/online\/2023\/04\/18\/municipio-de-tondela-financia-obras-da-capela-e-criacao-do-museu-etnografico-de-parada-de-gonta\/"},"author":{"name":"Z\u00e9 Beir\u00e3o","@id":"http:\/\/obeirao.pt\/online\/#\/schema\/person\/efac69bb5a33873e1c1bb9c1165ff38c"},"headline":"MUNIC\u00cdPIO DE TONDELA financia obras da capela e cria\u00e7\u00e3o do Museu Etnogr\u00e1fico de Parada de Gonta","datePublished":"2023-04-18T15:12:49+00:00","dateModified":"2023-04-18T15:13:58+00:00","mainEntityOfPage":{"@id":"http:\/\/obeirao.pt\/online\/2023\/04\/18\/municipio-de-tondela-financia-obras-da-capela-e-criacao-do-museu-etnografico-de-parada-de-gonta\/"},"wordCount":394,"image":{"@id":"http:\/\/obeirao.pt\/online\/2023\/04\/18\/municipio-de-tondela-financia-obras-da-capela-e-criacao-do-museu-etnografico-de-parada-de-gonta\/#primaryimage"},"thumbnailUrl":"http:\/\/obeirao.pt\/online\/wp-content\/uploads\/2023\/04\/Protocolos-Parada-2-scaled.jpg","articleSection":["_Principal","Cidade","Comunidade Intermunicipal Viseu D\u00e3o Laf\u00f5es","Pa\u00eds","Regi\u00e3o","Tondela"],"inLanguage":"pt-PT"},{"@type":"WebPage","@id":"http:\/\/obeirao.pt\/online\/2023\/04\/18\/municipio-de-tondela-financia-obras-da-capela-e-criacao-do-museu-etnografico-de-parada-de-gonta\/","url":"http:\/\/obeirao.pt\/online\/2023\/04\/18\/municipio-de-tondela-financia-obras-da-capela-e-criacao-do-museu-etnografico-de-parada-de-gonta\/","name":"MUNIC\u00cdPIO DE TONDELA financia obras da capela e cria\u00e7\u00e3o do Museu Etnogr\u00e1fico de Parada de Gonta - Beir\u00e3o Online","isPartOf":{"@id":"http:\/\/obeirao.pt\/online\/#website"},"primaryImageOfPage":{"@id":"http:\/\/obeirao.pt\/online\/2023\/04\/18\/municipio-de-tondela-financia-obras-da-capela-e-criacao-do-museu-etnografico-de-parada-de-gonta\/#primaryimage"},"image":{"@id":"http:\/\/obeirao.pt\/online\/2023\/04\/18\/municipio-de-tondela-financia-obras-da-capela-e-criacao-do-museu-etnografico-de-parada-de-gonta\/#primaryimage"},"thumbnailUrl":"http:\/\/obeirao.pt\/online\/wp-content\/uploads\/2023\/04\/Protocolos-Parada-2-scaled.jpg","datePublished":"2023-04-18T15:12:49+00:00","dateModified":"2023-04-18T15:13:58+00:00","author":{"@id":"http:\/\/obeirao.pt\/online\/#\/schema\/person\/efac69bb5a33873e1c1bb9c1165ff38c"},"breadcrumb":{"@id":"http:\/\/obeirao.pt\/online\/2023\/04\/18\/municipio-de-tondela-financia-obras-da-capela-e-criacao-do-museu-etnografico-de-parada-de-gonta\/#breadcrumb"},"inLanguage":"pt-PT","potentialAction":[{"@type":"ReadAction","target":["http:\/\/obeirao.pt\/online\/2023\/04\/18\/municipio-de-tondela-financia-obras-da-capela-e-criacao-do-museu-etnografico-de-parada-de-gonta\/"]}]},{"@type":"ImageObject","inLanguage":"pt-PT","@id":"http:\/\/obeirao.pt\/online\/2023\/04\/18\/municipio-de-tondela-financia-obras-da-capela-e-criacao-do-museu-etnografico-de-parada-de-gonta\/#primaryimage","url":"http:\/\/obeirao.pt\/online\/wp-content\/uploads\/2023\/04\/Protocolos-Parada-2-scaled.jpg","contentUrl":"http:\/\/obeirao.pt\/online\/wp-content\/uploads\/2023\/04\/Protocolos-Parada-2-scaled.jpg","width":1024,"height":626,"caption":"OLYMPUS DIGITAL CAMERA"},{"@type":"BreadcrumbList","@id":"http:\/\/obeirao.pt\/online\/2023\/04\/18\/municipio-de-tondela-financia-obras-da-capela-e-criacao-do-museu-etnografico-de-parada-de-gonta\/#breadcrumb","itemListElement":[{"@type":"ListItem","position":1,"name":"Home","item":"http:\/\/obeirao.pt\/online\/"},{"@type":"ListItem","position":2,"name":"MUNIC\u00cdPIO DE TONDELA financia obras da capela e cria\u00e7\u00e3o do Museu Etnogr\u00e1fico de Parada de Gonta"}]},{"@type":"WebSite","@id":"http:\/\/obeirao.pt\/online\/#website","url":"http:\/\/obeirao.pt\/online\/","name":"Beir\u00e3o Online","description":"www.obeirao.pt","potentialAction":[{"@type":"SearchAction","target":{"@type":"EntryPoint","urlTemplate":"http:\/\/obeirao.pt\/online\/?s={search_term_string}"},"query-input":{"@type":"PropertyValueSpecification","valueRequired":true,"valueName":"search_term_string"}}],"inLanguage":"pt-PT"},{"@type":"Person","@id":"http:\/\/obeirao.pt\/online\/#\/schema\/person\/efac69bb5a33873e1c1bb9c1165ff38c","name":"Z\u00e9 Beir\u00e3o","image":{"@type":"ImageObject","inLanguage":"pt-PT","@id":"http:\/\/0.gravatar.com\/avatar\/c8c44d1f9327baa4d27e9b1149cd71b3?s=96&d=mm&r=g","url":"http:\/\/0.gravatar.com\/avatar\/c8c44d1f9327baa4d27e9b1149cd71b3?s=96&d=mm&r=g","contentUrl":"http:\/\/0.gravatar.com\/avatar\/c8c44d1f9327baa4d27e9b1149cd71b3?s=96&d=mm&r=g","caption":"Z\u00e9 Beir\u00e3o"},"url":"http:\/\/obeirao.pt\/online\/author\/zebeirao\/"}]}},"_links":{"self":[{"href":"http:\/\/obeirao.pt\/online\/wp-json\/wp\/v2\/posts\/8147"}],"collection":[{"href":"http:\/\/obeirao.pt\/online\/wp-json\/wp\/v2\/posts"}],"about":[{"href":"http:\/\/obeirao.pt\/online\/wp-json\/wp\/v2\/types\/post"}],"author":[{"embeddable":true,"href":"http:\/\/obeirao.pt\/online\/wp-json\/wp\/v2\/users\/2"}],"replies":[{"embeddable":true,"href":"http:\/\/obeirao.pt\/online\/wp-json\/wp\/v2\/comments?post=8147"}],"version-history":[{"count":2,"href":"http:\/\/obeirao.pt\/online\/wp-json\/wp\/v2\/posts\/8147\/revisions"}],"predecessor-version":[{"id":8150,"href":"http:\/\/obeirao.pt\/online\/wp-json\/wp\/v2\/posts\/8147\/revisions\/8150"}],"wp:featuredmedia":[{"embeddable":true,"href":"http:\/\/obeirao.pt\/online\/wp-json\/wp\/v2\/media\/8148"}],"wp:attachment":[{"href":"http:\/\/obeirao.pt\/online\/wp-json\/wp\/v2\/media?parent=8147"}],"wp:term":[{"taxonomy":"category","embeddable":true,"href":"http:\/\/obeirao.pt\/online\/wp-json\/wp\/v2\/categories?post=8147"},{"taxonomy":"post_tag","embeddable":true,"href":"http:\/\/obeirao.pt\/online\/wp-json\/wp\/v2\/tags?post=8147"}],"curies":[{"name":"wp","href":"https:\/\/api.w.org\/{rel}","templated":true}]}}