{"id":8936,"date":"2024-10-03T20:52:06","date_gmt":"2024-10-03T19:52:06","guid":{"rendered":"http:\/\/obeirao.pt\/online\/?p=8936"},"modified":"2024-10-03T21:24:44","modified_gmt":"2024-10-03T20:24:44","slug":"municipio-de-tondela-premeia-o-merito-e-o-altruismo-de-personalidades-e-instituicoes","status":"publish","type":"post","link":"http:\/\/obeirao.pt\/online\/2024\/10\/03\/municipio-de-tondela-premeia-o-merito-e-o-altruismo-de-personalidades-e-instituicoes\/","title":{"rendered":"MUNIC\u00cdPIO DE TONDELA PREMEIA O M\u00c9RITO E O ALTRU\u00cdSMO DE PERSONALIDADES E INSTITUI\u00c7\u00d5ES"},"content":{"rendered":"<span class=\"span-reading-time rt-reading-time\" style=\"display: block;\"><span class=\"rt-label rt-prefix\">tempo de leitura:<\/span> <span class=\"rt-time\"> 5<\/span> <span class=\"rt-label rt-postfix\">minutos<\/span><\/span><p><span style=\"font-size: 24pt;color: #ff0000\"><span style=\"font-family: impact, sans-serif\"><a href=\"http:\/\/obeirao.pt\/online\/wp-content\/uploads\/2024\/10\/Feriado-Municipal-2024.jpg\"><img loading=\"lazy\" decoding=\"async\" class=\"alignleft wp-image-8937 size-medium\" src=\"http:\/\/obeirao.pt\/online\/wp-content\/uploads\/2024\/10\/Feriado-Municipal-2024-300x164.jpg\" alt=\"\" width=\"300\" height=\"164\" srcset=\"http:\/\/obeirao.pt\/online\/wp-content\/uploads\/2024\/10\/Feriado-Municipal-2024-300x164.jpg 300w, http:\/\/obeirao.pt\/online\/wp-content\/uploads\/2024\/10\/Feriado-Municipal-2024-768x419.jpg 768w, http:\/\/obeirao.pt\/online\/wp-content\/uploads\/2024\/10\/Feriado-Municipal-2024-640x349.jpg 640w, http:\/\/obeirao.pt\/online\/wp-content\/uploads\/2024\/10\/Feriado-Municipal-2024.jpg 837w\" sizes=\"(max-width: 300px) 100vw, 300px\" \/><\/a>Feriado Municipal assinalado com seis homenagens<\/span> <\/span><\/p>\n<p><em><strong>Tondela celebrou em 16 de Setembro o Feriado Municipal e, com ele, a homenagem a cinco personalidades do concelho e a uma empresa, numa sess\u00e3o presidida pelo ministro da presid\u00eancia, Ant\u00f3nio Leit\u00e3o Amaro, juntando as for\u00e7as vivas locais, o executivo municipal, presidentes de junta e membros da Assembleia Municipal.<\/strong><\/em><!--more--><\/p>\n<p>A medalha de m\u00e9rito municipal foi entregue \u00e0 empresa SPMAQ \u2013 Solu\u00e7\u00f5es Projectos M\u00e1quinas, sediada na Zona Industrial de Vilar de Besteiros.<\/p>\n<p>O m\u00e9dico ortopedista Ant\u00f3nio Lopes de Figueiredo recebeu o mesmo galard\u00e3o, tal como Joaquim Lu\u00eds Cleto Lopes da Rosa, antigo director da r\u00e1dio Emissora das Beiras, e Victor Ferreira Monteiro, antigo vereador na C\u00e2mara Municipal, ambos a t\u00edtulo p\u00f3stumo, estes representados pelas suas fam\u00edlias.<\/p>\n<p>J\u00e1 a medalha de valor e altru\u00edsmo foi entregue a Joaquim Rodrigues Sim\u00f5es dos Santos e a medalha municipal de ouro a Jos\u00e9 Manuel Duarte Sampaio, dois antigos militares de Abril, naturais do concelho.<\/p>\n<p>\u201cEste \u00e9 o dia maior do nosso munic\u00edpio, \u00e9 o dia em que celebramos as nossas vidas colectivas, os feitos do desenvolvimento do nosso concelho, quem esteve, est\u00e1 e continuar\u00e1 connosco na precurs\u00e3o deste objectivo que \u00e9 a promo\u00e7\u00e3o do desenvolvimento da nossa comunidade\u201d, come\u00e7ou por afirmar no seu discurso a presidente da C\u00e2mara, Carla Antunes Borges, deixando um cumprimento especial a todos os homenageados e \u00e0s suas fam\u00edlias.<\/p>\n<p><span style=\"color: #000000;background-color: #ffff00;font-size: 18pt\"><strong>\u201c30 ANOS DE DESENVOLVIMENTO\u201d<\/strong><\/span><\/p>\n<p><a href=\"http:\/\/obeirao.pt\/online\/wp-content\/uploads\/2024\/10\/Feriado-Municipal-2024-2.jpg\"><img loading=\"lazy\" decoding=\"async\" class=\"alignright wp-image-8938 size-medium\" src=\"http:\/\/obeirao.pt\/online\/wp-content\/uploads\/2024\/10\/Feriado-Municipal-2024-2-300x199.jpg\" alt=\"\" width=\"300\" height=\"199\" srcset=\"http:\/\/obeirao.pt\/online\/wp-content\/uploads\/2024\/10\/Feriado-Municipal-2024-2-300x199.jpg 300w, http:\/\/obeirao.pt\/online\/wp-content\/uploads\/2024\/10\/Feriado-Municipal-2024-2-768x508.jpg 768w, http:\/\/obeirao.pt\/online\/wp-content\/uploads\/2024\/10\/Feriado-Municipal-2024-2-640x424.jpg 640w, http:\/\/obeirao.pt\/online\/wp-content\/uploads\/2024\/10\/Feriado-Municipal-2024-2.jpg 870w\" sizes=\"(max-width: 300px) 100vw, 300px\" \/><\/a>\u201cHoje \u00e9 um dia muito importante para Tondela. Este ano celebramos os 30 anos da Feira Industrial e Comercial de Tondela (FICTON), s\u00e3o 30 anos de desenvolvimento em que atrav\u00e9s da promo\u00e7\u00e3o do nosso tecido comercial e industrial conseguimos atingir objectivos muito importantes no desenvolvimento do concelho\u201d, acrescentou a autarca, frisando que a FICTON \u00e9 hoje o \u201creflexo\u201d dos feitos que o territ\u00f3rio conquistou nas \u00faltimas tr\u00eas d\u00e9cadas, gra\u00e7as ao empenho de todos: autarcas, empres\u00e1rios, artes\u00e3os, entre outros.<\/p>\n<p>Aos convidados e homenageados no Feriado Municipal, Carla Antunes Borges explicou que 2024 \u201cfoi um ano de grande sucesso e de grandes alcances por parte do executivo\u201d, dando como exemplo \u201cduas importantes obras\u201d:\u00a0 a requalifica\u00e7\u00e3o da USF C\u00e2ndido Figueiredo, em Canas de Santa Maria, e do P\u00f3lo de Sa\u00fade do Caramulo, interven\u00e7\u00f5es que custaram meio milh\u00e3o de euros.<\/p>\n<p>J\u00e1 naquela semana, tinham arrancado as obras de reabilita\u00e7\u00e3o do edif\u00edcio do Centro de Sa\u00fade de Tondela, que est\u00e3o or\u00e7adas em 1,7 milh\u00f5es de euros, faltando nesta \u00e1rea apenas executar a reabilita\u00e7\u00e3o da Extens\u00e3o de Sa\u00fade de Lajeosa do D\u00e3o, um projecto que \u201co executivo est\u00e1 profundamente empenhado em levar a cabo\u201d.<\/p>\n<p>\u00c0s obras na sa\u00fade, a presidente da C\u00e2mara de Tondela acrescentou outras realiza\u00e7\u00f5es como a amplia\u00e7\u00e3o das zonas industriais, o lan\u00e7amento da estrat\u00e9gia local de habita\u00e7\u00e3o, o novo sistema de \u00e1guas residuais Tondela Norte e a abertura do Centro de Recolha Oficial de Animais e que \u201cdemonstram bem o pulsar do concelho\u201d.<\/p>\n<p>Carla Antunes Borges aproveitou o momento para sensibilizar o ministro da presid\u00eancia e o Governo para a necessidade de serem adoptadas \u201cpol\u00edticas que permitam que os munic\u00edpios possam dar uma resposta\u201d ao crescente n\u00famero de animais abandonados. \u201c\u00c9 necess\u00e1rio termos pol\u00edticas mais proactivas e que os munic\u00edpios tenham linhas de financiamento para parques de matilhas\u201d, defendeu.<\/p>\n<p>A autarca fez ainda o ponto de situa\u00e7\u00e3o de outras empreitadas financiadas por fundos comunit\u00e1rios, como a frente ribeirinha e o Centro Tecnol\u00f3gico e de Empreendedorismo, que se encontram conclu\u00eddas, mas em que \u00e9 preciso realizar mais trabalhos que n\u00e3o foram candidatados aos dinheiros de Bruxelas.<\/p>\n<p>No encerramento da cerim\u00f3nia, o ministro da presid\u00eancia, Ant\u00f3nio Leit\u00e3o Amaro, fez quest\u00e3o de agradecer a todos os homenageados por tudo aquilo que fizeram nas mais variadas \u00e1reas.<\/p>\n<p>\u201c\u00c9 uma grande honra aqui estar, enquanto membro do governo da Rep\u00fablica, essa honra no caso da nossa terra [natal] transforma-se em sentido de responsabilidade\u201d, disse, agradecendo a Tondela por tudo aquilo que o concelho lhe proporcionou na sua vida.<\/p>\n<p><span style=\"font-size: 18pt;background-color: #ffff00\"><strong>\u201cTERRA DE OPORTUNIDADES\u201d&#8230;<\/strong><\/span><\/p>\n<p><a href=\"http:\/\/obeirao.pt\/online\/wp-content\/uploads\/2024\/10\/Feriado-Municipal-2024-3.jpg\"><img loading=\"lazy\" decoding=\"async\" class=\"alignleft wp-image-8939 size-medium\" src=\"http:\/\/obeirao.pt\/online\/wp-content\/uploads\/2024\/10\/Feriado-Municipal-2024-3-300x205.jpg\" alt=\"\" width=\"300\" height=\"205\" srcset=\"http:\/\/obeirao.pt\/online\/wp-content\/uploads\/2024\/10\/Feriado-Municipal-2024-3-300x205.jpg 300w, http:\/\/obeirao.pt\/online\/wp-content\/uploads\/2024\/10\/Feriado-Municipal-2024-3-768x524.jpg 768w, http:\/\/obeirao.pt\/online\/wp-content\/uploads\/2024\/10\/Feriado-Municipal-2024-3-640x437.jpg 640w, http:\/\/obeirao.pt\/online\/wp-content\/uploads\/2024\/10\/Feriado-Municipal-2024-3.jpg 804w\" sizes=\"(max-width: 300px) 100vw, 300px\" \/><\/a>O governante acrescentou que fruto da duplica\u00e7\u00e3o da verba do or\u00e7amento de estado para habita\u00e7\u00e3o p\u00fablica, o concelho de Tondela poder\u00e1 ver aprovada a candidatura apresentada ao Plano de Recupera\u00e7\u00e3o e Resili\u00eancia no \u00e2mbito da estrat\u00e9gia local de habita\u00e7\u00e3o.<\/p>\n<p>Conhecendo bem o territ\u00f3rio, Ant\u00f3nio Leit\u00e3o Amaro concluiu a sua interven\u00e7\u00e3o afirmando que Tondela \u00e9 uma terra de \u201coportunidades de desenvolvimento industrial ou tur\u00edstico\u201d, destacando, em particular, a Serra do Caramulo,<\/p>\n<p>\u201cTemos que aproveitar as oportunidades e o alinhamento entre actores locais e nacionais que queiram investir naquele espa\u00e7o [serra], do munic\u00edpio e a import\u00e2ncia estrat\u00e9gica que tem para o Governo. Espero tamb\u00e9m nessa mat\u00e9ria que consigamos ter novidades nessa frente\u201d, adiantou.<\/p>\n<p>___________________<\/p>\n<ol>\n<li><span style=\"font-size: 14pt;color: #ff0000;background-color: #ffff00\"><strong><em> DO DIRECTOR DO \u201cBEIR\u00c3O ONLINE\u201d<\/em><\/strong><\/span><\/li>\n<\/ol>\n<p><span style=\"background-color: #ffff99\"><strong><em>\u00a0<\/em><\/strong><strong><em>Causa-me uma certa estranheza o facto do nosso concelho se contentar com pouco, pois al\u00e9m da \u00e1rea da sa\u00fade local, um tema sempre actual, apenas se tem ido um pouco mais al\u00e9m noutras \u00e1reas e aqui a car\u00eancia de um bairro de habita\u00e7\u00e3o social, para al\u00e9m da compra de algumas casas velhas para recuperar. A Rua de Baixo \u00e9 s\u00f3 pardieiros. A Pens\u00e3o Matos e suas envolv\u00eancias degradantes, continua a ferir a sensibilidade dos tondelenses, sendo tempo mais do que suficiente para arrancar com as obras, tanto mais que o projecto estava em aprecia\u00e7\u00e3o no Tribunal de Contas h\u00e1 mais de dois anos.<\/em><\/strong><\/span><\/p>\n<p><span style=\"background-color: #ffff99\"><strong><em>Por outro lado, ningu\u00e9m fala, mesmo os que nasceram no Caramulo, na reactiva\u00e7\u00e3o do Quartel da GNR, propriedade do Estado, ali a estiolar e \u00e0s \u201cmoscas\u201d, enquanto se paga renda noutras latitudes bem pr\u00f3ximas.<\/em><\/strong><\/span><\/p>\n<p><span style=\"background-color: #ffff99\"><strong><em>E fico-me por aqui, j\u00e1 que n\u00e3o quero criar qualquer frisson com a nossa autarquia, que muito admiro, agora chefiada \u201cAO TOM D\u2019ELLA\u201d&#8230;<\/em><\/strong><\/span><\/p>\n<p><span style=\"background-color: #ffff99\"><span style=\"color: #ff0000\"><strong><em>\u00a0<\/em><\/strong><\/span><strong><em><span style=\"color: #ff0000\">PS<\/span> \u2013 Uma palavra mais. Tondela e seu territ\u00f3rio est\u00e3o mais pobres. A nossa \u201cR\u00e1dio TOM DELA\u201d &#8211; Emissora das Beiras, calou-se para sempre e, no seu lugar surgiu a \u201cR\u00e1dio Observador\u201d (91.2 FM), que agora diz estar em Viseu, quando, na verdade, est\u00e1 em Tondela.<\/em><\/strong><\/span><\/p>\n<p><span style=\"background-color: #ffff99\"><strong><em>Tamb\u00e9m a velhinha \u201cFolha de Tondela\u201d, o jornal mais antigo do Distrito de Viseu, parece que chegou ao fim dos seus dias, pelo menos no formato em que, h\u00e1 118 anos, nos habituou, sendo mais uma voz que se perde no vasto territ\u00f3rio tondelense.<\/em><\/strong><\/span><\/p>\n<p><span style=\"background-color: #ffff99\"><strong><em>E assim vai um concelho a perder, cada vez mais, a sua independ\u00eancia. \u00c9 tamb\u00e9m assim na quest\u00e3o das pol\u00edcias e dos tribunais. Um concelho que \u00e9 o segundo maior e mais populoso do distrito, o mais exportador da regi\u00e3o, sujeito ao quero, posso e mando de concelhos bem mais pequeninos e com pouco significado.<\/em><\/strong><\/span><\/p>\n<p>&nbsp;<\/p>\n","protected":false},"excerpt":{"rendered":"<div class=\"mh-excerpt\"><span class=\"span-reading-time rt-reading-time\" style=\"display: block;\"><span class=\"rt-label rt-prefix\">tempo de leitura:<\/span> <span class=\"rt-time\"> 5<\/span> <span class=\"rt-label rt-postfix\">minutos<\/span><\/span>Feriado Municipal assinalado com seis homenagens Tondela celebrou em 16 de Setembro o Feriado Municipal e, com ele, a homenagem a cinco personalidades do concelho <a class=\"mh-excerpt-more\" href=\"http:\/\/obeirao.pt\/online\/2024\/10\/03\/municipio-de-tondela-premeia-o-merito-e-o-altruismo-de-personalidades-e-instituicoes\/\" title=\"MUNIC\u00cdPIO DE TONDELA PREMEIA O M\u00c9RITO E O ALTRU\u00cdSMO DE PERSONALIDADES E INSTITUI\u00c7\u00d5ES\">[&#8230;]<\/a><\/div>\n","protected":false},"author":2,"featured_media":8941,"comment_status":"closed","ping_status":"closed","sticky":false,"template":"","format":"standard","meta":{"footnotes":""},"categories":[2,5,188,6,4,63],"tags":[],"class_list":["post-8936","post","type-post","status-publish","format-standard","has-post-thumbnail","hentry","category-principal","category-cidade","category-comunidade-intermunicipal-viseu-dao-lafoes","category-pais","category-regiao","category-tondela"],"yoast_head":"<!-- This site is optimized with the Yoast SEO plugin v27.4 - https:\/\/yoast.com\/product\/yoast-seo-wordpress\/ -->\n<title>MUNIC\u00cdPIO DE TONDELA PREMEIA O M\u00c9RITO E O ALTRU\u00cdSMO DE PERSONALIDADES E INSTITUI\u00c7\u00d5ES - Beir\u00e3o Online<\/title>\n<meta name=\"robots\" content=\"index, follow, max-snippet:-1, max-image-preview:large, max-video-preview:-1\" \/>\n<link rel=\"canonical\" href=\"http:\/\/obeirao.pt\/online\/2024\/10\/03\/municipio-de-tondela-premeia-o-merito-e-o-altruismo-de-personalidades-e-instituicoes\/\" \/>\n<meta property=\"og:locale\" content=\"pt_PT\" \/>\n<meta property=\"og:type\" content=\"article\" \/>\n<meta property=\"og:title\" content=\"MUNIC\u00cdPIO DE TONDELA PREMEIA O M\u00c9RITO E O ALTRU\u00cdSMO DE PERSONALIDADES E INSTITUI\u00c7\u00d5ES - Beir\u00e3o Online\" \/>\n<meta property=\"og:description\" content=\"tempo de leitura: 5 minutosFeriado Municipal assinalado com seis homenagens Tondela celebrou em 16 de Setembro o Feriado Municipal e, com ele, a homenagem a cinco personalidades do concelho [...]\" \/>\n<meta property=\"og:url\" content=\"http:\/\/obeirao.pt\/online\/2024\/10\/03\/municipio-de-tondela-premeia-o-merito-e-o-altruismo-de-personalidades-e-instituicoes\/\" \/>\n<meta property=\"og:site_name\" content=\"Beir\u00e3o Online\" \/>\n<meta property=\"article:publisher\" content=\"https:\/\/pt-br.facebook.com\/pages\/Amigos-de-Tondela\/273620439973877\" \/>\n<meta property=\"article:published_time\" content=\"2024-10-03T19:52:06+00:00\" \/>\n<meta property=\"article:modified_time\" content=\"2024-10-03T20:24:44+00:00\" \/>\n<meta property=\"og:image\" content=\"http:\/\/obeirao.pt\/online\/wp-content\/uploads\/2024\/10\/Feriado-Municipal-2024-1.jpg\" \/>\n\t<meta property=\"og:image:width\" content=\"837\" \/>\n\t<meta property=\"og:image:height\" content=\"457\" \/>\n\t<meta property=\"og:image:type\" content=\"image\/jpeg\" \/>\n<meta name=\"author\" content=\"Z\u00e9 Beir\u00e3o\" \/>\n<meta name=\"twitter:card\" content=\"summary_large_image\" \/>\n<meta name=\"twitter:creator\" content=\"@JoaquimDuarteP2\" \/>\n<meta name=\"twitter:site\" content=\"@JoaquimDuarteP2\" \/>\n<meta name=\"twitter:label1\" content=\"Escrito por\" \/>\n\t<meta name=\"twitter:data1\" content=\"Z\u00e9 Beir\u00e3o\" \/>\n\t<meta name=\"twitter:label2\" content=\"Tempo estimado de leitura\" \/>\n\t<meta name=\"twitter:data2\" content=\"7 minutos\" \/>\n<script type=\"application\/ld+json\" class=\"yoast-schema-graph\">{\"@context\":\"https:\\\/\\\/schema.org\",\"@graph\":[{\"@type\":\"Article\",\"@id\":\"http:\\\/\\\/obeirao.pt\\\/online\\\/2024\\\/10\\\/03\\\/municipio-de-tondela-premeia-o-merito-e-o-altruismo-de-personalidades-e-instituicoes\\\/#article\",\"isPartOf\":{\"@id\":\"http:\\\/\\\/obeirao.pt\\\/online\\\/2024\\\/10\\\/03\\\/municipio-de-tondela-premeia-o-merito-e-o-altruismo-de-personalidades-e-instituicoes\\\/\"},\"author\":{\"name\":\"Z\u00e9 Beir\u00e3o\",\"@id\":\"http:\\\/\\\/obeirao.pt\\\/online\\\/#\\\/schema\\\/person\\\/efac69bb5a33873e1c1bb9c1165ff38c\"},\"headline\":\"MUNIC\u00cdPIO DE TONDELA PREMEIA O M\u00c9RITO E O ALTRU\u00cdSMO DE PERSONALIDADES E INSTITUI\u00c7\u00d5ES\",\"datePublished\":\"2024-10-03T19:52:06+00:00\",\"dateModified\":\"2024-10-03T20:24:44+00:00\",\"mainEntityOfPage\":{\"@id\":\"http:\\\/\\\/obeirao.pt\\\/online\\\/2024\\\/10\\\/03\\\/municipio-de-tondela-premeia-o-merito-e-o-altruismo-de-personalidades-e-instituicoes\\\/\"},\"wordCount\":1177,\"image\":{\"@id\":\"http:\\\/\\\/obeirao.pt\\\/online\\\/2024\\\/10\\\/03\\\/municipio-de-tondela-premeia-o-merito-e-o-altruismo-de-personalidades-e-instituicoes\\\/#primaryimage\"},\"thumbnailUrl\":\"http:\\\/\\\/obeirao.pt\\\/online\\\/wp-content\\\/uploads\\\/2024\\\/10\\\/Feriado-Municipal-2024-1.jpg\",\"articleSection\":[\"_Principal\",\"Cidade\",\"Comunidade Intermunicipal Viseu D\u00e3o Laf\u00f5es\",\"Pa\u00eds\",\"Regi\u00e3o\",\"Tondela\"],\"inLanguage\":\"pt-PT\"},{\"@type\":\"WebPage\",\"@id\":\"http:\\\/\\\/obeirao.pt\\\/online\\\/2024\\\/10\\\/03\\\/municipio-de-tondela-premeia-o-merito-e-o-altruismo-de-personalidades-e-instituicoes\\\/\",\"url\":\"http:\\\/\\\/obeirao.pt\\\/online\\\/2024\\\/10\\\/03\\\/municipio-de-tondela-premeia-o-merito-e-o-altruismo-de-personalidades-e-instituicoes\\\/\",\"name\":\"MUNIC\u00cdPIO DE TONDELA PREMEIA O M\u00c9RITO E O ALTRU\u00cdSMO DE PERSONALIDADES E INSTITUI\u00c7\u00d5ES - Beir\u00e3o Online\",\"isPartOf\":{\"@id\":\"http:\\\/\\\/obeirao.pt\\\/online\\\/#website\"},\"primaryImageOfPage\":{\"@id\":\"http:\\\/\\\/obeirao.pt\\\/online\\\/2024\\\/10\\\/03\\\/municipio-de-tondela-premeia-o-merito-e-o-altruismo-de-personalidades-e-instituicoes\\\/#primaryimage\"},\"image\":{\"@id\":\"http:\\\/\\\/obeirao.pt\\\/online\\\/2024\\\/10\\\/03\\\/municipio-de-tondela-premeia-o-merito-e-o-altruismo-de-personalidades-e-instituicoes\\\/#primaryimage\"},\"thumbnailUrl\":\"http:\\\/\\\/obeirao.pt\\\/online\\\/wp-content\\\/uploads\\\/2024\\\/10\\\/Feriado-Municipal-2024-1.jpg\",\"datePublished\":\"2024-10-03T19:52:06+00:00\",\"dateModified\":\"2024-10-03T20:24:44+00:00\",\"author\":{\"@id\":\"http:\\\/\\\/obeirao.pt\\\/online\\\/#\\\/schema\\\/person\\\/efac69bb5a33873e1c1bb9c1165ff38c\"},\"breadcrumb\":{\"@id\":\"http:\\\/\\\/obeirao.pt\\\/online\\\/2024\\\/10\\\/03\\\/municipio-de-tondela-premeia-o-merito-e-o-altruismo-de-personalidades-e-instituicoes\\\/#breadcrumb\"},\"inLanguage\":\"pt-PT\",\"potentialAction\":[{\"@type\":\"ReadAction\",\"target\":[\"http:\\\/\\\/obeirao.pt\\\/online\\\/2024\\\/10\\\/03\\\/municipio-de-tondela-premeia-o-merito-e-o-altruismo-de-personalidades-e-instituicoes\\\/\"]}]},{\"@type\":\"ImageObject\",\"inLanguage\":\"pt-PT\",\"@id\":\"http:\\\/\\\/obeirao.pt\\\/online\\\/2024\\\/10\\\/03\\\/municipio-de-tondela-premeia-o-merito-e-o-altruismo-de-personalidades-e-instituicoes\\\/#primaryimage\",\"url\":\"http:\\\/\\\/obeirao.pt\\\/online\\\/wp-content\\\/uploads\\\/2024\\\/10\\\/Feriado-Municipal-2024-1.jpg\",\"contentUrl\":\"http:\\\/\\\/obeirao.pt\\\/online\\\/wp-content\\\/uploads\\\/2024\\\/10\\\/Feriado-Municipal-2024-1.jpg\",\"width\":837,\"height\":457},{\"@type\":\"BreadcrumbList\",\"@id\":\"http:\\\/\\\/obeirao.pt\\\/online\\\/2024\\\/10\\\/03\\\/municipio-de-tondela-premeia-o-merito-e-o-altruismo-de-personalidades-e-instituicoes\\\/#breadcrumb\",\"itemListElement\":[{\"@type\":\"ListItem\",\"position\":1,\"name\":\"Home\",\"item\":\"http:\\\/\\\/obeirao.pt\\\/online\\\/\"},{\"@type\":\"ListItem\",\"position\":2,\"name\":\"MUNIC\u00cdPIO DE TONDELA PREMEIA O M\u00c9RITO E O ALTRU\u00cdSMO DE PERSONALIDADES E INSTITUI\u00c7\u00d5ES\"}]},{\"@type\":\"WebSite\",\"@id\":\"http:\\\/\\\/obeirao.pt\\\/online\\\/#website\",\"url\":\"http:\\\/\\\/obeirao.pt\\\/online\\\/\",\"name\":\"Beir\u00e3o Online\",\"description\":\"www.obeirao.pt\",\"potentialAction\":[{\"@type\":\"SearchAction\",\"target\":{\"@type\":\"EntryPoint\",\"urlTemplate\":\"http:\\\/\\\/obeirao.pt\\\/online\\\/?s={search_term_string}\"},\"query-input\":{\"@type\":\"PropertyValueSpecification\",\"valueRequired\":true,\"valueName\":\"search_term_string\"}}],\"inLanguage\":\"pt-PT\"},{\"@type\":\"Person\",\"@id\":\"http:\\\/\\\/obeirao.pt\\\/online\\\/#\\\/schema\\\/person\\\/efac69bb5a33873e1c1bb9c1165ff38c\",\"name\":\"Z\u00e9 Beir\u00e3o\",\"image\":{\"@type\":\"ImageObject\",\"inLanguage\":\"pt-PT\",\"@id\":\"http:\\\/\\\/0.gravatar.com\\\/avatar\\\/c8c44d1f9327baa4d27e9b1149cd71b3?s=96&d=mm&r=g\",\"url\":\"http:\\\/\\\/0.gravatar.com\\\/avatar\\\/c8c44d1f9327baa4d27e9b1149cd71b3?s=96&d=mm&r=g\",\"contentUrl\":\"http:\\\/\\\/0.gravatar.com\\\/avatar\\\/c8c44d1f9327baa4d27e9b1149cd71b3?s=96&d=mm&r=g\",\"caption\":\"Z\u00e9 Beir\u00e3o\"},\"url\":\"http:\\\/\\\/obeirao.pt\\\/online\\\/author\\\/zebeirao\\\/\"}]}<\/script>\n<!-- \/ Yoast SEO plugin. -->","yoast_head_json":{"title":"MUNIC\u00cdPIO DE TONDELA PREMEIA O M\u00c9RITO E O ALTRU\u00cdSMO DE PERSONALIDADES E INSTITUI\u00c7\u00d5ES - Beir\u00e3o Online","robots":{"index":"index","follow":"follow","max-snippet":"max-snippet:-1","max-image-preview":"max-image-preview:large","max-video-preview":"max-video-preview:-1"},"canonical":"http:\/\/obeirao.pt\/online\/2024\/10\/03\/municipio-de-tondela-premeia-o-merito-e-o-altruismo-de-personalidades-e-instituicoes\/","og_locale":"pt_PT","og_type":"article","og_title":"MUNIC\u00cdPIO DE TONDELA PREMEIA O M\u00c9RITO E O ALTRU\u00cdSMO DE PERSONALIDADES E INSTITUI\u00c7\u00d5ES - Beir\u00e3o Online","og_description":"tempo de leitura: 5 minutosFeriado Municipal assinalado com seis homenagens Tondela celebrou em 16 de Setembro o Feriado Municipal e, com ele, a homenagem a cinco personalidades do concelho [...]","og_url":"http:\/\/obeirao.pt\/online\/2024\/10\/03\/municipio-de-tondela-premeia-o-merito-e-o-altruismo-de-personalidades-e-instituicoes\/","og_site_name":"Beir\u00e3o Online","article_publisher":"https:\/\/pt-br.facebook.com\/pages\/Amigos-de-Tondela\/273620439973877","article_published_time":"2024-10-03T19:52:06+00:00","article_modified_time":"2024-10-03T20:24:44+00:00","og_image":[{"width":837,"height":457,"url":"http:\/\/obeirao.pt\/online\/wp-content\/uploads\/2024\/10\/Feriado-Municipal-2024-1.jpg","type":"image\/jpeg"}],"author":"Z\u00e9 Beir\u00e3o","twitter_card":"summary_large_image","twitter_creator":"@JoaquimDuarteP2","twitter_site":"@JoaquimDuarteP2","twitter_misc":{"Escrito por":"Z\u00e9 Beir\u00e3o","Tempo estimado de leitura":"7 minutos"},"schema":{"@context":"https:\/\/schema.org","@graph":[{"@type":"Article","@id":"http:\/\/obeirao.pt\/online\/2024\/10\/03\/municipio-de-tondela-premeia-o-merito-e-o-altruismo-de-personalidades-e-instituicoes\/#article","isPartOf":{"@id":"http:\/\/obeirao.pt\/online\/2024\/10\/03\/municipio-de-tondela-premeia-o-merito-e-o-altruismo-de-personalidades-e-instituicoes\/"},"author":{"name":"Z\u00e9 Beir\u00e3o","@id":"http:\/\/obeirao.pt\/online\/#\/schema\/person\/efac69bb5a33873e1c1bb9c1165ff38c"},"headline":"MUNIC\u00cdPIO DE TONDELA PREMEIA O M\u00c9RITO E O ALTRU\u00cdSMO DE PERSONALIDADES E INSTITUI\u00c7\u00d5ES","datePublished":"2024-10-03T19:52:06+00:00","dateModified":"2024-10-03T20:24:44+00:00","mainEntityOfPage":{"@id":"http:\/\/obeirao.pt\/online\/2024\/10\/03\/municipio-de-tondela-premeia-o-merito-e-o-altruismo-de-personalidades-e-instituicoes\/"},"wordCount":1177,"image":{"@id":"http:\/\/obeirao.pt\/online\/2024\/10\/03\/municipio-de-tondela-premeia-o-merito-e-o-altruismo-de-personalidades-e-instituicoes\/#primaryimage"},"thumbnailUrl":"http:\/\/obeirao.pt\/online\/wp-content\/uploads\/2024\/10\/Feriado-Municipal-2024-1.jpg","articleSection":["_Principal","Cidade","Comunidade Intermunicipal Viseu D\u00e3o Laf\u00f5es","Pa\u00eds","Regi\u00e3o","Tondela"],"inLanguage":"pt-PT"},{"@type":"WebPage","@id":"http:\/\/obeirao.pt\/online\/2024\/10\/03\/municipio-de-tondela-premeia-o-merito-e-o-altruismo-de-personalidades-e-instituicoes\/","url":"http:\/\/obeirao.pt\/online\/2024\/10\/03\/municipio-de-tondela-premeia-o-merito-e-o-altruismo-de-personalidades-e-instituicoes\/","name":"MUNIC\u00cdPIO DE TONDELA PREMEIA O M\u00c9RITO E O ALTRU\u00cdSMO DE PERSONALIDADES E INSTITUI\u00c7\u00d5ES - Beir\u00e3o Online","isPartOf":{"@id":"http:\/\/obeirao.pt\/online\/#website"},"primaryImageOfPage":{"@id":"http:\/\/obeirao.pt\/online\/2024\/10\/03\/municipio-de-tondela-premeia-o-merito-e-o-altruismo-de-personalidades-e-instituicoes\/#primaryimage"},"image":{"@id":"http:\/\/obeirao.pt\/online\/2024\/10\/03\/municipio-de-tondela-premeia-o-merito-e-o-altruismo-de-personalidades-e-instituicoes\/#primaryimage"},"thumbnailUrl":"http:\/\/obeirao.pt\/online\/wp-content\/uploads\/2024\/10\/Feriado-Municipal-2024-1.jpg","datePublished":"2024-10-03T19:52:06+00:00","dateModified":"2024-10-03T20:24:44+00:00","author":{"@id":"http:\/\/obeirao.pt\/online\/#\/schema\/person\/efac69bb5a33873e1c1bb9c1165ff38c"},"breadcrumb":{"@id":"http:\/\/obeirao.pt\/online\/2024\/10\/03\/municipio-de-tondela-premeia-o-merito-e-o-altruismo-de-personalidades-e-instituicoes\/#breadcrumb"},"inLanguage":"pt-PT","potentialAction":[{"@type":"ReadAction","target":["http:\/\/obeirao.pt\/online\/2024\/10\/03\/municipio-de-tondela-premeia-o-merito-e-o-altruismo-de-personalidades-e-instituicoes\/"]}]},{"@type":"ImageObject","inLanguage":"pt-PT","@id":"http:\/\/obeirao.pt\/online\/2024\/10\/03\/municipio-de-tondela-premeia-o-merito-e-o-altruismo-de-personalidades-e-instituicoes\/#primaryimage","url":"http:\/\/obeirao.pt\/online\/wp-content\/uploads\/2024\/10\/Feriado-Municipal-2024-1.jpg","contentUrl":"http:\/\/obeirao.pt\/online\/wp-content\/uploads\/2024\/10\/Feriado-Municipal-2024-1.jpg","width":837,"height":457},{"@type":"BreadcrumbList","@id":"http:\/\/obeirao.pt\/online\/2024\/10\/03\/municipio-de-tondela-premeia-o-merito-e-o-altruismo-de-personalidades-e-instituicoes\/#breadcrumb","itemListElement":[{"@type":"ListItem","position":1,"name":"Home","item":"http:\/\/obeirao.pt\/online\/"},{"@type":"ListItem","position":2,"name":"MUNIC\u00cdPIO DE TONDELA PREMEIA O M\u00c9RITO E O ALTRU\u00cdSMO DE PERSONALIDADES E INSTITUI\u00c7\u00d5ES"}]},{"@type":"WebSite","@id":"http:\/\/obeirao.pt\/online\/#website","url":"http:\/\/obeirao.pt\/online\/","name":"Beir\u00e3o Online","description":"www.obeirao.pt","potentialAction":[{"@type":"SearchAction","target":{"@type":"EntryPoint","urlTemplate":"http:\/\/obeirao.pt\/online\/?s={search_term_string}"},"query-input":{"@type":"PropertyValueSpecification","valueRequired":true,"valueName":"search_term_string"}}],"inLanguage":"pt-PT"},{"@type":"Person","@id":"http:\/\/obeirao.pt\/online\/#\/schema\/person\/efac69bb5a33873e1c1bb9c1165ff38c","name":"Z\u00e9 Beir\u00e3o","image":{"@type":"ImageObject","inLanguage":"pt-PT","@id":"http:\/\/0.gravatar.com\/avatar\/c8c44d1f9327baa4d27e9b1149cd71b3?s=96&d=mm&r=g","url":"http:\/\/0.gravatar.com\/avatar\/c8c44d1f9327baa4d27e9b1149cd71b3?s=96&d=mm&r=g","contentUrl":"http:\/\/0.gravatar.com\/avatar\/c8c44d1f9327baa4d27e9b1149cd71b3?s=96&d=mm&r=g","caption":"Z\u00e9 Beir\u00e3o"},"url":"http:\/\/obeirao.pt\/online\/author\/zebeirao\/"}]}},"_links":{"self":[{"href":"http:\/\/obeirao.pt\/online\/wp-json\/wp\/v2\/posts\/8936"}],"collection":[{"href":"http:\/\/obeirao.pt\/online\/wp-json\/wp\/v2\/posts"}],"about":[{"href":"http:\/\/obeirao.pt\/online\/wp-json\/wp\/v2\/types\/post"}],"author":[{"embeddable":true,"href":"http:\/\/obeirao.pt\/online\/wp-json\/wp\/v2\/users\/2"}],"replies":[{"embeddable":true,"href":"http:\/\/obeirao.pt\/online\/wp-json\/wp\/v2\/comments?post=8936"}],"version-history":[{"count":1,"href":"http:\/\/obeirao.pt\/online\/wp-json\/wp\/v2\/posts\/8936\/revisions"}],"predecessor-version":[{"id":8940,"href":"http:\/\/obeirao.pt\/online\/wp-json\/wp\/v2\/posts\/8936\/revisions\/8940"}],"wp:featuredmedia":[{"embeddable":true,"href":"http:\/\/obeirao.pt\/online\/wp-json\/wp\/v2\/media\/8941"}],"wp:attachment":[{"href":"http:\/\/obeirao.pt\/online\/wp-json\/wp\/v2\/media?parent=8936"}],"wp:term":[{"taxonomy":"category","embeddable":true,"href":"http:\/\/obeirao.pt\/online\/wp-json\/wp\/v2\/categories?post=8936"},{"taxonomy":"post_tag","embeddable":true,"href":"http:\/\/obeirao.pt\/online\/wp-json\/wp\/v2\/tags?post=8936"}],"curies":[{"name":"wp","href":"https:\/\/api.w.org\/{rel}","templated":true}]}}