{"id":8943,"date":"2024-10-30T19:58:40","date_gmt":"2024-10-30T19:58:40","guid":{"rendered":"http:\/\/obeirao.pt\/online\/?p=8943"},"modified":"2024-10-30T20:19:10","modified_gmt":"2024-10-30T20:19:10","slug":"em-molelos-e-carvalhal-da-mulher-tondela","status":"publish","type":"post","link":"http:\/\/obeirao.pt\/online\/2024\/10\/30\/em-molelos-e-carvalhal-da-mulher-tondela\/","title":{"rendered":"EM MOLELOS E CARVALHAL DA MULHER (TONDELA)"},"content":{"rendered":"<span class=\"span-reading-time rt-reading-time\" style=\"display: block;\"><span class=\"rt-label rt-prefix\">tempo de leitura:<\/span> <span class=\"rt-time\"> 5<\/span> <span class=\"rt-label rt-postfix\">minutos<\/span><\/span><p><span style=\"font-family: impact, sans-serif;color: #ff0000;font-size: 24pt\"><a href=\"http:\/\/obeirao.pt\/online\/wp-content\/uploads\/2024\/10\/Protocolo-Molelos-3.jpg\"><img loading=\"lazy\" decoding=\"async\" class=\"alignleft wp-image-8944 size-medium\" src=\"http:\/\/obeirao.pt\/online\/wp-content\/uploads\/2024\/10\/Protocolo-Molelos-3-300x170.jpg\" alt=\"\" width=\"300\" height=\"170\" srcset=\"http:\/\/obeirao.pt\/online\/wp-content\/uploads\/2024\/10\/Protocolo-Molelos-3-300x170.jpg 300w, http:\/\/obeirao.pt\/online\/wp-content\/uploads\/2024\/10\/Protocolo-Molelos-3-1024x581.jpg 1024w, http:\/\/obeirao.pt\/online\/wp-content\/uploads\/2024\/10\/Protocolo-Molelos-3-768x435.jpg 768w, http:\/\/obeirao.pt\/online\/wp-content\/uploads\/2024\/10\/Protocolo-Molelos-3-640x363.jpg 640w, http:\/\/obeirao.pt\/online\/wp-content\/uploads\/2024\/10\/Protocolo-Molelos-3-678x381.jpg 678w, http:\/\/obeirao.pt\/online\/wp-content\/uploads\/2024\/10\/Protocolo-Molelos-3.jpg 1450w\" sizes=\"(max-width: 300px) 100vw, 300px\" \/><\/a>Secret\u00e1rio de Estado inaugura obras em capela e assina contrato de financiamento de projecto de Junta <\/span><\/p>\n<p><em><strong>O secret\u00e1rio de Estado da Administra\u00e7\u00e3o Local e Ordenamento do Territ\u00f3rio, Hern\u00e2ni Dias, esteve na pret\u00e9rita segunda-feira (21 de outubro) no concelho de Tondela, onde inaugurou as obras de requalifica\u00e7\u00e3o da Capela da Senhora da Sa\u00fade, em Carvalhal da Mulher, e presidiu \u00e0 cerim\u00f3nia de assinatura de um contrato programa de financiamento que permitir\u00e1 a realiza\u00e7\u00e3o de obras na sede da Junta de Freguesia de Molelos no valor de 100 mil euros.<\/strong><\/em><!--more--><\/p>\n<p><a href=\"http:\/\/obeirao.pt\/online\/wp-content\/uploads\/2024\/10\/Protocolo-Molelos-5.jpg\"><img loading=\"lazy\" decoding=\"async\" class=\"alignright wp-image-8946 size-medium\" src=\"http:\/\/obeirao.pt\/online\/wp-content\/uploads\/2024\/10\/Protocolo-Molelos-5-300x207.jpg\" alt=\"\" width=\"300\" height=\"207\" srcset=\"http:\/\/obeirao.pt\/online\/wp-content\/uploads\/2024\/10\/Protocolo-Molelos-5-300x207.jpg 300w, http:\/\/obeirao.pt\/online\/wp-content\/uploads\/2024\/10\/Protocolo-Molelos-5-1024x707.jpg 1024w, http:\/\/obeirao.pt\/online\/wp-content\/uploads\/2024\/10\/Protocolo-Molelos-5-768x530.jpg 768w, http:\/\/obeirao.pt\/online\/wp-content\/uploads\/2024\/10\/Protocolo-Molelos-5-640x442.jpg 640w, http:\/\/obeirao.pt\/online\/wp-content\/uploads\/2024\/10\/Protocolo-Molelos-5.jpg 1430w\" sizes=\"(max-width: 300px) 100vw, 300px\" \/><\/a>A visita foi acompanhada pela presidente da C\u00e2mara, Carla Antunes Borges, e pelos vereadores Jo\u00e3o Carlos Figueiredo, Vera Machado e Francisco Fonseca.<\/p>\n<p>A desloca\u00e7\u00e3o do governante iniciou-se ao final da manh\u00e3 em Molelos. Hern\u00e2ni Dias homologou o protocolo de financiamento ao abrigo do Programa Equipamentos Urbanos de Utiliza\u00e7\u00e3o Colectiva assinado entre a Direc\u00e7\u00e3o-Geral das Autarquias Locais, a Comiss\u00e3o de Coordena\u00e7\u00e3o e Desenvolvimento Regional Centro e a Freguesia de Molelos com vista \u00e0 \u201cremodela\u00e7\u00e3o de edif\u00edcio para sede das colectividades da freguesia\u201d.<\/p>\n<p>O presidente da junta, Jos\u00e9 Ant\u00f3nio Dias, agradeceu a vinda do secret\u00e1rio de Estado e disse que era \u201cmuito agrad\u00e1vel avan\u00e7ar com as obras de requalifica\u00e7\u00e3o\u201d do r\u00e9s-do-ch\u00e3o do edif\u00edcio sede da autarquia, que data da d\u00e9cada de 80.<\/p>\n<p>\u201cTemos aqui um sal\u00e3o com o piso bastante degradado e um dos objectivos \u00e9 requalificar aquele piso todo. Claro que antes disso temos de fazer uma interven\u00e7\u00e3o ao n\u00edvel das infiltra\u00e7\u00f5es para retirar toda essa \u00e1gua e depois redefinir o espa\u00e7o interior, criando alguns gabinetes para as colectividades terem reuni\u00f5es em simult\u00e2neo. Al\u00e9m da requalifica\u00e7\u00e3o do espa\u00e7o interior, vamos fazer um acesso para a entrada de pessoas com mobilidade reduzida\u201d, explicou.<\/p>\n<p>A presidente da C\u00e2mara, Carla Antunes Borges, reiterou o apoio do executivo municipal \u00e0 empreitada, que ser\u00e1 financiada com 50 mil euros pela autarquia e pelo Estado em igual montante.<\/p>\n<p>\u201cComo dissemos logo desde o in\u00edcio podem ficar descansados que iremos fazer um protocolo no valor de 50 mil euros, apoiando assim, na quota necess\u00e1ria, para que a junta possa levar a cabo esta iniciativa. \u00c9 um compromisso que estabelecemos aquando da aprova\u00e7\u00e3o desta candidatura\u201d, recordou.<\/p>\n<p>\u201cEsta \u00e9 uma obra fundamental, muito importante e que h\u00e1 muito estava a ser reclamada, desde 2018. Sempre acreditei neste tipo de coopera\u00e7\u00e3o financeira entre o Estado e as autarquias locais\u201d, afirmou, acrescentando que esta interven\u00e7\u00e3o vai \u201cmudar a vida da freguesia\u201d.<\/p>\n<p>Carla Antunes Borges defendeu ainda que o acordo que tinha acabado de ser assinado \u00e9 um \u201cinstrumento de coopera\u00e7\u00e3o t\u00e9cnica e financeira\u201d que permite \u201cintroduzir justi\u00e7a no territ\u00f3rio e coes\u00e3o territorial\u201d.<\/p>\n<p>O secret\u00e1rio de Estado da Administra\u00e7\u00e3o Local e Ordenamento do Territ\u00f3rio, \u00a0disse esperar que o protocolo assinado se traduza \u201cnuma grande ajuda para a\u00a0 freguesia\u201d, contribuindo para \u201co desenvolvimento de Molelos\u201d.<\/p>\n<p>\u201cEstes momentos parecendo simples, pela diminuta quantia de euros que trazemos, s\u00e3o, por outro lado, extremamente relevantes para a t\u00e3o propalada coes\u00e3o territorial\u201d, argumentou, real\u00e7ando que esta \u201caten\u00e7\u00e3o especial\u201d pretende \u201ccorrigir injusti\u00e7as feitas ao longo do tempo e dar uma resposta a uma pretens\u00e3o j\u00e1 com seis anos\u201d.<\/p>\n<p>Lembrando que o projecto tem financiamento a 100 por cento, assegurado pelos poderes central e local, Hern\u00e2ni Dias, referiu que agora h\u00e1 que \u201cp\u00f4r m\u00e3os \u00e0 obra e concretizar a empreitada o mais r\u00e1pido poss\u00edvel\u201d.<\/p>\n<p><strong>Inaugura\u00e7\u00e3o <\/strong><\/p>\n<p><a href=\"http:\/\/obeirao.pt\/online\/wp-content\/uploads\/2024\/10\/Inauguracao-Carvalhal-da-Mulher-1.jpg\"><img loading=\"lazy\" decoding=\"async\" class=\"alignleft wp-image-8948 size-medium\" src=\"http:\/\/obeirao.pt\/online\/wp-content\/uploads\/2024\/10\/Inauguracao-Carvalhal-da-Mulher-1-300x184.jpg\" alt=\"\" width=\"300\" height=\"184\" srcset=\"http:\/\/obeirao.pt\/online\/wp-content\/uploads\/2024\/10\/Inauguracao-Carvalhal-da-Mulher-1-300x184.jpg 300w, http:\/\/obeirao.pt\/online\/wp-content\/uploads\/2024\/10\/Inauguracao-Carvalhal-da-Mulher-1-1024x629.jpg 1024w, http:\/\/obeirao.pt\/online\/wp-content\/uploads\/2024\/10\/Inauguracao-Carvalhal-da-Mulher-1-768x472.jpg 768w, http:\/\/obeirao.pt\/online\/wp-content\/uploads\/2024\/10\/Inauguracao-Carvalhal-da-Mulher-1-1536x943.jpg 1536w, http:\/\/obeirao.pt\/online\/wp-content\/uploads\/2024\/10\/Inauguracao-Carvalhal-da-Mulher-1-640x393.jpg 640w, http:\/\/obeirao.pt\/online\/wp-content\/uploads\/2024\/10\/Inauguracao-Carvalhal-da-Mulher-1.jpg 1563w\" sizes=\"(max-width: 300px) 100vw, 300px\" \/><\/a>Depois de Molelos, a comitiva seguiu para Carvalhal da Mulher, na Uni\u00e3o de Freguesias de Caparrosa e Silvares, onde o secret\u00e1rio de Estado inaugurou as obras de reabilita\u00e7\u00e3o do espa\u00e7o envolvente \u00e0 Capela da Nossa Senhora da Sa\u00fade, que foram executadas com o apoio do Munic\u00edpio de Tondela e do Estado, tamb\u00e9m ao abrigo do Programa Equipamentos.<\/p>\n<p>A empreitada custou 126 mil euros, um montante que foi financiado com 50 mil euros pela C\u00e2mara Municipal e outros 50 mil pelo Estado Central. A restante fatia foi suportada pela F\u00e1brica da Igreja Paroquial de Silvares.<\/p>\n<p>A interven\u00e7\u00e3o englobou a requalifica\u00e7\u00e3o do adro da capela que data do s\u00e9culo XIX, a constru\u00e7\u00e3o de um campan\u00e1rio, substituindo a torre existente, e obras num edif\u00edcio cont\u00edguo ao templo religioso.<\/p>\n<p>O padre S\u00e9rgio Pinho, presidente da Comiss\u00e3o Fabriqueira local, falou \u201cnum momento de alegria para a comunidade de Carvalhal da Mulher\u201d.<\/p>\n<p><a href=\"http:\/\/obeirao.pt\/online\/wp-content\/uploads\/2024\/10\/Inauguracao-Carvalhal-da-Mulher-3.jpg\"><img loading=\"lazy\" decoding=\"async\" class=\"alignright wp-image-8949 size-medium\" src=\"http:\/\/obeirao.pt\/online\/wp-content\/uploads\/2024\/10\/Inauguracao-Carvalhal-da-Mulher-3-200x300.jpg\" alt=\"\" width=\"200\" height=\"300\" srcset=\"http:\/\/obeirao.pt\/online\/wp-content\/uploads\/2024\/10\/Inauguracao-Carvalhal-da-Mulher-3-200x300.jpg 200w, http:\/\/obeirao.pt\/online\/wp-content\/uploads\/2024\/10\/Inauguracao-Carvalhal-da-Mulher-3-682x1024.jpg 682w, http:\/\/obeirao.pt\/online\/wp-content\/uploads\/2024\/10\/Inauguracao-Carvalhal-da-Mulher-3-768x1153.jpg 768w, http:\/\/obeirao.pt\/online\/wp-content\/uploads\/2024\/10\/Inauguracao-Carvalhal-da-Mulher-3-1023x1536.jpg 1023w, http:\/\/obeirao.pt\/online\/wp-content\/uploads\/2024\/10\/Inauguracao-Carvalhal-da-Mulher-3-640x961.jpg 640w, http:\/\/obeirao.pt\/online\/wp-content\/uploads\/2024\/10\/Inauguracao-Carvalhal-da-Mulher-3.jpg 1066w\" sizes=\"(max-width: 200px) 100vw, 200px\" \/><\/a>\u201cEste local est\u00e1 agora mais apraz\u00edvel para todos aqueles que nos visitam\u201d, apontou perante dezenas de paroquianos que marcaram presen\u00e7a na sess\u00e3o de inaugura\u00e7\u00e3o.<\/p>\n<p>O presidente da Uni\u00e3o de Freguesias de Caparrosa e Silvares, M\u00e1rio Sim\u00f5es, classificou como \u201cmagn\u00edfica\u201d a obra executada naquela que \u00e9 \u201ca sala de visitas da freguesia\u201d.<\/p>\n<p>\u201cEste local \u00e9 um ex-libris da freguesia, tanto pela paisagem arrebatadora, como pelo seu significado religioso\u201d, afirmou, esclarecendo que este projecto, que contou com um \u201capoio quase insignificante\u201d do Estado Central, tem um \u201cimpacto inimagin\u00e1vel\u201d \u00e0 escala local.<\/p>\n<p>A presidente da C\u00e2mara confessou que estava com \u201corgulho\u201d em Carvalhal da Mulher para inaugurar uma \u201cimportante obra\u201d.<\/p>\n<p><a href=\"http:\/\/obeirao.pt\/online\/wp-content\/uploads\/2024\/10\/Inauguracao-Carvalhal-da-Mulher-4.jpg\"><img loading=\"lazy\" decoding=\"async\" class=\"alignleft wp-image-8950 size-medium\" src=\"http:\/\/obeirao.pt\/online\/wp-content\/uploads\/2024\/10\/Inauguracao-Carvalhal-da-Mulher-4-300x191.jpg\" alt=\"\" width=\"300\" height=\"191\" srcset=\"http:\/\/obeirao.pt\/online\/wp-content\/uploads\/2024\/10\/Inauguracao-Carvalhal-da-Mulher-4-300x191.jpg 300w, http:\/\/obeirao.pt\/online\/wp-content\/uploads\/2024\/10\/Inauguracao-Carvalhal-da-Mulher-4-1024x651.jpg 1024w, http:\/\/obeirao.pt\/online\/wp-content\/uploads\/2024\/10\/Inauguracao-Carvalhal-da-Mulher-4-768x488.jpg 768w, http:\/\/obeirao.pt\/online\/wp-content\/uploads\/2024\/10\/Inauguracao-Carvalhal-da-Mulher-4-640x407.jpg 640w, http:\/\/obeirao.pt\/online\/wp-content\/uploads\/2024\/10\/Inauguracao-Carvalhal-da-Mulher-4.jpg 1427w\" sizes=\"(max-width: 300px) 100vw, 300px\" \/><\/a>\u201cApresentamo-nos junto de v\u00f3s com o sentimento de miss\u00e3o cumprida. Associamo-nos ao investimento do Governo com 50 mil euros. Esse protocolo est\u00e1 pago e cumprido, somos pessoas de compromissos, de concretiza\u00e7\u00f5es e de palavra\u201d, vincou, defendendo que este investimento foi realizado em nome da coes\u00e3o territorial.<\/p>\n<p>\u201cHoje \u00e9 um dia memor\u00e1vel, al\u00e9m de falarmos de coes\u00e3o territorial estamos a pratic\u00e1-la\u201d, sustentou.<\/p>\n<p>Por seu lado, o secret\u00e1rio de Estado da Administra\u00e7\u00e3o Local e Ordenamento do Territ\u00f3rio destacou a uni\u00e3o de esfor\u00e7os entre poder central e local e que permitiu a execu\u00e7\u00e3o das obras na Capela de Nossa Senhora da Sa\u00fade.<\/p>\n<p>\u201c\u00c9 sempre importante quanto temos a capacidade de congregar esfor\u00e7os para fazer mais e melhor. Esta vontade conjunta de fazer bem aconteceu e materializou-se nesta interven\u00e7\u00e3o. A C\u00e2mara Municipal n\u00e3o se poupou a esfor\u00e7os, o Estado conseguiu colocar aqui tamb\u00e9m 50 mil euros e a junta e a f\u00e1brica da igreja tamb\u00e9m contribu\u00edram. \u00c9 desta forma que devemos estar para conseguirmos fazer mais pela comunidade\u201d, defendeu, em jeito\u00a0de\u00a0conclus\u00e3o.<\/p>\n<p>&nbsp;<\/p>\n","protected":false},"excerpt":{"rendered":"<div class=\"mh-excerpt\"><span class=\"span-reading-time rt-reading-time\" style=\"display: block;\"><span class=\"rt-label rt-prefix\">tempo de leitura:<\/span> <span class=\"rt-time\"> 5<\/span> <span class=\"rt-label rt-postfix\">minutos<\/span><\/span>Secret\u00e1rio de Estado inaugura obras em capela e assina contrato de financiamento de projecto de Junta O secret\u00e1rio de Estado da Administra\u00e7\u00e3o Local e Ordenamento <a class=\"mh-excerpt-more\" href=\"http:\/\/obeirao.pt\/online\/2024\/10\/30\/em-molelos-e-carvalhal-da-mulher-tondela\/\" title=\"EM MOLELOS E CARVALHAL DA MULHER (TONDELA)\">[&#8230;]<\/a><\/div>\n","protected":false},"author":2,"featured_media":8944,"comment_status":"closed","ping_status":"closed","sticky":false,"template":"","format":"standard","meta":{"footnotes":""},"categories":[2,5,188,6,4,63],"tags":[],"class_list":["post-8943","post","type-post","status-publish","format-standard","has-post-thumbnail","hentry","category-principal","category-cidade","category-comunidade-intermunicipal-viseu-dao-lafoes","category-pais","category-regiao","category-tondela"],"yoast_head":"<!-- This site is optimized with the Yoast SEO plugin v27.4 - https:\/\/yoast.com\/product\/yoast-seo-wordpress\/ -->\n<title>EM MOLELOS E CARVALHAL DA MULHER (TONDELA) - Beir\u00e3o Online<\/title>\n<meta name=\"robots\" content=\"index, follow, max-snippet:-1, max-image-preview:large, max-video-preview:-1\" \/>\n<link rel=\"canonical\" href=\"http:\/\/obeirao.pt\/online\/2024\/10\/30\/em-molelos-e-carvalhal-da-mulher-tondela\/\" \/>\n<meta property=\"og:locale\" content=\"pt_PT\" \/>\n<meta property=\"og:type\" content=\"article\" \/>\n<meta property=\"og:title\" content=\"EM MOLELOS E CARVALHAL DA MULHER (TONDELA) - Beir\u00e3o Online\" \/>\n<meta property=\"og:description\" content=\"tempo de leitura: 5 minutosSecret\u00e1rio de Estado inaugura obras em capela e assina contrato de financiamento de projecto de Junta O secret\u00e1rio de Estado da Administra\u00e7\u00e3o Local e Ordenamento [...]\" \/>\n<meta property=\"og:url\" content=\"http:\/\/obeirao.pt\/online\/2024\/10\/30\/em-molelos-e-carvalhal-da-mulher-tondela\/\" \/>\n<meta property=\"og:site_name\" content=\"Beir\u00e3o Online\" \/>\n<meta property=\"article:publisher\" content=\"https:\/\/pt-br.facebook.com\/pages\/Amigos-de-Tondela\/273620439973877\" \/>\n<meta property=\"article:published_time\" content=\"2024-10-30T19:58:40+00:00\" \/>\n<meta property=\"article:modified_time\" content=\"2024-10-30T20:19:10+00:00\" \/>\n<meta property=\"og:image\" content=\"http:\/\/obeirao.pt\/online\/wp-content\/uploads\/2024\/10\/Protocolo-Molelos-3.jpg\" \/>\n\t<meta property=\"og:image:width\" content=\"1450\" \/>\n\t<meta property=\"og:image:height\" content=\"822\" \/>\n\t<meta property=\"og:image:type\" content=\"image\/jpeg\" \/>\n<meta name=\"author\" content=\"Z\u00e9 Beir\u00e3o\" \/>\n<meta name=\"twitter:card\" content=\"summary_large_image\" \/>\n<meta name=\"twitter:creator\" content=\"@JoaquimDuarteP2\" \/>\n<meta name=\"twitter:site\" content=\"@JoaquimDuarteP2\" \/>\n<meta name=\"twitter:label1\" content=\"Escrito por\" \/>\n\t<meta name=\"twitter:data1\" content=\"Z\u00e9 Beir\u00e3o\" \/>\n\t<meta name=\"twitter:label2\" content=\"Tempo estimado de leitura\" \/>\n\t<meta name=\"twitter:data2\" content=\"7 minutos\" \/>\n<script type=\"application\/ld+json\" class=\"yoast-schema-graph\">{\"@context\":\"https:\\\/\\\/schema.org\",\"@graph\":[{\"@type\":\"Article\",\"@id\":\"http:\\\/\\\/obeirao.pt\\\/online\\\/2024\\\/10\\\/30\\\/em-molelos-e-carvalhal-da-mulher-tondela\\\/#article\",\"isPartOf\":{\"@id\":\"http:\\\/\\\/obeirao.pt\\\/online\\\/2024\\\/10\\\/30\\\/em-molelos-e-carvalhal-da-mulher-tondela\\\/\"},\"author\":{\"name\":\"Z\u00e9 Beir\u00e3o\",\"@id\":\"http:\\\/\\\/obeirao.pt\\\/online\\\/#\\\/schema\\\/person\\\/efac69bb5a33873e1c1bb9c1165ff38c\"},\"headline\":\"EM MOLELOS E CARVALHAL DA MULHER (TONDELA)\",\"datePublished\":\"2024-10-30T19:58:40+00:00\",\"dateModified\":\"2024-10-30T20:19:10+00:00\",\"mainEntityOfPage\":{\"@id\":\"http:\\\/\\\/obeirao.pt\\\/online\\\/2024\\\/10\\\/30\\\/em-molelos-e-carvalhal-da-mulher-tondela\\\/\"},\"wordCount\":1065,\"image\":{\"@id\":\"http:\\\/\\\/obeirao.pt\\\/online\\\/2024\\\/10\\\/30\\\/em-molelos-e-carvalhal-da-mulher-tondela\\\/#primaryimage\"},\"thumbnailUrl\":\"http:\\\/\\\/obeirao.pt\\\/online\\\/wp-content\\\/uploads\\\/2024\\\/10\\\/Protocolo-Molelos-3.jpg\",\"articleSection\":[\"_Principal\",\"Cidade\",\"Comunidade Intermunicipal Viseu D\u00e3o Laf\u00f5es\",\"Pa\u00eds\",\"Regi\u00e3o\",\"Tondela\"],\"inLanguage\":\"pt-PT\"},{\"@type\":\"WebPage\",\"@id\":\"http:\\\/\\\/obeirao.pt\\\/online\\\/2024\\\/10\\\/30\\\/em-molelos-e-carvalhal-da-mulher-tondela\\\/\",\"url\":\"http:\\\/\\\/obeirao.pt\\\/online\\\/2024\\\/10\\\/30\\\/em-molelos-e-carvalhal-da-mulher-tondela\\\/\",\"name\":\"EM MOLELOS E CARVALHAL DA MULHER (TONDELA) - Beir\u00e3o Online\",\"isPartOf\":{\"@id\":\"http:\\\/\\\/obeirao.pt\\\/online\\\/#website\"},\"primaryImageOfPage\":{\"@id\":\"http:\\\/\\\/obeirao.pt\\\/online\\\/2024\\\/10\\\/30\\\/em-molelos-e-carvalhal-da-mulher-tondela\\\/#primaryimage\"},\"image\":{\"@id\":\"http:\\\/\\\/obeirao.pt\\\/online\\\/2024\\\/10\\\/30\\\/em-molelos-e-carvalhal-da-mulher-tondela\\\/#primaryimage\"},\"thumbnailUrl\":\"http:\\\/\\\/obeirao.pt\\\/online\\\/wp-content\\\/uploads\\\/2024\\\/10\\\/Protocolo-Molelos-3.jpg\",\"datePublished\":\"2024-10-30T19:58:40+00:00\",\"dateModified\":\"2024-10-30T20:19:10+00:00\",\"author\":{\"@id\":\"http:\\\/\\\/obeirao.pt\\\/online\\\/#\\\/schema\\\/person\\\/efac69bb5a33873e1c1bb9c1165ff38c\"},\"breadcrumb\":{\"@id\":\"http:\\\/\\\/obeirao.pt\\\/online\\\/2024\\\/10\\\/30\\\/em-molelos-e-carvalhal-da-mulher-tondela\\\/#breadcrumb\"},\"inLanguage\":\"pt-PT\",\"potentialAction\":[{\"@type\":\"ReadAction\",\"target\":[\"http:\\\/\\\/obeirao.pt\\\/online\\\/2024\\\/10\\\/30\\\/em-molelos-e-carvalhal-da-mulher-tondela\\\/\"]}]},{\"@type\":\"ImageObject\",\"inLanguage\":\"pt-PT\",\"@id\":\"http:\\\/\\\/obeirao.pt\\\/online\\\/2024\\\/10\\\/30\\\/em-molelos-e-carvalhal-da-mulher-tondela\\\/#primaryimage\",\"url\":\"http:\\\/\\\/obeirao.pt\\\/online\\\/wp-content\\\/uploads\\\/2024\\\/10\\\/Protocolo-Molelos-3.jpg\",\"contentUrl\":\"http:\\\/\\\/obeirao.pt\\\/online\\\/wp-content\\\/uploads\\\/2024\\\/10\\\/Protocolo-Molelos-3.jpg\",\"width\":1450,\"height\":822},{\"@type\":\"BreadcrumbList\",\"@id\":\"http:\\\/\\\/obeirao.pt\\\/online\\\/2024\\\/10\\\/30\\\/em-molelos-e-carvalhal-da-mulher-tondela\\\/#breadcrumb\",\"itemListElement\":[{\"@type\":\"ListItem\",\"position\":1,\"name\":\"Home\",\"item\":\"http:\\\/\\\/obeirao.pt\\\/online\\\/\"},{\"@type\":\"ListItem\",\"position\":2,\"name\":\"EM MOLELOS E CARVALHAL DA MULHER (TONDELA)\"}]},{\"@type\":\"WebSite\",\"@id\":\"http:\\\/\\\/obeirao.pt\\\/online\\\/#website\",\"url\":\"http:\\\/\\\/obeirao.pt\\\/online\\\/\",\"name\":\"Beir\u00e3o Online\",\"description\":\"www.obeirao.pt\",\"potentialAction\":[{\"@type\":\"SearchAction\",\"target\":{\"@type\":\"EntryPoint\",\"urlTemplate\":\"http:\\\/\\\/obeirao.pt\\\/online\\\/?s={search_term_string}\"},\"query-input\":{\"@type\":\"PropertyValueSpecification\",\"valueRequired\":true,\"valueName\":\"search_term_string\"}}],\"inLanguage\":\"pt-PT\"},{\"@type\":\"Person\",\"@id\":\"http:\\\/\\\/obeirao.pt\\\/online\\\/#\\\/schema\\\/person\\\/efac69bb5a33873e1c1bb9c1165ff38c\",\"name\":\"Z\u00e9 Beir\u00e3o\",\"image\":{\"@type\":\"ImageObject\",\"inLanguage\":\"pt-PT\",\"@id\":\"http:\\\/\\\/0.gravatar.com\\\/avatar\\\/c8c44d1f9327baa4d27e9b1149cd71b3?s=96&d=mm&r=g\",\"url\":\"http:\\\/\\\/0.gravatar.com\\\/avatar\\\/c8c44d1f9327baa4d27e9b1149cd71b3?s=96&d=mm&r=g\",\"contentUrl\":\"http:\\\/\\\/0.gravatar.com\\\/avatar\\\/c8c44d1f9327baa4d27e9b1149cd71b3?s=96&d=mm&r=g\",\"caption\":\"Z\u00e9 Beir\u00e3o\"},\"url\":\"http:\\\/\\\/obeirao.pt\\\/online\\\/author\\\/zebeirao\\\/\"}]}<\/script>\n<!-- \/ Yoast SEO plugin. -->","yoast_head_json":{"title":"EM MOLELOS E CARVALHAL DA MULHER (TONDELA) - Beir\u00e3o Online","robots":{"index":"index","follow":"follow","max-snippet":"max-snippet:-1","max-image-preview":"max-image-preview:large","max-video-preview":"max-video-preview:-1"},"canonical":"http:\/\/obeirao.pt\/online\/2024\/10\/30\/em-molelos-e-carvalhal-da-mulher-tondela\/","og_locale":"pt_PT","og_type":"article","og_title":"EM MOLELOS E CARVALHAL DA MULHER (TONDELA) - Beir\u00e3o Online","og_description":"tempo de leitura: 5 minutosSecret\u00e1rio de Estado inaugura obras em capela e assina contrato de financiamento de projecto de Junta O secret\u00e1rio de Estado da Administra\u00e7\u00e3o Local e Ordenamento [...]","og_url":"http:\/\/obeirao.pt\/online\/2024\/10\/30\/em-molelos-e-carvalhal-da-mulher-tondela\/","og_site_name":"Beir\u00e3o Online","article_publisher":"https:\/\/pt-br.facebook.com\/pages\/Amigos-de-Tondela\/273620439973877","article_published_time":"2024-10-30T19:58:40+00:00","article_modified_time":"2024-10-30T20:19:10+00:00","og_image":[{"width":1450,"height":822,"url":"http:\/\/obeirao.pt\/online\/wp-content\/uploads\/2024\/10\/Protocolo-Molelos-3.jpg","type":"image\/jpeg"}],"author":"Z\u00e9 Beir\u00e3o","twitter_card":"summary_large_image","twitter_creator":"@JoaquimDuarteP2","twitter_site":"@JoaquimDuarteP2","twitter_misc":{"Escrito por":"Z\u00e9 Beir\u00e3o","Tempo estimado de leitura":"7 minutos"},"schema":{"@context":"https:\/\/schema.org","@graph":[{"@type":"Article","@id":"http:\/\/obeirao.pt\/online\/2024\/10\/30\/em-molelos-e-carvalhal-da-mulher-tondela\/#article","isPartOf":{"@id":"http:\/\/obeirao.pt\/online\/2024\/10\/30\/em-molelos-e-carvalhal-da-mulher-tondela\/"},"author":{"name":"Z\u00e9 Beir\u00e3o","@id":"http:\/\/obeirao.pt\/online\/#\/schema\/person\/efac69bb5a33873e1c1bb9c1165ff38c"},"headline":"EM MOLELOS E CARVALHAL DA MULHER (TONDELA)","datePublished":"2024-10-30T19:58:40+00:00","dateModified":"2024-10-30T20:19:10+00:00","mainEntityOfPage":{"@id":"http:\/\/obeirao.pt\/online\/2024\/10\/30\/em-molelos-e-carvalhal-da-mulher-tondela\/"},"wordCount":1065,"image":{"@id":"http:\/\/obeirao.pt\/online\/2024\/10\/30\/em-molelos-e-carvalhal-da-mulher-tondela\/#primaryimage"},"thumbnailUrl":"http:\/\/obeirao.pt\/online\/wp-content\/uploads\/2024\/10\/Protocolo-Molelos-3.jpg","articleSection":["_Principal","Cidade","Comunidade Intermunicipal Viseu D\u00e3o Laf\u00f5es","Pa\u00eds","Regi\u00e3o","Tondela"],"inLanguage":"pt-PT"},{"@type":"WebPage","@id":"http:\/\/obeirao.pt\/online\/2024\/10\/30\/em-molelos-e-carvalhal-da-mulher-tondela\/","url":"http:\/\/obeirao.pt\/online\/2024\/10\/30\/em-molelos-e-carvalhal-da-mulher-tondela\/","name":"EM MOLELOS E CARVALHAL DA MULHER (TONDELA) - Beir\u00e3o Online","isPartOf":{"@id":"http:\/\/obeirao.pt\/online\/#website"},"primaryImageOfPage":{"@id":"http:\/\/obeirao.pt\/online\/2024\/10\/30\/em-molelos-e-carvalhal-da-mulher-tondela\/#primaryimage"},"image":{"@id":"http:\/\/obeirao.pt\/online\/2024\/10\/30\/em-molelos-e-carvalhal-da-mulher-tondela\/#primaryimage"},"thumbnailUrl":"http:\/\/obeirao.pt\/online\/wp-content\/uploads\/2024\/10\/Protocolo-Molelos-3.jpg","datePublished":"2024-10-30T19:58:40+00:00","dateModified":"2024-10-30T20:19:10+00:00","author":{"@id":"http:\/\/obeirao.pt\/online\/#\/schema\/person\/efac69bb5a33873e1c1bb9c1165ff38c"},"breadcrumb":{"@id":"http:\/\/obeirao.pt\/online\/2024\/10\/30\/em-molelos-e-carvalhal-da-mulher-tondela\/#breadcrumb"},"inLanguage":"pt-PT","potentialAction":[{"@type":"ReadAction","target":["http:\/\/obeirao.pt\/online\/2024\/10\/30\/em-molelos-e-carvalhal-da-mulher-tondela\/"]}]},{"@type":"ImageObject","inLanguage":"pt-PT","@id":"http:\/\/obeirao.pt\/online\/2024\/10\/30\/em-molelos-e-carvalhal-da-mulher-tondela\/#primaryimage","url":"http:\/\/obeirao.pt\/online\/wp-content\/uploads\/2024\/10\/Protocolo-Molelos-3.jpg","contentUrl":"http:\/\/obeirao.pt\/online\/wp-content\/uploads\/2024\/10\/Protocolo-Molelos-3.jpg","width":1450,"height":822},{"@type":"BreadcrumbList","@id":"http:\/\/obeirao.pt\/online\/2024\/10\/30\/em-molelos-e-carvalhal-da-mulher-tondela\/#breadcrumb","itemListElement":[{"@type":"ListItem","position":1,"name":"Home","item":"http:\/\/obeirao.pt\/online\/"},{"@type":"ListItem","position":2,"name":"EM MOLELOS E CARVALHAL DA MULHER (TONDELA)"}]},{"@type":"WebSite","@id":"http:\/\/obeirao.pt\/online\/#website","url":"http:\/\/obeirao.pt\/online\/","name":"Beir\u00e3o Online","description":"www.obeirao.pt","potentialAction":[{"@type":"SearchAction","target":{"@type":"EntryPoint","urlTemplate":"http:\/\/obeirao.pt\/online\/?s={search_term_string}"},"query-input":{"@type":"PropertyValueSpecification","valueRequired":true,"valueName":"search_term_string"}}],"inLanguage":"pt-PT"},{"@type":"Person","@id":"http:\/\/obeirao.pt\/online\/#\/schema\/person\/efac69bb5a33873e1c1bb9c1165ff38c","name":"Z\u00e9 Beir\u00e3o","image":{"@type":"ImageObject","inLanguage":"pt-PT","@id":"http:\/\/0.gravatar.com\/avatar\/c8c44d1f9327baa4d27e9b1149cd71b3?s=96&d=mm&r=g","url":"http:\/\/0.gravatar.com\/avatar\/c8c44d1f9327baa4d27e9b1149cd71b3?s=96&d=mm&r=g","contentUrl":"http:\/\/0.gravatar.com\/avatar\/c8c44d1f9327baa4d27e9b1149cd71b3?s=96&d=mm&r=g","caption":"Z\u00e9 Beir\u00e3o"},"url":"http:\/\/obeirao.pt\/online\/author\/zebeirao\/"}]}},"_links":{"self":[{"href":"http:\/\/obeirao.pt\/online\/wp-json\/wp\/v2\/posts\/8943"}],"collection":[{"href":"http:\/\/obeirao.pt\/online\/wp-json\/wp\/v2\/posts"}],"about":[{"href":"http:\/\/obeirao.pt\/online\/wp-json\/wp\/v2\/types\/post"}],"author":[{"embeddable":true,"href":"http:\/\/obeirao.pt\/online\/wp-json\/wp\/v2\/users\/2"}],"replies":[{"embeddable":true,"href":"http:\/\/obeirao.pt\/online\/wp-json\/wp\/v2\/comments?post=8943"}],"version-history":[{"count":3,"href":"http:\/\/obeirao.pt\/online\/wp-json\/wp\/v2\/posts\/8943\/revisions"}],"predecessor-version":[{"id":8951,"href":"http:\/\/obeirao.pt\/online\/wp-json\/wp\/v2\/posts\/8943\/revisions\/8951"}],"wp:featuredmedia":[{"embeddable":true,"href":"http:\/\/obeirao.pt\/online\/wp-json\/wp\/v2\/media\/8944"}],"wp:attachment":[{"href":"http:\/\/obeirao.pt\/online\/wp-json\/wp\/v2\/media?parent=8943"}],"wp:term":[{"taxonomy":"category","embeddable":true,"href":"http:\/\/obeirao.pt\/online\/wp-json\/wp\/v2\/categories?post=8943"},{"taxonomy":"post_tag","embeddable":true,"href":"http:\/\/obeirao.pt\/online\/wp-json\/wp\/v2\/tags?post=8943"}],"curies":[{"name":"wp","href":"https:\/\/api.w.org\/{rel}","templated":true}]}}