{"id":9074,"date":"2025-03-14T20:37:41","date_gmt":"2025-03-14T20:37:41","guid":{"rendered":"http:\/\/obeirao.pt\/online\/?p=9074"},"modified":"2025-03-14T21:17:43","modified_gmt":"2025-03-14T21:17:43","slug":"tondela-em-grande-na-btl-de-lisboa","status":"publish","type":"post","link":"http:\/\/obeirao.pt\/online\/2025\/03\/14\/tondela-em-grande-na-btl-de-lisboa\/","title":{"rendered":"TONDELA EM GRANDE NA BTL DE LISBOA"},"content":{"rendered":"<span class=\"span-reading-time rt-reading-time\" style=\"display: block;\"><span class=\"rt-label rt-prefix\">tempo de leitura:<\/span> <span class=\"rt-time\"> 3<\/span> <span class=\"rt-label rt-postfix\">minutos<\/span><\/span><p><span style=\"font-family: impact, sans-serif;font-size: 24pt;color: #ff0000\"><a href=\"http:\/\/obeirao.pt\/online\/wp-content\/uploads\/2025\/03\/BTL-2024-1.jpg\"><img loading=\"lazy\" decoding=\"async\" class=\"alignleft wp-image-9075 size-medium\" src=\"http:\/\/obeirao.pt\/online\/wp-content\/uploads\/2025\/03\/BTL-2024-1-300x187.jpg\" alt=\"\" width=\"300\" height=\"187\" srcset=\"http:\/\/obeirao.pt\/online\/wp-content\/uploads\/2025\/03\/BTL-2024-1-300x187.jpg 300w, http:\/\/obeirao.pt\/online\/wp-content\/uploads\/2025\/03\/BTL-2024-1-1024x638.jpg 1024w, http:\/\/obeirao.pt\/online\/wp-content\/uploads\/2025\/03\/BTL-2024-1-768x478.jpg 768w, http:\/\/obeirao.pt\/online\/wp-content\/uploads\/2025\/03\/BTL-2024-1-640x399.jpg 640w, http:\/\/obeirao.pt\/online\/wp-content\/uploads\/2025\/03\/BTL-2024-1.jpg 1233w\" sizes=\"(max-width: 300px) 100vw, 300px\" \/><\/a>Munic\u00edpio apresenta Caramulo, Festas das Cruzes, Barro Negro de Molelos e Termas de Sangemil na BTL<\/span><\/p>\n<p><em><strong>O concelho de Tondela esteve mais uma vez em evid\u00eancia na Bolsa de Turismo de Lisboa (BTL). Na tarde desta quinta-feira, o munic\u00edpio levou at\u00e9 ao maior certame do setor tur\u00edstico em Portugal tudo aquilo que tem e faz de melhor.<\/strong><\/em><!--more--><\/p>\n<p>A presidente da C\u00e2mara, Carla Antunes Borges, fez as honras da casa, abrindo o momento dedicado ao concelho no expositor da Comunidade Intermunicipal (CIM) Viseu D\u00e3o Laf\u00f5es com uma apresenta\u00e7\u00e3o da marca Caramulo.<\/p>\n<p>\u201cO Caramulo \u00e9 uma marca com forte potencial e acima de tudo uma capacidade de grande atratividade do turismo internacional\u201d, come\u00e7ou por afirmar a autarca, explicando logo depois que a montanha \u00e9 um destino aut\u00eantico, com paisagens, pessoas e costumes \u00fanicos e ancestrais.<\/p>\n<p><a href=\"http:\/\/obeirao.pt\/online\/wp-content\/uploads\/2025\/03\/TONDELA-cidade-em-crescendo.jpg\"><img loading=\"lazy\" decoding=\"async\" class=\"alignright wp-image-9079 size-medium\" src=\"http:\/\/obeirao.pt\/online\/wp-content\/uploads\/2025\/03\/TONDELA-cidade-em-crescendo-300x155.jpg\" alt=\"\" width=\"300\" height=\"155\" srcset=\"http:\/\/obeirao.pt\/online\/wp-content\/uploads\/2025\/03\/TONDELA-cidade-em-crescendo-300x155.jpg 300w, http:\/\/obeirao.pt\/online\/wp-content\/uploads\/2025\/03\/TONDELA-cidade-em-crescendo-1024x529.jpg 1024w, http:\/\/obeirao.pt\/online\/wp-content\/uploads\/2025\/03\/TONDELA-cidade-em-crescendo-768x397.jpg 768w, http:\/\/obeirao.pt\/online\/wp-content\/uploads\/2025\/03\/TONDELA-cidade-em-crescendo-1536x794.jpg 1536w, http:\/\/obeirao.pt\/online\/wp-content\/uploads\/2025\/03\/TONDELA-cidade-em-crescendo-640x331.jpg 640w, http:\/\/obeirao.pt\/online\/wp-content\/uploads\/2025\/03\/TONDELA-cidade-em-crescendo.jpg 1600w\" sizes=\"(max-width: 300px) 100vw, 300px\" \/><\/a>\u201cO Caramulo \u00e9 uma serra com um charme natural, intr\u00ednseco, com um produto tur\u00edstico integrado onde quem nos visita pode visitar o museu, fazer um percurso pedestre, ter um contacto com natureza, pernoitar, passar um fim de semana, provando a nossa gastronomia, os vinhos e desfrutar do que a serra tem a oferecer\u201d, disse.<\/p>\n<p>J\u00e1 o vereador com os pelouros da cultura e turismo no executivo, Jo\u00e3o Carlos Figueiredo, falou sobre a Festa das Cruzes do Guard\u00e3o, que no in\u00edcio do ano passou a integrar a Invent\u00e1rio Nacional do Patrim\u00f3nio Cultural Imaterial, e o Barro Negro de Molelos, que foi alvo de uma candidatura id\u00eantica e que est\u00e1 em vias tamb\u00e9m de ser classificado.<\/p>\n<p>\u201cCome\u00e7\u00e1mos a trabalhar o patrim\u00f3nio imaterial como elemento atrativo do territ\u00f3rio que contribui, n\u00e3o s\u00f3 do ponto de vista da salvaguarda da nossa identidade local, mas tamb\u00e9m do ponto de vista do turismo\u201d, justificou o vereador.<\/p>\n<p>Jo\u00e3o Carlos Figueiredo anunciou ainda que a candidatura ao Invent\u00e1rio Nacional do Patrim\u00f3nio Cultural Imaterial das constru\u00e7\u00f5es de pedra seca do Caramulo est\u00e1 na fase final, tendo este processo, ap\u00f3s um desafio do munic\u00edpio, sido alargado aos munic\u00edpios de Vouzela, Oliveira de Frades, Mort\u00e1gua e \u00c1gueda.<\/p>\n<p><a href=\"http:\/\/obeirao.pt\/online\/wp-content\/uploads\/2024\/05\/100696897_533010997368152_5768162785292713984_n.jpg\"><img loading=\"lazy\" decoding=\"async\" class=\"alignleft wp-image-8778 size-medium\" src=\"http:\/\/obeirao.pt\/online\/wp-content\/uploads\/2024\/05\/100696897_533010997368152_5768162785292713984_n-300x164.jpg\" alt=\"\" width=\"300\" height=\"164\" srcset=\"http:\/\/obeirao.pt\/online\/wp-content\/uploads\/2024\/05\/100696897_533010997368152_5768162785292713984_n-300x164.jpg 300w, http:\/\/obeirao.pt\/online\/wp-content\/uploads\/2024\/05\/100696897_533010997368152_5768162785292713984_n-768x420.jpg 768w, http:\/\/obeirao.pt\/online\/wp-content\/uploads\/2024\/05\/100696897_533010997368152_5768162785292713984_n-640x350.jpg 640w, http:\/\/obeirao.pt\/online\/wp-content\/uploads\/2024\/05\/100696897_533010997368152_5768162785292713984_n.jpg 960w\" sizes=\"(max-width: 300px) 100vw, 300px\" \/><\/a>A ideia \u00e9 que depois de conquistado o selo nacional, as constru\u00e7\u00f5es de pedra seca Serra do Caramulo, como muros, caleiros, moinhos, entre outros, sejam integrados na lista que j\u00e1 foi classificada pela UNESCO.<\/p>\n<p>Pelo palco do stand da CIM Viseu D\u00e3o Laf\u00f5es passou ainda o Museu do Caramulo que organiza de 5 a 7 de setembro a 20\u00aa edi\u00e7\u00e3o do Caramulo Motorfestival.<\/p>\n<p>A presen\u00e7a de Tondela na BTL esta quinta-feira encerrou com uma tert\u00falia gastron\u00f3mica, que deu palco a tr\u00eas produtos locais: os favos de mel, os vinhos da Quinta Ramalhosa e o pastel doce de carolos.<\/p>\n<p><a href=\"http:\/\/obeirao.pt\/online\/wp-content\/uploads\/2025\/03\/Tondela-Brancos-2.jpg\"><img loading=\"lazy\" decoding=\"async\" class=\"alignright wp-image-9077 size-medium\" src=\"http:\/\/obeirao.pt\/online\/wp-content\/uploads\/2025\/03\/Tondela-Brancos-2-300x200.jpg\" alt=\"\" width=\"300\" height=\"200\" srcset=\"http:\/\/obeirao.pt\/online\/wp-content\/uploads\/2025\/03\/Tondela-Brancos-2-300x200.jpg 300w, http:\/\/obeirao.pt\/online\/wp-content\/uploads\/2025\/03\/Tondela-Brancos-2-1024x682.jpg 1024w, http:\/\/obeirao.pt\/online\/wp-content\/uploads\/2025\/03\/Tondela-Brancos-2-768x512.jpg 768w, http:\/\/obeirao.pt\/online\/wp-content\/uploads\/2025\/03\/Tondela-Brancos-2-1536x1023.jpg 1536w, http:\/\/obeirao.pt\/online\/wp-content\/uploads\/2025\/03\/Tondela-Brancos-2-640x426.jpg 640w, http:\/\/obeirao.pt\/online\/wp-content\/uploads\/2025\/03\/Tondela-Brancos-2.jpg 1600w\" sizes=\"(max-width: 300px) 100vw, 300px\" \/><\/a>A terminar o dia, Tondela marcou presen\u00e7a no expositor da Entidade Regional de Turismo do Centro, no \u00e2mbito do projeto Esta\u00e7\u00f5es N\u00e1uticas cuja candidatura do munic\u00edpio se encontra na fase de conclus\u00e3o. A participa\u00e7\u00e3o do concelho iniciou-se com a representa\u00e7\u00e3o das Termas de Sangemil, localizadas na freguesia de Lajeosa do D\u00e3o, no stand das Termas do Centro.<\/p>\n<p>O concelho volta a estar em destaque na BTL no pr\u00f3ximo domingo, no fecho da BTL. As confrarias gastron\u00f3micas do Cabrito e da Serra do Caramulo e dos Carolos e Papas de Milho v\u00e3o passar \u00e0 hora de almo\u00e7o pelo stand da CIM Viseu D\u00e3o Laf\u00f5es. Durante a tarde o munic\u00edpio marcar\u00e1 presen\u00e7a nos expositores da Federa\u00e7\u00e3o Portuguesa dos Caminhos de Santiago e da Rota da Nacional 2.<\/p>\n","protected":false},"excerpt":{"rendered":"<div class=\"mh-excerpt\"><span class=\"span-reading-time rt-reading-time\" style=\"display: block;\"><span class=\"rt-label rt-prefix\">tempo de leitura:<\/span> <span class=\"rt-time\"> 3<\/span> <span class=\"rt-label rt-postfix\">minutos<\/span><\/span>Munic\u00edpio apresenta Caramulo, Festas das Cruzes, Barro Negro de Molelos e Termas de Sangemil na BTL O concelho de Tondela esteve mais uma vez em <a class=\"mh-excerpt-more\" href=\"http:\/\/obeirao.pt\/online\/2025\/03\/14\/tondela-em-grande-na-btl-de-lisboa\/\" title=\"TONDELA EM GRANDE NA BTL DE LISBOA\">[&#8230;]<\/a><\/div>\n","protected":false},"author":2,"featured_media":9075,"comment_status":"closed","ping_status":"closed","sticky":false,"template":"","format":"standard","meta":{"footnotes":""},"categories":[2,5,188,6,4,63],"tags":[],"class_list":["post-9074","post","type-post","status-publish","format-standard","has-post-thumbnail","hentry","category-principal","category-cidade","category-comunidade-intermunicipal-viseu-dao-lafoes","category-pais","category-regiao","category-tondela"],"yoast_head":"<!-- This site is optimized with the Yoast SEO plugin v27.4 - https:\/\/yoast.com\/product\/yoast-seo-wordpress\/ -->\n<title>TONDELA EM GRANDE NA BTL DE LISBOA - Beir\u00e3o Online<\/title>\n<meta name=\"robots\" content=\"index, follow, max-snippet:-1, max-image-preview:large, max-video-preview:-1\" \/>\n<link rel=\"canonical\" href=\"http:\/\/obeirao.pt\/online\/2025\/03\/14\/tondela-em-grande-na-btl-de-lisboa\/\" \/>\n<meta property=\"og:locale\" content=\"pt_PT\" \/>\n<meta property=\"og:type\" content=\"article\" \/>\n<meta property=\"og:title\" content=\"TONDELA EM GRANDE NA BTL DE LISBOA - Beir\u00e3o Online\" \/>\n<meta property=\"og:description\" content=\"tempo de leitura: 3 minutosMunic\u00edpio apresenta Caramulo, Festas das Cruzes, Barro Negro de Molelos e Termas de Sangemil na BTL O concelho de Tondela esteve mais uma vez em [...]\" \/>\n<meta property=\"og:url\" content=\"http:\/\/obeirao.pt\/online\/2025\/03\/14\/tondela-em-grande-na-btl-de-lisboa\/\" \/>\n<meta property=\"og:site_name\" content=\"Beir\u00e3o Online\" \/>\n<meta property=\"article:publisher\" content=\"https:\/\/pt-br.facebook.com\/pages\/Amigos-de-Tondela\/273620439973877\" \/>\n<meta property=\"article:published_time\" content=\"2025-03-14T20:37:41+00:00\" \/>\n<meta property=\"article:modified_time\" content=\"2025-03-14T21:17:43+00:00\" \/>\n<meta property=\"og:image\" content=\"http:\/\/obeirao.pt\/online\/wp-content\/uploads\/2025\/03\/BTL-2024-1.jpg\" \/>\n\t<meta property=\"og:image:width\" content=\"1233\" \/>\n\t<meta property=\"og:image:height\" content=\"768\" \/>\n\t<meta property=\"og:image:type\" content=\"image\/jpeg\" \/>\n<meta name=\"author\" content=\"Z\u00e9 Beir\u00e3o\" \/>\n<meta name=\"twitter:card\" content=\"summary_large_image\" \/>\n<meta name=\"twitter:creator\" content=\"@JoaquimDuarteP2\" \/>\n<meta name=\"twitter:site\" content=\"@JoaquimDuarteP2\" \/>\n<meta name=\"twitter:label1\" content=\"Escrito por\" \/>\n\t<meta name=\"twitter:data1\" content=\"Z\u00e9 Beir\u00e3o\" \/>\n\t<meta name=\"twitter:label2\" content=\"Tempo estimado de leitura\" \/>\n\t<meta name=\"twitter:data2\" content=\"5 minutos\" \/>\n<script type=\"application\/ld+json\" class=\"yoast-schema-graph\">{\"@context\":\"https:\\\/\\\/schema.org\",\"@graph\":[{\"@type\":\"Article\",\"@id\":\"http:\\\/\\\/obeirao.pt\\\/online\\\/2025\\\/03\\\/14\\\/tondela-em-grande-na-btl-de-lisboa\\\/#article\",\"isPartOf\":{\"@id\":\"http:\\\/\\\/obeirao.pt\\\/online\\\/2025\\\/03\\\/14\\\/tondela-em-grande-na-btl-de-lisboa\\\/\"},\"author\":{\"name\":\"Z\u00e9 Beir\u00e3o\",\"@id\":\"http:\\\/\\\/obeirao.pt\\\/online\\\/#\\\/schema\\\/person\\\/efac69bb5a33873e1c1bb9c1165ff38c\"},\"headline\":\"TONDELA EM GRANDE NA BTL DE LISBOA\",\"datePublished\":\"2025-03-14T20:37:41+00:00\",\"dateModified\":\"2025-03-14T21:17:43+00:00\",\"mainEntityOfPage\":{\"@id\":\"http:\\\/\\\/obeirao.pt\\\/online\\\/2025\\\/03\\\/14\\\/tondela-em-grande-na-btl-de-lisboa\\\/\"},\"wordCount\":607,\"image\":{\"@id\":\"http:\\\/\\\/obeirao.pt\\\/online\\\/2025\\\/03\\\/14\\\/tondela-em-grande-na-btl-de-lisboa\\\/#primaryimage\"},\"thumbnailUrl\":\"http:\\\/\\\/obeirao.pt\\\/online\\\/wp-content\\\/uploads\\\/2025\\\/03\\\/BTL-2024-1.jpg\",\"articleSection\":[\"_Principal\",\"Cidade\",\"Comunidade Intermunicipal Viseu D\u00e3o Laf\u00f5es\",\"Pa\u00eds\",\"Regi\u00e3o\",\"Tondela\"],\"inLanguage\":\"pt-PT\"},{\"@type\":\"WebPage\",\"@id\":\"http:\\\/\\\/obeirao.pt\\\/online\\\/2025\\\/03\\\/14\\\/tondela-em-grande-na-btl-de-lisboa\\\/\",\"url\":\"http:\\\/\\\/obeirao.pt\\\/online\\\/2025\\\/03\\\/14\\\/tondela-em-grande-na-btl-de-lisboa\\\/\",\"name\":\"TONDELA EM GRANDE NA BTL DE LISBOA - Beir\u00e3o Online\",\"isPartOf\":{\"@id\":\"http:\\\/\\\/obeirao.pt\\\/online\\\/#website\"},\"primaryImageOfPage\":{\"@id\":\"http:\\\/\\\/obeirao.pt\\\/online\\\/2025\\\/03\\\/14\\\/tondela-em-grande-na-btl-de-lisboa\\\/#primaryimage\"},\"image\":{\"@id\":\"http:\\\/\\\/obeirao.pt\\\/online\\\/2025\\\/03\\\/14\\\/tondela-em-grande-na-btl-de-lisboa\\\/#primaryimage\"},\"thumbnailUrl\":\"http:\\\/\\\/obeirao.pt\\\/online\\\/wp-content\\\/uploads\\\/2025\\\/03\\\/BTL-2024-1.jpg\",\"datePublished\":\"2025-03-14T20:37:41+00:00\",\"dateModified\":\"2025-03-14T21:17:43+00:00\",\"author\":{\"@id\":\"http:\\\/\\\/obeirao.pt\\\/online\\\/#\\\/schema\\\/person\\\/efac69bb5a33873e1c1bb9c1165ff38c\"},\"breadcrumb\":{\"@id\":\"http:\\\/\\\/obeirao.pt\\\/online\\\/2025\\\/03\\\/14\\\/tondela-em-grande-na-btl-de-lisboa\\\/#breadcrumb\"},\"inLanguage\":\"pt-PT\",\"potentialAction\":[{\"@type\":\"ReadAction\",\"target\":[\"http:\\\/\\\/obeirao.pt\\\/online\\\/2025\\\/03\\\/14\\\/tondela-em-grande-na-btl-de-lisboa\\\/\"]}]},{\"@type\":\"ImageObject\",\"inLanguage\":\"pt-PT\",\"@id\":\"http:\\\/\\\/obeirao.pt\\\/online\\\/2025\\\/03\\\/14\\\/tondela-em-grande-na-btl-de-lisboa\\\/#primaryimage\",\"url\":\"http:\\\/\\\/obeirao.pt\\\/online\\\/wp-content\\\/uploads\\\/2025\\\/03\\\/BTL-2024-1.jpg\",\"contentUrl\":\"http:\\\/\\\/obeirao.pt\\\/online\\\/wp-content\\\/uploads\\\/2025\\\/03\\\/BTL-2024-1.jpg\",\"width\":1233,\"height\":768},{\"@type\":\"BreadcrumbList\",\"@id\":\"http:\\\/\\\/obeirao.pt\\\/online\\\/2025\\\/03\\\/14\\\/tondela-em-grande-na-btl-de-lisboa\\\/#breadcrumb\",\"itemListElement\":[{\"@type\":\"ListItem\",\"position\":1,\"name\":\"Home\",\"item\":\"http:\\\/\\\/obeirao.pt\\\/online\\\/\"},{\"@type\":\"ListItem\",\"position\":2,\"name\":\"TONDELA EM GRANDE NA BTL DE LISBOA\"}]},{\"@type\":\"WebSite\",\"@id\":\"http:\\\/\\\/obeirao.pt\\\/online\\\/#website\",\"url\":\"http:\\\/\\\/obeirao.pt\\\/online\\\/\",\"name\":\"Beir\u00e3o Online\",\"description\":\"www.obeirao.pt\",\"potentialAction\":[{\"@type\":\"SearchAction\",\"target\":{\"@type\":\"EntryPoint\",\"urlTemplate\":\"http:\\\/\\\/obeirao.pt\\\/online\\\/?s={search_term_string}\"},\"query-input\":{\"@type\":\"PropertyValueSpecification\",\"valueRequired\":true,\"valueName\":\"search_term_string\"}}],\"inLanguage\":\"pt-PT\"},{\"@type\":\"Person\",\"@id\":\"http:\\\/\\\/obeirao.pt\\\/online\\\/#\\\/schema\\\/person\\\/efac69bb5a33873e1c1bb9c1165ff38c\",\"name\":\"Z\u00e9 Beir\u00e3o\",\"image\":{\"@type\":\"ImageObject\",\"inLanguage\":\"pt-PT\",\"@id\":\"http:\\\/\\\/0.gravatar.com\\\/avatar\\\/c8c44d1f9327baa4d27e9b1149cd71b3?s=96&d=mm&r=g\",\"url\":\"http:\\\/\\\/0.gravatar.com\\\/avatar\\\/c8c44d1f9327baa4d27e9b1149cd71b3?s=96&d=mm&r=g\",\"contentUrl\":\"http:\\\/\\\/0.gravatar.com\\\/avatar\\\/c8c44d1f9327baa4d27e9b1149cd71b3?s=96&d=mm&r=g\",\"caption\":\"Z\u00e9 Beir\u00e3o\"},\"url\":\"http:\\\/\\\/obeirao.pt\\\/online\\\/author\\\/zebeirao\\\/\"}]}<\/script>\n<!-- \/ Yoast SEO plugin. -->","yoast_head_json":{"title":"TONDELA EM GRANDE NA BTL DE LISBOA - Beir\u00e3o Online","robots":{"index":"index","follow":"follow","max-snippet":"max-snippet:-1","max-image-preview":"max-image-preview:large","max-video-preview":"max-video-preview:-1"},"canonical":"http:\/\/obeirao.pt\/online\/2025\/03\/14\/tondela-em-grande-na-btl-de-lisboa\/","og_locale":"pt_PT","og_type":"article","og_title":"TONDELA EM GRANDE NA BTL DE LISBOA - Beir\u00e3o Online","og_description":"tempo de leitura: 3 minutosMunic\u00edpio apresenta Caramulo, Festas das Cruzes, Barro Negro de Molelos e Termas de Sangemil na BTL O concelho de Tondela esteve mais uma vez em [...]","og_url":"http:\/\/obeirao.pt\/online\/2025\/03\/14\/tondela-em-grande-na-btl-de-lisboa\/","og_site_name":"Beir\u00e3o Online","article_publisher":"https:\/\/pt-br.facebook.com\/pages\/Amigos-de-Tondela\/273620439973877","article_published_time":"2025-03-14T20:37:41+00:00","article_modified_time":"2025-03-14T21:17:43+00:00","og_image":[{"width":1233,"height":768,"url":"http:\/\/obeirao.pt\/online\/wp-content\/uploads\/2025\/03\/BTL-2024-1.jpg","type":"image\/jpeg"}],"author":"Z\u00e9 Beir\u00e3o","twitter_card":"summary_large_image","twitter_creator":"@JoaquimDuarteP2","twitter_site":"@JoaquimDuarteP2","twitter_misc":{"Escrito por":"Z\u00e9 Beir\u00e3o","Tempo estimado de leitura":"5 minutos"},"schema":{"@context":"https:\/\/schema.org","@graph":[{"@type":"Article","@id":"http:\/\/obeirao.pt\/online\/2025\/03\/14\/tondela-em-grande-na-btl-de-lisboa\/#article","isPartOf":{"@id":"http:\/\/obeirao.pt\/online\/2025\/03\/14\/tondela-em-grande-na-btl-de-lisboa\/"},"author":{"name":"Z\u00e9 Beir\u00e3o","@id":"http:\/\/obeirao.pt\/online\/#\/schema\/person\/efac69bb5a33873e1c1bb9c1165ff38c"},"headline":"TONDELA EM GRANDE NA BTL DE LISBOA","datePublished":"2025-03-14T20:37:41+00:00","dateModified":"2025-03-14T21:17:43+00:00","mainEntityOfPage":{"@id":"http:\/\/obeirao.pt\/online\/2025\/03\/14\/tondela-em-grande-na-btl-de-lisboa\/"},"wordCount":607,"image":{"@id":"http:\/\/obeirao.pt\/online\/2025\/03\/14\/tondela-em-grande-na-btl-de-lisboa\/#primaryimage"},"thumbnailUrl":"http:\/\/obeirao.pt\/online\/wp-content\/uploads\/2025\/03\/BTL-2024-1.jpg","articleSection":["_Principal","Cidade","Comunidade Intermunicipal Viseu D\u00e3o Laf\u00f5es","Pa\u00eds","Regi\u00e3o","Tondela"],"inLanguage":"pt-PT"},{"@type":"WebPage","@id":"http:\/\/obeirao.pt\/online\/2025\/03\/14\/tondela-em-grande-na-btl-de-lisboa\/","url":"http:\/\/obeirao.pt\/online\/2025\/03\/14\/tondela-em-grande-na-btl-de-lisboa\/","name":"TONDELA EM GRANDE NA BTL DE LISBOA - Beir\u00e3o Online","isPartOf":{"@id":"http:\/\/obeirao.pt\/online\/#website"},"primaryImageOfPage":{"@id":"http:\/\/obeirao.pt\/online\/2025\/03\/14\/tondela-em-grande-na-btl-de-lisboa\/#primaryimage"},"image":{"@id":"http:\/\/obeirao.pt\/online\/2025\/03\/14\/tondela-em-grande-na-btl-de-lisboa\/#primaryimage"},"thumbnailUrl":"http:\/\/obeirao.pt\/online\/wp-content\/uploads\/2025\/03\/BTL-2024-1.jpg","datePublished":"2025-03-14T20:37:41+00:00","dateModified":"2025-03-14T21:17:43+00:00","author":{"@id":"http:\/\/obeirao.pt\/online\/#\/schema\/person\/efac69bb5a33873e1c1bb9c1165ff38c"},"breadcrumb":{"@id":"http:\/\/obeirao.pt\/online\/2025\/03\/14\/tondela-em-grande-na-btl-de-lisboa\/#breadcrumb"},"inLanguage":"pt-PT","potentialAction":[{"@type":"ReadAction","target":["http:\/\/obeirao.pt\/online\/2025\/03\/14\/tondela-em-grande-na-btl-de-lisboa\/"]}]},{"@type":"ImageObject","inLanguage":"pt-PT","@id":"http:\/\/obeirao.pt\/online\/2025\/03\/14\/tondela-em-grande-na-btl-de-lisboa\/#primaryimage","url":"http:\/\/obeirao.pt\/online\/wp-content\/uploads\/2025\/03\/BTL-2024-1.jpg","contentUrl":"http:\/\/obeirao.pt\/online\/wp-content\/uploads\/2025\/03\/BTL-2024-1.jpg","width":1233,"height":768},{"@type":"BreadcrumbList","@id":"http:\/\/obeirao.pt\/online\/2025\/03\/14\/tondela-em-grande-na-btl-de-lisboa\/#breadcrumb","itemListElement":[{"@type":"ListItem","position":1,"name":"Home","item":"http:\/\/obeirao.pt\/online\/"},{"@type":"ListItem","position":2,"name":"TONDELA EM GRANDE NA BTL DE LISBOA"}]},{"@type":"WebSite","@id":"http:\/\/obeirao.pt\/online\/#website","url":"http:\/\/obeirao.pt\/online\/","name":"Beir\u00e3o Online","description":"www.obeirao.pt","potentialAction":[{"@type":"SearchAction","target":{"@type":"EntryPoint","urlTemplate":"http:\/\/obeirao.pt\/online\/?s={search_term_string}"},"query-input":{"@type":"PropertyValueSpecification","valueRequired":true,"valueName":"search_term_string"}}],"inLanguage":"pt-PT"},{"@type":"Person","@id":"http:\/\/obeirao.pt\/online\/#\/schema\/person\/efac69bb5a33873e1c1bb9c1165ff38c","name":"Z\u00e9 Beir\u00e3o","image":{"@type":"ImageObject","inLanguage":"pt-PT","@id":"http:\/\/0.gravatar.com\/avatar\/c8c44d1f9327baa4d27e9b1149cd71b3?s=96&d=mm&r=g","url":"http:\/\/0.gravatar.com\/avatar\/c8c44d1f9327baa4d27e9b1149cd71b3?s=96&d=mm&r=g","contentUrl":"http:\/\/0.gravatar.com\/avatar\/c8c44d1f9327baa4d27e9b1149cd71b3?s=96&d=mm&r=g","caption":"Z\u00e9 Beir\u00e3o"},"url":"http:\/\/obeirao.pt\/online\/author\/zebeirao\/"}]}},"_links":{"self":[{"href":"http:\/\/obeirao.pt\/online\/wp-json\/wp\/v2\/posts\/9074"}],"collection":[{"href":"http:\/\/obeirao.pt\/online\/wp-json\/wp\/v2\/posts"}],"about":[{"href":"http:\/\/obeirao.pt\/online\/wp-json\/wp\/v2\/types\/post"}],"author":[{"embeddable":true,"href":"http:\/\/obeirao.pt\/online\/wp-json\/wp\/v2\/users\/2"}],"replies":[{"embeddable":true,"href":"http:\/\/obeirao.pt\/online\/wp-json\/wp\/v2\/comments?post=9074"}],"version-history":[{"count":3,"href":"http:\/\/obeirao.pt\/online\/wp-json\/wp\/v2\/posts\/9074\/revisions"}],"predecessor-version":[{"id":9080,"href":"http:\/\/obeirao.pt\/online\/wp-json\/wp\/v2\/posts\/9074\/revisions\/9080"}],"wp:featuredmedia":[{"embeddable":true,"href":"http:\/\/obeirao.pt\/online\/wp-json\/wp\/v2\/media\/9075"}],"wp:attachment":[{"href":"http:\/\/obeirao.pt\/online\/wp-json\/wp\/v2\/media?parent=9074"}],"wp:term":[{"taxonomy":"category","embeddable":true,"href":"http:\/\/obeirao.pt\/online\/wp-json\/wp\/v2\/categories?post=9074"},{"taxonomy":"post_tag","embeddable":true,"href":"http:\/\/obeirao.pt\/online\/wp-json\/wp\/v2\/tags?post=9074"}],"curies":[{"name":"wp","href":"https:\/\/api.w.org\/{rel}","templated":true}]}}