{"id":9081,"date":"2025-03-17T19:52:35","date_gmt":"2025-03-17T19:52:35","guid":{"rendered":"http:\/\/obeirao.pt\/online\/?p=9081"},"modified":"2025-03-17T19:55:30","modified_gmt":"2025-03-17T19:55:30","slug":"museu-terras-de-besteiros-em-tondela","status":"publish","type":"post","link":"http:\/\/obeirao.pt\/online\/2025\/03\/17\/museu-terras-de-besteiros-em-tondela\/","title":{"rendered":"MUSEU TERRAS DE BESTEIROS EM TONDELA"},"content":{"rendered":"<span class=\"span-reading-time rt-reading-time\" style=\"display: block;\"><span class=\"rt-label rt-prefix\">tempo de leitura:<\/span> <span class=\"rt-time\"> 3<\/span> <span class=\"rt-label rt-postfix\">minutos<\/span><\/span><p><span style=\"font-family: impact, sans-serif;font-size: 24pt;color: #ff0000\"><a href=\"http:\/\/obeirao.pt\/online\/wp-content\/uploads\/2025\/03\/Exposicoes-Vivas-1.jpg\"><img loading=\"lazy\" decoding=\"async\" class=\"alignleft wp-image-9082 size-medium\" src=\"http:\/\/obeirao.pt\/online\/wp-content\/uploads\/2025\/03\/Exposicoes-Vivas-1-300x200.jpg\" alt=\"\" width=\"300\" height=\"200\" srcset=\"http:\/\/obeirao.pt\/online\/wp-content\/uploads\/2025\/03\/Exposicoes-Vivas-1-300x200.jpg 300w, http:\/\/obeirao.pt\/online\/wp-content\/uploads\/2025\/03\/Exposicoes-Vivas-1-1024x682.jpg 1024w, http:\/\/obeirao.pt\/online\/wp-content\/uploads\/2025\/03\/Exposicoes-Vivas-1-768x512.jpg 768w, http:\/\/obeirao.pt\/online\/wp-content\/uploads\/2025\/03\/Exposicoes-Vivas-1-1536x1023.jpg 1536w, http:\/\/obeirao.pt\/online\/wp-content\/uploads\/2025\/03\/Exposicoes-Vivas-1-640x426.jpg 640w, http:\/\/obeirao.pt\/online\/wp-content\/uploads\/2025\/03\/Exposicoes-Vivas-1.jpg 1600w\" sizes=\"(max-width: 300px) 100vw, 300px\" \/><\/a>Barro <span style=\"color: #000000\">Negro<\/span> de Molelos abre ciclo de \u201cExposi\u00e7\u00f5es Vivas\u201d<\/span><\/p>\n<p><strong><em>O Barro Negro de Molelos, que est\u00e1 em vias de ser integrado no Invent\u00e1rio Nacional do Patrim\u00f3nio Cultural Imaterial, fez as honras da casa e abriu o ciclo de \u201cExposi\u00e7\u00f5es Vivas\u201d promovido pelo Museu Terras de Besteiros e pelo Posto de Turismo de Tondela com o objectivo de mostrar os tr\u00eas of\u00edcios tradicionais artesanais ainda vivos do concelho de Tondela.<\/em><\/strong><!--more--><\/p>\n<p>A mostra foi inaugurada na \u00faltima sexta-feira (14 de mar\u00e7o) pelo vice-presidente da C\u00e2mara, Jo\u00e3o Carlos Figueiredo, no Museu Terras de Besteiros.<\/p>\n<p><a href=\"http:\/\/obeirao.pt\/online\/wp-content\/uploads\/2025\/03\/Exposicoes-Vivas-4.jpg\"><img loading=\"lazy\" decoding=\"async\" class=\"alignright wp-image-9083 \" src=\"http:\/\/obeirao.pt\/online\/wp-content\/uploads\/2025\/03\/Exposicoes-Vivas-4-218x300.jpg\" alt=\"\" width=\"247\" height=\"340\" srcset=\"http:\/\/obeirao.pt\/online\/wp-content\/uploads\/2025\/03\/Exposicoes-Vivas-4-218x300.jpg 218w, http:\/\/obeirao.pt\/online\/wp-content\/uploads\/2025\/03\/Exposicoes-Vivas-4-743x1024.jpg 743w, http:\/\/obeirao.pt\/online\/wp-content\/uploads\/2025\/03\/Exposicoes-Vivas-4-768x1058.jpg 768w, http:\/\/obeirao.pt\/online\/wp-content\/uploads\/2025\/03\/Exposicoes-Vivas-4-640x882.jpg 640w, http:\/\/obeirao.pt\/online\/wp-content\/uploads\/2025\/03\/Exposicoes-Vivas-4.jpg 1066w\" sizes=\"(max-width: 247px) 100vw, 247px\" \/><\/a>Na sala de exposi\u00e7\u00f5es tempor\u00e1rias podem ser vistos at\u00e9 ao dia 29 de mar\u00e7o mais de uma dezena de pe\u00e7as de lou\u00e7a preta, como a famosa bilha dos segredos, jarras e candeeiros, entre outras, e alguns utens\u00edlios usados pelos oleiros nas suas cria\u00e7\u00f5es, como a roda ou a pintadeira.<\/p>\n<p>Os objectos expostos foram seleccionados com a colabora\u00e7\u00e3o dos oleiros, em fun\u00e7\u00e3o do seu respectivo significado profissional e pessoal.<\/p>\n<p>\u201cEsta \u00e9 a primeira de tr\u00eas exposi\u00e7\u00f5es. \u00c9 uma mostra que assenta no nosso desejo de contribuir para a divulga\u00e7\u00e3o desta arte ancestral, porque nunca \u00e9 de mais faz\u00ea-lo, aquele que \u00e9 um dos elementos identit\u00e1rios mais fortes do nosso territ\u00f3rio: o barro negro de Molelos, onde reside a maior comunidade oleira negra do pa\u00eds\u201d, defendeu Jo\u00e3o Carlos Figueiredo.<\/p>\n<p>Segundo o autarca, depois da discuss\u00e3o p\u00fablica ter terminado no in\u00edcio deste m\u00eas de mar\u00e7o, a lou\u00e7a preta ser\u00e1 em breve inscrita no Invent\u00e1rio Nacional do Patrim\u00f3nio Cultural Imaterial, numa classifica\u00e7\u00e3o que resulta de um trabalho liderado pelo munic\u00edpio e que contou com a estreita liga\u00e7\u00e3o da Junta de Freguesia de Molelos e dos sete oleiros em actividade.<\/p>\n<p>\u201cNa pr\u00e1tica, isso vai querer dizer que o barro negro\/lou\u00e7a preta deixa de ser da freguesia de Molelos, do concelho de Tondela, e passa a ser de Portugal. \u00c9 essa a grande vantagem de fazer parte do invent\u00e1rio\u201d, explicou.<\/p>\n<p>O presidente da Junta de Molelos, Jos\u00e9 Ant\u00f3nio Dias, enalteceu o trabalho do munic\u00edpio na defesa do barro negro, um patrim\u00f3nio que, defendeu, \u201c\u00e9 importante salvaguardar para a freguesia, concelho e pa\u00eds\u201d.<\/p>\n<p><a href=\"http:\/\/obeirao.pt\/online\/wp-content\/uploads\/2025\/03\/Exposicoes-Vivas-5.jpg\"><img loading=\"lazy\" decoding=\"async\" class=\"alignleft wp-image-9084 size-medium\" src=\"http:\/\/obeirao.pt\/online\/wp-content\/uploads\/2025\/03\/Exposicoes-Vivas-5-206x300.jpg\" alt=\"\" width=\"206\" height=\"300\" srcset=\"http:\/\/obeirao.pt\/online\/wp-content\/uploads\/2025\/03\/Exposicoes-Vivas-5-206x300.jpg 206w, http:\/\/obeirao.pt\/online\/wp-content\/uploads\/2025\/03\/Exposicoes-Vivas-5-703x1024.jpg 703w, http:\/\/obeirao.pt\/online\/wp-content\/uploads\/2025\/03\/Exposicoes-Vivas-5-768x1118.jpg 768w, http:\/\/obeirao.pt\/online\/wp-content\/uploads\/2025\/03\/Exposicoes-Vivas-5-640x932.jpg 640w, http:\/\/obeirao.pt\/online\/wp-content\/uploads\/2025\/03\/Exposicoes-Vivas-5.jpg 787w\" sizes=\"(max-width: 206px) 100vw, 206px\" \/><\/a>\u201cQue os nossos oleiros continuem por muitos anos o seu trabalho e que continuem a promover o concelho, ao venderem as suas pe\u00e7as al\u00e9m-fronteiras\u201d, acrescentou, convidando todos os presentes a marcarem presen\u00e7a no pr\u00f3ximo evento da Soenga, que ter\u00e1 lugar nos dias 24 e 25 de maio, no Parque das Raposeiras.<\/p>\n<p>Tamb\u00e9m a oleira Fernanda Marques agradeceu o apoio que os artes\u00e3os t\u00eam recebido da C\u00e2mara.<\/p>\n<p>\u201cGosto muito do que fa\u00e7o. Tenho pena que o artesanato n\u00e3o seja mais bem pago para que pudesse ter uma empregada para fazer o meu trabalho para eu estar o meu tempo todo na roda\u201d, confessou.<\/p>\n<p>Os irm\u00e3os Ant\u00f3nio e Jos\u00e9 Lourosa congratularam-se igualmente pelo empenho de todos os envolvidos no projecto de valoriza\u00e7\u00e3o da lou\u00e7a preta, um of\u00edcio artesanal que, na sua opini\u00e3o, \u201cn\u00e3o se pode deixar perder\u201d.<\/p>\n<p><strong>Trabalho ao vivo <\/strong><\/p>\n<p><a href=\"http:\/\/obeirao.pt\/online\/wp-content\/uploads\/2025\/03\/Soenga-3.jpg\"><img loading=\"lazy\" decoding=\"async\" class=\"alignright wp-image-9087 size-medium\" src=\"http:\/\/obeirao.pt\/online\/wp-content\/uploads\/2025\/03\/Soenga-3-300x182.jpg\" alt=\"\" width=\"300\" height=\"182\" srcset=\"http:\/\/obeirao.pt\/online\/wp-content\/uploads\/2025\/03\/Soenga-3-300x182.jpg 300w, http:\/\/obeirao.pt\/online\/wp-content\/uploads\/2025\/03\/Soenga-3-1024x620.jpg 1024w, http:\/\/obeirao.pt\/online\/wp-content\/uploads\/2025\/03\/Soenga-3-768x465.jpg 768w, http:\/\/obeirao.pt\/online\/wp-content\/uploads\/2025\/03\/Soenga-3-1536x931.jpg 1536w, http:\/\/obeirao.pt\/online\/wp-content\/uploads\/2025\/03\/Soenga-3-640x388.jpg 640w, http:\/\/obeirao.pt\/online\/wp-content\/uploads\/2025\/03\/Soenga-3.jpg 1652w\" sizes=\"(max-width: 300px) 100vw, 300px\" \/><\/a>Al\u00e9m da exposi\u00e7\u00e3o com mais de uma dezena de artigos, quem passar pelo Museu Terras de Besteiros poder\u00e1 ver os artes\u00e3os com as m\u00e3os no barro. Os oleiros v\u00e3o mostrar a sua arte ao vivo, numa ac\u00e7\u00e3o aberta a toda a comunidade, a 19 de mar\u00e7o, data em que se assinala o Dia Mundial do Artes\u00e3o, entre as 10h00 e as 12h00 e das 14h30 \u00e0s 16h30, e a 25 e 28 de mar\u00e7o, das 14h30 \u00e0s 16h30.<\/p>\n<p>A entrada na exposi\u00e7\u00e3o \u00e9 gratuita, n\u00e3o carecendo de inscri\u00e7\u00e3o pr\u00e9via, salvo para turmas escolares.<\/p>\n<p>As \u201cExposi\u00e7\u00f5es Vivas\u201d prosseguir\u00e3o nos pr\u00f3ximos meses com outros of\u00edcios tradicionais artesanais. Em abril, de 7 a 30, estar\u00e3o em destaque a Cestaria e Flores de Madeira de Nandufe. O Linho de Castel\u00f5es encerra a iniciativa, estando em exposi\u00e7\u00e3o de 9 a 24 de maio no Museu Terras de Besteiros.<\/p>\n<p>\u201cEste ciclo n\u00e3o pretende mostrar apenas as pe\u00e7as que s\u00e3o produzidas, atrav\u00e9s da arte e do conhecimento dos nossos artes\u00e3os, o nosso objectivo ao promovermos esta mostra de artes vivas \u00e9 valorizar quem as faz e com isso contribuir para um refor\u00e7o enorme da identidade do nosso territ\u00f3rio\u201d, afirmou Jo\u00e3o Carlos Figueiredo, em jeito de conclus\u00e3o.<\/p>\n<p>&nbsp;<\/p>\n","protected":false},"excerpt":{"rendered":"<div class=\"mh-excerpt\"><span class=\"span-reading-time rt-reading-time\" style=\"display: block;\"><span class=\"rt-label rt-prefix\">tempo de leitura:<\/span> <span class=\"rt-time\"> 3<\/span> <span class=\"rt-label rt-postfix\">minutos<\/span><\/span>Barro Negro de Molelos abre ciclo de \u201cExposi\u00e7\u00f5es Vivas\u201d O Barro Negro de Molelos, que est\u00e1 em vias de ser integrado no Invent\u00e1rio Nacional do <a class=\"mh-excerpt-more\" href=\"http:\/\/obeirao.pt\/online\/2025\/03\/17\/museu-terras-de-besteiros-em-tondela\/\" title=\"MUSEU TERRAS DE BESTEIROS EM TONDELA\">[&#8230;]<\/a><\/div>\n","protected":false},"author":2,"featured_media":9082,"comment_status":"closed","ping_status":"closed","sticky":false,"template":"","format":"standard","meta":{"footnotes":""},"categories":[2,5,188,6,4,63,1],"tags":[],"class_list":["post-9081","post","type-post","status-publish","format-standard","has-post-thumbnail","hentry","category-principal","category-cidade","category-comunidade-intermunicipal-viseu-dao-lafoes","category-pais","category-regiao","category-tondela","category-uncategorized"],"yoast_head":"<!-- This site is optimized with the Yoast SEO plugin v27.4 - https:\/\/yoast.com\/product\/yoast-seo-wordpress\/ -->\n<title>MUSEU TERRAS DE BESTEIROS EM TONDELA - Beir\u00e3o Online<\/title>\n<meta name=\"robots\" content=\"index, follow, max-snippet:-1, max-image-preview:large, max-video-preview:-1\" \/>\n<link rel=\"canonical\" href=\"http:\/\/obeirao.pt\/online\/2025\/03\/17\/museu-terras-de-besteiros-em-tondela\/\" \/>\n<meta property=\"og:locale\" content=\"pt_PT\" \/>\n<meta property=\"og:type\" content=\"article\" \/>\n<meta property=\"og:title\" content=\"MUSEU TERRAS DE BESTEIROS EM TONDELA - Beir\u00e3o Online\" \/>\n<meta property=\"og:description\" content=\"tempo de leitura: 3 minutosBarro Negro de Molelos abre ciclo de \u201cExposi\u00e7\u00f5es Vivas\u201d O Barro Negro de Molelos, que est\u00e1 em vias de ser integrado no Invent\u00e1rio Nacional do [...]\" \/>\n<meta property=\"og:url\" content=\"http:\/\/obeirao.pt\/online\/2025\/03\/17\/museu-terras-de-besteiros-em-tondela\/\" \/>\n<meta property=\"og:site_name\" content=\"Beir\u00e3o Online\" \/>\n<meta property=\"article:publisher\" content=\"https:\/\/pt-br.facebook.com\/pages\/Amigos-de-Tondela\/273620439973877\" \/>\n<meta property=\"article:published_time\" content=\"2025-03-17T19:52:35+00:00\" \/>\n<meta property=\"article:modified_time\" content=\"2025-03-17T19:55:30+00:00\" \/>\n<meta property=\"og:image\" content=\"http:\/\/obeirao.pt\/online\/wp-content\/uploads\/2025\/03\/Exposicoes-Vivas-1.jpg\" \/>\n\t<meta property=\"og:image:width\" content=\"1600\" \/>\n\t<meta property=\"og:image:height\" content=\"1066\" \/>\n\t<meta property=\"og:image:type\" content=\"image\/jpeg\" \/>\n<meta name=\"author\" content=\"Z\u00e9 Beir\u00e3o\" \/>\n<meta name=\"twitter:card\" content=\"summary_large_image\" \/>\n<meta name=\"twitter:creator\" content=\"@JoaquimDuarteP2\" \/>\n<meta name=\"twitter:site\" content=\"@JoaquimDuarteP2\" \/>\n<meta name=\"twitter:label1\" content=\"Escrito por\" \/>\n\t<meta name=\"twitter:data1\" content=\"Z\u00e9 Beir\u00e3o\" \/>\n\t<meta name=\"twitter:label2\" content=\"Tempo estimado de leitura\" \/>\n\t<meta name=\"twitter:data2\" content=\"5 minutos\" \/>\n<script type=\"application\/ld+json\" class=\"yoast-schema-graph\">{\"@context\":\"https:\\\/\\\/schema.org\",\"@graph\":[{\"@type\":\"Article\",\"@id\":\"http:\\\/\\\/obeirao.pt\\\/online\\\/2025\\\/03\\\/17\\\/museu-terras-de-besteiros-em-tondela\\\/#article\",\"isPartOf\":{\"@id\":\"http:\\\/\\\/obeirao.pt\\\/online\\\/2025\\\/03\\\/17\\\/museu-terras-de-besteiros-em-tondela\\\/\"},\"author\":{\"name\":\"Z\u00e9 Beir\u00e3o\",\"@id\":\"http:\\\/\\\/obeirao.pt\\\/online\\\/#\\\/schema\\\/person\\\/efac69bb5a33873e1c1bb9c1165ff38c\"},\"headline\":\"MUSEU TERRAS DE BESTEIROS EM TONDELA\",\"datePublished\":\"2025-03-17T19:52:35+00:00\",\"dateModified\":\"2025-03-17T19:55:30+00:00\",\"mainEntityOfPage\":{\"@id\":\"http:\\\/\\\/obeirao.pt\\\/online\\\/2025\\\/03\\\/17\\\/museu-terras-de-besteiros-em-tondela\\\/\"},\"wordCount\":763,\"image\":{\"@id\":\"http:\\\/\\\/obeirao.pt\\\/online\\\/2025\\\/03\\\/17\\\/museu-terras-de-besteiros-em-tondela\\\/#primaryimage\"},\"thumbnailUrl\":\"http:\\\/\\\/obeirao.pt\\\/online\\\/wp-content\\\/uploads\\\/2025\\\/03\\\/Exposicoes-Vivas-1.jpg\",\"articleSection\":[\"_Principal\",\"Cidade\",\"Comunidade Intermunicipal Viseu D\u00e3o Laf\u00f5es\",\"Pa\u00eds\",\"Regi\u00e3o\",\"Tondela\",\"Uncategorized\"],\"inLanguage\":\"pt-PT\"},{\"@type\":\"WebPage\",\"@id\":\"http:\\\/\\\/obeirao.pt\\\/online\\\/2025\\\/03\\\/17\\\/museu-terras-de-besteiros-em-tondela\\\/\",\"url\":\"http:\\\/\\\/obeirao.pt\\\/online\\\/2025\\\/03\\\/17\\\/museu-terras-de-besteiros-em-tondela\\\/\",\"name\":\"MUSEU TERRAS DE BESTEIROS EM TONDELA - Beir\u00e3o Online\",\"isPartOf\":{\"@id\":\"http:\\\/\\\/obeirao.pt\\\/online\\\/#website\"},\"primaryImageOfPage\":{\"@id\":\"http:\\\/\\\/obeirao.pt\\\/online\\\/2025\\\/03\\\/17\\\/museu-terras-de-besteiros-em-tondela\\\/#primaryimage\"},\"image\":{\"@id\":\"http:\\\/\\\/obeirao.pt\\\/online\\\/2025\\\/03\\\/17\\\/museu-terras-de-besteiros-em-tondela\\\/#primaryimage\"},\"thumbnailUrl\":\"http:\\\/\\\/obeirao.pt\\\/online\\\/wp-content\\\/uploads\\\/2025\\\/03\\\/Exposicoes-Vivas-1.jpg\",\"datePublished\":\"2025-03-17T19:52:35+00:00\",\"dateModified\":\"2025-03-17T19:55:30+00:00\",\"author\":{\"@id\":\"http:\\\/\\\/obeirao.pt\\\/online\\\/#\\\/schema\\\/person\\\/efac69bb5a33873e1c1bb9c1165ff38c\"},\"breadcrumb\":{\"@id\":\"http:\\\/\\\/obeirao.pt\\\/online\\\/2025\\\/03\\\/17\\\/museu-terras-de-besteiros-em-tondela\\\/#breadcrumb\"},\"inLanguage\":\"pt-PT\",\"potentialAction\":[{\"@type\":\"ReadAction\",\"target\":[\"http:\\\/\\\/obeirao.pt\\\/online\\\/2025\\\/03\\\/17\\\/museu-terras-de-besteiros-em-tondela\\\/\"]}]},{\"@type\":\"ImageObject\",\"inLanguage\":\"pt-PT\",\"@id\":\"http:\\\/\\\/obeirao.pt\\\/online\\\/2025\\\/03\\\/17\\\/museu-terras-de-besteiros-em-tondela\\\/#primaryimage\",\"url\":\"http:\\\/\\\/obeirao.pt\\\/online\\\/wp-content\\\/uploads\\\/2025\\\/03\\\/Exposicoes-Vivas-1.jpg\",\"contentUrl\":\"http:\\\/\\\/obeirao.pt\\\/online\\\/wp-content\\\/uploads\\\/2025\\\/03\\\/Exposicoes-Vivas-1.jpg\",\"width\":1600,\"height\":1066},{\"@type\":\"BreadcrumbList\",\"@id\":\"http:\\\/\\\/obeirao.pt\\\/online\\\/2025\\\/03\\\/17\\\/museu-terras-de-besteiros-em-tondela\\\/#breadcrumb\",\"itemListElement\":[{\"@type\":\"ListItem\",\"position\":1,\"name\":\"Home\",\"item\":\"http:\\\/\\\/obeirao.pt\\\/online\\\/\"},{\"@type\":\"ListItem\",\"position\":2,\"name\":\"MUSEU TERRAS DE BESTEIROS EM TONDELA\"}]},{\"@type\":\"WebSite\",\"@id\":\"http:\\\/\\\/obeirao.pt\\\/online\\\/#website\",\"url\":\"http:\\\/\\\/obeirao.pt\\\/online\\\/\",\"name\":\"Beir\u00e3o Online\",\"description\":\"www.obeirao.pt\",\"potentialAction\":[{\"@type\":\"SearchAction\",\"target\":{\"@type\":\"EntryPoint\",\"urlTemplate\":\"http:\\\/\\\/obeirao.pt\\\/online\\\/?s={search_term_string}\"},\"query-input\":{\"@type\":\"PropertyValueSpecification\",\"valueRequired\":true,\"valueName\":\"search_term_string\"}}],\"inLanguage\":\"pt-PT\"},{\"@type\":\"Person\",\"@id\":\"http:\\\/\\\/obeirao.pt\\\/online\\\/#\\\/schema\\\/person\\\/efac69bb5a33873e1c1bb9c1165ff38c\",\"name\":\"Z\u00e9 Beir\u00e3o\",\"image\":{\"@type\":\"ImageObject\",\"inLanguage\":\"pt-PT\",\"@id\":\"http:\\\/\\\/0.gravatar.com\\\/avatar\\\/c8c44d1f9327baa4d27e9b1149cd71b3?s=96&d=mm&r=g\",\"url\":\"http:\\\/\\\/0.gravatar.com\\\/avatar\\\/c8c44d1f9327baa4d27e9b1149cd71b3?s=96&d=mm&r=g\",\"contentUrl\":\"http:\\\/\\\/0.gravatar.com\\\/avatar\\\/c8c44d1f9327baa4d27e9b1149cd71b3?s=96&d=mm&r=g\",\"caption\":\"Z\u00e9 Beir\u00e3o\"},\"url\":\"http:\\\/\\\/obeirao.pt\\\/online\\\/author\\\/zebeirao\\\/\"}]}<\/script>\n<!-- \/ Yoast SEO plugin. -->","yoast_head_json":{"title":"MUSEU TERRAS DE BESTEIROS EM TONDELA - Beir\u00e3o Online","robots":{"index":"index","follow":"follow","max-snippet":"max-snippet:-1","max-image-preview":"max-image-preview:large","max-video-preview":"max-video-preview:-1"},"canonical":"http:\/\/obeirao.pt\/online\/2025\/03\/17\/museu-terras-de-besteiros-em-tondela\/","og_locale":"pt_PT","og_type":"article","og_title":"MUSEU TERRAS DE BESTEIROS EM TONDELA - Beir\u00e3o Online","og_description":"tempo de leitura: 3 minutosBarro Negro de Molelos abre ciclo de \u201cExposi\u00e7\u00f5es Vivas\u201d O Barro Negro de Molelos, que est\u00e1 em vias de ser integrado no Invent\u00e1rio Nacional do [...]","og_url":"http:\/\/obeirao.pt\/online\/2025\/03\/17\/museu-terras-de-besteiros-em-tondela\/","og_site_name":"Beir\u00e3o Online","article_publisher":"https:\/\/pt-br.facebook.com\/pages\/Amigos-de-Tondela\/273620439973877","article_published_time":"2025-03-17T19:52:35+00:00","article_modified_time":"2025-03-17T19:55:30+00:00","og_image":[{"width":1600,"height":1066,"url":"http:\/\/obeirao.pt\/online\/wp-content\/uploads\/2025\/03\/Exposicoes-Vivas-1.jpg","type":"image\/jpeg"}],"author":"Z\u00e9 Beir\u00e3o","twitter_card":"summary_large_image","twitter_creator":"@JoaquimDuarteP2","twitter_site":"@JoaquimDuarteP2","twitter_misc":{"Escrito por":"Z\u00e9 Beir\u00e3o","Tempo estimado de leitura":"5 minutos"},"schema":{"@context":"https:\/\/schema.org","@graph":[{"@type":"Article","@id":"http:\/\/obeirao.pt\/online\/2025\/03\/17\/museu-terras-de-besteiros-em-tondela\/#article","isPartOf":{"@id":"http:\/\/obeirao.pt\/online\/2025\/03\/17\/museu-terras-de-besteiros-em-tondela\/"},"author":{"name":"Z\u00e9 Beir\u00e3o","@id":"http:\/\/obeirao.pt\/online\/#\/schema\/person\/efac69bb5a33873e1c1bb9c1165ff38c"},"headline":"MUSEU TERRAS DE BESTEIROS EM TONDELA","datePublished":"2025-03-17T19:52:35+00:00","dateModified":"2025-03-17T19:55:30+00:00","mainEntityOfPage":{"@id":"http:\/\/obeirao.pt\/online\/2025\/03\/17\/museu-terras-de-besteiros-em-tondela\/"},"wordCount":763,"image":{"@id":"http:\/\/obeirao.pt\/online\/2025\/03\/17\/museu-terras-de-besteiros-em-tondela\/#primaryimage"},"thumbnailUrl":"http:\/\/obeirao.pt\/online\/wp-content\/uploads\/2025\/03\/Exposicoes-Vivas-1.jpg","articleSection":["_Principal","Cidade","Comunidade Intermunicipal Viseu D\u00e3o Laf\u00f5es","Pa\u00eds","Regi\u00e3o","Tondela","Uncategorized"],"inLanguage":"pt-PT"},{"@type":"WebPage","@id":"http:\/\/obeirao.pt\/online\/2025\/03\/17\/museu-terras-de-besteiros-em-tondela\/","url":"http:\/\/obeirao.pt\/online\/2025\/03\/17\/museu-terras-de-besteiros-em-tondela\/","name":"MUSEU TERRAS DE BESTEIROS EM TONDELA - Beir\u00e3o Online","isPartOf":{"@id":"http:\/\/obeirao.pt\/online\/#website"},"primaryImageOfPage":{"@id":"http:\/\/obeirao.pt\/online\/2025\/03\/17\/museu-terras-de-besteiros-em-tondela\/#primaryimage"},"image":{"@id":"http:\/\/obeirao.pt\/online\/2025\/03\/17\/museu-terras-de-besteiros-em-tondela\/#primaryimage"},"thumbnailUrl":"http:\/\/obeirao.pt\/online\/wp-content\/uploads\/2025\/03\/Exposicoes-Vivas-1.jpg","datePublished":"2025-03-17T19:52:35+00:00","dateModified":"2025-03-17T19:55:30+00:00","author":{"@id":"http:\/\/obeirao.pt\/online\/#\/schema\/person\/efac69bb5a33873e1c1bb9c1165ff38c"},"breadcrumb":{"@id":"http:\/\/obeirao.pt\/online\/2025\/03\/17\/museu-terras-de-besteiros-em-tondela\/#breadcrumb"},"inLanguage":"pt-PT","potentialAction":[{"@type":"ReadAction","target":["http:\/\/obeirao.pt\/online\/2025\/03\/17\/museu-terras-de-besteiros-em-tondela\/"]}]},{"@type":"ImageObject","inLanguage":"pt-PT","@id":"http:\/\/obeirao.pt\/online\/2025\/03\/17\/museu-terras-de-besteiros-em-tondela\/#primaryimage","url":"http:\/\/obeirao.pt\/online\/wp-content\/uploads\/2025\/03\/Exposicoes-Vivas-1.jpg","contentUrl":"http:\/\/obeirao.pt\/online\/wp-content\/uploads\/2025\/03\/Exposicoes-Vivas-1.jpg","width":1600,"height":1066},{"@type":"BreadcrumbList","@id":"http:\/\/obeirao.pt\/online\/2025\/03\/17\/museu-terras-de-besteiros-em-tondela\/#breadcrumb","itemListElement":[{"@type":"ListItem","position":1,"name":"Home","item":"http:\/\/obeirao.pt\/online\/"},{"@type":"ListItem","position":2,"name":"MUSEU TERRAS DE BESTEIROS EM TONDELA"}]},{"@type":"WebSite","@id":"http:\/\/obeirao.pt\/online\/#website","url":"http:\/\/obeirao.pt\/online\/","name":"Beir\u00e3o Online","description":"www.obeirao.pt","potentialAction":[{"@type":"SearchAction","target":{"@type":"EntryPoint","urlTemplate":"http:\/\/obeirao.pt\/online\/?s={search_term_string}"},"query-input":{"@type":"PropertyValueSpecification","valueRequired":true,"valueName":"search_term_string"}}],"inLanguage":"pt-PT"},{"@type":"Person","@id":"http:\/\/obeirao.pt\/online\/#\/schema\/person\/efac69bb5a33873e1c1bb9c1165ff38c","name":"Z\u00e9 Beir\u00e3o","image":{"@type":"ImageObject","inLanguage":"pt-PT","@id":"http:\/\/0.gravatar.com\/avatar\/c8c44d1f9327baa4d27e9b1149cd71b3?s=96&d=mm&r=g","url":"http:\/\/0.gravatar.com\/avatar\/c8c44d1f9327baa4d27e9b1149cd71b3?s=96&d=mm&r=g","contentUrl":"http:\/\/0.gravatar.com\/avatar\/c8c44d1f9327baa4d27e9b1149cd71b3?s=96&d=mm&r=g","caption":"Z\u00e9 Beir\u00e3o"},"url":"http:\/\/obeirao.pt\/online\/author\/zebeirao\/"}]}},"_links":{"self":[{"href":"http:\/\/obeirao.pt\/online\/wp-json\/wp\/v2\/posts\/9081"}],"collection":[{"href":"http:\/\/obeirao.pt\/online\/wp-json\/wp\/v2\/posts"}],"about":[{"href":"http:\/\/obeirao.pt\/online\/wp-json\/wp\/v2\/types\/post"}],"author":[{"embeddable":true,"href":"http:\/\/obeirao.pt\/online\/wp-json\/wp\/v2\/users\/2"}],"replies":[{"embeddable":true,"href":"http:\/\/obeirao.pt\/online\/wp-json\/wp\/v2\/comments?post=9081"}],"version-history":[{"count":3,"href":"http:\/\/obeirao.pt\/online\/wp-json\/wp\/v2\/posts\/9081\/revisions"}],"predecessor-version":[{"id":9088,"href":"http:\/\/obeirao.pt\/online\/wp-json\/wp\/v2\/posts\/9081\/revisions\/9088"}],"wp:featuredmedia":[{"embeddable":true,"href":"http:\/\/obeirao.pt\/online\/wp-json\/wp\/v2\/media\/9082"}],"wp:attachment":[{"href":"http:\/\/obeirao.pt\/online\/wp-json\/wp\/v2\/media?parent=9081"}],"wp:term":[{"taxonomy":"category","embeddable":true,"href":"http:\/\/obeirao.pt\/online\/wp-json\/wp\/v2\/categories?post=9081"},{"taxonomy":"post_tag","embeddable":true,"href":"http:\/\/obeirao.pt\/online\/wp-json\/wp\/v2\/tags?post=9081"}],"curies":[{"name":"wp","href":"https:\/\/api.w.org\/{rel}","templated":true}]}}