{"id":9090,"date":"2025-03-21T20:37:07","date_gmt":"2025-03-21T20:37:07","guid":{"rendered":"http:\/\/obeirao.pt\/online\/?p=9090"},"modified":"2025-03-21T20:48:33","modified_gmt":"2025-03-21T20:48:33","slug":"energia-electrica-mais-barata-a-partir-do-estadio-joao-cardoso","status":"publish","type":"post","link":"http:\/\/obeirao.pt\/online\/2025\/03\/21\/energia-electrica-mais-barata-a-partir-do-estadio-joao-cardoso\/","title":{"rendered":"ENERGIA EL\u00c9CTRICA MAIS BARATA A PARTIR DO EST\u00c1DIO JO\u00c3O CARDOSO"},"content":{"rendered":"<span class=\"span-reading-time rt-reading-time\" style=\"display: block;\"><span class=\"rt-label rt-prefix\">tempo de leitura:<\/span> <span class=\"rt-time\"> 3<\/span> <span class=\"rt-label rt-postfix\">minutos<\/span><\/span><p><span style=\"font-family: impact, sans-serif;font-size: 24pt;color: #ff0000\"><a href=\"http:\/\/obeirao.pt\/online\/wp-content\/uploads\/2025\/03\/Estadio-Joao-Cardoso.-Jogo-Tondela-Sporting.jpg\"><img loading=\"lazy\" decoding=\"async\" class=\"alignleft wp-image-9091 size-medium\" src=\"http:\/\/obeirao.pt\/online\/wp-content\/uploads\/2025\/03\/Estadio-Joao-Cardoso.-Jogo-Tondela-Sporting-300x146.jpg\" alt=\"\" width=\"300\" height=\"146\" srcset=\"http:\/\/obeirao.pt\/online\/wp-content\/uploads\/2025\/03\/Estadio-Joao-Cardoso.-Jogo-Tondela-Sporting-300x146.jpg 300w, http:\/\/obeirao.pt\/online\/wp-content\/uploads\/2025\/03\/Estadio-Joao-Cardoso.-Jogo-Tondela-Sporting-768x375.jpg 768w, http:\/\/obeirao.pt\/online\/wp-content\/uploads\/2025\/03\/Estadio-Joao-Cardoso.-Jogo-Tondela-Sporting-640x313.jpg 640w, http:\/\/obeirao.pt\/online\/wp-content\/uploads\/2025\/03\/Estadio-Joao-Cardoso.-Jogo-Tondela-Sporting.jpg 1024w\" sizes=\"(max-width: 300px) 100vw, 300px\" \/><\/a>Grupo<span style=\"color: #000000\"> Greenvolt<\/span> inaugurou Comunidade de Energia com o<span style=\"color: #008000;background-color: #ffff00\"> Clube Desportivo de Tondela<\/span><\/span><\/p>\n<ul>\n<li><strong><em>Greenvolt Comunidades refor\u00e7a a posi\u00e7\u00e3o de lideran\u00e7a com inaugura\u00e7\u00e3o da Comunidade de Energia do Tondela<\/em><\/strong><\/li>\n<li><strong><em>800 pain\u00e9is instalados no est\u00e1dio Jo\u00e3o Cardoso, com uma capacidade instalada de 440 kWp e uma produ\u00e7\u00e3o estimada de 615 MWh de energia limpa e mais competitiva anualmente <\/em><\/strong><\/li>\n<li><\/li>\n<li><strong><em>Excedente de produ\u00e7\u00e3o disponibilizada \u00e0 comunidade num raio de at\u00e9 4km do est\u00e1dio, tendo sido lan\u00e7ada hoje campanha de angaria\u00e7\u00e3o de Membros Consumidores <\/em><\/strong><\/li>\n<li><strong><em>Energia produzida introduz poupan\u00e7as muito significativas ao CD de Tondela e \u00e0 Comunidade, evitando a emiss\u00e3o de 163,25 toneladas de CO2 por ano<\/em><\/strong><\/li>\n<li>A Greenvolt Comunidades, empresa do Grupo Greenvolt, e o Clube Desportivo do Tondela acabam de inaugurar a Comunidade de Energia. Com uma capacidade instalada de 440 kWp, os 800 pain\u00e9is solares fotovoltaicos inseridos na cobertura do Est\u00e1dio Jo\u00e3o Cardoso, v\u00e3o gerar energia limpa que vai ser consumida pelo clube e partilhada com a restante comunidade envolvente.<\/li>\n<li>A energia gerada por esta instala\u00e7\u00e3o dar\u00e1 resposta a parte das necessidades energ\u00e9ticas do CD de Tondela, introduzindo poupan\u00e7as muito significativas no or\u00e7amento de energia. Tamb\u00e9m atrav\u00e9s deste modelo de partilha de energia limpa evitar-se-\u00e3o emiss\u00f5es de 163,25 toneladas de CO2 anualmente. Al\u00e9m de assegurar uma boa parte das necessidades do clube, at\u00e9 380 fam\u00edlias e empresas beneficiar\u00e3o do excedente de produ\u00e7\u00e3o renov\u00e1vel, sendo ainda poss\u00edvel a integra\u00e7\u00e3o de novos membros consumidores nesta comunidade.<a href=\"http:\/\/obeirao.pt\/online\/wp-content\/uploads\/2025\/03\/25158265_1509937815741241_1590804113221070390_n.jpg\"><img loading=\"lazy\" decoding=\"async\" class=\"alignright wp-image-9094 size-medium\" src=\"http:\/\/obeirao.pt\/online\/wp-content\/uploads\/2025\/03\/25158265_1509937815741241_1590804113221070390_n-300x206.jpg\" alt=\"\" width=\"300\" height=\"206\" srcset=\"http:\/\/obeirao.pt\/online\/wp-content\/uploads\/2025\/03\/25158265_1509937815741241_1590804113221070390_n-300x206.jpg 300w, http:\/\/obeirao.pt\/online\/wp-content\/uploads\/2025\/03\/25158265_1509937815741241_1590804113221070390_n.jpg 522w\" sizes=\"(max-width: 300px) 100vw, 300px\" \/><\/a><\/li>\n<\/ul>\n<p>Com a inaugura\u00e7\u00e3o, arranca a fase de angaria\u00e7\u00e3o de membros consumidores para esta Comunidade de Energia. Fam\u00edlias e empresas situadas num raio de at\u00e9 4 quil\u00f3metros \u2013 ou mais, caso estejam abrangidas pela mesma subesta\u00e7\u00e3o el\u00e9trica \u2013 podem aderir e come\u00e7ar a beneficiar de energia limpa e mais econ\u00f3mica. O processo \u00e9 simples e sem custos: basta visitar o website da Greenvolt Comunidades, preencher o formul\u00e1rio de ades\u00e3o para serem validados os requisitos, sem qualquer compromisso. N\u00e3o \u00e9 necess\u00e1rio trocar de comercializador \u2013 a partir do momento da ades\u00e3o, a poupan\u00e7a \u00e9 imediata.<\/p>\n<p>Jo\u00e3o Manso Neto, CEO do Grupo Greenvolt, refere que \u201c<em>as comunidades de energia constituem uma solu\u00e7\u00e3o extremamente importante para acelerar o processo de transi\u00e7\u00e3o energ\u00e9tica tanto por parte daqueles que s\u00e3o os clientes-\u00e2ncora, como o CD Tondela, como dos que, depois, obt\u00eam acesso a esta energia limpa e com pre\u00e7os mais competitivos<\/em>\u201d. \u201c<em>A Comunidade de Energia que cri\u00e1mos com o Tondela \u00e9 um bom exemplo deste conceito<\/em>\u201d, acrescenta.<\/p>\n<p>\u201c<em>Este projeto que em conjunto com o CD Tondela apresentamos \u00e9 o exemplo claro das vantagens que se podem obter com as Comunidades de Energia. Temos uma entidade que vai produzir e consumir energia, mas tamb\u00e9m partilh\u00e1-la com os restantes membros desta comunidade<\/em>\u201d, diz Jos\u00e9 Queir\u00f3s de Almeida, CEO da Greenvolt Comunidades. \u201c<em>O Tondela obt\u00e9m energia limpa, a pre\u00e7os competitivos, reduzindo a sua fatura energ\u00e9tica e contribuindo para a sustentabilidade\u201d<\/em>, acrescenta.<\/p>\n<p><a href=\"http:\/\/obeirao.pt\/online\/wp-content\/uploads\/2025\/02\/Gilberto-Coimbra-reconduzido-2022.jpg\"><img loading=\"lazy\" decoding=\"async\" class=\"alignleft wp-image-9050 size-medium\" src=\"http:\/\/obeirao.pt\/online\/wp-content\/uploads\/2025\/02\/Gilberto-Coimbra-reconduzido-2022-300x169.jpg\" alt=\"\" width=\"300\" height=\"169\" srcset=\"http:\/\/obeirao.pt\/online\/wp-content\/uploads\/2025\/02\/Gilberto-Coimbra-reconduzido-2022-300x169.jpg 300w, http:\/\/obeirao.pt\/online\/wp-content\/uploads\/2025\/02\/Gilberto-Coimbra-reconduzido-2022.jpg 474w\" sizes=\"(max-width: 300px) 100vw, 300px\" \/><\/a>Para Gilberto Coimbra, Presidente do Clube Desportivo Tondela, \u201da<em> op\u00e7\u00e3o pela constru\u00e7\u00e3o de uma comunidade de energia permite uma redu\u00e7\u00e3o substancial da fatura energ\u00e9tica do clube, mas o facto de podermos envolver e impactar diretamente a comunidade e os tondelenses, partilhando o acesso a energia verde, mais barata, e contribuir para a descarboniza\u00e7\u00e3o, foram fatores absolutamente fundamentais para avan\u00e7armos com esta parceria com a Greenvolt Comunidades\u201d.<\/em><\/p>\n<p>Atrav\u00e9s da Greenvolt Comunidades, que resulta da decis\u00e3o estrat\u00e9gica do Grupo Greenvolt de apostar na promo\u00e7\u00e3o da gera\u00e7\u00e3o distribu\u00edda de energia renov\u00e1vel, tanto para autoconsumo como atrav\u00e9s do conceito de Comunidades de Energia, foram j\u00e1 desenvolvidos mais de 160 projetos de norte a sul do pa\u00eds, contando j\u00e1 com 55 Comunidades integralmente em funcionamento<\/p>\n<p>&nbsp;<\/p>\n","protected":false},"excerpt":{"rendered":"<div class=\"mh-excerpt\"><span class=\"span-reading-time rt-reading-time\" style=\"display: block;\"><span class=\"rt-label rt-prefix\">tempo de leitura:<\/span> <span class=\"rt-time\"> 3<\/span> <span class=\"rt-label rt-postfix\">minutos<\/span><\/span>Grupo Greenvolt inaugurou Comunidade de Energia com o Clube Desportivo de Tondela Greenvolt Comunidades refor\u00e7a a posi\u00e7\u00e3o de lideran\u00e7a com inaugura\u00e7\u00e3o da Comunidade de Energia <a class=\"mh-excerpt-more\" href=\"http:\/\/obeirao.pt\/online\/2025\/03\/21\/energia-electrica-mais-barata-a-partir-do-estadio-joao-cardoso\/\" title=\"ENERGIA EL\u00c9CTRICA MAIS BARATA A PARTIR DO EST\u00c1DIO JO\u00c3O CARDOSO\">[&#8230;]<\/a><\/div>\n","protected":false},"author":2,"featured_media":9091,"comment_status":"closed","ping_status":"closed","sticky":false,"template":"","format":"standard","meta":{"footnotes":""},"categories":[2,5,188,6,4,63],"tags":[],"class_list":["post-9090","post","type-post","status-publish","format-standard","has-post-thumbnail","hentry","category-principal","category-cidade","category-comunidade-intermunicipal-viseu-dao-lafoes","category-pais","category-regiao","category-tondela"],"yoast_head":"<!-- This site is optimized with the Yoast SEO plugin v27.4 - https:\/\/yoast.com\/product\/yoast-seo-wordpress\/ -->\n<title>ENERGIA EL\u00c9CTRICA MAIS BARATA A PARTIR DO EST\u00c1DIO JO\u00c3O CARDOSO - Beir\u00e3o Online<\/title>\n<meta name=\"robots\" content=\"index, follow, max-snippet:-1, max-image-preview:large, max-video-preview:-1\" \/>\n<link rel=\"canonical\" href=\"http:\/\/obeirao.pt\/online\/2025\/03\/21\/energia-electrica-mais-barata-a-partir-do-estadio-joao-cardoso\/\" \/>\n<meta property=\"og:locale\" content=\"pt_PT\" \/>\n<meta property=\"og:type\" content=\"article\" \/>\n<meta property=\"og:title\" content=\"ENERGIA EL\u00c9CTRICA MAIS BARATA A PARTIR DO EST\u00c1DIO JO\u00c3O CARDOSO - Beir\u00e3o Online\" \/>\n<meta property=\"og:description\" content=\"tempo de leitura: 3 minutosGrupo Greenvolt inaugurou Comunidade de Energia com o Clube Desportivo de Tondela Greenvolt Comunidades refor\u00e7a a posi\u00e7\u00e3o de lideran\u00e7a com inaugura\u00e7\u00e3o da Comunidade de Energia [...]\" \/>\n<meta property=\"og:url\" content=\"http:\/\/obeirao.pt\/online\/2025\/03\/21\/energia-electrica-mais-barata-a-partir-do-estadio-joao-cardoso\/\" \/>\n<meta property=\"og:site_name\" content=\"Beir\u00e3o Online\" \/>\n<meta property=\"article:publisher\" content=\"https:\/\/pt-br.facebook.com\/pages\/Amigos-de-Tondela\/273620439973877\" \/>\n<meta property=\"article:published_time\" content=\"2025-03-21T20:37:07+00:00\" \/>\n<meta property=\"article:modified_time\" content=\"2025-03-21T20:48:33+00:00\" \/>\n<meta property=\"og:image\" content=\"http:\/\/obeirao.pt\/online\/wp-content\/uploads\/2025\/03\/Estadio-Joao-Cardoso.-Jogo-Tondela-Sporting.jpg\" \/>\n\t<meta property=\"og:image:width\" content=\"1024\" \/>\n\t<meta property=\"og:image:height\" content=\"500\" \/>\n\t<meta property=\"og:image:type\" content=\"image\/jpeg\" \/>\n<meta name=\"author\" content=\"Z\u00e9 Beir\u00e3o\" \/>\n<meta name=\"twitter:card\" content=\"summary_large_image\" \/>\n<meta name=\"twitter:creator\" content=\"@JoaquimDuarteP2\" \/>\n<meta name=\"twitter:site\" content=\"@JoaquimDuarteP2\" \/>\n<meta name=\"twitter:label1\" content=\"Escrito por\" \/>\n\t<meta name=\"twitter:data1\" content=\"Z\u00e9 Beir\u00e3o\" \/>\n\t<meta name=\"twitter:label2\" content=\"Tempo estimado de leitura\" \/>\n\t<meta name=\"twitter:data2\" content=\"5 minutos\" \/>\n<script type=\"application\/ld+json\" class=\"yoast-schema-graph\">{\"@context\":\"https:\\\/\\\/schema.org\",\"@graph\":[{\"@type\":\"Article\",\"@id\":\"http:\\\/\\\/obeirao.pt\\\/online\\\/2025\\\/03\\\/21\\\/energia-electrica-mais-barata-a-partir-do-estadio-joao-cardoso\\\/#article\",\"isPartOf\":{\"@id\":\"http:\\\/\\\/obeirao.pt\\\/online\\\/2025\\\/03\\\/21\\\/energia-electrica-mais-barata-a-partir-do-estadio-joao-cardoso\\\/\"},\"author\":{\"name\":\"Z\u00e9 Beir\u00e3o\",\"@id\":\"http:\\\/\\\/obeirao.pt\\\/online\\\/#\\\/schema\\\/person\\\/efac69bb5a33873e1c1bb9c1165ff38c\"},\"headline\":\"ENERGIA EL\u00c9CTRICA MAIS BARATA A PARTIR DO EST\u00c1DIO JO\u00c3O CARDOSO\",\"datePublished\":\"2025-03-21T20:37:07+00:00\",\"dateModified\":\"2025-03-21T20:48:33+00:00\",\"mainEntityOfPage\":{\"@id\":\"http:\\\/\\\/obeirao.pt\\\/online\\\/2025\\\/03\\\/21\\\/energia-electrica-mais-barata-a-partir-do-estadio-joao-cardoso\\\/\"},\"wordCount\":653,\"image\":{\"@id\":\"http:\\\/\\\/obeirao.pt\\\/online\\\/2025\\\/03\\\/21\\\/energia-electrica-mais-barata-a-partir-do-estadio-joao-cardoso\\\/#primaryimage\"},\"thumbnailUrl\":\"http:\\\/\\\/obeirao.pt\\\/online\\\/wp-content\\\/uploads\\\/2025\\\/03\\\/Estadio-Joao-Cardoso.-Jogo-Tondela-Sporting.jpg\",\"articleSection\":[\"_Principal\",\"Cidade\",\"Comunidade Intermunicipal Viseu D\u00e3o Laf\u00f5es\",\"Pa\u00eds\",\"Regi\u00e3o\",\"Tondela\"],\"inLanguage\":\"pt-PT\"},{\"@type\":\"WebPage\",\"@id\":\"http:\\\/\\\/obeirao.pt\\\/online\\\/2025\\\/03\\\/21\\\/energia-electrica-mais-barata-a-partir-do-estadio-joao-cardoso\\\/\",\"url\":\"http:\\\/\\\/obeirao.pt\\\/online\\\/2025\\\/03\\\/21\\\/energia-electrica-mais-barata-a-partir-do-estadio-joao-cardoso\\\/\",\"name\":\"ENERGIA EL\u00c9CTRICA MAIS BARATA A PARTIR DO EST\u00c1DIO JO\u00c3O CARDOSO - Beir\u00e3o Online\",\"isPartOf\":{\"@id\":\"http:\\\/\\\/obeirao.pt\\\/online\\\/#website\"},\"primaryImageOfPage\":{\"@id\":\"http:\\\/\\\/obeirao.pt\\\/online\\\/2025\\\/03\\\/21\\\/energia-electrica-mais-barata-a-partir-do-estadio-joao-cardoso\\\/#primaryimage\"},\"image\":{\"@id\":\"http:\\\/\\\/obeirao.pt\\\/online\\\/2025\\\/03\\\/21\\\/energia-electrica-mais-barata-a-partir-do-estadio-joao-cardoso\\\/#primaryimage\"},\"thumbnailUrl\":\"http:\\\/\\\/obeirao.pt\\\/online\\\/wp-content\\\/uploads\\\/2025\\\/03\\\/Estadio-Joao-Cardoso.-Jogo-Tondela-Sporting.jpg\",\"datePublished\":\"2025-03-21T20:37:07+00:00\",\"dateModified\":\"2025-03-21T20:48:33+00:00\",\"author\":{\"@id\":\"http:\\\/\\\/obeirao.pt\\\/online\\\/#\\\/schema\\\/person\\\/efac69bb5a33873e1c1bb9c1165ff38c\"},\"breadcrumb\":{\"@id\":\"http:\\\/\\\/obeirao.pt\\\/online\\\/2025\\\/03\\\/21\\\/energia-electrica-mais-barata-a-partir-do-estadio-joao-cardoso\\\/#breadcrumb\"},\"inLanguage\":\"pt-PT\",\"potentialAction\":[{\"@type\":\"ReadAction\",\"target\":[\"http:\\\/\\\/obeirao.pt\\\/online\\\/2025\\\/03\\\/21\\\/energia-electrica-mais-barata-a-partir-do-estadio-joao-cardoso\\\/\"]}]},{\"@type\":\"ImageObject\",\"inLanguage\":\"pt-PT\",\"@id\":\"http:\\\/\\\/obeirao.pt\\\/online\\\/2025\\\/03\\\/21\\\/energia-electrica-mais-barata-a-partir-do-estadio-joao-cardoso\\\/#primaryimage\",\"url\":\"http:\\\/\\\/obeirao.pt\\\/online\\\/wp-content\\\/uploads\\\/2025\\\/03\\\/Estadio-Joao-Cardoso.-Jogo-Tondela-Sporting.jpg\",\"contentUrl\":\"http:\\\/\\\/obeirao.pt\\\/online\\\/wp-content\\\/uploads\\\/2025\\\/03\\\/Estadio-Joao-Cardoso.-Jogo-Tondela-Sporting.jpg\",\"width\":1024,\"height\":500},{\"@type\":\"BreadcrumbList\",\"@id\":\"http:\\\/\\\/obeirao.pt\\\/online\\\/2025\\\/03\\\/21\\\/energia-electrica-mais-barata-a-partir-do-estadio-joao-cardoso\\\/#breadcrumb\",\"itemListElement\":[{\"@type\":\"ListItem\",\"position\":1,\"name\":\"Home\",\"item\":\"http:\\\/\\\/obeirao.pt\\\/online\\\/\"},{\"@type\":\"ListItem\",\"position\":2,\"name\":\"ENERGIA EL\u00c9CTRICA MAIS BARATA A PARTIR DO EST\u00c1DIO JO\u00c3O CARDOSO\"}]},{\"@type\":\"WebSite\",\"@id\":\"http:\\\/\\\/obeirao.pt\\\/online\\\/#website\",\"url\":\"http:\\\/\\\/obeirao.pt\\\/online\\\/\",\"name\":\"Beir\u00e3o Online\",\"description\":\"www.obeirao.pt\",\"potentialAction\":[{\"@type\":\"SearchAction\",\"target\":{\"@type\":\"EntryPoint\",\"urlTemplate\":\"http:\\\/\\\/obeirao.pt\\\/online\\\/?s={search_term_string}\"},\"query-input\":{\"@type\":\"PropertyValueSpecification\",\"valueRequired\":true,\"valueName\":\"search_term_string\"}}],\"inLanguage\":\"pt-PT\"},{\"@type\":\"Person\",\"@id\":\"http:\\\/\\\/obeirao.pt\\\/online\\\/#\\\/schema\\\/person\\\/efac69bb5a33873e1c1bb9c1165ff38c\",\"name\":\"Z\u00e9 Beir\u00e3o\",\"image\":{\"@type\":\"ImageObject\",\"inLanguage\":\"pt-PT\",\"@id\":\"http:\\\/\\\/0.gravatar.com\\\/avatar\\\/c8c44d1f9327baa4d27e9b1149cd71b3?s=96&d=mm&r=g\",\"url\":\"http:\\\/\\\/0.gravatar.com\\\/avatar\\\/c8c44d1f9327baa4d27e9b1149cd71b3?s=96&d=mm&r=g\",\"contentUrl\":\"http:\\\/\\\/0.gravatar.com\\\/avatar\\\/c8c44d1f9327baa4d27e9b1149cd71b3?s=96&d=mm&r=g\",\"caption\":\"Z\u00e9 Beir\u00e3o\"},\"url\":\"http:\\\/\\\/obeirao.pt\\\/online\\\/author\\\/zebeirao\\\/\"}]}<\/script>\n<!-- \/ Yoast SEO plugin. -->","yoast_head_json":{"title":"ENERGIA EL\u00c9CTRICA MAIS BARATA A PARTIR DO EST\u00c1DIO JO\u00c3O CARDOSO - Beir\u00e3o Online","robots":{"index":"index","follow":"follow","max-snippet":"max-snippet:-1","max-image-preview":"max-image-preview:large","max-video-preview":"max-video-preview:-1"},"canonical":"http:\/\/obeirao.pt\/online\/2025\/03\/21\/energia-electrica-mais-barata-a-partir-do-estadio-joao-cardoso\/","og_locale":"pt_PT","og_type":"article","og_title":"ENERGIA EL\u00c9CTRICA MAIS BARATA A PARTIR DO EST\u00c1DIO JO\u00c3O CARDOSO - Beir\u00e3o Online","og_description":"tempo de leitura: 3 minutosGrupo Greenvolt inaugurou Comunidade de Energia com o Clube Desportivo de Tondela Greenvolt Comunidades refor\u00e7a a posi\u00e7\u00e3o de lideran\u00e7a com inaugura\u00e7\u00e3o da Comunidade de Energia [...]","og_url":"http:\/\/obeirao.pt\/online\/2025\/03\/21\/energia-electrica-mais-barata-a-partir-do-estadio-joao-cardoso\/","og_site_name":"Beir\u00e3o Online","article_publisher":"https:\/\/pt-br.facebook.com\/pages\/Amigos-de-Tondela\/273620439973877","article_published_time":"2025-03-21T20:37:07+00:00","article_modified_time":"2025-03-21T20:48:33+00:00","og_image":[{"width":1024,"height":500,"url":"http:\/\/obeirao.pt\/online\/wp-content\/uploads\/2025\/03\/Estadio-Joao-Cardoso.-Jogo-Tondela-Sporting.jpg","type":"image\/jpeg"}],"author":"Z\u00e9 Beir\u00e3o","twitter_card":"summary_large_image","twitter_creator":"@JoaquimDuarteP2","twitter_site":"@JoaquimDuarteP2","twitter_misc":{"Escrito por":"Z\u00e9 Beir\u00e3o","Tempo estimado de leitura":"5 minutos"},"schema":{"@context":"https:\/\/schema.org","@graph":[{"@type":"Article","@id":"http:\/\/obeirao.pt\/online\/2025\/03\/21\/energia-electrica-mais-barata-a-partir-do-estadio-joao-cardoso\/#article","isPartOf":{"@id":"http:\/\/obeirao.pt\/online\/2025\/03\/21\/energia-electrica-mais-barata-a-partir-do-estadio-joao-cardoso\/"},"author":{"name":"Z\u00e9 Beir\u00e3o","@id":"http:\/\/obeirao.pt\/online\/#\/schema\/person\/efac69bb5a33873e1c1bb9c1165ff38c"},"headline":"ENERGIA EL\u00c9CTRICA MAIS BARATA A PARTIR DO EST\u00c1DIO JO\u00c3O CARDOSO","datePublished":"2025-03-21T20:37:07+00:00","dateModified":"2025-03-21T20:48:33+00:00","mainEntityOfPage":{"@id":"http:\/\/obeirao.pt\/online\/2025\/03\/21\/energia-electrica-mais-barata-a-partir-do-estadio-joao-cardoso\/"},"wordCount":653,"image":{"@id":"http:\/\/obeirao.pt\/online\/2025\/03\/21\/energia-electrica-mais-barata-a-partir-do-estadio-joao-cardoso\/#primaryimage"},"thumbnailUrl":"http:\/\/obeirao.pt\/online\/wp-content\/uploads\/2025\/03\/Estadio-Joao-Cardoso.-Jogo-Tondela-Sporting.jpg","articleSection":["_Principal","Cidade","Comunidade Intermunicipal Viseu D\u00e3o Laf\u00f5es","Pa\u00eds","Regi\u00e3o","Tondela"],"inLanguage":"pt-PT"},{"@type":"WebPage","@id":"http:\/\/obeirao.pt\/online\/2025\/03\/21\/energia-electrica-mais-barata-a-partir-do-estadio-joao-cardoso\/","url":"http:\/\/obeirao.pt\/online\/2025\/03\/21\/energia-electrica-mais-barata-a-partir-do-estadio-joao-cardoso\/","name":"ENERGIA EL\u00c9CTRICA MAIS BARATA A PARTIR DO EST\u00c1DIO JO\u00c3O CARDOSO - Beir\u00e3o Online","isPartOf":{"@id":"http:\/\/obeirao.pt\/online\/#website"},"primaryImageOfPage":{"@id":"http:\/\/obeirao.pt\/online\/2025\/03\/21\/energia-electrica-mais-barata-a-partir-do-estadio-joao-cardoso\/#primaryimage"},"image":{"@id":"http:\/\/obeirao.pt\/online\/2025\/03\/21\/energia-electrica-mais-barata-a-partir-do-estadio-joao-cardoso\/#primaryimage"},"thumbnailUrl":"http:\/\/obeirao.pt\/online\/wp-content\/uploads\/2025\/03\/Estadio-Joao-Cardoso.-Jogo-Tondela-Sporting.jpg","datePublished":"2025-03-21T20:37:07+00:00","dateModified":"2025-03-21T20:48:33+00:00","author":{"@id":"http:\/\/obeirao.pt\/online\/#\/schema\/person\/efac69bb5a33873e1c1bb9c1165ff38c"},"breadcrumb":{"@id":"http:\/\/obeirao.pt\/online\/2025\/03\/21\/energia-electrica-mais-barata-a-partir-do-estadio-joao-cardoso\/#breadcrumb"},"inLanguage":"pt-PT","potentialAction":[{"@type":"ReadAction","target":["http:\/\/obeirao.pt\/online\/2025\/03\/21\/energia-electrica-mais-barata-a-partir-do-estadio-joao-cardoso\/"]}]},{"@type":"ImageObject","inLanguage":"pt-PT","@id":"http:\/\/obeirao.pt\/online\/2025\/03\/21\/energia-electrica-mais-barata-a-partir-do-estadio-joao-cardoso\/#primaryimage","url":"http:\/\/obeirao.pt\/online\/wp-content\/uploads\/2025\/03\/Estadio-Joao-Cardoso.-Jogo-Tondela-Sporting.jpg","contentUrl":"http:\/\/obeirao.pt\/online\/wp-content\/uploads\/2025\/03\/Estadio-Joao-Cardoso.-Jogo-Tondela-Sporting.jpg","width":1024,"height":500},{"@type":"BreadcrumbList","@id":"http:\/\/obeirao.pt\/online\/2025\/03\/21\/energia-electrica-mais-barata-a-partir-do-estadio-joao-cardoso\/#breadcrumb","itemListElement":[{"@type":"ListItem","position":1,"name":"Home","item":"http:\/\/obeirao.pt\/online\/"},{"@type":"ListItem","position":2,"name":"ENERGIA EL\u00c9CTRICA MAIS BARATA A PARTIR DO EST\u00c1DIO JO\u00c3O CARDOSO"}]},{"@type":"WebSite","@id":"http:\/\/obeirao.pt\/online\/#website","url":"http:\/\/obeirao.pt\/online\/","name":"Beir\u00e3o Online","description":"www.obeirao.pt","potentialAction":[{"@type":"SearchAction","target":{"@type":"EntryPoint","urlTemplate":"http:\/\/obeirao.pt\/online\/?s={search_term_string}"},"query-input":{"@type":"PropertyValueSpecification","valueRequired":true,"valueName":"search_term_string"}}],"inLanguage":"pt-PT"},{"@type":"Person","@id":"http:\/\/obeirao.pt\/online\/#\/schema\/person\/efac69bb5a33873e1c1bb9c1165ff38c","name":"Z\u00e9 Beir\u00e3o","image":{"@type":"ImageObject","inLanguage":"pt-PT","@id":"http:\/\/0.gravatar.com\/avatar\/c8c44d1f9327baa4d27e9b1149cd71b3?s=96&d=mm&r=g","url":"http:\/\/0.gravatar.com\/avatar\/c8c44d1f9327baa4d27e9b1149cd71b3?s=96&d=mm&r=g","contentUrl":"http:\/\/0.gravatar.com\/avatar\/c8c44d1f9327baa4d27e9b1149cd71b3?s=96&d=mm&r=g","caption":"Z\u00e9 Beir\u00e3o"},"url":"http:\/\/obeirao.pt\/online\/author\/zebeirao\/"}]}},"_links":{"self":[{"href":"http:\/\/obeirao.pt\/online\/wp-json\/wp\/v2\/posts\/9090"}],"collection":[{"href":"http:\/\/obeirao.pt\/online\/wp-json\/wp\/v2\/posts"}],"about":[{"href":"http:\/\/obeirao.pt\/online\/wp-json\/wp\/v2\/types\/post"}],"author":[{"embeddable":true,"href":"http:\/\/obeirao.pt\/online\/wp-json\/wp\/v2\/users\/2"}],"replies":[{"embeddable":true,"href":"http:\/\/obeirao.pt\/online\/wp-json\/wp\/v2\/comments?post=9090"}],"version-history":[{"count":3,"href":"http:\/\/obeirao.pt\/online\/wp-json\/wp\/v2\/posts\/9090\/revisions"}],"predecessor-version":[{"id":9095,"href":"http:\/\/obeirao.pt\/online\/wp-json\/wp\/v2\/posts\/9090\/revisions\/9095"}],"wp:featuredmedia":[{"embeddable":true,"href":"http:\/\/obeirao.pt\/online\/wp-json\/wp\/v2\/media\/9091"}],"wp:attachment":[{"href":"http:\/\/obeirao.pt\/online\/wp-json\/wp\/v2\/media?parent=9090"}],"wp:term":[{"taxonomy":"category","embeddable":true,"href":"http:\/\/obeirao.pt\/online\/wp-json\/wp\/v2\/categories?post=9090"},{"taxonomy":"post_tag","embeddable":true,"href":"http:\/\/obeirao.pt\/online\/wp-json\/wp\/v2\/tags?post=9090"}],"curies":[{"name":"wp","href":"https:\/\/api.w.org\/{rel}","templated":true}]}}