{"id":9422,"date":"2025-11-25T19:28:17","date_gmt":"2025-11-25T19:28:17","guid":{"rendered":"http:\/\/obeirao.pt\/online\/?p=9422"},"modified":"2025-11-25T19:53:08","modified_gmt":"2025-11-25T19:53:08","slug":"honra-e-gloria-para-tondela","status":"publish","type":"post","link":"http:\/\/obeirao.pt\/online\/2025\/11\/25\/honra-e-gloria-para-tondela\/","title":{"rendered":"HONRA E GL\u00d3RIA PARA TONDELA"},"content":{"rendered":"<span class=\"span-reading-time rt-reading-time\" style=\"display: block;\"><span class=\"rt-label rt-prefix\">tempo de leitura:<\/span> <span class=\"rt-time\"> 2<\/span> <span class=\"rt-label rt-postfix\">minutos<\/span><\/span><p><span style=\"font-size: 24pt;font-family: impact, sans-serif;color: #ff0000\"><a href=\"http:\/\/obeirao.pt\/online\/wp-content\/uploads\/2025\/11\/Tomas-Duarte-Marques-2.jpg\"><img loading=\"lazy\" decoding=\"async\" class=\"alignleft wp-image-9423 size-medium\" src=\"http:\/\/obeirao.pt\/online\/wp-content\/uploads\/2025\/11\/Tomas-Duarte-Marques-2-300x240.jpg\" alt=\"\" width=\"300\" height=\"240\" srcset=\"http:\/\/obeirao.pt\/online\/wp-content\/uploads\/2025\/11\/Tomas-Duarte-Marques-2-300x240.jpg 300w, http:\/\/obeirao.pt\/online\/wp-content\/uploads\/2025\/11\/Tomas-Duarte-Marques-2-1024x819.jpg 1024w, http:\/\/obeirao.pt\/online\/wp-content\/uploads\/2025\/11\/Tomas-Duarte-Marques-2-768x614.jpg 768w, http:\/\/obeirao.pt\/online\/wp-content\/uploads\/2025\/11\/Tomas-Duarte-Marques-2-640x512.jpg 640w, http:\/\/obeirao.pt\/online\/wp-content\/uploads\/2025\/11\/Tomas-Duarte-Marques-2.jpg 1535w\" sizes=\"(max-width: 300px) 100vw, 300px\" \/><\/a>Melhor jogador do Europeu de Rugby sub-20 \u00e9 tondelense<\/span><\/p>\n<p><em><strong>Tanto no futebol como no Rugby, Tondela enche-se de orgulho, porque forma hoje, os \u201ccraks\u201d de amanh\u00e3 e, no Rugby, alcan\u00e7a a maior gl\u00f3ria, atrav\u00e9s n\u00e3o s\u00f3 do Rugby Clube de Tondela, mas tamb\u00e9m ao n\u00edvel da Selec\u00e7\u00e3o Nacional de Rugby.<\/strong><\/em><!--more--><\/p>\n<p>\u00c9 Tondela a crescer, tamb\u00e9m, no desporto amador e de alta competi\u00e7\u00e3o, onde o Clube Desportivo de Tondela conquistou, pela segunda vez, o direito de militar no primeiro escal\u00e3o do futebol profissional.<\/p>\n<p><a href=\"http:\/\/obeirao.pt\/online\/wp-content\/uploads\/2025\/11\/Tomas-Duarte-Marques-rugby.jpg\"><img loading=\"lazy\" decoding=\"async\" class=\"alignright wp-image-9424 size-medium\" src=\"http:\/\/obeirao.pt\/online\/wp-content\/uploads\/2025\/11\/Tomas-Duarte-Marques-rugby-300x232.jpg\" alt=\"\" width=\"300\" height=\"232\" srcset=\"http:\/\/obeirao.pt\/online\/wp-content\/uploads\/2025\/11\/Tomas-Duarte-Marques-rugby-300x232.jpg 300w, http:\/\/obeirao.pt\/online\/wp-content\/uploads\/2025\/11\/Tomas-Duarte-Marques-rugby-768x595.jpg 768w, http:\/\/obeirao.pt\/online\/wp-content\/uploads\/2025\/11\/Tomas-Duarte-Marques-rugby-640x496.jpg 640w, http:\/\/obeirao.pt\/online\/wp-content\/uploads\/2025\/11\/Tomas-Duarte-Marques-rugby.jpg 928w\" sizes=\"(max-width: 300px) 100vw, 300px\" \/><\/a>O atleta tondelense <strong>Tom\u00e1s Duarte Marques,<\/strong> do Rugby Clube de Tondela, integrou a Selec\u00e7\u00e3o Nacional de Rugby Sub-20 que conquistou o Campeonato da Europa este domingo, dia 23 de Novembro e venceu o pr\u00e9mio de Melhor Jogador do Torneio do Campeonato da Europa Sub-20 de Rugby, realizado na Rep\u00fablica Checa.<\/p>\n<p>Em comunicado, nas redes sociais, o Munic\u00edpio de Tondela <strong><em>\u201cfelicita o Rugby Clube de Tondela pelo trabalho que vem desenvolvendo e parabeniza o atleta, que voltou a destacar o nome do concelho\u201d.<\/em><\/strong><\/p>\n<p>Deve recordar-se que a selec\u00e7\u00e3o portuguesa de rugby sub-20 sagrou-se este fim- de-semana, bicampe\u00e3 europeia, ap\u00f3s derrotar os Pa\u00edses Baixos (29-17), na final do Rugby Europe Championship daquele escal\u00e3o, que se disputou em Praga.<\/p>\n<figure id=\"attachment_9426\" aria-describedby=\"caption-attachment-9426\" style=\"width: 300px\" class=\"wp-caption alignleft\"><a href=\"http:\/\/obeirao.pt\/online\/wp-content\/uploads\/2025\/11\/RCT-tambem-rugby-senior-e-feminino.jpg\"><img loading=\"lazy\" decoding=\"async\" class=\"wp-image-9426 size-medium\" src=\"http:\/\/obeirao.pt\/online\/wp-content\/uploads\/2025\/11\/RCT-tambem-rugby-senior-e-feminino-300x169.jpg\" alt=\"\" width=\"300\" height=\"169\" srcset=\"http:\/\/obeirao.pt\/online\/wp-content\/uploads\/2025\/11\/RCT-tambem-rugby-senior-e-feminino-300x169.jpg 300w, http:\/\/obeirao.pt\/online\/wp-content\/uploads\/2025\/11\/RCT-tambem-rugby-senior-e-feminino-768x432.jpg 768w, http:\/\/obeirao.pt\/online\/wp-content\/uploads\/2025\/11\/RCT-tambem-rugby-senior-e-feminino-640x360.jpg 640w, http:\/\/obeirao.pt\/online\/wp-content\/uploads\/2025\/11\/RCT-tambem-rugby-senior-e-feminino-678x381.jpg 678w, http:\/\/obeirao.pt\/online\/wp-content\/uploads\/2025\/11\/RCT-tambem-rugby-senior-e-feminino.jpg 816w\" sizes=\"(max-width: 300px) 100vw, 300px\" \/><\/a><figcaption id=\"caption-attachment-9426\" class=\"wp-caption-text\">RCT tamb\u00e9m tem rugby s\u00e9nior e feminino<\/figcaption><\/figure>\n<p>Para chegar \u00e0 final, os \u201clobinhos\u201d eliminaram a Pol\u00f3nia (63-0), nos quartos de final e a Rep\u00fablica Checa (60-3), nas meias-finais.<\/p>\n<p>Este foi o quinto t\u00edtulo de campe\u00e3o europeu sub-20 conquistado por Portugal (2017, 2018, 2019, 2024, 2025), que det\u00e9m ainda um t\u00edtulo de sub-19 (2012), conquistado antes da altera\u00e7\u00e3o dos escal\u00f5es et\u00e1rios promovida pela Rugby Europe a partir de 2017.<\/p>\n<p>Est\u00e3o de parab\u00e9ns o Tom\u00e1s Duarte Marques, o Rugby Clube de Tondela e a Selec\u00e7\u00e3o Nacional da modalidade. No fundo, o concelho de Tondela, tamb\u00e9m est\u00e1 de parab\u00e9ns, por criar campe\u00f5es.<\/p>\n<p>______________<\/p>\n<p><em>NOTA \u2013 O jovem Tom\u00e1s, \u00e9 neto materno do jornalista Z\u00e9 Beir\u00e3o., director do jornal digital \u201cBeir\u00e3o Online\u201d. Al\u00e9m disso, tem mais um neto no rugby s\u00e9nior (Rodrigo) e teve mais tr\u00eas netas no rugby feminino &#8211; Susana e Francisca Ventura Pereira e In\u00eas Duarte Marques, esta que ainda joga.<br \/>\n<\/em><\/p>\n<p>&nbsp;<\/p>\n","protected":false},"excerpt":{"rendered":"<div class=\"mh-excerpt\"><span class=\"span-reading-time rt-reading-time\" style=\"display: block;\"><span class=\"rt-label rt-prefix\">tempo de leitura:<\/span> <span class=\"rt-time\"> 2<\/span> <span class=\"rt-label rt-postfix\">minutos<\/span><\/span>Melhor jogador do Europeu de Rugby sub-20 \u00e9 tondelense Tanto no futebol como no Rugby, Tondela enche-se de orgulho, porque forma hoje, os \u201ccraks\u201d de <a class=\"mh-excerpt-more\" href=\"http:\/\/obeirao.pt\/online\/2025\/11\/25\/honra-e-gloria-para-tondela\/\" title=\"HONRA E GL\u00d3RIA PARA TONDELA\">[&#8230;]<\/a><\/div>\n","protected":false},"author":2,"featured_media":9423,"comment_status":"closed","ping_status":"closed","sticky":false,"template":"","format":"standard","meta":{"footnotes":""},"categories":[2,5,188,43,6,4,63],"tags":[],"class_list":["post-9422","post","type-post","status-publish","format-standard","has-post-thumbnail","hentry","category-principal","category-cidade","category-comunidade-intermunicipal-viseu-dao-lafoes","category-desporto","category-pais","category-regiao","category-tondela"],"yoast_head":"<!-- This site is optimized with the Yoast SEO plugin v27.4 - https:\/\/yoast.com\/product\/yoast-seo-wordpress\/ -->\n<title>HONRA E GL\u00d3RIA PARA TONDELA - Beir\u00e3o Online<\/title>\n<meta name=\"robots\" content=\"index, follow, max-snippet:-1, max-image-preview:large, max-video-preview:-1\" \/>\n<link rel=\"canonical\" href=\"http:\/\/obeirao.pt\/online\/2025\/11\/25\/honra-e-gloria-para-tondela\/\" \/>\n<meta property=\"og:locale\" content=\"pt_PT\" \/>\n<meta property=\"og:type\" content=\"article\" \/>\n<meta property=\"og:title\" content=\"HONRA E GL\u00d3RIA PARA TONDELA - Beir\u00e3o Online\" \/>\n<meta property=\"og:description\" content=\"tempo de leitura: 2 minutosMelhor jogador do Europeu de Rugby sub-20 \u00e9 tondelense Tanto no futebol como no Rugby, Tondela enche-se de orgulho, porque forma hoje, os \u201ccraks\u201d de [...]\" \/>\n<meta property=\"og:url\" content=\"http:\/\/obeirao.pt\/online\/2025\/11\/25\/honra-e-gloria-para-tondela\/\" \/>\n<meta property=\"og:site_name\" content=\"Beir\u00e3o Online\" \/>\n<meta property=\"article:publisher\" content=\"https:\/\/pt-br.facebook.com\/pages\/Amigos-de-Tondela\/273620439973877\" \/>\n<meta property=\"article:published_time\" content=\"2025-11-25T19:28:17+00:00\" \/>\n<meta property=\"article:modified_time\" content=\"2025-11-25T19:53:08+00:00\" \/>\n<meta property=\"og:image\" content=\"http:\/\/obeirao.pt\/online\/wp-content\/uploads\/2025\/11\/Tomas-Duarte-Marques-2.jpg\" \/>\n\t<meta property=\"og:image:width\" content=\"1535\" \/>\n\t<meta property=\"og:image:height\" content=\"1227\" \/>\n\t<meta property=\"og:image:type\" content=\"image\/jpeg\" \/>\n<meta name=\"author\" content=\"Z\u00e9 Beir\u00e3o\" \/>\n<meta name=\"twitter:card\" content=\"summary_large_image\" \/>\n<meta name=\"twitter:creator\" content=\"@JoaquimDuarteP2\" \/>\n<meta name=\"twitter:site\" content=\"@JoaquimDuarteP2\" \/>\n<meta name=\"twitter:label1\" content=\"Escrito por\" \/>\n\t<meta name=\"twitter:data1\" content=\"Z\u00e9 Beir\u00e3o\" \/>\n\t<meta name=\"twitter:label2\" content=\"Tempo estimado de leitura\" \/>\n\t<meta name=\"twitter:data2\" content=\"3 minutos\" \/>\n<script type=\"application\/ld+json\" class=\"yoast-schema-graph\">{\"@context\":\"https:\\\/\\\/schema.org\",\"@graph\":[{\"@type\":\"Article\",\"@id\":\"http:\\\/\\\/obeirao.pt\\\/online\\\/2025\\\/11\\\/25\\\/honra-e-gloria-para-tondela\\\/#article\",\"isPartOf\":{\"@id\":\"http:\\\/\\\/obeirao.pt\\\/online\\\/2025\\\/11\\\/25\\\/honra-e-gloria-para-tondela\\\/\"},\"author\":{\"name\":\"Z\u00e9 Beir\u00e3o\",\"@id\":\"http:\\\/\\\/obeirao.pt\\\/online\\\/#\\\/schema\\\/person\\\/efac69bb5a33873e1c1bb9c1165ff38c\"},\"headline\":\"HONRA E GL\u00d3RIA PARA TONDELA\",\"datePublished\":\"2025-11-25T19:28:17+00:00\",\"dateModified\":\"2025-11-25T19:53:08+00:00\",\"mainEntityOfPage\":{\"@id\":\"http:\\\/\\\/obeirao.pt\\\/online\\\/2025\\\/11\\\/25\\\/honra-e-gloria-para-tondela\\\/\"},\"wordCount\":392,\"image\":{\"@id\":\"http:\\\/\\\/obeirao.pt\\\/online\\\/2025\\\/11\\\/25\\\/honra-e-gloria-para-tondela\\\/#primaryimage\"},\"thumbnailUrl\":\"http:\\\/\\\/obeirao.pt\\\/online\\\/wp-content\\\/uploads\\\/2025\\\/11\\\/Tomas-Duarte-Marques-2.jpg\",\"articleSection\":[\"_Principal\",\"Cidade\",\"Comunidade Intermunicipal Viseu D\u00e3o Laf\u00f5es\",\"Desporto\",\"Pa\u00eds\",\"Regi\u00e3o\",\"Tondela\"],\"inLanguage\":\"pt-PT\"},{\"@type\":\"WebPage\",\"@id\":\"http:\\\/\\\/obeirao.pt\\\/online\\\/2025\\\/11\\\/25\\\/honra-e-gloria-para-tondela\\\/\",\"url\":\"http:\\\/\\\/obeirao.pt\\\/online\\\/2025\\\/11\\\/25\\\/honra-e-gloria-para-tondela\\\/\",\"name\":\"HONRA E GL\u00d3RIA PARA TONDELA - Beir\u00e3o Online\",\"isPartOf\":{\"@id\":\"http:\\\/\\\/obeirao.pt\\\/online\\\/#website\"},\"primaryImageOfPage\":{\"@id\":\"http:\\\/\\\/obeirao.pt\\\/online\\\/2025\\\/11\\\/25\\\/honra-e-gloria-para-tondela\\\/#primaryimage\"},\"image\":{\"@id\":\"http:\\\/\\\/obeirao.pt\\\/online\\\/2025\\\/11\\\/25\\\/honra-e-gloria-para-tondela\\\/#primaryimage\"},\"thumbnailUrl\":\"http:\\\/\\\/obeirao.pt\\\/online\\\/wp-content\\\/uploads\\\/2025\\\/11\\\/Tomas-Duarte-Marques-2.jpg\",\"datePublished\":\"2025-11-25T19:28:17+00:00\",\"dateModified\":\"2025-11-25T19:53:08+00:00\",\"author\":{\"@id\":\"http:\\\/\\\/obeirao.pt\\\/online\\\/#\\\/schema\\\/person\\\/efac69bb5a33873e1c1bb9c1165ff38c\"},\"breadcrumb\":{\"@id\":\"http:\\\/\\\/obeirao.pt\\\/online\\\/2025\\\/11\\\/25\\\/honra-e-gloria-para-tondela\\\/#breadcrumb\"},\"inLanguage\":\"pt-PT\",\"potentialAction\":[{\"@type\":\"ReadAction\",\"target\":[\"http:\\\/\\\/obeirao.pt\\\/online\\\/2025\\\/11\\\/25\\\/honra-e-gloria-para-tondela\\\/\"]}]},{\"@type\":\"ImageObject\",\"inLanguage\":\"pt-PT\",\"@id\":\"http:\\\/\\\/obeirao.pt\\\/online\\\/2025\\\/11\\\/25\\\/honra-e-gloria-para-tondela\\\/#primaryimage\",\"url\":\"http:\\\/\\\/obeirao.pt\\\/online\\\/wp-content\\\/uploads\\\/2025\\\/11\\\/Tomas-Duarte-Marques-2.jpg\",\"contentUrl\":\"http:\\\/\\\/obeirao.pt\\\/online\\\/wp-content\\\/uploads\\\/2025\\\/11\\\/Tomas-Duarte-Marques-2.jpg\",\"width\":1535,\"height\":1227},{\"@type\":\"BreadcrumbList\",\"@id\":\"http:\\\/\\\/obeirao.pt\\\/online\\\/2025\\\/11\\\/25\\\/honra-e-gloria-para-tondela\\\/#breadcrumb\",\"itemListElement\":[{\"@type\":\"ListItem\",\"position\":1,\"name\":\"Home\",\"item\":\"http:\\\/\\\/obeirao.pt\\\/online\\\/\"},{\"@type\":\"ListItem\",\"position\":2,\"name\":\"HONRA E GL\u00d3RIA PARA TONDELA\"}]},{\"@type\":\"WebSite\",\"@id\":\"http:\\\/\\\/obeirao.pt\\\/online\\\/#website\",\"url\":\"http:\\\/\\\/obeirao.pt\\\/online\\\/\",\"name\":\"Beir\u00e3o Online\",\"description\":\"www.obeirao.pt\",\"potentialAction\":[{\"@type\":\"SearchAction\",\"target\":{\"@type\":\"EntryPoint\",\"urlTemplate\":\"http:\\\/\\\/obeirao.pt\\\/online\\\/?s={search_term_string}\"},\"query-input\":{\"@type\":\"PropertyValueSpecification\",\"valueRequired\":true,\"valueName\":\"search_term_string\"}}],\"inLanguage\":\"pt-PT\"},{\"@type\":\"Person\",\"@id\":\"http:\\\/\\\/obeirao.pt\\\/online\\\/#\\\/schema\\\/person\\\/efac69bb5a33873e1c1bb9c1165ff38c\",\"name\":\"Z\u00e9 Beir\u00e3o\",\"image\":{\"@type\":\"ImageObject\",\"inLanguage\":\"pt-PT\",\"@id\":\"http:\\\/\\\/0.gravatar.com\\\/avatar\\\/c8c44d1f9327baa4d27e9b1149cd71b3?s=96&d=mm&r=g\",\"url\":\"http:\\\/\\\/0.gravatar.com\\\/avatar\\\/c8c44d1f9327baa4d27e9b1149cd71b3?s=96&d=mm&r=g\",\"contentUrl\":\"http:\\\/\\\/0.gravatar.com\\\/avatar\\\/c8c44d1f9327baa4d27e9b1149cd71b3?s=96&d=mm&r=g\",\"caption\":\"Z\u00e9 Beir\u00e3o\"},\"url\":\"http:\\\/\\\/obeirao.pt\\\/online\\\/author\\\/zebeirao\\\/\"}]}<\/script>\n<!-- \/ Yoast SEO plugin. -->","yoast_head_json":{"title":"HONRA E GL\u00d3RIA PARA TONDELA - Beir\u00e3o Online","robots":{"index":"index","follow":"follow","max-snippet":"max-snippet:-1","max-image-preview":"max-image-preview:large","max-video-preview":"max-video-preview:-1"},"canonical":"http:\/\/obeirao.pt\/online\/2025\/11\/25\/honra-e-gloria-para-tondela\/","og_locale":"pt_PT","og_type":"article","og_title":"HONRA E GL\u00d3RIA PARA TONDELA - Beir\u00e3o Online","og_description":"tempo de leitura: 2 minutosMelhor jogador do Europeu de Rugby sub-20 \u00e9 tondelense Tanto no futebol como no Rugby, Tondela enche-se de orgulho, porque forma hoje, os \u201ccraks\u201d de [...]","og_url":"http:\/\/obeirao.pt\/online\/2025\/11\/25\/honra-e-gloria-para-tondela\/","og_site_name":"Beir\u00e3o Online","article_publisher":"https:\/\/pt-br.facebook.com\/pages\/Amigos-de-Tondela\/273620439973877","article_published_time":"2025-11-25T19:28:17+00:00","article_modified_time":"2025-11-25T19:53:08+00:00","og_image":[{"width":1535,"height":1227,"url":"http:\/\/obeirao.pt\/online\/wp-content\/uploads\/2025\/11\/Tomas-Duarte-Marques-2.jpg","type":"image\/jpeg"}],"author":"Z\u00e9 Beir\u00e3o","twitter_card":"summary_large_image","twitter_creator":"@JoaquimDuarteP2","twitter_site":"@JoaquimDuarteP2","twitter_misc":{"Escrito por":"Z\u00e9 Beir\u00e3o","Tempo estimado de leitura":"3 minutos"},"schema":{"@context":"https:\/\/schema.org","@graph":[{"@type":"Article","@id":"http:\/\/obeirao.pt\/online\/2025\/11\/25\/honra-e-gloria-para-tondela\/#article","isPartOf":{"@id":"http:\/\/obeirao.pt\/online\/2025\/11\/25\/honra-e-gloria-para-tondela\/"},"author":{"name":"Z\u00e9 Beir\u00e3o","@id":"http:\/\/obeirao.pt\/online\/#\/schema\/person\/efac69bb5a33873e1c1bb9c1165ff38c"},"headline":"HONRA E GL\u00d3RIA PARA TONDELA","datePublished":"2025-11-25T19:28:17+00:00","dateModified":"2025-11-25T19:53:08+00:00","mainEntityOfPage":{"@id":"http:\/\/obeirao.pt\/online\/2025\/11\/25\/honra-e-gloria-para-tondela\/"},"wordCount":392,"image":{"@id":"http:\/\/obeirao.pt\/online\/2025\/11\/25\/honra-e-gloria-para-tondela\/#primaryimage"},"thumbnailUrl":"http:\/\/obeirao.pt\/online\/wp-content\/uploads\/2025\/11\/Tomas-Duarte-Marques-2.jpg","articleSection":["_Principal","Cidade","Comunidade Intermunicipal Viseu D\u00e3o Laf\u00f5es","Desporto","Pa\u00eds","Regi\u00e3o","Tondela"],"inLanguage":"pt-PT"},{"@type":"WebPage","@id":"http:\/\/obeirao.pt\/online\/2025\/11\/25\/honra-e-gloria-para-tondela\/","url":"http:\/\/obeirao.pt\/online\/2025\/11\/25\/honra-e-gloria-para-tondela\/","name":"HONRA E GL\u00d3RIA PARA TONDELA - Beir\u00e3o Online","isPartOf":{"@id":"http:\/\/obeirao.pt\/online\/#website"},"primaryImageOfPage":{"@id":"http:\/\/obeirao.pt\/online\/2025\/11\/25\/honra-e-gloria-para-tondela\/#primaryimage"},"image":{"@id":"http:\/\/obeirao.pt\/online\/2025\/11\/25\/honra-e-gloria-para-tondela\/#primaryimage"},"thumbnailUrl":"http:\/\/obeirao.pt\/online\/wp-content\/uploads\/2025\/11\/Tomas-Duarte-Marques-2.jpg","datePublished":"2025-11-25T19:28:17+00:00","dateModified":"2025-11-25T19:53:08+00:00","author":{"@id":"http:\/\/obeirao.pt\/online\/#\/schema\/person\/efac69bb5a33873e1c1bb9c1165ff38c"},"breadcrumb":{"@id":"http:\/\/obeirao.pt\/online\/2025\/11\/25\/honra-e-gloria-para-tondela\/#breadcrumb"},"inLanguage":"pt-PT","potentialAction":[{"@type":"ReadAction","target":["http:\/\/obeirao.pt\/online\/2025\/11\/25\/honra-e-gloria-para-tondela\/"]}]},{"@type":"ImageObject","inLanguage":"pt-PT","@id":"http:\/\/obeirao.pt\/online\/2025\/11\/25\/honra-e-gloria-para-tondela\/#primaryimage","url":"http:\/\/obeirao.pt\/online\/wp-content\/uploads\/2025\/11\/Tomas-Duarte-Marques-2.jpg","contentUrl":"http:\/\/obeirao.pt\/online\/wp-content\/uploads\/2025\/11\/Tomas-Duarte-Marques-2.jpg","width":1535,"height":1227},{"@type":"BreadcrumbList","@id":"http:\/\/obeirao.pt\/online\/2025\/11\/25\/honra-e-gloria-para-tondela\/#breadcrumb","itemListElement":[{"@type":"ListItem","position":1,"name":"Home","item":"http:\/\/obeirao.pt\/online\/"},{"@type":"ListItem","position":2,"name":"HONRA E GL\u00d3RIA PARA TONDELA"}]},{"@type":"WebSite","@id":"http:\/\/obeirao.pt\/online\/#website","url":"http:\/\/obeirao.pt\/online\/","name":"Beir\u00e3o Online","description":"www.obeirao.pt","potentialAction":[{"@type":"SearchAction","target":{"@type":"EntryPoint","urlTemplate":"http:\/\/obeirao.pt\/online\/?s={search_term_string}"},"query-input":{"@type":"PropertyValueSpecification","valueRequired":true,"valueName":"search_term_string"}}],"inLanguage":"pt-PT"},{"@type":"Person","@id":"http:\/\/obeirao.pt\/online\/#\/schema\/person\/efac69bb5a33873e1c1bb9c1165ff38c","name":"Z\u00e9 Beir\u00e3o","image":{"@type":"ImageObject","inLanguage":"pt-PT","@id":"http:\/\/0.gravatar.com\/avatar\/c8c44d1f9327baa4d27e9b1149cd71b3?s=96&d=mm&r=g","url":"http:\/\/0.gravatar.com\/avatar\/c8c44d1f9327baa4d27e9b1149cd71b3?s=96&d=mm&r=g","contentUrl":"http:\/\/0.gravatar.com\/avatar\/c8c44d1f9327baa4d27e9b1149cd71b3?s=96&d=mm&r=g","caption":"Z\u00e9 Beir\u00e3o"},"url":"http:\/\/obeirao.pt\/online\/author\/zebeirao\/"}]}},"_links":{"self":[{"href":"http:\/\/obeirao.pt\/online\/wp-json\/wp\/v2\/posts\/9422"}],"collection":[{"href":"http:\/\/obeirao.pt\/online\/wp-json\/wp\/v2\/posts"}],"about":[{"href":"http:\/\/obeirao.pt\/online\/wp-json\/wp\/v2\/types\/post"}],"author":[{"embeddable":true,"href":"http:\/\/obeirao.pt\/online\/wp-json\/wp\/v2\/users\/2"}],"replies":[{"embeddable":true,"href":"http:\/\/obeirao.pt\/online\/wp-json\/wp\/v2\/comments?post=9422"}],"version-history":[{"count":3,"href":"http:\/\/obeirao.pt\/online\/wp-json\/wp\/v2\/posts\/9422\/revisions"}],"predecessor-version":[{"id":9428,"href":"http:\/\/obeirao.pt\/online\/wp-json\/wp\/v2\/posts\/9422\/revisions\/9428"}],"wp:featuredmedia":[{"embeddable":true,"href":"http:\/\/obeirao.pt\/online\/wp-json\/wp\/v2\/media\/9423"}],"wp:attachment":[{"href":"http:\/\/obeirao.pt\/online\/wp-json\/wp\/v2\/media?parent=9422"}],"wp:term":[{"taxonomy":"category","embeddable":true,"href":"http:\/\/obeirao.pt\/online\/wp-json\/wp\/v2\/categories?post=9422"},{"taxonomy":"post_tag","embeddable":true,"href":"http:\/\/obeirao.pt\/online\/wp-json\/wp\/v2\/tags?post=9422"}],"curies":[{"name":"wp","href":"https:\/\/api.w.org\/{rel}","templated":true}]}}