{"id":9429,"date":"2025-11-29T19:34:12","date_gmt":"2025-11-29T19:34:12","guid":{"rendered":"http:\/\/obeirao.pt\/online\/?p=9429"},"modified":"2025-12-03T18:28:09","modified_gmt":"2025-12-03T18:28:09","slug":"planalto-beirao-marca-pontos-na-gestao-de-biorresiduos","status":"publish","type":"post","link":"http:\/\/obeirao.pt\/online\/2025\/11\/29\/planalto-beirao-marca-pontos-na-gestao-de-biorresiduos\/","title":{"rendered":"PLANALTO BEIR\u00c3O MARCA PONTOS NA \u00a0GEST\u00c3O DE BIORRES\u00cdDUOS"},"content":{"rendered":"<span class=\"span-reading-time rt-reading-time\" style=\"display: block;\"><span class=\"rt-label rt-prefix\">tempo de leitura:<\/span> <span class=\"rt-time\"> 4<\/span> <span class=\"rt-label rt-postfix\">minutos<\/span><\/span><p><a href=\"http:\/\/obeirao.pt\/online\/wp-content\/uploads\/2025\/11\/DSC_0212.jpg\"><img loading=\"lazy\" decoding=\"async\" class=\"wp-image-9437 size-medium alignleft\" src=\"http:\/\/obeirao.pt\/online\/wp-content\/uploads\/2025\/11\/DSC_0212-300x194.jpg\" alt=\"\" width=\"300\" height=\"194\" srcset=\"http:\/\/obeirao.pt\/online\/wp-content\/uploads\/2025\/11\/DSC_0212-300x194.jpg 300w, http:\/\/obeirao.pt\/online\/wp-content\/uploads\/2025\/11\/DSC_0212-1024x661.jpg 1024w, http:\/\/obeirao.pt\/online\/wp-content\/uploads\/2025\/11\/DSC_0212-768x496.jpg 768w, http:\/\/obeirao.pt\/online\/wp-content\/uploads\/2025\/11\/DSC_0212-640x413.jpg 640w, http:\/\/obeirao.pt\/online\/wp-content\/uploads\/2025\/11\/DSC_0212.jpg 1301w\" sizes=\"(max-width: 300px) 100vw, 300px\" \/><\/a><span style=\"font-family: impact, sans-serif;font-size: 24pt;color: #ff0000\">Anunciada mais uma vez a nova unidade industrial ligada ao ambiente em Tondela<\/span><\/p>\n<p><strong><em>Decorreu na pret\u00e9rita a sexta-feira, dia 28 de Novembro, no Audit\u00f3rio do Centro de Tratamento de RSU da Associa\u00e7\u00e3o de Munic\u00edpios da Regi\u00e3o do Planalto Beir\u00e3o, a sess\u00e3o de Apresenta\u00e7\u00e3o &#8211; &#8220;Gest\u00e3o de Biorres\u00edduos no Planalto Beir\u00e3o&#8221;, em Barreiro de Besteiros, no concelho de Tondela.<\/em><\/strong><!--more--><\/p>\n<p><a href=\"http:\/\/obeirao.pt\/online\/wp-content\/uploads\/2025\/11\/DSC_0207.jpg\"><img loading=\"lazy\" decoding=\"async\" class=\"wp-image-9438 size-medium alignright\" src=\"http:\/\/obeirao.pt\/online\/wp-content\/uploads\/2025\/11\/DSC_0207-300x200.jpg\" alt=\"\" width=\"300\" height=\"200\" srcset=\"http:\/\/obeirao.pt\/online\/wp-content\/uploads\/2025\/11\/DSC_0207-300x200.jpg 300w, http:\/\/obeirao.pt\/online\/wp-content\/uploads\/2025\/11\/DSC_0207-1024x683.jpg 1024w, http:\/\/obeirao.pt\/online\/wp-content\/uploads\/2025\/11\/DSC_0207-768x512.jpg 768w, http:\/\/obeirao.pt\/online\/wp-content\/uploads\/2025\/11\/DSC_0207-640x427.jpg 640w, http:\/\/obeirao.pt\/online\/wp-content\/uploads\/2025\/11\/DSC_0207.jpg 1500w\" sizes=\"(max-width: 300px) 100vw, 300px\" \/><\/a>Esta sess\u00e3o, direccionada a autarcas e t\u00e9cnicos dos 19 munic\u00edpios associados da regi\u00e3o do Planalto Beir\u00e3o, foi presidida pelo presidente do Conselho Directivo da Ag\u00eancia Portuguesa do Ambiente, Eng.\u00ba Jos\u00e9 Pimenta Machado.<\/p>\n<p>A iniciar o evento, usou da palavra a Presidente da C\u00e2mara Municipal de Tondela, e vogal do Conselho Executivo da AMRPB, Eng.\u00aa Carla Borges, que deu as boas vindas aos presente e salientou a import\u00e2ncia desta Associa\u00e7\u00e3o de Munic\u00edpios do contexto ambiental de toda e regi\u00e3o e manifestou a inten\u00e7\u00e3o de que o munic\u00edpio de Tondela se torne uma refer\u00eancia neste sector, atrav\u00e9s da cria\u00e7\u00e3o de um novo polo industrial junto \u00e0s instala\u00e7\u00f5es da AMRPB.<\/p>\n<p><a href=\"http:\/\/obeirao.pt\/online\/wp-content\/uploads\/2025\/11\/DSC_0213.jpg\"><img loading=\"lazy\" decoding=\"async\" class=\"wp-image-9439 size-medium alignleft\" src=\"http:\/\/obeirao.pt\/online\/wp-content\/uploads\/2025\/11\/DSC_0213-300x172.jpg\" alt=\"\" width=\"300\" height=\"172\" srcset=\"http:\/\/obeirao.pt\/online\/wp-content\/uploads\/2025\/11\/DSC_0213-300x172.jpg 300w, http:\/\/obeirao.pt\/online\/wp-content\/uploads\/2025\/11\/DSC_0213-1024x589.jpg 1024w, http:\/\/obeirao.pt\/online\/wp-content\/uploads\/2025\/11\/DSC_0213-768x441.jpg 768w, http:\/\/obeirao.pt\/online\/wp-content\/uploads\/2025\/11\/DSC_0213-640x368.jpg 640w, http:\/\/obeirao.pt\/online\/wp-content\/uploads\/2025\/11\/DSC_0213.jpg 1465w\" sizes=\"(max-width: 300px) 100vw, 300px\" \/><\/a>Seguiu-se a interven\u00e7\u00e3o do secret\u00e1rio executivo da AMRPB, Eng.\u00ba Jos\u00e9 Portela, que explanou os desafios e oportunidades do novo \u201cServi\u00e7o p\u00fablico de recolha selectiva porta a porta de biorres\u00edduos alimentares do Planalto Beir\u00e3o\u201d, e a sua import\u00e2ncia para a estrat\u00e9gia global do sistema, rumo a uma economia mais circular.<\/p>\n<p><a href=\"http:\/\/obeirao.pt\/online\/wp-content\/uploads\/2025\/11\/DSC_0214.jpg\"><img loading=\"lazy\" decoding=\"async\" class=\"wp-image-9440 size-medium alignright\" src=\"http:\/\/obeirao.pt\/online\/wp-content\/uploads\/2025\/11\/DSC_0214-300x147.jpg\" alt=\"\" width=\"300\" height=\"147\" srcset=\"http:\/\/obeirao.pt\/online\/wp-content\/uploads\/2025\/11\/DSC_0214-300x147.jpg 300w, http:\/\/obeirao.pt\/online\/wp-content\/uploads\/2025\/11\/DSC_0214-1024x501.jpg 1024w, http:\/\/obeirao.pt\/online\/wp-content\/uploads\/2025\/11\/DSC_0214-768x376.jpg 768w, http:\/\/obeirao.pt\/online\/wp-content\/uploads\/2025\/11\/DSC_0214-640x313.jpg 640w, http:\/\/obeirao.pt\/online\/wp-content\/uploads\/2025\/11\/DSC_0214.jpg 1476w\" sizes=\"(max-width: 300px) 100vw, 300px\" \/><\/a>Naquele que foi o seu \u00faltimo ato p\u00fablico, na qualidade de Presidente do Conselho Executivo da AMRPB, tomou seguidamente a palavra o Dr. Leonel Gouveia, tamb\u00e9m ex-presidente da C\u00e2mara Municipal de Santa Comba D\u00e3o, que em jeito de balan\u00e7o do que foram estes 4 anos do seu mandato, referiu o trabalho desenvolvido por esta institui\u00e7\u00e3o em prol do desenvolvimento e sustentabilidade da regi\u00e3o e agradeceu a todos os seus colegas de executivo e restantes autarcas dos munic\u00edpios associados, bem como aos t\u00e9cnicos e colaboradores da AMRPB e dos 19 munic\u00edpios, pelo trabalho desenvolvido nos \u00faltimos anos.<\/p>\n<p><a href=\"http:\/\/obeirao.pt\/online\/wp-content\/uploads\/2025\/11\/DSC_0217.jpg\"><img loading=\"lazy\" decoding=\"async\" class=\"wp-image-9441 size-medium alignleft\" src=\"http:\/\/obeirao.pt\/online\/wp-content\/uploads\/2025\/11\/DSC_0217-300x175.jpg\" alt=\"\" width=\"300\" height=\"175\" srcset=\"http:\/\/obeirao.pt\/online\/wp-content\/uploads\/2025\/11\/DSC_0217-300x175.jpg 300w, http:\/\/obeirao.pt\/online\/wp-content\/uploads\/2025\/11\/DSC_0217-1024x598.jpg 1024w, http:\/\/obeirao.pt\/online\/wp-content\/uploads\/2025\/11\/DSC_0217-768x448.jpg 768w, http:\/\/obeirao.pt\/online\/wp-content\/uploads\/2025\/11\/DSC_0217-640x374.jpg 640w, http:\/\/obeirao.pt\/online\/wp-content\/uploads\/2025\/11\/DSC_0217.jpg 1160w\" sizes=\"(max-width: 300px) 100vw, 300px\" \/><\/a>N\u00e3o deixou ainda de referir os desafios que se apresentam para o futuro da institui\u00e7\u00e3o, fazendo votos de sucesso para o pr\u00f3ximo Conselho Executivo que , naquele dia, entrou em fun\u00e7\u00f5es.<\/p>\n<p>Ap\u00f3s a sua interven\u00e7\u00e3o, num momento de reconhecimento pelo trabalho desenvolvido e apre\u00e7o institucional pela dedica\u00e7\u00e3o demonstrada ao longo de todo o mandato, foi feita uma homenagem a Leonel Gouveia, com entrega de uma simb\u00f3lica men\u00e7\u00e3o honrosa por parte do presidente da Ag\u00eancia Portuguesa do Ambiente, Jos\u00e9 Pimenta Machado e dos restantes membros do Conselho Executivo da Associa\u00e7\u00e3o de Munic\u00edpios da Regi\u00e3o do Planalto Beir\u00e3o.<\/p>\n<p><a href=\"http:\/\/obeirao.pt\/online\/wp-content\/uploads\/2025\/11\/DSC_0219.jpg\"><img loading=\"lazy\" decoding=\"async\" class=\"wp-image-9442 size-medium alignright\" src=\"http:\/\/obeirao.pt\/online\/wp-content\/uploads\/2025\/11\/DSC_0219-300x199.jpg\" alt=\"\" width=\"300\" height=\"199\" srcset=\"http:\/\/obeirao.pt\/online\/wp-content\/uploads\/2025\/11\/DSC_0219-300x199.jpg 300w, http:\/\/obeirao.pt\/online\/wp-content\/uploads\/2025\/11\/DSC_0219-1024x679.jpg 1024w, http:\/\/obeirao.pt\/online\/wp-content\/uploads\/2025\/11\/DSC_0219-768x509.jpg 768w, http:\/\/obeirao.pt\/online\/wp-content\/uploads\/2025\/11\/DSC_0219-640x424.jpg 640w, http:\/\/obeirao.pt\/online\/wp-content\/uploads\/2025\/11\/DSC_0219.jpg 1257w\" sizes=\"(max-width: 300px) 100vw, 300px\" \/><\/a>A sess\u00e3o terminou com a interven\u00e7\u00e3o do Eng.\u00ba Jos\u00e9 Pimenta Machado, que referiu os enormes desafios que se apresentam para o sector ambiental e da gest\u00e3o de res\u00edduos em particular, reafirmando o compromisso da Associa\u00e7\u00e3o Portuguesa do Ambiente (APA) com os sistemas para o desenvolvimento sustent\u00e1vel e prossecu\u00e7\u00e3o das estrat\u00e9gias definidas a n\u00edvel local, n\u00e3o deixando de referir o magn\u00edfico trabalho que est\u00e1 a ser desenvolvido pela Associa\u00e7\u00e3o de Munic\u00edpios da Regi\u00e3o do Planalto Beir\u00e3o e que, nesta altura, se lan\u00e7ou num novo sistema de <img loading=\"lazy\" decoding=\"async\" class=\"size-medium wp-image-9407 alignleft\" src=\"http:\/\/obeirao.pt\/online\/wp-content\/uploads\/2025\/10\/Biorresiduos-apresentacao-operacao-10-240x300.jpg\" alt=\"\" width=\"240\" height=\"300\" srcset=\"http:\/\/obeirao.pt\/online\/wp-content\/uploads\/2025\/10\/Biorresiduos-apresentacao-operacao-10-240x300.jpg 240w, http:\/\/obeirao.pt\/online\/wp-content\/uploads\/2025\/10\/Biorresiduos-apresentacao-operacao-10-819x1024.jpg 819w, http:\/\/obeirao.pt\/online\/wp-content\/uploads\/2025\/10\/Biorresiduos-apresentacao-operacao-10-768x961.jpg 768w, http:\/\/obeirao.pt\/online\/wp-content\/uploads\/2025\/10\/Biorresiduos-apresentacao-operacao-10-1228x1536.jpg 1228w, http:\/\/obeirao.pt\/online\/wp-content\/uploads\/2025\/10\/Biorresiduos-apresentacao-operacao-10-640x801.jpg 640w, http:\/\/obeirao.pt\/online\/wp-content\/uploads\/2025\/10\/Biorresiduos-apresentacao-operacao-10.jpg 1279w\" sizes=\"(max-width: 240px) 100vw, 240px\" \/>recolha de biorres\u00edduos, porta a porta que, no conceito do slogan da campanha&#8230; \u201cSOU RESTO, MAS AINDA PRESTO\u201d.<\/p>\n<p><span style=\"font-size: 14pt;color: #ff0000;background-color: #ffff00\"><strong>A TERCEIRA ZONA INDUSTRIAL MUNICIPAL<\/strong><\/span><\/p>\n<p>A presidente do Munic\u00edpio de Tondela, nesta sess\u00e3o, voltou a anunciar a cria\u00e7\u00e3o de uma nova unidade industrial, no concelho, mas ligada ao ambiente, a implantar na freguesia do Barreiro, sendo certo que, deste modo, ficar\u00e1 a ser a terceira zona industrial municipal em Tondela, a acrescentar \u00e0s duas j\u00e1 existentes, na Adi\u00e7a e no Lajedo, para al\u00e9m de uma outra que foi criada pela Junta de Freguesia de Vilar de Besteiros e que o munic\u00edpio tamb\u00e9m apoiou.<\/p>\n<p>&nbsp;<\/p>\n<p><a href=\"https:\/\/www.facebook.com\/profile.php?id=100007747890007&amp;comment_id=Y29tbWVudDoxMTY4Mjk5NzExOTQ1ODYyXzMyNDE5OTc2OTU5NjkwMDI%3D&amp;__cft__%5b0%5d=AZVwH3JPSGr8PfNzI-9siSEUMfWlgIvIZSYj6tCS_qe98By-LbvJerws81BP7cxlbA5BTom0QmgQL_8mjbZlHIJAgpQdKvvlITN2RCyM1nXOq6g5HqcQsgKmIo-Lt40YTwxbz2CHaJ1BFe-U5NVxkzjMnkDesdjs-z1VTNrh9cNEMg&amp;__tn__=R%5d-R\"><strong>\u00a0<\/strong><\/a><\/p>\n","protected":false},"excerpt":{"rendered":"<div class=\"mh-excerpt\"><span class=\"span-reading-time rt-reading-time\" style=\"display: block;\"><span class=\"rt-label rt-prefix\">tempo de leitura:<\/span> <span class=\"rt-time\"> 4<\/span> <span class=\"rt-label rt-postfix\">minutos<\/span><\/span>Anunciada mais uma vez a nova unidade industrial ligada ao ambiente em Tondela Decorreu na pret\u00e9rita a sexta-feira, dia 28 de Novembro, no Audit\u00f3rio do <a class=\"mh-excerpt-more\" href=\"http:\/\/obeirao.pt\/online\/2025\/11\/29\/planalto-beirao-marca-pontos-na-gestao-de-biorresiduos\/\" title=\"PLANALTO BEIR\u00c3O MARCA PONTOS NA \u00a0GEST\u00c3O DE BIORRES\u00cdDUOS\">[&#8230;]<\/a><\/div>\n","protected":false},"author":2,"featured_media":9437,"comment_status":"closed","ping_status":"closed","sticky":false,"template":"","format":"standard","meta":{"footnotes":""},"categories":[1],"tags":[],"class_list":["post-9429","post","type-post","status-publish","format-standard","has-post-thumbnail","hentry","category-uncategorized"],"yoast_head":"<!-- This site is optimized with the Yoast SEO plugin v27.4 - https:\/\/yoast.com\/product\/yoast-seo-wordpress\/ -->\n<title>PLANALTO BEIR\u00c3O MARCA PONTOS NA \u00a0GEST\u00c3O DE BIORRES\u00cdDUOS - Beir\u00e3o Online<\/title>\n<meta name=\"robots\" content=\"index, follow, max-snippet:-1, max-image-preview:large, max-video-preview:-1\" \/>\n<link rel=\"canonical\" href=\"http:\/\/obeirao.pt\/online\/2025\/11\/29\/planalto-beirao-marca-pontos-na-gestao-de-biorresiduos\/\" \/>\n<meta property=\"og:locale\" content=\"pt_PT\" \/>\n<meta property=\"og:type\" content=\"article\" \/>\n<meta property=\"og:title\" content=\"PLANALTO BEIR\u00c3O MARCA PONTOS NA \u00a0GEST\u00c3O DE BIORRES\u00cdDUOS - Beir\u00e3o Online\" \/>\n<meta property=\"og:description\" content=\"tempo de leitura: 4 minutosAnunciada mais uma vez a nova unidade industrial ligada ao ambiente em Tondela Decorreu na pret\u00e9rita a sexta-feira, dia 28 de Novembro, no Audit\u00f3rio do [...]\" \/>\n<meta property=\"og:url\" content=\"http:\/\/obeirao.pt\/online\/2025\/11\/29\/planalto-beirao-marca-pontos-na-gestao-de-biorresiduos\/\" \/>\n<meta property=\"og:site_name\" content=\"Beir\u00e3o Online\" \/>\n<meta property=\"article:publisher\" content=\"https:\/\/pt-br.facebook.com\/pages\/Amigos-de-Tondela\/273620439973877\" \/>\n<meta property=\"article:published_time\" content=\"2025-11-29T19:34:12+00:00\" \/>\n<meta property=\"article:modified_time\" content=\"2025-12-03T18:28:09+00:00\" \/>\n<meta property=\"og:image\" content=\"http:\/\/obeirao.pt\/online\/wp-content\/uploads\/2025\/11\/DSC_0212.jpg\" \/>\n\t<meta property=\"og:image:width\" content=\"1301\" \/>\n\t<meta property=\"og:image:height\" content=\"840\" \/>\n\t<meta property=\"og:image:type\" content=\"image\/jpeg\" \/>\n<meta name=\"author\" content=\"Z\u00e9 Beir\u00e3o\" \/>\n<meta name=\"twitter:card\" content=\"summary_large_image\" \/>\n<meta name=\"twitter:creator\" content=\"@JoaquimDuarteP2\" \/>\n<meta name=\"twitter:site\" content=\"@JoaquimDuarteP2\" \/>\n<meta name=\"twitter:label1\" content=\"Escrito por\" \/>\n\t<meta name=\"twitter:data1\" content=\"Z\u00e9 Beir\u00e3o\" \/>\n\t<meta name=\"twitter:label2\" content=\"Tempo estimado de leitura\" \/>\n\t<meta name=\"twitter:data2\" content=\"5 minutos\" \/>\n<script type=\"application\/ld+json\" class=\"yoast-schema-graph\">{\"@context\":\"https:\\\/\\\/schema.org\",\"@graph\":[{\"@type\":\"Article\",\"@id\":\"http:\\\/\\\/obeirao.pt\\\/online\\\/2025\\\/11\\\/29\\\/planalto-beirao-marca-pontos-na-gestao-de-biorresiduos\\\/#article\",\"isPartOf\":{\"@id\":\"http:\\\/\\\/obeirao.pt\\\/online\\\/2025\\\/11\\\/29\\\/planalto-beirao-marca-pontos-na-gestao-de-biorresiduos\\\/\"},\"author\":{\"name\":\"Z\u00e9 Beir\u00e3o\",\"@id\":\"http:\\\/\\\/obeirao.pt\\\/online\\\/#\\\/schema\\\/person\\\/efac69bb5a33873e1c1bb9c1165ff38c\"},\"headline\":\"PLANALTO BEIR\u00c3O MARCA PONTOS NA \u00a0GEST\u00c3O DE BIORRES\u00cdDUOS\",\"datePublished\":\"2025-11-29T19:34:12+00:00\",\"dateModified\":\"2025-12-03T18:28:09+00:00\",\"mainEntityOfPage\":{\"@id\":\"http:\\\/\\\/obeirao.pt\\\/online\\\/2025\\\/11\\\/29\\\/planalto-beirao-marca-pontos-na-gestao-de-biorresiduos\\\/\"},\"wordCount\":684,\"image\":{\"@id\":\"http:\\\/\\\/obeirao.pt\\\/online\\\/2025\\\/11\\\/29\\\/planalto-beirao-marca-pontos-na-gestao-de-biorresiduos\\\/#primaryimage\"},\"thumbnailUrl\":\"http:\\\/\\\/obeirao.pt\\\/online\\\/wp-content\\\/uploads\\\/2025\\\/11\\\/DSC_0212.jpg\",\"articleSection\":[\"Uncategorized\"],\"inLanguage\":\"pt-PT\"},{\"@type\":\"WebPage\",\"@id\":\"http:\\\/\\\/obeirao.pt\\\/online\\\/2025\\\/11\\\/29\\\/planalto-beirao-marca-pontos-na-gestao-de-biorresiduos\\\/\",\"url\":\"http:\\\/\\\/obeirao.pt\\\/online\\\/2025\\\/11\\\/29\\\/planalto-beirao-marca-pontos-na-gestao-de-biorresiduos\\\/\",\"name\":\"PLANALTO BEIR\u00c3O MARCA PONTOS NA \u00a0GEST\u00c3O DE BIORRES\u00cdDUOS - Beir\u00e3o Online\",\"isPartOf\":{\"@id\":\"http:\\\/\\\/obeirao.pt\\\/online\\\/#website\"},\"primaryImageOfPage\":{\"@id\":\"http:\\\/\\\/obeirao.pt\\\/online\\\/2025\\\/11\\\/29\\\/planalto-beirao-marca-pontos-na-gestao-de-biorresiduos\\\/#primaryimage\"},\"image\":{\"@id\":\"http:\\\/\\\/obeirao.pt\\\/online\\\/2025\\\/11\\\/29\\\/planalto-beirao-marca-pontos-na-gestao-de-biorresiduos\\\/#primaryimage\"},\"thumbnailUrl\":\"http:\\\/\\\/obeirao.pt\\\/online\\\/wp-content\\\/uploads\\\/2025\\\/11\\\/DSC_0212.jpg\",\"datePublished\":\"2025-11-29T19:34:12+00:00\",\"dateModified\":\"2025-12-03T18:28:09+00:00\",\"author\":{\"@id\":\"http:\\\/\\\/obeirao.pt\\\/online\\\/#\\\/schema\\\/person\\\/efac69bb5a33873e1c1bb9c1165ff38c\"},\"breadcrumb\":{\"@id\":\"http:\\\/\\\/obeirao.pt\\\/online\\\/2025\\\/11\\\/29\\\/planalto-beirao-marca-pontos-na-gestao-de-biorresiduos\\\/#breadcrumb\"},\"inLanguage\":\"pt-PT\",\"potentialAction\":[{\"@type\":\"ReadAction\",\"target\":[\"http:\\\/\\\/obeirao.pt\\\/online\\\/2025\\\/11\\\/29\\\/planalto-beirao-marca-pontos-na-gestao-de-biorresiduos\\\/\"]}]},{\"@type\":\"ImageObject\",\"inLanguage\":\"pt-PT\",\"@id\":\"http:\\\/\\\/obeirao.pt\\\/online\\\/2025\\\/11\\\/29\\\/planalto-beirao-marca-pontos-na-gestao-de-biorresiduos\\\/#primaryimage\",\"url\":\"http:\\\/\\\/obeirao.pt\\\/online\\\/wp-content\\\/uploads\\\/2025\\\/11\\\/DSC_0212.jpg\",\"contentUrl\":\"http:\\\/\\\/obeirao.pt\\\/online\\\/wp-content\\\/uploads\\\/2025\\\/11\\\/DSC_0212.jpg\",\"width\":1301,\"height\":840,\"caption\":\"????????????????????????????????????\"},{\"@type\":\"BreadcrumbList\",\"@id\":\"http:\\\/\\\/obeirao.pt\\\/online\\\/2025\\\/11\\\/29\\\/planalto-beirao-marca-pontos-na-gestao-de-biorresiduos\\\/#breadcrumb\",\"itemListElement\":[{\"@type\":\"ListItem\",\"position\":1,\"name\":\"Home\",\"item\":\"http:\\\/\\\/obeirao.pt\\\/online\\\/\"},{\"@type\":\"ListItem\",\"position\":2,\"name\":\"PLANALTO BEIR\u00c3O MARCA PONTOS NA \u00a0GEST\u00c3O DE BIORRES\u00cdDUOS\"}]},{\"@type\":\"WebSite\",\"@id\":\"http:\\\/\\\/obeirao.pt\\\/online\\\/#website\",\"url\":\"http:\\\/\\\/obeirao.pt\\\/online\\\/\",\"name\":\"Beir\u00e3o Online\",\"description\":\"www.obeirao.pt\",\"potentialAction\":[{\"@type\":\"SearchAction\",\"target\":{\"@type\":\"EntryPoint\",\"urlTemplate\":\"http:\\\/\\\/obeirao.pt\\\/online\\\/?s={search_term_string}\"},\"query-input\":{\"@type\":\"PropertyValueSpecification\",\"valueRequired\":true,\"valueName\":\"search_term_string\"}}],\"inLanguage\":\"pt-PT\"},{\"@type\":\"Person\",\"@id\":\"http:\\\/\\\/obeirao.pt\\\/online\\\/#\\\/schema\\\/person\\\/efac69bb5a33873e1c1bb9c1165ff38c\",\"name\":\"Z\u00e9 Beir\u00e3o\",\"image\":{\"@type\":\"ImageObject\",\"inLanguage\":\"pt-PT\",\"@id\":\"http:\\\/\\\/0.gravatar.com\\\/avatar\\\/c8c44d1f9327baa4d27e9b1149cd71b3?s=96&d=mm&r=g\",\"url\":\"http:\\\/\\\/0.gravatar.com\\\/avatar\\\/c8c44d1f9327baa4d27e9b1149cd71b3?s=96&d=mm&r=g\",\"contentUrl\":\"http:\\\/\\\/0.gravatar.com\\\/avatar\\\/c8c44d1f9327baa4d27e9b1149cd71b3?s=96&d=mm&r=g\",\"caption\":\"Z\u00e9 Beir\u00e3o\"},\"url\":\"http:\\\/\\\/obeirao.pt\\\/online\\\/author\\\/zebeirao\\\/\"}]}<\/script>\n<!-- \/ Yoast SEO plugin. -->","yoast_head_json":{"title":"PLANALTO BEIR\u00c3O MARCA PONTOS NA \u00a0GEST\u00c3O DE BIORRES\u00cdDUOS - Beir\u00e3o Online","robots":{"index":"index","follow":"follow","max-snippet":"max-snippet:-1","max-image-preview":"max-image-preview:large","max-video-preview":"max-video-preview:-1"},"canonical":"http:\/\/obeirao.pt\/online\/2025\/11\/29\/planalto-beirao-marca-pontos-na-gestao-de-biorresiduos\/","og_locale":"pt_PT","og_type":"article","og_title":"PLANALTO BEIR\u00c3O MARCA PONTOS NA \u00a0GEST\u00c3O DE BIORRES\u00cdDUOS - Beir\u00e3o Online","og_description":"tempo de leitura: 4 minutosAnunciada mais uma vez a nova unidade industrial ligada ao ambiente em Tondela Decorreu na pret\u00e9rita a sexta-feira, dia 28 de Novembro, no Audit\u00f3rio do [...]","og_url":"http:\/\/obeirao.pt\/online\/2025\/11\/29\/planalto-beirao-marca-pontos-na-gestao-de-biorresiduos\/","og_site_name":"Beir\u00e3o Online","article_publisher":"https:\/\/pt-br.facebook.com\/pages\/Amigos-de-Tondela\/273620439973877","article_published_time":"2025-11-29T19:34:12+00:00","article_modified_time":"2025-12-03T18:28:09+00:00","og_image":[{"width":1301,"height":840,"url":"http:\/\/obeirao.pt\/online\/wp-content\/uploads\/2025\/11\/DSC_0212.jpg","type":"image\/jpeg"}],"author":"Z\u00e9 Beir\u00e3o","twitter_card":"summary_large_image","twitter_creator":"@JoaquimDuarteP2","twitter_site":"@JoaquimDuarteP2","twitter_misc":{"Escrito por":"Z\u00e9 Beir\u00e3o","Tempo estimado de leitura":"5 minutos"},"schema":{"@context":"https:\/\/schema.org","@graph":[{"@type":"Article","@id":"http:\/\/obeirao.pt\/online\/2025\/11\/29\/planalto-beirao-marca-pontos-na-gestao-de-biorresiduos\/#article","isPartOf":{"@id":"http:\/\/obeirao.pt\/online\/2025\/11\/29\/planalto-beirao-marca-pontos-na-gestao-de-biorresiduos\/"},"author":{"name":"Z\u00e9 Beir\u00e3o","@id":"http:\/\/obeirao.pt\/online\/#\/schema\/person\/efac69bb5a33873e1c1bb9c1165ff38c"},"headline":"PLANALTO BEIR\u00c3O MARCA PONTOS NA \u00a0GEST\u00c3O DE BIORRES\u00cdDUOS","datePublished":"2025-11-29T19:34:12+00:00","dateModified":"2025-12-03T18:28:09+00:00","mainEntityOfPage":{"@id":"http:\/\/obeirao.pt\/online\/2025\/11\/29\/planalto-beirao-marca-pontos-na-gestao-de-biorresiduos\/"},"wordCount":684,"image":{"@id":"http:\/\/obeirao.pt\/online\/2025\/11\/29\/planalto-beirao-marca-pontos-na-gestao-de-biorresiduos\/#primaryimage"},"thumbnailUrl":"http:\/\/obeirao.pt\/online\/wp-content\/uploads\/2025\/11\/DSC_0212.jpg","articleSection":["Uncategorized"],"inLanguage":"pt-PT"},{"@type":"WebPage","@id":"http:\/\/obeirao.pt\/online\/2025\/11\/29\/planalto-beirao-marca-pontos-na-gestao-de-biorresiduos\/","url":"http:\/\/obeirao.pt\/online\/2025\/11\/29\/planalto-beirao-marca-pontos-na-gestao-de-biorresiduos\/","name":"PLANALTO BEIR\u00c3O MARCA PONTOS NA \u00a0GEST\u00c3O DE BIORRES\u00cdDUOS - Beir\u00e3o Online","isPartOf":{"@id":"http:\/\/obeirao.pt\/online\/#website"},"primaryImageOfPage":{"@id":"http:\/\/obeirao.pt\/online\/2025\/11\/29\/planalto-beirao-marca-pontos-na-gestao-de-biorresiduos\/#primaryimage"},"image":{"@id":"http:\/\/obeirao.pt\/online\/2025\/11\/29\/planalto-beirao-marca-pontos-na-gestao-de-biorresiduos\/#primaryimage"},"thumbnailUrl":"http:\/\/obeirao.pt\/online\/wp-content\/uploads\/2025\/11\/DSC_0212.jpg","datePublished":"2025-11-29T19:34:12+00:00","dateModified":"2025-12-03T18:28:09+00:00","author":{"@id":"http:\/\/obeirao.pt\/online\/#\/schema\/person\/efac69bb5a33873e1c1bb9c1165ff38c"},"breadcrumb":{"@id":"http:\/\/obeirao.pt\/online\/2025\/11\/29\/planalto-beirao-marca-pontos-na-gestao-de-biorresiduos\/#breadcrumb"},"inLanguage":"pt-PT","potentialAction":[{"@type":"ReadAction","target":["http:\/\/obeirao.pt\/online\/2025\/11\/29\/planalto-beirao-marca-pontos-na-gestao-de-biorresiduos\/"]}]},{"@type":"ImageObject","inLanguage":"pt-PT","@id":"http:\/\/obeirao.pt\/online\/2025\/11\/29\/planalto-beirao-marca-pontos-na-gestao-de-biorresiduos\/#primaryimage","url":"http:\/\/obeirao.pt\/online\/wp-content\/uploads\/2025\/11\/DSC_0212.jpg","contentUrl":"http:\/\/obeirao.pt\/online\/wp-content\/uploads\/2025\/11\/DSC_0212.jpg","width":1301,"height":840,"caption":"????????????????????????????????????"},{"@type":"BreadcrumbList","@id":"http:\/\/obeirao.pt\/online\/2025\/11\/29\/planalto-beirao-marca-pontos-na-gestao-de-biorresiduos\/#breadcrumb","itemListElement":[{"@type":"ListItem","position":1,"name":"Home","item":"http:\/\/obeirao.pt\/online\/"},{"@type":"ListItem","position":2,"name":"PLANALTO BEIR\u00c3O MARCA PONTOS NA \u00a0GEST\u00c3O DE BIORRES\u00cdDUOS"}]},{"@type":"WebSite","@id":"http:\/\/obeirao.pt\/online\/#website","url":"http:\/\/obeirao.pt\/online\/","name":"Beir\u00e3o Online","description":"www.obeirao.pt","potentialAction":[{"@type":"SearchAction","target":{"@type":"EntryPoint","urlTemplate":"http:\/\/obeirao.pt\/online\/?s={search_term_string}"},"query-input":{"@type":"PropertyValueSpecification","valueRequired":true,"valueName":"search_term_string"}}],"inLanguage":"pt-PT"},{"@type":"Person","@id":"http:\/\/obeirao.pt\/online\/#\/schema\/person\/efac69bb5a33873e1c1bb9c1165ff38c","name":"Z\u00e9 Beir\u00e3o","image":{"@type":"ImageObject","inLanguage":"pt-PT","@id":"http:\/\/0.gravatar.com\/avatar\/c8c44d1f9327baa4d27e9b1149cd71b3?s=96&d=mm&r=g","url":"http:\/\/0.gravatar.com\/avatar\/c8c44d1f9327baa4d27e9b1149cd71b3?s=96&d=mm&r=g","contentUrl":"http:\/\/0.gravatar.com\/avatar\/c8c44d1f9327baa4d27e9b1149cd71b3?s=96&d=mm&r=g","caption":"Z\u00e9 Beir\u00e3o"},"url":"http:\/\/obeirao.pt\/online\/author\/zebeirao\/"}]}},"_links":{"self":[{"href":"http:\/\/obeirao.pt\/online\/wp-json\/wp\/v2\/posts\/9429"}],"collection":[{"href":"http:\/\/obeirao.pt\/online\/wp-json\/wp\/v2\/posts"}],"about":[{"href":"http:\/\/obeirao.pt\/online\/wp-json\/wp\/v2\/types\/post"}],"author":[{"embeddable":true,"href":"http:\/\/obeirao.pt\/online\/wp-json\/wp\/v2\/users\/2"}],"replies":[{"embeddable":true,"href":"http:\/\/obeirao.pt\/online\/wp-json\/wp\/v2\/comments?post=9429"}],"version-history":[{"count":6,"href":"http:\/\/obeirao.pt\/online\/wp-json\/wp\/v2\/posts\/9429\/revisions"}],"predecessor-version":[{"id":9445,"href":"http:\/\/obeirao.pt\/online\/wp-json\/wp\/v2\/posts\/9429\/revisions\/9445"}],"wp:featuredmedia":[{"embeddable":true,"href":"http:\/\/obeirao.pt\/online\/wp-json\/wp\/v2\/media\/9437"}],"wp:attachment":[{"href":"http:\/\/obeirao.pt\/online\/wp-json\/wp\/v2\/media?parent=9429"}],"wp:term":[{"taxonomy":"category","embeddable":true,"href":"http:\/\/obeirao.pt\/online\/wp-json\/wp\/v2\/categories?post=9429"},{"taxonomy":"post_tag","embeddable":true,"href":"http:\/\/obeirao.pt\/online\/wp-json\/wp\/v2\/tags?post=9429"}],"curies":[{"name":"wp","href":"https:\/\/api.w.org\/{rel}","templated":true}]}}