{"id":9609,"date":"2026-04-22T21:00:08","date_gmt":"2026-04-22T20:00:08","guid":{"rendered":"http:\/\/obeirao.pt\/online\/?p=9609"},"modified":"2026-04-22T21:16:28","modified_gmt":"2026-04-22T20:16:28","slug":"presidente-de-cabo-verde-visita-tondela-em-terras-de-besteiros","status":"publish","type":"post","link":"http:\/\/obeirao.pt\/online\/2026\/04\/22\/presidente-de-cabo-verde-visita-tondela-em-terras-de-besteiros\/","title":{"rendered":"PRESIDENTE DE CABO VERDE VISITA TONDELA EM TERRAS DE BESTEIROS"},"content":{"rendered":"<span class=\"span-reading-time rt-reading-time\" style=\"display: block;\"><span class=\"rt-label rt-prefix\">tempo de leitura:<\/span> <span class=\"rt-time\"> 5<\/span> <span class=\"rt-label rt-postfix\">minutos<\/span><\/span><figure id=\"attachment_9610\" aria-describedby=\"caption-attachment-9610\" style=\"width: 300px\" class=\"wp-caption alignleft\"><a href=\"http:\/\/obeirao.pt\/online\/wp-content\/uploads\/2026\/04\/DSC_0467.jpg\"><img loading=\"lazy\" decoding=\"async\" class=\"wp-image-9610 size-medium\" src=\"http:\/\/obeirao.pt\/online\/wp-content\/uploads\/2026\/04\/DSC_0467-300x186.jpg\" alt=\"\" width=\"300\" height=\"186\" srcset=\"http:\/\/obeirao.pt\/online\/wp-content\/uploads\/2026\/04\/DSC_0467-300x186.jpg 300w, http:\/\/obeirao.pt\/online\/wp-content\/uploads\/2026\/04\/DSC_0467-1024x636.jpg 1024w, http:\/\/obeirao.pt\/online\/wp-content\/uploads\/2026\/04\/DSC_0467-768x477.jpg 768w, http:\/\/obeirao.pt\/online\/wp-content\/uploads\/2026\/04\/DSC_0467-640x398.jpg 640w, http:\/\/obeirao.pt\/online\/wp-content\/uploads\/2026\/04\/DSC_0467.jpg 1429w\" sizes=\"(max-width: 300px) 100vw, 300px\" \/><\/a><figcaption id=\"caption-attachment-9610\" class=\"wp-caption-text\">A b\u00e8sta, s\u00edmbolo de Tondela, para J.M.P.Neves<\/figcaption><\/figure>\n<p><span style=\"font-family: impact, sans-serif;font-size: 24pt;color: #ff0000\"><strong>TONDELA TEM RELA\u00c7\u00d5ES ESPECIAIS COM CABO VERDE !!<br \/>\n<\/strong><\/span><\/p>\n<p><span style=\"font-size: 14pt\"><em><strong>Tondela foi, nesta 4.\u00aa feira, dia 22 de Abril de 2026, um dos pontos de passagem da visita que o Presidente da Rep\u00fablica de Cabo-Verde, Jos\u00e9 Maria Pereira Neves, realizou esta semana a Portugal.<\/strong><\/em><\/span><!--more--><\/p>\n<p>O chefe de Estado cabo-verdiano passou, desta forma, por Terras de Besteiros, na cidade de Tondela, numa visita que foi iniciada pelas 12h00, com uma recep\u00e7\u00e3o nos Pa\u00e7os do Concelho e assinatura do Livro de Honra.<\/p>\n<figure id=\"attachment_9612\" aria-describedby=\"caption-attachment-9612\" style=\"width: 300px\" class=\"wp-caption alignright\"><a href=\"http:\/\/obeirao.pt\/online\/wp-content\/uploads\/2026\/04\/DSC_0464.jpg\"><img loading=\"lazy\" decoding=\"async\" class=\"wp-image-9612 size-medium\" src=\"http:\/\/obeirao.pt\/online\/wp-content\/uploads\/2026\/04\/DSC_0464-300x169.jpg\" alt=\"\" width=\"300\" height=\"169\" srcset=\"http:\/\/obeirao.pt\/online\/wp-content\/uploads\/2026\/04\/DSC_0464-300x169.jpg 300w, http:\/\/obeirao.pt\/online\/wp-content\/uploads\/2026\/04\/DSC_0464-1024x575.jpg 1024w, http:\/\/obeirao.pt\/online\/wp-content\/uploads\/2026\/04\/DSC_0464-768x431.jpg 768w, http:\/\/obeirao.pt\/online\/wp-content\/uploads\/2026\/04\/DSC_0464-640x360.jpg 640w, http:\/\/obeirao.pt\/online\/wp-content\/uploads\/2026\/04\/DSC_0464-678x381.jpg 678w, http:\/\/obeirao.pt\/online\/wp-content\/uploads\/2026\/04\/DSC_0464.jpg 1278w\" sizes=\"(max-width: 300px) 100vw, 300px\" \/><\/a><figcaption id=\"caption-attachment-9612\" class=\"wp-caption-text\">Assinando Livro de Honra<\/figcaption><\/figure>\n<p>Seguiu-se uma visita e apresenta\u00e7\u00e3o do Centro Tecnol\u00f3gico e de Empreendedorismo (CTE) de Tondela, tendo a comitiva do chefe de Estado visitado as instala\u00e7\u00f5es do Clube Desportivo de Tondela, onde reuniu com dirigentes do emblema beir\u00e3o e com o atleta cabo-verdiano e um dos capit\u00e3es da equipa, H\u00e9lder Tavares.<\/p>\n<p>J\u00e1 na parte da tarde, Jos\u00e9 Maria Neves passou pela Comunidade Intermunicipal Viseu D\u00e3o Laf\u00f5es (CIMVDL), organismo sediado em Tondela e logo depois visitou a ACERT, terminando a sua passagem pelo concelho com uma visita ao Museu do Caramulo.<\/p>\n<p><span style=\"font-size: 18pt;color: #ff0000;background-color: #ffff00\"><strong>\u201cPresid\u00eancia na Di\u00e1spora\u201d<\/strong><\/span><\/p>\n<figure id=\"attachment_9614\" aria-describedby=\"caption-attachment-9614\" style=\"width: 300px\" class=\"wp-caption alignleft\"><a href=\"http:\/\/obeirao.pt\/online\/wp-content\/uploads\/2026\/04\/DSC_0462.jpg\"><img loading=\"lazy\" decoding=\"async\" class=\"wp-image-9614 size-medium\" src=\"http:\/\/obeirao.pt\/online\/wp-content\/uploads\/2026\/04\/DSC_0462-300x218.jpg\" alt=\"\" width=\"300\" height=\"218\" srcset=\"http:\/\/obeirao.pt\/online\/wp-content\/uploads\/2026\/04\/DSC_0462-300x218.jpg 300w, http:\/\/obeirao.pt\/online\/wp-content\/uploads\/2026\/04\/DSC_0462-1024x743.jpg 1024w, http:\/\/obeirao.pt\/online\/wp-content\/uploads\/2026\/04\/DSC_0462-768x557.jpg 768w, http:\/\/obeirao.pt\/online\/wp-content\/uploads\/2026\/04\/DSC_0462-640x464.jpg 640w, http:\/\/obeirao.pt\/online\/wp-content\/uploads\/2026\/04\/DSC_0462.jpg 1114w\" sizes=\"(max-width: 300px) 100vw, 300px\" \/><\/a><figcaption id=\"caption-attachment-9614\" class=\"wp-caption-text\">Carla Borges, presidente da C.M.T.<\/figcaption><\/figure>\n<p>O Presidente da Rep\u00fablica de Cabo Verde, recebido na casa da democracia em Tondela, teve, na recep\u00e7\u00e3o, a participa\u00e7\u00e3o da presidente da C\u00e2mara, Carla Antunes Borges, do vice-presidente, Jorge Soares e dos vereadores Helena Rodrigues, Francisco Fonseca e Miguel Torres e do presidente da Junta de Freguesia, S\u00e9rgio Costa e Sousa.<\/p>\n<p>Na cerim\u00f3nia marcaram tamb\u00e9m presen\u00e7a a presidente da Assembleia Municipal, Cristiana Ferreira, os representantes da Associa\u00e7\u00e3o de Munic\u00edpios da Regi\u00e3o do Planalto Beir\u00e3o, v\u00e1rios presidentes de junta, deputados municipais, elementos de colectividades locais, autarcas de outros concelhos, nomeadamente de Vouzela, Oliveira de Frades, Aguiar da Beira, Penalva do Castelo e T\u00e1bua, entre outros convidados.<\/p>\n<p>A presidente da C\u00e2mara deu as boas-vindas a Jos\u00e9 Maria Neves e felicitou-o por esta passagem por Tondela e por Portugal, integrada na iniciativa \u201cPresid\u00eancia na Di\u00e1spora\u201d.<\/p>\n<p>\u201cTrata-se de uma miss\u00e3o diplom\u00e1tica de elevado significado, reveladora da import\u00e2ncia das rela\u00e7\u00f5es entre Cabo Verde e Portugal, e, de forma muito particular, entre Cabo Verde e Tondela\u201d, disse.<\/p>\n<p><em>\u201cA inclus\u00e3o de Tondela nesta visita constitui, para n\u00f3s, motivo de orgulho e de grande satisfa\u00e7\u00e3o, refor\u00e7ando os la\u00e7os de coopera\u00e7\u00e3o h\u00e1 muito existentes, aqui t\u00e3o bem representados pela figura do senhor comendador Joaquim Coimbra\u201d,<\/em> acrescentou.<\/p>\n<p><span style=\"color: #ff0000;background-color: #ffff00;font-size: 18pt\"><strong>A 4.\u00aa nacionalidade representada <\/strong><strong>em Terras de Besteiros<\/strong><\/span><\/p>\n<figure id=\"attachment_9616\" aria-describedby=\"caption-attachment-9616\" style=\"width: 300px\" class=\"wp-caption alignright\"><a href=\"http:\/\/obeirao.pt\/online\/wp-content\/uploads\/2026\/04\/DSC_0460.jpg\"><img loading=\"lazy\" decoding=\"async\" class=\"wp-image-9616 size-medium\" src=\"http:\/\/obeirao.pt\/online\/wp-content\/uploads\/2026\/04\/DSC_0460-300x176.jpg\" alt=\"\" width=\"300\" height=\"176\" srcset=\"http:\/\/obeirao.pt\/online\/wp-content\/uploads\/2026\/04\/DSC_0460-300x176.jpg 300w, http:\/\/obeirao.pt\/online\/wp-content\/uploads\/2026\/04\/DSC_0460-1024x601.jpg 1024w, http:\/\/obeirao.pt\/online\/wp-content\/uploads\/2026\/04\/DSC_0460-768x451.jpg 768w, http:\/\/obeirao.pt\/online\/wp-content\/uploads\/2026\/04\/DSC_0460-640x376.jpg 640w, http:\/\/obeirao.pt\/online\/wp-content\/uploads\/2026\/04\/DSC_0460.jpg 1500w\" sizes=\"(max-width: 300px) 100vw, 300px\" \/><\/a><figcaption id=\"caption-attachment-9616\" class=\"wp-caption-text\">Aspecto do Sal\u00e3o Nobre<\/figcaption><\/figure>\n<p>Depois de falar do concelho, apontando as potencialidades do territ\u00f3rio e a sua localiza\u00e7\u00e3o e boas acessibilidades, Carla Antunes Borges salientou que esta <em>\u201cconectividade, somada ao dinamismo empresarial\u201d<\/em> concelhio faz de Tondela <em>\u201co parceiro ideal para fortalecer as pontes econ\u00f3micas com Cabo Verde\u201d.<\/em><\/p>\n<p>A autarca fez quest\u00e3o de salientar \u201c<em>o papel dos empres\u00e1rios tondelenses que t\u00eam vindo a investir em Cabo Verde, contribuindo para o desenvolvimento econ\u00f3mico local e para o refor\u00e7o das liga\u00e7\u00f5es entre os dois territ\u00f3rios<\/em>\u201d e, em sentido inverso, real\u00e7ou <em>\u201co papel relevante e estruturante\u201d<\/em> que a comunidade cabo-verdiana em Tondela desempenha na vida concelhia, \u201c<em>contribuindo de forma significativa para o seu desenvolvimento social, econ\u00f3mico e empresarial\u201d. <\/em><\/p>\n<p><em>\u201cTrata-se de uma comunidade activa, empreendedora e plenamente integrada, cuja participa\u00e7\u00e3o se reflecte em diversos sectores de actividade, nomeadamente no com\u00e9rcio, nos servi\u00e7os e em din\u00e2micas associativas locais. O seu contributo para a vitalidade do tecido econ\u00f3mico e para a coes\u00e3o social do concelho \u00e9 amplamente reconhecido, constituindo um exemplo de integra\u00e7\u00e3o bem-sucedida e de valoriza\u00e7\u00e3o da diversidade\u201d,<\/em> apontou, adiantando que a comunidade cabo-verdiana radicada no territ\u00f3rio constitui <em>\u201ca quarta nacionalidade mais representada em Terras de Besteiros\u201d. <\/em><\/p>\n<p>A finalizar o seu discurso, Carla Antunes Borges defendeu que esta visita de Jos\u00e9 Maria Neves <em>\u201crepresenta um momento de particular significado, refor\u00e7ando os princ\u00edpios de coopera\u00e7\u00e3o, di\u00e1logo e proximidade entre institui\u00e7\u00f5es e territ\u00f3rios\u201d, <\/em>deixando claro que o Munic\u00edpio de Tondela manifesta a sua\u00a0 inteira disponibilidade para continuar a contribuir\u00a0 para o fortalecimento das rela\u00e7\u00f5es, no respeito pelos interesses m\u00fatuos e na promo\u00e7\u00e3o de iniciativas que favore\u00e7am o desenvolvimento sustent\u00e1vel.<\/p>\n<p><span style=\"font-size: 18pt;color: #ff0000;background-color: #ffff00\"><strong>Portugal e Cabo Verde numa \u201cvis\u00e3o <\/strong><strong>do mundo\u201d<\/strong><\/span><\/p>\n<p><a href=\"http:\/\/obeirao.pt\/online\/wp-content\/uploads\/2026\/02\/Cidade-de-Tondela.jpeg\"><img loading=\"lazy\" decoding=\"async\" class=\"alignright wp-image-9535 size-medium\" src=\"http:\/\/obeirao.pt\/online\/wp-content\/uploads\/2026\/02\/Cidade-de-Tondela-300x168.jpeg\" alt=\"\" width=\"300\" height=\"168\" srcset=\"http:\/\/obeirao.pt\/online\/wp-content\/uploads\/2026\/02\/Cidade-de-Tondela-300x168.jpeg 300w, http:\/\/obeirao.pt\/online\/wp-content\/uploads\/2026\/02\/Cidade-de-Tondela-1024x575.jpeg 1024w, http:\/\/obeirao.pt\/online\/wp-content\/uploads\/2026\/02\/Cidade-de-Tondela-768x431.jpeg 768w, http:\/\/obeirao.pt\/online\/wp-content\/uploads\/2026\/02\/Cidade-de-Tondela-1536x862.jpeg 1536w, http:\/\/obeirao.pt\/online\/wp-content\/uploads\/2026\/02\/Cidade-de-Tondela-640x359.jpeg 640w, http:\/\/obeirao.pt\/online\/wp-content\/uploads\/2026\/02\/Cidade-de-Tondela-678x381.jpeg 678w, http:\/\/obeirao.pt\/online\/wp-content\/uploads\/2026\/02\/Cidade-de-Tondela.jpeg 1600w\" sizes=\"(max-width: 300px) 100vw, 300px\" \/><\/a>J\u00e1 a presidente da Assembleia Municipal, Cristiana Ferreira, vincou que Tondela acolheu o chefe de Estado cabo-verdiano com <em>\u201celevada honra e profundo sentido institucional\u201d. <\/em><\/p>\n<p><em>\u201cA presen\u00e7a de Vossa Excel\u00eancia neste concelho representa, de forma clara e inequ\u00edvoca, a vitalidade de uma rela\u00e7\u00e3o singular entre Portugal e Cabo Verde \u2014 uma rela\u00e7\u00e3o sedimentada pela hist\u00f3ria, fortalecida pela partilha de uma l\u00edngua comum e enobrecida por uma matriz cultural que nos aproxima\u201d,<\/em> referiu a advogada que j\u00e1 foi deputada na Assembleia da Rep\u00fablica.<\/p>\n<p><em>\u201cPortugal e Cabo Verde partilham n\u00e3o apenas um passado, mas uma vis\u00e3o do mundo: aberta, dialogante, assente no respeito m\u00fatuo e na convic\u00e7\u00e3o de que o futuro se constr\u00f3i em coopera\u00e7\u00e3o, com confian\u00e7a e com sentido de comunidade\u201d,<\/em> real\u00e7ou.<\/p>\n<p><span style=\"font-size: 18pt;color: #ff0000;background-color: #ffff00\"><strong>\u201cTondela tem rela\u00e7\u00f5es especiais <\/strong><strong>com Cabo Verde\u201d<\/strong><\/span><\/p>\n<figure id=\"attachment_9615\" aria-describedby=\"caption-attachment-9615\" style=\"width: 300px\" class=\"wp-caption alignleft\"><a href=\"http:\/\/obeirao.pt\/online\/wp-content\/uploads\/2026\/04\/DSC_0466.jpg\"><img loading=\"lazy\" decoding=\"async\" class=\"wp-image-9615 size-medium\" src=\"http:\/\/obeirao.pt\/online\/wp-content\/uploads\/2026\/04\/DSC_0466-300x236.jpg\" alt=\"\" width=\"300\" height=\"236\" srcset=\"http:\/\/obeirao.pt\/online\/wp-content\/uploads\/2026\/04\/DSC_0466-300x236.jpg 300w, http:\/\/obeirao.pt\/online\/wp-content\/uploads\/2026\/04\/DSC_0466-1024x807.jpg 1024w, http:\/\/obeirao.pt\/online\/wp-content\/uploads\/2026\/04\/DSC_0466-768x605.jpg 768w, http:\/\/obeirao.pt\/online\/wp-content\/uploads\/2026\/04\/DSC_0466-640x504.jpg 640w, http:\/\/obeirao.pt\/online\/wp-content\/uploads\/2026\/04\/DSC_0466.jpg 1069w\" sizes=\"(max-width: 300px) 100vw, 300px\" \/><\/a><figcaption id=\"caption-attachment-9615\" class=\"wp-caption-text\">Presidente Cabo Verde<\/figcaption><\/figure>\n<p>Jos\u00e9 Maria Neves interveio no final da cerim\u00f3nia, ap\u00f3s assinar o livro de honra, confessando \u201c<em>ser motivo de orgulho e satisfa\u00e7\u00e3o\u201d<\/em> estar em Tondela e em particular nos Pa\u00e7os do Concelho.<\/p>\n<p><em>\u201cSinto um grande orgulho do poder local democr\u00e1tico em Portugal. Cada vez que visito Portugal e visito um munic\u00edpio sinto que a democracia \u00e9 vigorosa gra\u00e7as a esse papel determinante do poder local em Portugal\u201d,<\/em> argumentou.<\/p>\n<p><em>\u201cTondela tem rela\u00e7\u00f5es especiais com Cabo Verde, h\u00e1 empresas que investem em Cabo Verde, o comendador Joaquim Coimbra \u00e9 um exemplo, uma refer\u00eancia, mas tamb\u00e9m o pr\u00f3prio Munic\u00edpio tem rela\u00e7\u00f5es de amizade com o Munic\u00edpio de S. Domingos, o que acaba por abrir avenidas que levam a um estreitamento das rela\u00e7\u00f5es de amizade e de coopera\u00e7\u00e3o entre os dois pa\u00edses\u201d,<\/em> apontou.<\/p>\n<p>O chefe de Estado mostrou-se ainda grato pelo bom acolhimento que o concelho oferece aos cabo-verdianos que v\u00e3o para Tondela estudar, na Escola Profissional e trabalhar.<\/p>\n<figure id=\"attachment_9617\" aria-describedby=\"caption-attachment-9617\" style=\"width: 300px\" class=\"wp-caption alignright\"><a href=\"http:\/\/obeirao.pt\/online\/wp-content\/uploads\/2026\/04\/Estadio-Joao-Cardoso-em-26-10-2025.jpg\"><img loading=\"lazy\" decoding=\"async\" class=\"wp-image-9617 size-medium\" src=\"http:\/\/obeirao.pt\/online\/wp-content\/uploads\/2026\/04\/Estadio-Joao-Cardoso-em-26-10-2025-300x165.jpg\" alt=\"\" width=\"300\" height=\"165\" srcset=\"http:\/\/obeirao.pt\/online\/wp-content\/uploads\/2026\/04\/Estadio-Joao-Cardoso-em-26-10-2025-300x165.jpg 300w, http:\/\/obeirao.pt\/online\/wp-content\/uploads\/2026\/04\/Estadio-Joao-Cardoso-em-26-10-2025-1024x564.jpg 1024w, http:\/\/obeirao.pt\/online\/wp-content\/uploads\/2026\/04\/Estadio-Joao-Cardoso-em-26-10-2025-768x423.jpg 768w, http:\/\/obeirao.pt\/online\/wp-content\/uploads\/2026\/04\/Estadio-Joao-Cardoso-em-26-10-2025-640x352.jpg 640w, http:\/\/obeirao.pt\/online\/wp-content\/uploads\/2026\/04\/Estadio-Joao-Cardoso-em-26-10-2025.jpg 1500w\" sizes=\"(max-width: 300px) 100vw, 300px\" \/><\/a><figcaption id=\"caption-attachment-9617\" class=\"wp-caption-text\">Est\u00e1dio do Clube Desportivo de Tondela (arquivo)<\/figcaption><\/figure>\n<p><em>\u201cMuit\u00edssimo obrigado pelo acolhimento e por tudo o que tendes feito pelo refor\u00e7o das rela\u00e7\u00f5es de amizade e coopera\u00e7\u00e3o entre os dois pa\u00edses\u201d,<\/em> concluiu.<\/p>\n<p>Ap\u00f3s a passagem pelo edif\u00edcio do Munic\u00edpio, a comitiva de Cabo Verde, composta por cerca de duas dezenas de pessoas, passou pelo Centro Tecnol\u00f3gico e de Empreendedorismo (CTE) de Tondela.<\/p>\n<p>A visita incluiu ainda a passagens pelo Clube Desportivo de Tondela, onde Jos\u00e9 Maria Neves reuniu com dirigentes do emblema e com o atleta cabo-verdiano e um dos capit\u00e3es da equipa H\u00e9lder Tavares e ainda pela Comunidade Intermunicipal Viseu D\u00e3o Laf\u00f5es, pela ACERT e pelo Museu do Caramulo.<\/p>\n<p>Tendo sido oferecida ao ilustre visitante, o s\u00edmbolo da nossa arma medieval, resta dizer que n\u00e3o foi programada uma visita ao Museu \u201cTerras de Besteiros\u201d, onde est\u00e1 espelhada muita da Hist\u00f3ria de Tondela e sua regi\u00e3o.<\/p>\n<p style=\"text-align: right\"><span style=\"font-size: 14pt\"><em><strong>Z\u00c9 BEIR\u00c3O<\/strong><\/em><\/span><\/p>\n<p>&nbsp;<\/p>\n","protected":false},"excerpt":{"rendered":"<div class=\"mh-excerpt\"><span class=\"span-reading-time rt-reading-time\" style=\"display: block;\"><span class=\"rt-label rt-prefix\">tempo de leitura:<\/span> <span class=\"rt-time\"> 5<\/span> <span class=\"rt-label rt-postfix\">minutos<\/span><\/span>TONDELA TEM RELA\u00c7\u00d5ES ESPECIAIS COM CABO VERDE !! Tondela foi, nesta 4.\u00aa feira, dia 22 de Abril de 2026, um dos pontos de passagem da <a class=\"mh-excerpt-more\" href=\"http:\/\/obeirao.pt\/online\/2026\/04\/22\/presidente-de-cabo-verde-visita-tondela-em-terras-de-besteiros\/\" title=\"PRESIDENTE DE CABO VERDE VISITA TONDELA EM TERRAS DE BESTEIROS\">[&#8230;]<\/a><\/div>\n","protected":false},"author":2,"featured_media":9610,"comment_status":"closed","ping_status":"closed","sticky":false,"template":"","format":"standard","meta":{"footnotes":""},"categories":[2,5,188,6,4,63],"tags":[],"class_list":["post-9609","post","type-post","status-publish","format-standard","has-post-thumbnail","hentry","category-principal","category-cidade","category-comunidade-intermunicipal-viseu-dao-lafoes","category-pais","category-regiao","category-tondela"],"yoast_head":"<!-- This site is optimized with the Yoast SEO plugin v27.4 - https:\/\/yoast.com\/product\/yoast-seo-wordpress\/ -->\n<title>PRESIDENTE DE CABO VERDE VISITA TONDELA EM TERRAS DE BESTEIROS - Beir\u00e3o Online<\/title>\n<meta name=\"robots\" content=\"index, follow, max-snippet:-1, max-image-preview:large, max-video-preview:-1\" \/>\n<link rel=\"canonical\" href=\"https:\/\/obeirao.pt\/online\/2026\/04\/22\/presidente-de-cabo-verde-visita-tondela-em-terras-de-besteiros\/\" \/>\n<meta property=\"og:locale\" content=\"pt_PT\" \/>\n<meta property=\"og:type\" content=\"article\" \/>\n<meta property=\"og:title\" content=\"PRESIDENTE DE CABO VERDE VISITA TONDELA EM TERRAS DE BESTEIROS - Beir\u00e3o Online\" \/>\n<meta property=\"og:description\" content=\"tempo de leitura: 5 minutosTONDELA TEM RELA\u00c7\u00d5ES ESPECIAIS COM CABO VERDE !! Tondela foi, nesta 4.\u00aa feira, dia 22 de Abril de 2026, um dos pontos de passagem da [...]\" \/>\n<meta property=\"og:url\" content=\"https:\/\/obeirao.pt\/online\/2026\/04\/22\/presidente-de-cabo-verde-visita-tondela-em-terras-de-besteiros\/\" \/>\n<meta property=\"og:site_name\" content=\"Beir\u00e3o Online\" \/>\n<meta property=\"article:publisher\" content=\"https:\/\/pt-br.facebook.com\/pages\/Amigos-de-Tondela\/273620439973877\" \/>\n<meta property=\"article:published_time\" content=\"2026-04-22T20:00:08+00:00\" \/>\n<meta property=\"article:modified_time\" content=\"2026-04-22T20:16:28+00:00\" \/>\n<meta property=\"og:image\" content=\"https:\/\/obeirao.pt\/online\/wp-content\/uploads\/2026\/04\/DSC_0467.jpg\" \/>\n\t<meta property=\"og:image:width\" content=\"1429\" \/>\n\t<meta property=\"og:image:height\" content=\"888\" \/>\n\t<meta property=\"og:image:type\" content=\"image\/jpeg\" \/>\n<meta name=\"author\" content=\"Z\u00e9 Beir\u00e3o\" \/>\n<meta name=\"twitter:card\" content=\"summary_large_image\" \/>\n<meta name=\"twitter:creator\" content=\"@JoaquimDuarteP2\" \/>\n<meta name=\"twitter:site\" content=\"@JoaquimDuarteP2\" \/>\n<meta name=\"twitter:label1\" content=\"Escrito por\" \/>\n\t<meta name=\"twitter:data1\" content=\"Z\u00e9 Beir\u00e3o\" \/>\n\t<meta name=\"twitter:label2\" content=\"Tempo estimado de leitura\" \/>\n\t<meta name=\"twitter:data2\" content=\"8 minutos\" \/>\n<script type=\"application\/ld+json\" class=\"yoast-schema-graph\">{\"@context\":\"https:\\\/\\\/schema.org\",\"@graph\":[{\"@type\":\"Article\",\"@id\":\"https:\\\/\\\/obeirao.pt\\\/online\\\/2026\\\/04\\\/22\\\/presidente-de-cabo-verde-visita-tondela-em-terras-de-besteiros\\\/#article\",\"isPartOf\":{\"@id\":\"https:\\\/\\\/obeirao.pt\\\/online\\\/2026\\\/04\\\/22\\\/presidente-de-cabo-verde-visita-tondela-em-terras-de-besteiros\\\/\"},\"author\":{\"name\":\"Z\u00e9 Beir\u00e3o\",\"@id\":\"http:\\\/\\\/obeirao.pt\\\/online\\\/#\\\/schema\\\/person\\\/efac69bb5a33873e1c1bb9c1165ff38c\"},\"headline\":\"PRESIDENTE DE CABO VERDE VISITA TONDELA EM TERRAS DE BESTEIROS\",\"datePublished\":\"2026-04-22T20:00:08+00:00\",\"dateModified\":\"2026-04-22T20:16:28+00:00\",\"mainEntityOfPage\":{\"@id\":\"https:\\\/\\\/obeirao.pt\\\/online\\\/2026\\\/04\\\/22\\\/presidente-de-cabo-verde-visita-tondela-em-terras-de-besteiros\\\/\"},\"wordCount\":1272,\"image\":{\"@id\":\"https:\\\/\\\/obeirao.pt\\\/online\\\/2026\\\/04\\\/22\\\/presidente-de-cabo-verde-visita-tondela-em-terras-de-besteiros\\\/#primaryimage\"},\"thumbnailUrl\":\"http:\\\/\\\/obeirao.pt\\\/online\\\/wp-content\\\/uploads\\\/2026\\\/04\\\/DSC_0467.jpg\",\"articleSection\":[\"_Principal\",\"Cidade\",\"Comunidade Intermunicipal Viseu D\u00e3o Laf\u00f5es\",\"Pa\u00eds\",\"Regi\u00e3o\",\"Tondela\"],\"inLanguage\":\"pt-PT\"},{\"@type\":\"WebPage\",\"@id\":\"https:\\\/\\\/obeirao.pt\\\/online\\\/2026\\\/04\\\/22\\\/presidente-de-cabo-verde-visita-tondela-em-terras-de-besteiros\\\/\",\"url\":\"https:\\\/\\\/obeirao.pt\\\/online\\\/2026\\\/04\\\/22\\\/presidente-de-cabo-verde-visita-tondela-em-terras-de-besteiros\\\/\",\"name\":\"PRESIDENTE DE CABO VERDE VISITA TONDELA EM TERRAS DE BESTEIROS - Beir\u00e3o Online\",\"isPartOf\":{\"@id\":\"http:\\\/\\\/obeirao.pt\\\/online\\\/#website\"},\"primaryImageOfPage\":{\"@id\":\"https:\\\/\\\/obeirao.pt\\\/online\\\/2026\\\/04\\\/22\\\/presidente-de-cabo-verde-visita-tondela-em-terras-de-besteiros\\\/#primaryimage\"},\"image\":{\"@id\":\"https:\\\/\\\/obeirao.pt\\\/online\\\/2026\\\/04\\\/22\\\/presidente-de-cabo-verde-visita-tondela-em-terras-de-besteiros\\\/#primaryimage\"},\"thumbnailUrl\":\"http:\\\/\\\/obeirao.pt\\\/online\\\/wp-content\\\/uploads\\\/2026\\\/04\\\/DSC_0467.jpg\",\"datePublished\":\"2026-04-22T20:00:08+00:00\",\"dateModified\":\"2026-04-22T20:16:28+00:00\",\"author\":{\"@id\":\"http:\\\/\\\/obeirao.pt\\\/online\\\/#\\\/schema\\\/person\\\/efac69bb5a33873e1c1bb9c1165ff38c\"},\"breadcrumb\":{\"@id\":\"https:\\\/\\\/obeirao.pt\\\/online\\\/2026\\\/04\\\/22\\\/presidente-de-cabo-verde-visita-tondela-em-terras-de-besteiros\\\/#breadcrumb\"},\"inLanguage\":\"pt-PT\",\"potentialAction\":[{\"@type\":\"ReadAction\",\"target\":[\"https:\\\/\\\/obeirao.pt\\\/online\\\/2026\\\/04\\\/22\\\/presidente-de-cabo-verde-visita-tondela-em-terras-de-besteiros\\\/\"]}]},{\"@type\":\"ImageObject\",\"inLanguage\":\"pt-PT\",\"@id\":\"https:\\\/\\\/obeirao.pt\\\/online\\\/2026\\\/04\\\/22\\\/presidente-de-cabo-verde-visita-tondela-em-terras-de-besteiros\\\/#primaryimage\",\"url\":\"http:\\\/\\\/obeirao.pt\\\/online\\\/wp-content\\\/uploads\\\/2026\\\/04\\\/DSC_0467.jpg\",\"contentUrl\":\"http:\\\/\\\/obeirao.pt\\\/online\\\/wp-content\\\/uploads\\\/2026\\\/04\\\/DSC_0467.jpg\",\"width\":1429,\"height\":888,\"caption\":\"????????????????????????????????????\"},{\"@type\":\"BreadcrumbList\",\"@id\":\"https:\\\/\\\/obeirao.pt\\\/online\\\/2026\\\/04\\\/22\\\/presidente-de-cabo-verde-visita-tondela-em-terras-de-besteiros\\\/#breadcrumb\",\"itemListElement\":[{\"@type\":\"ListItem\",\"position\":1,\"name\":\"Home\",\"item\":\"http:\\\/\\\/obeirao.pt\\\/online\\\/\"},{\"@type\":\"ListItem\",\"position\":2,\"name\":\"PRESIDENTE DE CABO VERDE VISITA TONDELA EM TERRAS DE BESTEIROS\"}]},{\"@type\":\"WebSite\",\"@id\":\"http:\\\/\\\/obeirao.pt\\\/online\\\/#website\",\"url\":\"http:\\\/\\\/obeirao.pt\\\/online\\\/\",\"name\":\"Beir\u00e3o Online\",\"description\":\"www.obeirao.pt\",\"potentialAction\":[{\"@type\":\"SearchAction\",\"target\":{\"@type\":\"EntryPoint\",\"urlTemplate\":\"http:\\\/\\\/obeirao.pt\\\/online\\\/?s={search_term_string}\"},\"query-input\":{\"@type\":\"PropertyValueSpecification\",\"valueRequired\":true,\"valueName\":\"search_term_string\"}}],\"inLanguage\":\"pt-PT\"},{\"@type\":\"Person\",\"@id\":\"http:\\\/\\\/obeirao.pt\\\/online\\\/#\\\/schema\\\/person\\\/efac69bb5a33873e1c1bb9c1165ff38c\",\"name\":\"Z\u00e9 Beir\u00e3o\",\"image\":{\"@type\":\"ImageObject\",\"inLanguage\":\"pt-PT\",\"@id\":\"http:\\\/\\\/0.gravatar.com\\\/avatar\\\/c8c44d1f9327baa4d27e9b1149cd71b3?s=96&d=mm&r=g\",\"url\":\"http:\\\/\\\/0.gravatar.com\\\/avatar\\\/c8c44d1f9327baa4d27e9b1149cd71b3?s=96&d=mm&r=g\",\"contentUrl\":\"http:\\\/\\\/0.gravatar.com\\\/avatar\\\/c8c44d1f9327baa4d27e9b1149cd71b3?s=96&d=mm&r=g\",\"caption\":\"Z\u00e9 Beir\u00e3o\"},\"url\":\"http:\\\/\\\/obeirao.pt\\\/online\\\/author\\\/zebeirao\\\/\"}]}<\/script>\n<!-- \/ Yoast SEO plugin. -->","yoast_head_json":{"title":"PRESIDENTE DE CABO VERDE VISITA TONDELA EM TERRAS DE BESTEIROS - Beir\u00e3o Online","robots":{"index":"index","follow":"follow","max-snippet":"max-snippet:-1","max-image-preview":"max-image-preview:large","max-video-preview":"max-video-preview:-1"},"canonical":"https:\/\/obeirao.pt\/online\/2026\/04\/22\/presidente-de-cabo-verde-visita-tondela-em-terras-de-besteiros\/","og_locale":"pt_PT","og_type":"article","og_title":"PRESIDENTE DE CABO VERDE VISITA TONDELA EM TERRAS DE BESTEIROS - Beir\u00e3o Online","og_description":"tempo de leitura: 5 minutosTONDELA TEM RELA\u00c7\u00d5ES ESPECIAIS COM CABO VERDE !! Tondela foi, nesta 4.\u00aa feira, dia 22 de Abril de 2026, um dos pontos de passagem da [...]","og_url":"https:\/\/obeirao.pt\/online\/2026\/04\/22\/presidente-de-cabo-verde-visita-tondela-em-terras-de-besteiros\/","og_site_name":"Beir\u00e3o Online","article_publisher":"https:\/\/pt-br.facebook.com\/pages\/Amigos-de-Tondela\/273620439973877","article_published_time":"2026-04-22T20:00:08+00:00","article_modified_time":"2026-04-22T20:16:28+00:00","og_image":[{"width":1429,"height":888,"url":"https:\/\/obeirao.pt\/online\/wp-content\/uploads\/2026\/04\/DSC_0467.jpg","type":"image\/jpeg"}],"author":"Z\u00e9 Beir\u00e3o","twitter_card":"summary_large_image","twitter_creator":"@JoaquimDuarteP2","twitter_site":"@JoaquimDuarteP2","twitter_misc":{"Escrito por":"Z\u00e9 Beir\u00e3o","Tempo estimado de leitura":"8 minutos"},"schema":{"@context":"https:\/\/schema.org","@graph":[{"@type":"Article","@id":"https:\/\/obeirao.pt\/online\/2026\/04\/22\/presidente-de-cabo-verde-visita-tondela-em-terras-de-besteiros\/#article","isPartOf":{"@id":"https:\/\/obeirao.pt\/online\/2026\/04\/22\/presidente-de-cabo-verde-visita-tondela-em-terras-de-besteiros\/"},"author":{"name":"Z\u00e9 Beir\u00e3o","@id":"http:\/\/obeirao.pt\/online\/#\/schema\/person\/efac69bb5a33873e1c1bb9c1165ff38c"},"headline":"PRESIDENTE DE CABO VERDE VISITA TONDELA EM TERRAS DE BESTEIROS","datePublished":"2026-04-22T20:00:08+00:00","dateModified":"2026-04-22T20:16:28+00:00","mainEntityOfPage":{"@id":"https:\/\/obeirao.pt\/online\/2026\/04\/22\/presidente-de-cabo-verde-visita-tondela-em-terras-de-besteiros\/"},"wordCount":1272,"image":{"@id":"https:\/\/obeirao.pt\/online\/2026\/04\/22\/presidente-de-cabo-verde-visita-tondela-em-terras-de-besteiros\/#primaryimage"},"thumbnailUrl":"http:\/\/obeirao.pt\/online\/wp-content\/uploads\/2026\/04\/DSC_0467.jpg","articleSection":["_Principal","Cidade","Comunidade Intermunicipal Viseu D\u00e3o Laf\u00f5es","Pa\u00eds","Regi\u00e3o","Tondela"],"inLanguage":"pt-PT"},{"@type":"WebPage","@id":"https:\/\/obeirao.pt\/online\/2026\/04\/22\/presidente-de-cabo-verde-visita-tondela-em-terras-de-besteiros\/","url":"https:\/\/obeirao.pt\/online\/2026\/04\/22\/presidente-de-cabo-verde-visita-tondela-em-terras-de-besteiros\/","name":"PRESIDENTE DE CABO VERDE VISITA TONDELA EM TERRAS DE BESTEIROS - Beir\u00e3o Online","isPartOf":{"@id":"http:\/\/obeirao.pt\/online\/#website"},"primaryImageOfPage":{"@id":"https:\/\/obeirao.pt\/online\/2026\/04\/22\/presidente-de-cabo-verde-visita-tondela-em-terras-de-besteiros\/#primaryimage"},"image":{"@id":"https:\/\/obeirao.pt\/online\/2026\/04\/22\/presidente-de-cabo-verde-visita-tondela-em-terras-de-besteiros\/#primaryimage"},"thumbnailUrl":"http:\/\/obeirao.pt\/online\/wp-content\/uploads\/2026\/04\/DSC_0467.jpg","datePublished":"2026-04-22T20:00:08+00:00","dateModified":"2026-04-22T20:16:28+00:00","author":{"@id":"http:\/\/obeirao.pt\/online\/#\/schema\/person\/efac69bb5a33873e1c1bb9c1165ff38c"},"breadcrumb":{"@id":"https:\/\/obeirao.pt\/online\/2026\/04\/22\/presidente-de-cabo-verde-visita-tondela-em-terras-de-besteiros\/#breadcrumb"},"inLanguage":"pt-PT","potentialAction":[{"@type":"ReadAction","target":["https:\/\/obeirao.pt\/online\/2026\/04\/22\/presidente-de-cabo-verde-visita-tondela-em-terras-de-besteiros\/"]}]},{"@type":"ImageObject","inLanguage":"pt-PT","@id":"https:\/\/obeirao.pt\/online\/2026\/04\/22\/presidente-de-cabo-verde-visita-tondela-em-terras-de-besteiros\/#primaryimage","url":"http:\/\/obeirao.pt\/online\/wp-content\/uploads\/2026\/04\/DSC_0467.jpg","contentUrl":"http:\/\/obeirao.pt\/online\/wp-content\/uploads\/2026\/04\/DSC_0467.jpg","width":1429,"height":888,"caption":"????????????????????????????????????"},{"@type":"BreadcrumbList","@id":"https:\/\/obeirao.pt\/online\/2026\/04\/22\/presidente-de-cabo-verde-visita-tondela-em-terras-de-besteiros\/#breadcrumb","itemListElement":[{"@type":"ListItem","position":1,"name":"Home","item":"http:\/\/obeirao.pt\/online\/"},{"@type":"ListItem","position":2,"name":"PRESIDENTE DE CABO VERDE VISITA TONDELA EM TERRAS DE BESTEIROS"}]},{"@type":"WebSite","@id":"http:\/\/obeirao.pt\/online\/#website","url":"http:\/\/obeirao.pt\/online\/","name":"Beir\u00e3o Online","description":"www.obeirao.pt","potentialAction":[{"@type":"SearchAction","target":{"@type":"EntryPoint","urlTemplate":"http:\/\/obeirao.pt\/online\/?s={search_term_string}"},"query-input":{"@type":"PropertyValueSpecification","valueRequired":true,"valueName":"search_term_string"}}],"inLanguage":"pt-PT"},{"@type":"Person","@id":"http:\/\/obeirao.pt\/online\/#\/schema\/person\/efac69bb5a33873e1c1bb9c1165ff38c","name":"Z\u00e9 Beir\u00e3o","image":{"@type":"ImageObject","inLanguage":"pt-PT","@id":"http:\/\/0.gravatar.com\/avatar\/c8c44d1f9327baa4d27e9b1149cd71b3?s=96&d=mm&r=g","url":"http:\/\/0.gravatar.com\/avatar\/c8c44d1f9327baa4d27e9b1149cd71b3?s=96&d=mm&r=g","contentUrl":"http:\/\/0.gravatar.com\/avatar\/c8c44d1f9327baa4d27e9b1149cd71b3?s=96&d=mm&r=g","caption":"Z\u00e9 Beir\u00e3o"},"url":"http:\/\/obeirao.pt\/online\/author\/zebeirao\/"}]}},"_links":{"self":[{"href":"http:\/\/obeirao.pt\/online\/wp-json\/wp\/v2\/posts\/9609"}],"collection":[{"href":"http:\/\/obeirao.pt\/online\/wp-json\/wp\/v2\/posts"}],"about":[{"href":"http:\/\/obeirao.pt\/online\/wp-json\/wp\/v2\/types\/post"}],"author":[{"embeddable":true,"href":"http:\/\/obeirao.pt\/online\/wp-json\/wp\/v2\/users\/2"}],"replies":[{"embeddable":true,"href":"http:\/\/obeirao.pt\/online\/wp-json\/wp\/v2\/comments?post=9609"}],"version-history":[{"count":3,"href":"http:\/\/obeirao.pt\/online\/wp-json\/wp\/v2\/posts\/9609\/revisions"}],"predecessor-version":[{"id":9618,"href":"http:\/\/obeirao.pt\/online\/wp-json\/wp\/v2\/posts\/9609\/revisions\/9618"}],"wp:featuredmedia":[{"embeddable":true,"href":"http:\/\/obeirao.pt\/online\/wp-json\/wp\/v2\/media\/9610"}],"wp:attachment":[{"href":"http:\/\/obeirao.pt\/online\/wp-json\/wp\/v2\/media?parent=9609"}],"wp:term":[{"taxonomy":"category","embeddable":true,"href":"http:\/\/obeirao.pt\/online\/wp-json\/wp\/v2\/categories?post=9609"},{"taxonomy":"post_tag","embeddable":true,"href":"http:\/\/obeirao.pt\/online\/wp-json\/wp\/v2\/tags?post=9609"}],"curies":[{"name":"wp","href":"https:\/\/api.w.org\/{rel}","templated":true}]}}