{"id":9619,"date":"2026-04-22T21:52:41","date_gmt":"2026-04-22T20:52:41","guid":{"rendered":"http:\/\/obeirao.pt\/online\/?p=9619"},"modified":"2026-04-22T22:06:44","modified_gmt":"2026-04-22T21:06:44","slug":"vila-de-s-joao-do-monte-com-tres-obras-novas-inauguradas","status":"publish","type":"post","link":"http:\/\/obeirao.pt\/online\/2026\/04\/22\/vila-de-s-joao-do-monte-com-tres-obras-novas-inauguradas\/","title":{"rendered":"VILA DE S. JO\u00c3O DO MONTE COM TR\u00caS OBRAS NOVAS INAUGURADAS"},"content":{"rendered":"<span class=\"span-reading-time rt-reading-time\" style=\"display: block;\"><span class=\"rt-label rt-prefix\">tempo de leitura:<\/span> <span class=\"rt-time\"> 3<\/span> <span class=\"rt-label rt-postfix\">minutos<\/span><\/span><figure id=\"attachment_9620\" aria-describedby=\"caption-attachment-9620\" style=\"width: 300px\" class=\"wp-caption alignleft\"><a href=\"http:\/\/obeirao.pt\/online\/wp-content\/uploads\/2026\/04\/DSC_0446.jpg\"><img loading=\"lazy\" decoding=\"async\" class=\"wp-image-9620 size-medium\" src=\"http:\/\/obeirao.pt\/online\/wp-content\/uploads\/2026\/04\/DSC_0446-300x178.jpg\" alt=\"\" width=\"300\" height=\"178\" srcset=\"http:\/\/obeirao.pt\/online\/wp-content\/uploads\/2026\/04\/DSC_0446-300x178.jpg 300w, http:\/\/obeirao.pt\/online\/wp-content\/uploads\/2026\/04\/DSC_0446-1024x608.jpg 1024w, http:\/\/obeirao.pt\/online\/wp-content\/uploads\/2026\/04\/DSC_0446-768x456.jpg 768w, http:\/\/obeirao.pt\/online\/wp-content\/uploads\/2026\/04\/DSC_0446-640x380.jpg 640w, http:\/\/obeirao.pt\/online\/wp-content\/uploads\/2026\/04\/DSC_0446.jpg 1500w\" sizes=\"(max-width: 300px) 100vw, 300px\" \/><\/a><figcaption id=\"caption-attachment-9620\" class=\"wp-caption-text\">Sanit\u00e1rios na Feira e Mata<\/figcaption><\/figure>\n<p><em><span style=\"font-size: 24pt;font-family: impact, sans-serif;color: #ff0000\">Instala\u00e7\u00f5es sanit\u00e1rias, polidesportivo e estrada at\u00e9 ao concelho de <span style=\"color: #000000\">Oliveira de Frades !!<\/span><\/span><\/em><\/p>\n<p><strong><em>A presidente da C\u00e2mara de Tondela, Carla Antunes Borges e o presidente da Uni\u00e3o das Freguesias de S\u00e3o Jo\u00e3o do Monte e Mosteirinho, Paulo Dinis, inauguraram na manh\u00e3 deste \u00faltimo domingo (19 de abril) obras na vila e freguesia e que representaram um investimento camar\u00e1rio global de mais de 426 mil euros.<\/em><\/strong><!--more--><\/p>\n<figure id=\"attachment_9623\" aria-describedby=\"caption-attachment-9623\" style=\"width: 300px\" class=\"wp-caption alignright\"><a href=\"http:\/\/obeirao.pt\/online\/wp-content\/uploads\/2026\/04\/DSC_0452.jpg\"><img loading=\"lazy\" decoding=\"async\" class=\"wp-image-9623 size-medium\" src=\"http:\/\/obeirao.pt\/online\/wp-content\/uploads\/2026\/04\/DSC_0452-300x173.jpg\" alt=\"\" width=\"300\" height=\"173\" srcset=\"http:\/\/obeirao.pt\/online\/wp-content\/uploads\/2026\/04\/DSC_0452-300x173.jpg 300w, http:\/\/obeirao.pt\/online\/wp-content\/uploads\/2026\/04\/DSC_0452-1024x590.jpg 1024w, http:\/\/obeirao.pt\/online\/wp-content\/uploads\/2026\/04\/DSC_0452-768x442.jpg 768w, http:\/\/obeirao.pt\/online\/wp-content\/uploads\/2026\/04\/DSC_0452-640x369.jpg 640w, http:\/\/obeirao.pt\/online\/wp-content\/uploads\/2026\/04\/DSC_0452.jpg 1500w\" sizes=\"(max-width: 300px) 100vw, 300px\" \/><\/a><figcaption id=\"caption-attachment-9623\" class=\"wp-caption-text\">Polidesportivo<\/figcaption><\/figure>\n<p>As cerim\u00f3nias inaugurativas contaram com a presen\u00e7a do vice-presidente da autarquia Jorge Soares e dos vereadores Helena Rodrigues e Francisco Fonseca, da presidente da Assembleia Municipal, Cristiana Ferreira, al\u00e9m de v\u00e1rios elementos da Junta e Assembleia de Freguesia e das colectividades locais.<\/p>\n<p>A primeira placa a ser descerrada foi a do edif\u00edcio de apoio ao Parque de Lazer da Mata, com casas de banho, cuja beneficia\u00e7\u00e3o custou perto de 53 mil euros. Seguiu-se a inaugura\u00e7\u00e3o da segunda fase do projecto de interven\u00e7\u00e3o no Polidesportivo da vila, or\u00e7ado em mais de 84 mil euros.<\/p>\n<figure id=\"attachment_9625\" aria-describedby=\"caption-attachment-9625\" style=\"width: 300px\" class=\"wp-caption alignleft\"><a href=\"http:\/\/obeirao.pt\/online\/wp-content\/uploads\/2026\/04\/DSC_0455.jpg\"><img loading=\"lazy\" decoding=\"async\" class=\"wp-image-9625 size-medium\" src=\"http:\/\/obeirao.pt\/online\/wp-content\/uploads\/2026\/04\/DSC_0455-300x188.jpg\" alt=\"\" width=\"300\" height=\"188\" srcset=\"http:\/\/obeirao.pt\/online\/wp-content\/uploads\/2026\/04\/DSC_0455-300x188.jpg 300w, http:\/\/obeirao.pt\/online\/wp-content\/uploads\/2026\/04\/DSC_0455-1024x641.jpg 1024w, http:\/\/obeirao.pt\/online\/wp-content\/uploads\/2026\/04\/DSC_0455-768x480.jpg 768w, http:\/\/obeirao.pt\/online\/wp-content\/uploads\/2026\/04\/DSC_0455-640x400.jpg 640w, http:\/\/obeirao.pt\/online\/wp-content\/uploads\/2026\/04\/DSC_0455.jpg 1394w\" sizes=\"(max-width: 300px) 100vw, 300px\" \/><\/a><figcaption id=\"caption-attachment-9625\" class=\"wp-caption-text\">Placa na Rua dos Pereiros<\/figcaption><\/figure>\n<p>Por \u00faltimo, foi cortada a fita das obras de requalifica\u00e7\u00e3o e alargamento do Caminho Municipal (CM) 1512, entre S. Jo\u00e3o do Monte e o limite com o concelho vizinho de Oliveira de Frades, passando pela aldeia do Vale do Lobo. A empreitada, na estrada com mais de dois quil\u00f3metros de extens\u00e3o, representou um investimento de cerca de 300 mil euros.<\/p>\n<p><span style=\"background-color: #ccffff\">\u201c<em>Estamos a falar de cerca de 420 mil euros para terem a no\u00e7\u00e3o do investimento que o munic\u00edpio executou em S. Jo\u00e3o do Monte, obviamente em colabora\u00e7\u00e3o com a Uni\u00e3o de Freguesias, numa resposta de proximidade que quisemos dar e que pretendemos potenciar sempre\u201d,<\/em> declarou Carla Antunes Borges.<\/span><\/p>\n<p><span style=\"font-size: 18pt;color: #000080;background-color: #ffff99\"><strong>CARLA BORGES: <\/strong><\/span><\/p>\n<ul style=\"list-style-type: disc\">\n<li><span style=\"font-size: 18pt;color: #ff0000;background-color: #ffff99\"><strong>\u201cN\u00c3O NOS VAMOS ESQUECER DE S. JO\u00c3O DO MONTE\u201d !!<\/strong><\/span><\/li>\n<\/ul>\n<figure id=\"attachment_9626\" aria-describedby=\"caption-attachment-9626\" style=\"width: 300px\" class=\"wp-caption alignright\"><a href=\"http:\/\/obeirao.pt\/online\/wp-content\/uploads\/2026\/04\/DSC_0459.jpg\"><img loading=\"lazy\" decoding=\"async\" class=\"wp-image-9626 size-medium\" src=\"http:\/\/obeirao.pt\/online\/wp-content\/uploads\/2026\/04\/DSC_0459-300x172.jpg\" alt=\"\" width=\"300\" height=\"172\" srcset=\"http:\/\/obeirao.pt\/online\/wp-content\/uploads\/2026\/04\/DSC_0459-300x172.jpg 300w, http:\/\/obeirao.pt\/online\/wp-content\/uploads\/2026\/04\/DSC_0459-1024x588.jpg 1024w, http:\/\/obeirao.pt\/online\/wp-content\/uploads\/2026\/04\/DSC_0459-768x441.jpg 768w, http:\/\/obeirao.pt\/online\/wp-content\/uploads\/2026\/04\/DSC_0459-640x367.jpg 640w, http:\/\/obeirao.pt\/online\/wp-content\/uploads\/2026\/04\/DSC_0459.jpg 1436w\" sizes=\"(max-width: 300px) 100vw, 300px\" \/><\/a><figcaption id=\"caption-attachment-9626\" class=\"wp-caption-text\">A bel\u00edssima estrada inaugurada<\/figcaption><\/figure>\n<p><em><span style=\"background-color: #ccffff\">\u201cN\u00e3o nos vamos esquecer de S. Jo\u00e3o do Monte e, por isso, \u00e9 que estamos aqui hoje, para dar sinal de que n\u00e3o nos esquecemos da uni\u00e3o de freguesias, das institui\u00e7\u00f5es, das pessoas\u201d<\/span>,<\/em> acrescentou, salientando que as tr\u00eas obras agora inauguradas j\u00e1 estavam prontas desde o final do mandato passado, mas que por entendimento de ambos os executivos foi decidido n\u00e3o inaugurar as mesmas durante o per\u00edodo eleitoral.<\/p>\n<p>Entre os projectos inaugurados, a autarca destacou a interven\u00e7\u00e3o no CM 1512, um projecto que<span style=\"background-color: #ccffff\"> \u201c<em>foi muito ansiado\u201d<\/em><\/span> e que foi realizado sem o apoio de fontes de financiamento, unicamente \u00e0 custa de dinheiros camar\u00e1rios.<\/p>\n<p><span style=\"background-color: #ccffff\"><em>\u201c\u00c9 uma importante infraestrutura, que liga S. Jo\u00e3o Monte ao concelho vizinho e, portanto, para n\u00f3s \u00e9 motivo de grande satisfa\u00e7\u00e3o podermos inaugurar esta obra. Estamos hoje a concretizar aquilo que sempre dissemos ao longo do mandato que \u00e9 a promo\u00e7\u00e3o da coes\u00e3o territorial dentro do nosso concelho\u201d,<\/em> v<\/span>incou.<\/p>\n<p><span style=\"font-size: 18pt;color: #000080;background-color: #ffff99\"><strong>PAULO DINIS:<\/strong><\/span><\/p>\n<ul style=\"list-style-type: disc\">\n<li><span style=\"font-size: 18pt;color: #ff0000;background-color: #ffff99\"><strong>\u201cOBRA QUE FAZIA BASTANTE FALTA\u201d !!<\/strong><\/span><\/li>\n<\/ul>\n<p>Por seu lado, o presidente da Uni\u00e3o de Freguesias falou em <em>\u201c<span style=\"background-color: #ccffff\">obra que fazia bastante falta\u201d<\/span><\/em> e que ficou \u201cmuito boa\u201d, referindo-se \u00e0 estrada.<\/p>\n<p><span style=\"background-color: #ccffff\"><em>\u201cTivemos a capacidade de o munic\u00edpio nos entender e nos fazer as vontades. Houve um grande esfor\u00e7o financeiro, sabemos que a obra n\u00e3o \u00e9 barata, mas era necess\u00e1ria\u201d,<\/em><\/span> afirmou Paulo Dinis, mostrando-se ainda <em>\u201cgrato<\/em>\u201d ao munic\u00edpio pela execu\u00e7\u00e3o dos outros dois investimentos.<\/p>\n<p>O autarca anunciou ainda que, com o apoio camar\u00e1rio, e na sequ\u00eancia de um contrato interadministrativo or\u00e7ado em 40 mil euros, ser\u00e3o executadas mais obras no Parque de Lazer da Mata, nomeadamente a cria\u00e7\u00e3o de um parque infantil, estando ainda prevista a remodela\u00e7\u00e3o do bar e a cobertura do palco existentes no espa\u00e7o.<\/p>\n<p>Ap\u00f3s as inaugura\u00e7\u00f5es, a comitiva passou ainda pelas associa\u00e7\u00f5es de Daires e Dornas, terminando com um almo\u00e7o num dos restaurantes da serra.e da freguesia, onde ficou bem patente a \u00f3ptima gastronomia serrana.<\/p>\n<p style=\"text-align: right\"><span style=\"font-size: 14pt\"><strong><em>Z\u00c9 BEIR\u00c3O<\/em><\/strong><\/span><\/p>\n<p>&nbsp;<\/p>\n<p>&nbsp;<\/p>\n<p>&nbsp;<\/p>\n","protected":false},"excerpt":{"rendered":"<div class=\"mh-excerpt\"><span class=\"span-reading-time rt-reading-time\" style=\"display: block;\"><span class=\"rt-label rt-prefix\">tempo de leitura:<\/span> <span class=\"rt-time\"> 3<\/span> <span class=\"rt-label rt-postfix\">minutos<\/span><\/span>Instala\u00e7\u00f5es sanit\u00e1rias, polidesportivo e estrada at\u00e9 ao concelho de Oliveira de Frades !! A presidente da C\u00e2mara de Tondela, Carla Antunes Borges e o presidente <a class=\"mh-excerpt-more\" href=\"http:\/\/obeirao.pt\/online\/2026\/04\/22\/vila-de-s-joao-do-monte-com-tres-obras-novas-inauguradas\/\" title=\"VILA DE S. JO\u00c3O DO MONTE COM TR\u00caS OBRAS NOVAS INAUGURADAS\">[&#8230;]<\/a><\/div>\n","protected":false},"author":2,"featured_media":9621,"comment_status":"closed","ping_status":"closed","sticky":false,"template":"","format":"standard","meta":{"footnotes":""},"categories":[2,5,188,6,4,63],"tags":[],"class_list":["post-9619","post","type-post","status-publish","format-standard","has-post-thumbnail","hentry","category-principal","category-cidade","category-comunidade-intermunicipal-viseu-dao-lafoes","category-pais","category-regiao","category-tondela"],"yoast_head":"<!-- This site is optimized with the Yoast SEO plugin v27.4 - https:\/\/yoast.com\/product\/yoast-seo-wordpress\/ -->\n<title>VILA DE S. JO\u00c3O DO MONTE COM TR\u00caS OBRAS NOVAS INAUGURADAS - Beir\u00e3o Online<\/title>\n<meta name=\"robots\" content=\"index, follow, max-snippet:-1, max-image-preview:large, max-video-preview:-1\" \/>\n<link rel=\"canonical\" href=\"http:\/\/obeirao.pt\/online\/2026\/04\/22\/vila-de-s-joao-do-monte-com-tres-obras-novas-inauguradas\/\" \/>\n<meta property=\"og:locale\" content=\"pt_PT\" \/>\n<meta property=\"og:type\" content=\"article\" \/>\n<meta property=\"og:title\" content=\"VILA DE S. JO\u00c3O DO MONTE COM TR\u00caS OBRAS NOVAS INAUGURADAS - Beir\u00e3o Online\" \/>\n<meta property=\"og:description\" content=\"tempo de leitura: 3 minutosInstala\u00e7\u00f5es sanit\u00e1rias, polidesportivo e estrada at\u00e9 ao concelho de Oliveira de Frades !! A presidente da C\u00e2mara de Tondela, Carla Antunes Borges e o presidente [...]\" \/>\n<meta property=\"og:url\" content=\"http:\/\/obeirao.pt\/online\/2026\/04\/22\/vila-de-s-joao-do-monte-com-tres-obras-novas-inauguradas\/\" \/>\n<meta property=\"og:site_name\" content=\"Beir\u00e3o Online\" \/>\n<meta property=\"article:publisher\" content=\"https:\/\/pt-br.facebook.com\/pages\/Amigos-de-Tondela\/273620439973877\" \/>\n<meta property=\"article:published_time\" content=\"2026-04-22T20:52:41+00:00\" \/>\n<meta property=\"article:modified_time\" content=\"2026-04-22T21:06:44+00:00\" \/>\n<meta property=\"og:image\" content=\"http:\/\/obeirao.pt\/online\/wp-content\/uploads\/2026\/04\/DSC_0446-1.jpg\" \/>\n\t<meta property=\"og:image:width\" content=\"1500\" \/>\n\t<meta property=\"og:image:height\" content=\"890\" \/>\n\t<meta property=\"og:image:type\" content=\"image\/jpeg\" \/>\n<meta name=\"author\" content=\"Z\u00e9 Beir\u00e3o\" \/>\n<meta name=\"twitter:card\" content=\"summary_large_image\" \/>\n<meta name=\"twitter:creator\" content=\"@JoaquimDuarteP2\" \/>\n<meta name=\"twitter:site\" content=\"@JoaquimDuarteP2\" \/>\n<meta name=\"twitter:label1\" content=\"Escrito por\" \/>\n\t<meta name=\"twitter:data1\" content=\"Z\u00e9 Beir\u00e3o\" \/>\n\t<meta name=\"twitter:label2\" content=\"Tempo estimado de leitura\" \/>\n\t<meta name=\"twitter:data2\" content=\"5 minutos\" \/>\n<script type=\"application\/ld+json\" class=\"yoast-schema-graph\">{\"@context\":\"https:\\\/\\\/schema.org\",\"@graph\":[{\"@type\":\"Article\",\"@id\":\"http:\\\/\\\/obeirao.pt\\\/online\\\/2026\\\/04\\\/22\\\/vila-de-s-joao-do-monte-com-tres-obras-novas-inauguradas\\\/#article\",\"isPartOf\":{\"@id\":\"http:\\\/\\\/obeirao.pt\\\/online\\\/2026\\\/04\\\/22\\\/vila-de-s-joao-do-monte-com-tres-obras-novas-inauguradas\\\/\"},\"author\":{\"name\":\"Z\u00e9 Beir\u00e3o\",\"@id\":\"http:\\\/\\\/obeirao.pt\\\/online\\\/#\\\/schema\\\/person\\\/efac69bb5a33873e1c1bb9c1165ff38c\"},\"headline\":\"VILA DE S. JO\u00c3O DO MONTE COM TR\u00caS OBRAS NOVAS INAUGURADAS\",\"datePublished\":\"2026-04-22T20:52:41+00:00\",\"dateModified\":\"2026-04-22T21:06:44+00:00\",\"mainEntityOfPage\":{\"@id\":\"http:\\\/\\\/obeirao.pt\\\/online\\\/2026\\\/04\\\/22\\\/vila-de-s-joao-do-monte-com-tres-obras-novas-inauguradas\\\/\"},\"wordCount\":695,\"image\":{\"@id\":\"http:\\\/\\\/obeirao.pt\\\/online\\\/2026\\\/04\\\/22\\\/vila-de-s-joao-do-monte-com-tres-obras-novas-inauguradas\\\/#primaryimage\"},\"thumbnailUrl\":\"http:\\\/\\\/obeirao.pt\\\/online\\\/wp-content\\\/uploads\\\/2026\\\/04\\\/DSC_0446-1.jpg\",\"articleSection\":[\"_Principal\",\"Cidade\",\"Comunidade Intermunicipal Viseu D\u00e3o Laf\u00f5es\",\"Pa\u00eds\",\"Regi\u00e3o\",\"Tondela\"],\"inLanguage\":\"pt-PT\"},{\"@type\":\"WebPage\",\"@id\":\"http:\\\/\\\/obeirao.pt\\\/online\\\/2026\\\/04\\\/22\\\/vila-de-s-joao-do-monte-com-tres-obras-novas-inauguradas\\\/\",\"url\":\"http:\\\/\\\/obeirao.pt\\\/online\\\/2026\\\/04\\\/22\\\/vila-de-s-joao-do-monte-com-tres-obras-novas-inauguradas\\\/\",\"name\":\"VILA DE S. JO\u00c3O DO MONTE COM TR\u00caS OBRAS NOVAS INAUGURADAS - Beir\u00e3o Online\",\"isPartOf\":{\"@id\":\"http:\\\/\\\/obeirao.pt\\\/online\\\/#website\"},\"primaryImageOfPage\":{\"@id\":\"http:\\\/\\\/obeirao.pt\\\/online\\\/2026\\\/04\\\/22\\\/vila-de-s-joao-do-monte-com-tres-obras-novas-inauguradas\\\/#primaryimage\"},\"image\":{\"@id\":\"http:\\\/\\\/obeirao.pt\\\/online\\\/2026\\\/04\\\/22\\\/vila-de-s-joao-do-monte-com-tres-obras-novas-inauguradas\\\/#primaryimage\"},\"thumbnailUrl\":\"http:\\\/\\\/obeirao.pt\\\/online\\\/wp-content\\\/uploads\\\/2026\\\/04\\\/DSC_0446-1.jpg\",\"datePublished\":\"2026-04-22T20:52:41+00:00\",\"dateModified\":\"2026-04-22T21:06:44+00:00\",\"author\":{\"@id\":\"http:\\\/\\\/obeirao.pt\\\/online\\\/#\\\/schema\\\/person\\\/efac69bb5a33873e1c1bb9c1165ff38c\"},\"breadcrumb\":{\"@id\":\"http:\\\/\\\/obeirao.pt\\\/online\\\/2026\\\/04\\\/22\\\/vila-de-s-joao-do-monte-com-tres-obras-novas-inauguradas\\\/#breadcrumb\"},\"inLanguage\":\"pt-PT\",\"potentialAction\":[{\"@type\":\"ReadAction\",\"target\":[\"http:\\\/\\\/obeirao.pt\\\/online\\\/2026\\\/04\\\/22\\\/vila-de-s-joao-do-monte-com-tres-obras-novas-inauguradas\\\/\"]}]},{\"@type\":\"ImageObject\",\"inLanguage\":\"pt-PT\",\"@id\":\"http:\\\/\\\/obeirao.pt\\\/online\\\/2026\\\/04\\\/22\\\/vila-de-s-joao-do-monte-com-tres-obras-novas-inauguradas\\\/#primaryimage\",\"url\":\"http:\\\/\\\/obeirao.pt\\\/online\\\/wp-content\\\/uploads\\\/2026\\\/04\\\/DSC_0446-1.jpg\",\"contentUrl\":\"http:\\\/\\\/obeirao.pt\\\/online\\\/wp-content\\\/uploads\\\/2026\\\/04\\\/DSC_0446-1.jpg\",\"width\":1500,\"height\":890,\"caption\":\"????????????????????????????????????\"},{\"@type\":\"BreadcrumbList\",\"@id\":\"http:\\\/\\\/obeirao.pt\\\/online\\\/2026\\\/04\\\/22\\\/vila-de-s-joao-do-monte-com-tres-obras-novas-inauguradas\\\/#breadcrumb\",\"itemListElement\":[{\"@type\":\"ListItem\",\"position\":1,\"name\":\"Home\",\"item\":\"http:\\\/\\\/obeirao.pt\\\/online\\\/\"},{\"@type\":\"ListItem\",\"position\":2,\"name\":\"VILA DE S. JO\u00c3O DO MONTE COM TR\u00caS OBRAS NOVAS INAUGURADAS\"}]},{\"@type\":\"WebSite\",\"@id\":\"http:\\\/\\\/obeirao.pt\\\/online\\\/#website\",\"url\":\"http:\\\/\\\/obeirao.pt\\\/online\\\/\",\"name\":\"Beir\u00e3o Online\",\"description\":\"www.obeirao.pt\",\"potentialAction\":[{\"@type\":\"SearchAction\",\"target\":{\"@type\":\"EntryPoint\",\"urlTemplate\":\"http:\\\/\\\/obeirao.pt\\\/online\\\/?s={search_term_string}\"},\"query-input\":{\"@type\":\"PropertyValueSpecification\",\"valueRequired\":true,\"valueName\":\"search_term_string\"}}],\"inLanguage\":\"pt-PT\"},{\"@type\":\"Person\",\"@id\":\"http:\\\/\\\/obeirao.pt\\\/online\\\/#\\\/schema\\\/person\\\/efac69bb5a33873e1c1bb9c1165ff38c\",\"name\":\"Z\u00e9 Beir\u00e3o\",\"image\":{\"@type\":\"ImageObject\",\"inLanguage\":\"pt-PT\",\"@id\":\"http:\\\/\\\/0.gravatar.com\\\/avatar\\\/c8c44d1f9327baa4d27e9b1149cd71b3?s=96&d=mm&r=g\",\"url\":\"http:\\\/\\\/0.gravatar.com\\\/avatar\\\/c8c44d1f9327baa4d27e9b1149cd71b3?s=96&d=mm&r=g\",\"contentUrl\":\"http:\\\/\\\/0.gravatar.com\\\/avatar\\\/c8c44d1f9327baa4d27e9b1149cd71b3?s=96&d=mm&r=g\",\"caption\":\"Z\u00e9 Beir\u00e3o\"},\"url\":\"http:\\\/\\\/obeirao.pt\\\/online\\\/author\\\/zebeirao\\\/\"}]}<\/script>\n<!-- \/ Yoast SEO plugin. -->","yoast_head_json":{"title":"VILA DE S. JO\u00c3O DO MONTE COM TR\u00caS OBRAS NOVAS INAUGURADAS - Beir\u00e3o Online","robots":{"index":"index","follow":"follow","max-snippet":"max-snippet:-1","max-image-preview":"max-image-preview:large","max-video-preview":"max-video-preview:-1"},"canonical":"http:\/\/obeirao.pt\/online\/2026\/04\/22\/vila-de-s-joao-do-monte-com-tres-obras-novas-inauguradas\/","og_locale":"pt_PT","og_type":"article","og_title":"VILA DE S. JO\u00c3O DO MONTE COM TR\u00caS OBRAS NOVAS INAUGURADAS - Beir\u00e3o Online","og_description":"tempo de leitura: 3 minutosInstala\u00e7\u00f5es sanit\u00e1rias, polidesportivo e estrada at\u00e9 ao concelho de Oliveira de Frades !! A presidente da C\u00e2mara de Tondela, Carla Antunes Borges e o presidente [...]","og_url":"http:\/\/obeirao.pt\/online\/2026\/04\/22\/vila-de-s-joao-do-monte-com-tres-obras-novas-inauguradas\/","og_site_name":"Beir\u00e3o Online","article_publisher":"https:\/\/pt-br.facebook.com\/pages\/Amigos-de-Tondela\/273620439973877","article_published_time":"2026-04-22T20:52:41+00:00","article_modified_time":"2026-04-22T21:06:44+00:00","og_image":[{"width":1500,"height":890,"url":"http:\/\/obeirao.pt\/online\/wp-content\/uploads\/2026\/04\/DSC_0446-1.jpg","type":"image\/jpeg"}],"author":"Z\u00e9 Beir\u00e3o","twitter_card":"summary_large_image","twitter_creator":"@JoaquimDuarteP2","twitter_site":"@JoaquimDuarteP2","twitter_misc":{"Escrito por":"Z\u00e9 Beir\u00e3o","Tempo estimado de leitura":"5 minutos"},"schema":{"@context":"https:\/\/schema.org","@graph":[{"@type":"Article","@id":"http:\/\/obeirao.pt\/online\/2026\/04\/22\/vila-de-s-joao-do-monte-com-tres-obras-novas-inauguradas\/#article","isPartOf":{"@id":"http:\/\/obeirao.pt\/online\/2026\/04\/22\/vila-de-s-joao-do-monte-com-tres-obras-novas-inauguradas\/"},"author":{"name":"Z\u00e9 Beir\u00e3o","@id":"http:\/\/obeirao.pt\/online\/#\/schema\/person\/efac69bb5a33873e1c1bb9c1165ff38c"},"headline":"VILA DE S. JO\u00c3O DO MONTE COM TR\u00caS OBRAS NOVAS INAUGURADAS","datePublished":"2026-04-22T20:52:41+00:00","dateModified":"2026-04-22T21:06:44+00:00","mainEntityOfPage":{"@id":"http:\/\/obeirao.pt\/online\/2026\/04\/22\/vila-de-s-joao-do-monte-com-tres-obras-novas-inauguradas\/"},"wordCount":695,"image":{"@id":"http:\/\/obeirao.pt\/online\/2026\/04\/22\/vila-de-s-joao-do-monte-com-tres-obras-novas-inauguradas\/#primaryimage"},"thumbnailUrl":"http:\/\/obeirao.pt\/online\/wp-content\/uploads\/2026\/04\/DSC_0446-1.jpg","articleSection":["_Principal","Cidade","Comunidade Intermunicipal Viseu D\u00e3o Laf\u00f5es","Pa\u00eds","Regi\u00e3o","Tondela"],"inLanguage":"pt-PT"},{"@type":"WebPage","@id":"http:\/\/obeirao.pt\/online\/2026\/04\/22\/vila-de-s-joao-do-monte-com-tres-obras-novas-inauguradas\/","url":"http:\/\/obeirao.pt\/online\/2026\/04\/22\/vila-de-s-joao-do-monte-com-tres-obras-novas-inauguradas\/","name":"VILA DE S. JO\u00c3O DO MONTE COM TR\u00caS OBRAS NOVAS INAUGURADAS - Beir\u00e3o Online","isPartOf":{"@id":"http:\/\/obeirao.pt\/online\/#website"},"primaryImageOfPage":{"@id":"http:\/\/obeirao.pt\/online\/2026\/04\/22\/vila-de-s-joao-do-monte-com-tres-obras-novas-inauguradas\/#primaryimage"},"image":{"@id":"http:\/\/obeirao.pt\/online\/2026\/04\/22\/vila-de-s-joao-do-monte-com-tres-obras-novas-inauguradas\/#primaryimage"},"thumbnailUrl":"http:\/\/obeirao.pt\/online\/wp-content\/uploads\/2026\/04\/DSC_0446-1.jpg","datePublished":"2026-04-22T20:52:41+00:00","dateModified":"2026-04-22T21:06:44+00:00","author":{"@id":"http:\/\/obeirao.pt\/online\/#\/schema\/person\/efac69bb5a33873e1c1bb9c1165ff38c"},"breadcrumb":{"@id":"http:\/\/obeirao.pt\/online\/2026\/04\/22\/vila-de-s-joao-do-monte-com-tres-obras-novas-inauguradas\/#breadcrumb"},"inLanguage":"pt-PT","potentialAction":[{"@type":"ReadAction","target":["http:\/\/obeirao.pt\/online\/2026\/04\/22\/vila-de-s-joao-do-monte-com-tres-obras-novas-inauguradas\/"]}]},{"@type":"ImageObject","inLanguage":"pt-PT","@id":"http:\/\/obeirao.pt\/online\/2026\/04\/22\/vila-de-s-joao-do-monte-com-tres-obras-novas-inauguradas\/#primaryimage","url":"http:\/\/obeirao.pt\/online\/wp-content\/uploads\/2026\/04\/DSC_0446-1.jpg","contentUrl":"http:\/\/obeirao.pt\/online\/wp-content\/uploads\/2026\/04\/DSC_0446-1.jpg","width":1500,"height":890,"caption":"????????????????????????????????????"},{"@type":"BreadcrumbList","@id":"http:\/\/obeirao.pt\/online\/2026\/04\/22\/vila-de-s-joao-do-monte-com-tres-obras-novas-inauguradas\/#breadcrumb","itemListElement":[{"@type":"ListItem","position":1,"name":"Home","item":"http:\/\/obeirao.pt\/online\/"},{"@type":"ListItem","position":2,"name":"VILA DE S. JO\u00c3O DO MONTE COM TR\u00caS OBRAS NOVAS INAUGURADAS"}]},{"@type":"WebSite","@id":"http:\/\/obeirao.pt\/online\/#website","url":"http:\/\/obeirao.pt\/online\/","name":"Beir\u00e3o Online","description":"www.obeirao.pt","potentialAction":[{"@type":"SearchAction","target":{"@type":"EntryPoint","urlTemplate":"http:\/\/obeirao.pt\/online\/?s={search_term_string}"},"query-input":{"@type":"PropertyValueSpecification","valueRequired":true,"valueName":"search_term_string"}}],"inLanguage":"pt-PT"},{"@type":"Person","@id":"http:\/\/obeirao.pt\/online\/#\/schema\/person\/efac69bb5a33873e1c1bb9c1165ff38c","name":"Z\u00e9 Beir\u00e3o","image":{"@type":"ImageObject","inLanguage":"pt-PT","@id":"http:\/\/0.gravatar.com\/avatar\/c8c44d1f9327baa4d27e9b1149cd71b3?s=96&d=mm&r=g","url":"http:\/\/0.gravatar.com\/avatar\/c8c44d1f9327baa4d27e9b1149cd71b3?s=96&d=mm&r=g","contentUrl":"http:\/\/0.gravatar.com\/avatar\/c8c44d1f9327baa4d27e9b1149cd71b3?s=96&d=mm&r=g","caption":"Z\u00e9 Beir\u00e3o"},"url":"http:\/\/obeirao.pt\/online\/author\/zebeirao\/"}]}},"_links":{"self":[{"href":"http:\/\/obeirao.pt\/online\/wp-json\/wp\/v2\/posts\/9619"}],"collection":[{"href":"http:\/\/obeirao.pt\/online\/wp-json\/wp\/v2\/posts"}],"about":[{"href":"http:\/\/obeirao.pt\/online\/wp-json\/wp\/v2\/types\/post"}],"author":[{"embeddable":true,"href":"http:\/\/obeirao.pt\/online\/wp-json\/wp\/v2\/users\/2"}],"replies":[{"embeddable":true,"href":"http:\/\/obeirao.pt\/online\/wp-json\/wp\/v2\/comments?post=9619"}],"version-history":[{"count":4,"href":"http:\/\/obeirao.pt\/online\/wp-json\/wp\/v2\/posts\/9619\/revisions"}],"predecessor-version":[{"id":9628,"href":"http:\/\/obeirao.pt\/online\/wp-json\/wp\/v2\/posts\/9619\/revisions\/9628"}],"wp:featuredmedia":[{"embeddable":true,"href":"http:\/\/obeirao.pt\/online\/wp-json\/wp\/v2\/media\/9621"}],"wp:attachment":[{"href":"http:\/\/obeirao.pt\/online\/wp-json\/wp\/v2\/media?parent=9619"}],"wp:term":[{"taxonomy":"category","embeddable":true,"href":"http:\/\/obeirao.pt\/online\/wp-json\/wp\/v2\/categories?post=9619"},{"taxonomy":"post_tag","embeddable":true,"href":"http:\/\/obeirao.pt\/online\/wp-json\/wp\/v2\/tags?post=9619"}],"curies":[{"name":"wp","href":"https:\/\/api.w.org\/{rel}","templated":true}]}}