{"id":1345,"date":"2018-06-11T16:13:30","date_gmt":"2018-06-11T15:13:30","guid":{"rendered":"http:\/\/obeirao.pt\/online\/?p=1345"},"modified":"2018-06-11T17:23:10","modified_gmt":"2018-06-11T16:23:10","slug":"marchas-de-santo-antonio-em-tondela-contam-com-nove-associacoes-do-concelho","status":"publish","type":"post","link":"https:\/\/obeirao.pt\/online\/2018\/06\/11\/marchas-de-santo-antonio-em-tondela-contam-com-nove-associacoes-do-concelho\/","title":{"rendered":"MARCHAS DE SANTO ANT\u00d3NIO em Tondela contam com nove associa\u00e7\u00f5es do concelho"},"content":{"rendered":"<span class=\"span-reading-time rt-reading-time\" style=\"display: block;\"><span class=\"rt-label rt-prefix\">tempo de leitura:<\/span> <span class=\"rt-time\"> &lt; 1<\/span> <span class=\"rt-label rt-postfix\">minuto<\/span><\/span><p style=\"text-align: left\"><span style=\"color: #000000;font-family: georgia,palatino,serif\"><span style=\"font-size: 14pt\"><strong><em><img loading=\"lazy\" decoding=\"async\" class=\"wp-image-1359 alignleft\" src=\"http:\/\/obeirao.pt\/online\/wp-content\/uploads\/2018\/06\/DSC_0138-300x199.jpg\" alt=\"\" width=\"465\" height=\"308\" srcset=\"https:\/\/obeirao.pt\/online\/wp-content\/uploads\/2018\/06\/DSC_0138-300x199.jpg 300w, https:\/\/obeirao.pt\/online\/wp-content\/uploads\/2018\/06\/DSC_0138-768x511.jpg 768w, https:\/\/obeirao.pt\/online\/wp-content\/uploads\/2018\/06\/DSC_0138.jpg 1024w\" sizes=\"(max-width: 465px) 100vw, 465px\" \/>As Marchas de Santo Ant\u00f3nio saem \u00e0 rua, na cidade de Tondela, no pr\u00f3ximo dia 16 de Junho, por volta das 21h00. <\/em><\/strong><\/span><!--more--><\/span><\/p>\n<p><span style=\"color: #000000;font-family: georgia,palatino,serif;font-size: 12pt\">Ao todo, s\u00e3o nove as associa\u00e7\u00f5es participantes neste evento, promovido pelo Munic\u00edpio de Tondela, que conta com a participa\u00e7\u00e3o de cerca de 400 marchantes.<\/span><\/p>\n<p><span style=\"color: #000000;font-family: georgia,palatino,serif;font-size: 12pt\">As cores e a criatividade v\u00e3o \u2018invadir\u2019 a avenida \u201cAo Tom D\u2019ella, onde ficar\u00e1, mais uma vez, estampado o dinamismo do movimento associativo do concelho.<\/span><\/p>\n<p><span style=\"color: #000000;font-family: georgia,palatino,serif;font-size: 12pt\">Os grupos marchantes v\u00e3o ser acompanhados musicalmente pela Banda da Sociedade Filarm\u00f3nica Tondelense, ficando a apresenta\u00e7\u00e3o do evento a cargo da apresentadora de televis\u00e3o Rita Ferro Rodrigues.<\/span><\/p>\n<p><span style=\"color: #000000;font-family: georgia,palatino,serif;font-size: 12pt\"><em>\u201cPara que as Marchas de Santo Ant\u00f3nio alcancem um maior dinamismo, temos vindo a apostar, nos \u00faltimos dois anos, na apresenta\u00e7\u00e3o do evento pela m\u00e3o de uma figura p\u00fablica da pra\u00e7a nacional. Este ano foi convidada Rita Ferro Rodrigues<\/em>, <em>que \u00e9 muito conhecida nos ecr\u00e3s de televis\u00e3o e pelo p\u00fablico em geral\u201d, refere o<\/em> Munic\u00edpio de Tondela.<\/span><\/p>\n<p><span style=\"color: #ff0000;font-family: georgia,palatino,serif;font-size: 18pt;background-color: #ffff99\"><strong><em>Associa\u00e7\u00f5es marchantes<\/em><\/strong><\/span><\/p>\n<p><span style=\"color: #000000;font-family: georgia,palatino,serif;font-size: 12pt\">As associa\u00e7\u00f5es marchantes de 2018 s\u00e3o: A.C.R.D. Rancho Infantil &#8221; Os Velhos Costumes &#8221; de Molelos, Rancho Infantil da Freguesia de Castel\u00f5es, Centro Social Cultural Recreativo e Desportivo do Vale, Escola Profissional de Tondela, Rancho Folcl\u00f3rico Cruz Maltina Lobanense, Grupo de Teatro Amador &#8220;Os Cestos&#8221; de Nandufe, Rancho Folcl\u00f3rico de Parada de Gonta, AFERT &#8211; Associa\u00e7\u00e3o Folcl\u00f3rica e Recreativa do Tourigo e Rancho Folcl\u00f3rico &#8220;As Capuchinhas&#8221; de Santiago de Besteiros.<\/span><\/p>\n<p><span style=\"color: #000000;font-family: georgia,palatino,serif;font-size: 12pt\">&#8212; <\/span><\/p>\n<p>&nbsp;<\/p>\n","protected":false},"excerpt":{"rendered":"<div class=\"mh-excerpt\"><span class=\"span-reading-time rt-reading-time\" style=\"display: block;\"><span class=\"rt-label rt-prefix\">tempo de leitura:<\/span> <span class=\"rt-time\"> &lt; 1<\/span> <span class=\"rt-label rt-postfix\">minuto<\/span><\/span>As Marchas de Santo Ant\u00f3nio saem \u00e0 rua, na cidade de Tondela, no pr\u00f3ximo dia 16 de Junho, por volta das 21h00.<\/div>\n","protected":false},"author":2,"featured_media":1359,"comment_status":"open","ping_status":"open","sticky":false,"template":"","format":"standard","meta":{"footnotes":""},"categories":[2,4,63],"tags":[],"class_list":["post-1345","post","type-post","status-publish","format-standard","has-post-thumbnail","hentry","category-principal","category-regiao","category-tondela"],"yoast_head":"<!-- This site is optimized with the Yoast SEO plugin v27.4 - https:\/\/yoast.com\/product\/yoast-seo-wordpress\/ -->\n<title>MARCHAS DE SANTO ANT\u00d3NIO em Tondela contam com nove associa\u00e7\u00f5es do concelho - Beir\u00e3o Online<\/title>\n<meta name=\"robots\" content=\"index, follow, max-snippet:-1, max-image-preview:large, max-video-preview:-1\" \/>\n<link rel=\"canonical\" href=\"https:\/\/obeirao.pt\/online\/2018\/06\/11\/marchas-de-santo-antonio-em-tondela-contam-com-nove-associacoes-do-concelho\/\" \/>\n<meta property=\"og:locale\" content=\"pt_PT\" \/>\n<meta property=\"og:type\" content=\"article\" \/>\n<meta property=\"og:title\" content=\"MARCHAS DE SANTO ANT\u00d3NIO em Tondela contam com nove associa\u00e7\u00f5es do concelho - Beir\u00e3o Online\" \/>\n<meta property=\"og:description\" content=\"tempo de leitura: &lt; 1 minutoAs Marchas de Santo Ant\u00f3nio saem \u00e0 rua, na cidade de Tondela, no pr\u00f3ximo dia 16 de Junho, por volta das 21h00.\" \/>\n<meta property=\"og:url\" content=\"https:\/\/obeirao.pt\/online\/2018\/06\/11\/marchas-de-santo-antonio-em-tondela-contam-com-nove-associacoes-do-concelho\/\" \/>\n<meta property=\"og:site_name\" content=\"Beir\u00e3o Online\" \/>\n<meta property=\"article:publisher\" content=\"https:\/\/pt-br.facebook.com\/pages\/Amigos-de-Tondela\/273620439973877\" \/>\n<meta property=\"article:published_time\" content=\"2018-06-11T15:13:30+00:00\" \/>\n<meta property=\"article:modified_time\" content=\"2018-06-11T16:23:10+00:00\" \/>\n<meta property=\"og:image\" content=\"https:\/\/obeirao.pt\/online\/wp-content\/uploads\/2018\/06\/DSC_0138.jpg\" \/>\n\t<meta property=\"og:image:width\" content=\"1024\" \/>\n\t<meta property=\"og:image:height\" content=\"681\" \/>\n\t<meta property=\"og:image:type\" content=\"image\/jpeg\" \/>\n<meta name=\"author\" content=\"Z\u00e9 Beir\u00e3o\" \/>\n<meta name=\"twitter:card\" content=\"summary_large_image\" \/>\n<meta name=\"twitter:creator\" content=\"@JoaquimDuarteP2\" \/>\n<meta name=\"twitter:site\" content=\"@JoaquimDuarteP2\" \/>\n<meta name=\"twitter:label1\" content=\"Escrito por\" \/>\n\t<meta name=\"twitter:data1\" content=\"Z\u00e9 Beir\u00e3o\" \/>\n\t<meta name=\"twitter:label2\" content=\"Tempo estimado de leitura\" \/>\n\t<meta name=\"twitter:data2\" content=\"1 minuto\" \/>\n<script type=\"application\/ld+json\" class=\"yoast-schema-graph\">{\"@context\":\"https:\\\/\\\/schema.org\",\"@graph\":[{\"@type\":\"Article\",\"@id\":\"https:\\\/\\\/obeirao.pt\\\/online\\\/2018\\\/06\\\/11\\\/marchas-de-santo-antonio-em-tondela-contam-com-nove-associacoes-do-concelho\\\/#article\",\"isPartOf\":{\"@id\":\"https:\\\/\\\/obeirao.pt\\\/online\\\/2018\\\/06\\\/11\\\/marchas-de-santo-antonio-em-tondela-contam-com-nove-associacoes-do-concelho\\\/\"},\"author\":{\"name\":\"Z\u00e9 Beir\u00e3o\",\"@id\":\"https:\\\/\\\/obeirao.pt\\\/online\\\/#\\\/schema\\\/person\\\/efac69bb5a33873e1c1bb9c1165ff38c\"},\"headline\":\"MARCHAS DE SANTO ANT\u00d3NIO em Tondela contam com nove associa\u00e7\u00f5es do concelho\",\"datePublished\":\"2018-06-11T15:13:30+00:00\",\"dateModified\":\"2018-06-11T16:23:10+00:00\",\"mainEntityOfPage\":{\"@id\":\"https:\\\/\\\/obeirao.pt\\\/online\\\/2018\\\/06\\\/11\\\/marchas-de-santo-antonio-em-tondela-contam-com-nove-associacoes-do-concelho\\\/\"},\"wordCount\":269,\"commentCount\":0,\"image\":{\"@id\":\"https:\\\/\\\/obeirao.pt\\\/online\\\/2018\\\/06\\\/11\\\/marchas-de-santo-antonio-em-tondela-contam-com-nove-associacoes-do-concelho\\\/#primaryimage\"},\"thumbnailUrl\":\"https:\\\/\\\/obeirao.pt\\\/online\\\/wp-content\\\/uploads\\\/2018\\\/06\\\/DSC_0138.jpg\",\"articleSection\":[\"_Principal\",\"Regi\u00e3o\",\"Tondela\"],\"inLanguage\":\"pt-PT\"},{\"@type\":\"WebPage\",\"@id\":\"https:\\\/\\\/obeirao.pt\\\/online\\\/2018\\\/06\\\/11\\\/marchas-de-santo-antonio-em-tondela-contam-com-nove-associacoes-do-concelho\\\/\",\"url\":\"https:\\\/\\\/obeirao.pt\\\/online\\\/2018\\\/06\\\/11\\\/marchas-de-santo-antonio-em-tondela-contam-com-nove-associacoes-do-concelho\\\/\",\"name\":\"MARCHAS DE SANTO ANT\u00d3NIO em Tondela contam com nove associa\u00e7\u00f5es do concelho - Beir\u00e3o Online\",\"isPartOf\":{\"@id\":\"https:\\\/\\\/obeirao.pt\\\/online\\\/#website\"},\"primaryImageOfPage\":{\"@id\":\"https:\\\/\\\/obeirao.pt\\\/online\\\/2018\\\/06\\\/11\\\/marchas-de-santo-antonio-em-tondela-contam-com-nove-associacoes-do-concelho\\\/#primaryimage\"},\"image\":{\"@id\":\"https:\\\/\\\/obeirao.pt\\\/online\\\/2018\\\/06\\\/11\\\/marchas-de-santo-antonio-em-tondela-contam-com-nove-associacoes-do-concelho\\\/#primaryimage\"},\"thumbnailUrl\":\"https:\\\/\\\/obeirao.pt\\\/online\\\/wp-content\\\/uploads\\\/2018\\\/06\\\/DSC_0138.jpg\",\"datePublished\":\"2018-06-11T15:13:30+00:00\",\"dateModified\":\"2018-06-11T16:23:10+00:00\",\"author\":{\"@id\":\"https:\\\/\\\/obeirao.pt\\\/online\\\/#\\\/schema\\\/person\\\/efac69bb5a33873e1c1bb9c1165ff38c\"},\"breadcrumb\":{\"@id\":\"https:\\\/\\\/obeirao.pt\\\/online\\\/2018\\\/06\\\/11\\\/marchas-de-santo-antonio-em-tondela-contam-com-nove-associacoes-do-concelho\\\/#breadcrumb\"},\"inLanguage\":\"pt-PT\",\"potentialAction\":[{\"@type\":\"ReadAction\",\"target\":[\"https:\\\/\\\/obeirao.pt\\\/online\\\/2018\\\/06\\\/11\\\/marchas-de-santo-antonio-em-tondela-contam-com-nove-associacoes-do-concelho\\\/\"]}]},{\"@type\":\"ImageObject\",\"inLanguage\":\"pt-PT\",\"@id\":\"https:\\\/\\\/obeirao.pt\\\/online\\\/2018\\\/06\\\/11\\\/marchas-de-santo-antonio-em-tondela-contam-com-nove-associacoes-do-concelho\\\/#primaryimage\",\"url\":\"https:\\\/\\\/obeirao.pt\\\/online\\\/wp-content\\\/uploads\\\/2018\\\/06\\\/DSC_0138.jpg\",\"contentUrl\":\"https:\\\/\\\/obeirao.pt\\\/online\\\/wp-content\\\/uploads\\\/2018\\\/06\\\/DSC_0138.jpg\",\"width\":1024,\"height\":681},{\"@type\":\"BreadcrumbList\",\"@id\":\"https:\\\/\\\/obeirao.pt\\\/online\\\/2018\\\/06\\\/11\\\/marchas-de-santo-antonio-em-tondela-contam-com-nove-associacoes-do-concelho\\\/#breadcrumb\",\"itemListElement\":[{\"@type\":\"ListItem\",\"position\":1,\"name\":\"Home\",\"item\":\"https:\\\/\\\/obeirao.pt\\\/online\\\/\"},{\"@type\":\"ListItem\",\"position\":2,\"name\":\"MARCHAS DE SANTO ANT\u00d3NIO em Tondela contam com nove associa\u00e7\u00f5es do concelho\"}]},{\"@type\":\"WebSite\",\"@id\":\"https:\\\/\\\/obeirao.pt\\\/online\\\/#website\",\"url\":\"https:\\\/\\\/obeirao.pt\\\/online\\\/\",\"name\":\"Beir\u00e3o Online\",\"description\":\"www.obeirao.pt\",\"potentialAction\":[{\"@type\":\"SearchAction\",\"target\":{\"@type\":\"EntryPoint\",\"urlTemplate\":\"https:\\\/\\\/obeirao.pt\\\/online\\\/?s={search_term_string}\"},\"query-input\":{\"@type\":\"PropertyValueSpecification\",\"valueRequired\":true,\"valueName\":\"search_term_string\"}}],\"inLanguage\":\"pt-PT\"},{\"@type\":\"Person\",\"@id\":\"https:\\\/\\\/obeirao.pt\\\/online\\\/#\\\/schema\\\/person\\\/efac69bb5a33873e1c1bb9c1165ff38c\",\"name\":\"Z\u00e9 Beir\u00e3o\",\"image\":{\"@type\":\"ImageObject\",\"inLanguage\":\"pt-PT\",\"@id\":\"https:\\\/\\\/secure.gravatar.com\\\/avatar\\\/c8c44d1f9327baa4d27e9b1149cd71b3?s=96&d=mm&r=g\",\"url\":\"https:\\\/\\\/secure.gravatar.com\\\/avatar\\\/c8c44d1f9327baa4d27e9b1149cd71b3?s=96&d=mm&r=g\",\"contentUrl\":\"https:\\\/\\\/secure.gravatar.com\\\/avatar\\\/c8c44d1f9327baa4d27e9b1149cd71b3?s=96&d=mm&r=g\",\"caption\":\"Z\u00e9 Beir\u00e3o\"},\"url\":\"https:\\\/\\\/obeirao.pt\\\/online\\\/author\\\/zebeirao\\\/\"}]}<\/script>\n<!-- \/ Yoast SEO plugin. -->","yoast_head_json":{"title":"MARCHAS DE SANTO ANT\u00d3NIO em Tondela contam com nove associa\u00e7\u00f5es do concelho - Beir\u00e3o Online","robots":{"index":"index","follow":"follow","max-snippet":"max-snippet:-1","max-image-preview":"max-image-preview:large","max-video-preview":"max-video-preview:-1"},"canonical":"https:\/\/obeirao.pt\/online\/2018\/06\/11\/marchas-de-santo-antonio-em-tondela-contam-com-nove-associacoes-do-concelho\/","og_locale":"pt_PT","og_type":"article","og_title":"MARCHAS DE SANTO ANT\u00d3NIO em Tondela contam com nove associa\u00e7\u00f5es do concelho - Beir\u00e3o Online","og_description":"tempo de leitura: &lt; 1 minutoAs Marchas de Santo Ant\u00f3nio saem \u00e0 rua, na cidade de Tondela, no pr\u00f3ximo dia 16 de Junho, por volta das 21h00.","og_url":"https:\/\/obeirao.pt\/online\/2018\/06\/11\/marchas-de-santo-antonio-em-tondela-contam-com-nove-associacoes-do-concelho\/","og_site_name":"Beir\u00e3o Online","article_publisher":"https:\/\/pt-br.facebook.com\/pages\/Amigos-de-Tondela\/273620439973877","article_published_time":"2018-06-11T15:13:30+00:00","article_modified_time":"2018-06-11T16:23:10+00:00","og_image":[{"width":1024,"height":681,"url":"https:\/\/obeirao.pt\/online\/wp-content\/uploads\/2018\/06\/DSC_0138.jpg","type":"image\/jpeg"}],"author":"Z\u00e9 Beir\u00e3o","twitter_card":"summary_large_image","twitter_creator":"@JoaquimDuarteP2","twitter_site":"@JoaquimDuarteP2","twitter_misc":{"Escrito por":"Z\u00e9 Beir\u00e3o","Tempo estimado de leitura":"1 minuto"},"schema":{"@context":"https:\/\/schema.org","@graph":[{"@type":"Article","@id":"https:\/\/obeirao.pt\/online\/2018\/06\/11\/marchas-de-santo-antonio-em-tondela-contam-com-nove-associacoes-do-concelho\/#article","isPartOf":{"@id":"https:\/\/obeirao.pt\/online\/2018\/06\/11\/marchas-de-santo-antonio-em-tondela-contam-com-nove-associacoes-do-concelho\/"},"author":{"name":"Z\u00e9 Beir\u00e3o","@id":"https:\/\/obeirao.pt\/online\/#\/schema\/person\/efac69bb5a33873e1c1bb9c1165ff38c"},"headline":"MARCHAS DE SANTO ANT\u00d3NIO em Tondela contam com nove associa\u00e7\u00f5es do concelho","datePublished":"2018-06-11T15:13:30+00:00","dateModified":"2018-06-11T16:23:10+00:00","mainEntityOfPage":{"@id":"https:\/\/obeirao.pt\/online\/2018\/06\/11\/marchas-de-santo-antonio-em-tondela-contam-com-nove-associacoes-do-concelho\/"},"wordCount":269,"commentCount":0,"image":{"@id":"https:\/\/obeirao.pt\/online\/2018\/06\/11\/marchas-de-santo-antonio-em-tondela-contam-com-nove-associacoes-do-concelho\/#primaryimage"},"thumbnailUrl":"https:\/\/obeirao.pt\/online\/wp-content\/uploads\/2018\/06\/DSC_0138.jpg","articleSection":["_Principal","Regi\u00e3o","Tondela"],"inLanguage":"pt-PT"},{"@type":"WebPage","@id":"https:\/\/obeirao.pt\/online\/2018\/06\/11\/marchas-de-santo-antonio-em-tondela-contam-com-nove-associacoes-do-concelho\/","url":"https:\/\/obeirao.pt\/online\/2018\/06\/11\/marchas-de-santo-antonio-em-tondela-contam-com-nove-associacoes-do-concelho\/","name":"MARCHAS DE SANTO ANT\u00d3NIO em Tondela contam com nove associa\u00e7\u00f5es do concelho - Beir\u00e3o Online","isPartOf":{"@id":"https:\/\/obeirao.pt\/online\/#website"},"primaryImageOfPage":{"@id":"https:\/\/obeirao.pt\/online\/2018\/06\/11\/marchas-de-santo-antonio-em-tondela-contam-com-nove-associacoes-do-concelho\/#primaryimage"},"image":{"@id":"https:\/\/obeirao.pt\/online\/2018\/06\/11\/marchas-de-santo-antonio-em-tondela-contam-com-nove-associacoes-do-concelho\/#primaryimage"},"thumbnailUrl":"https:\/\/obeirao.pt\/online\/wp-content\/uploads\/2018\/06\/DSC_0138.jpg","datePublished":"2018-06-11T15:13:30+00:00","dateModified":"2018-06-11T16:23:10+00:00","author":{"@id":"https:\/\/obeirao.pt\/online\/#\/schema\/person\/efac69bb5a33873e1c1bb9c1165ff38c"},"breadcrumb":{"@id":"https:\/\/obeirao.pt\/online\/2018\/06\/11\/marchas-de-santo-antonio-em-tondela-contam-com-nove-associacoes-do-concelho\/#breadcrumb"},"inLanguage":"pt-PT","potentialAction":[{"@type":"ReadAction","target":["https:\/\/obeirao.pt\/online\/2018\/06\/11\/marchas-de-santo-antonio-em-tondela-contam-com-nove-associacoes-do-concelho\/"]}]},{"@type":"ImageObject","inLanguage":"pt-PT","@id":"https:\/\/obeirao.pt\/online\/2018\/06\/11\/marchas-de-santo-antonio-em-tondela-contam-com-nove-associacoes-do-concelho\/#primaryimage","url":"https:\/\/obeirao.pt\/online\/wp-content\/uploads\/2018\/06\/DSC_0138.jpg","contentUrl":"https:\/\/obeirao.pt\/online\/wp-content\/uploads\/2018\/06\/DSC_0138.jpg","width":1024,"height":681},{"@type":"BreadcrumbList","@id":"https:\/\/obeirao.pt\/online\/2018\/06\/11\/marchas-de-santo-antonio-em-tondela-contam-com-nove-associacoes-do-concelho\/#breadcrumb","itemListElement":[{"@type":"ListItem","position":1,"name":"Home","item":"https:\/\/obeirao.pt\/online\/"},{"@type":"ListItem","position":2,"name":"MARCHAS DE SANTO ANT\u00d3NIO em Tondela contam com nove associa\u00e7\u00f5es do concelho"}]},{"@type":"WebSite","@id":"https:\/\/obeirao.pt\/online\/#website","url":"https:\/\/obeirao.pt\/online\/","name":"Beir\u00e3o Online","description":"www.obeirao.pt","potentialAction":[{"@type":"SearchAction","target":{"@type":"EntryPoint","urlTemplate":"https:\/\/obeirao.pt\/online\/?s={search_term_string}"},"query-input":{"@type":"PropertyValueSpecification","valueRequired":true,"valueName":"search_term_string"}}],"inLanguage":"pt-PT"},{"@type":"Person","@id":"https:\/\/obeirao.pt\/online\/#\/schema\/person\/efac69bb5a33873e1c1bb9c1165ff38c","name":"Z\u00e9 Beir\u00e3o","image":{"@type":"ImageObject","inLanguage":"pt-PT","@id":"https:\/\/secure.gravatar.com\/avatar\/c8c44d1f9327baa4d27e9b1149cd71b3?s=96&d=mm&r=g","url":"https:\/\/secure.gravatar.com\/avatar\/c8c44d1f9327baa4d27e9b1149cd71b3?s=96&d=mm&r=g","contentUrl":"https:\/\/secure.gravatar.com\/avatar\/c8c44d1f9327baa4d27e9b1149cd71b3?s=96&d=mm&r=g","caption":"Z\u00e9 Beir\u00e3o"},"url":"https:\/\/obeirao.pt\/online\/author\/zebeirao\/"}]}},"_links":{"self":[{"href":"https:\/\/obeirao.pt\/online\/wp-json\/wp\/v2\/posts\/1345"}],"collection":[{"href":"https:\/\/obeirao.pt\/online\/wp-json\/wp\/v2\/posts"}],"about":[{"href":"https:\/\/obeirao.pt\/online\/wp-json\/wp\/v2\/types\/post"}],"author":[{"embeddable":true,"href":"https:\/\/obeirao.pt\/online\/wp-json\/wp\/v2\/users\/2"}],"replies":[{"embeddable":true,"href":"https:\/\/obeirao.pt\/online\/wp-json\/wp\/v2\/comments?post=1345"}],"version-history":[{"count":5,"href":"https:\/\/obeirao.pt\/online\/wp-json\/wp\/v2\/posts\/1345\/revisions"}],"predecessor-version":[{"id":1361,"href":"https:\/\/obeirao.pt\/online\/wp-json\/wp\/v2\/posts\/1345\/revisions\/1361"}],"wp:featuredmedia":[{"embeddable":true,"href":"https:\/\/obeirao.pt\/online\/wp-json\/wp\/v2\/media\/1359"}],"wp:attachment":[{"href":"https:\/\/obeirao.pt\/online\/wp-json\/wp\/v2\/media?parent=1345"}],"wp:term":[{"taxonomy":"category","embeddable":true,"href":"https:\/\/obeirao.pt\/online\/wp-json\/wp\/v2\/categories?post=1345"},{"taxonomy":"post_tag","embeddable":true,"href":"https:\/\/obeirao.pt\/online\/wp-json\/wp\/v2\/tags?post=1345"}],"curies":[{"name":"wp","href":"https:\/\/api.w.org\/{rel}","templated":true}]}}