{"id":1923,"date":"2018-10-17T14:38:04","date_gmt":"2018-10-17T13:38:04","guid":{"rendered":"http:\/\/obeirao.pt\/online\/?p=1923"},"modified":"2018-10-17T14:41:19","modified_gmt":"2018-10-17T13:41:19","slug":"municipio-de-tondela-da-12-milhoes-de-euros-as-associacoes-do-concelho","status":"publish","type":"post","link":"https:\/\/obeirao.pt\/online\/2018\/10\/17\/municipio-de-tondela-da-12-milhoes-de-euros-as-associacoes-do-concelho\/","title":{"rendered":"MUNIC\u00cdPIO DE TONDELA d\u00e1 1,2 milh\u00f5es de euros \u00e0s associa\u00e7\u00f5es do concelho"},"content":{"rendered":"<span class=\"span-reading-time rt-reading-time\" style=\"display: block;\"><span class=\"rt-label rt-prefix\">tempo de leitura:<\/span> <span class=\"rt-time\"> &lt; 1<\/span> <span class=\"rt-label rt-postfix\">minuto<\/span><\/span><p><span style=\"font-size: 24pt\"><strong><img loading=\"lazy\" decoding=\"async\" class=\"alignnone  wp-image-1924 alignleft\" src=\"http:\/\/obeirao.pt\/online\/wp-content\/uploads\/2018\/10\/elefante_salomao_no_caramulo-300x181.jpg\" alt=\"\" width=\"355\" height=\"214\" srcset=\"https:\/\/obeirao.pt\/online\/wp-content\/uploads\/2018\/10\/elefante_salomao_no_caramulo-300x181.jpg 300w, https:\/\/obeirao.pt\/online\/wp-content\/uploads\/2018\/10\/elefante_salomao_no_caramulo-768x462.jpg 768w, https:\/\/obeirao.pt\/online\/wp-content\/uploads\/2018\/10\/elefante_salomao_no_caramulo.jpg 1024w\" sizes=\"(max-width: 355px) 100vw, 355px\" \/><\/strong><\/span><span style=\"font-family: georgia,palatino,serif\"><span style=\"font-size: 14pt\"><strong><em>O Munic\u00edpio de Tondela vai assinar, esta sexta-feira (19 de Outubro), pelas 21h00, os protocolos com o movimento associativo concelhio, numa cerim\u00f3nia a decorrer no Audit\u00f3rio Municipal de Tondela.<\/em><\/strong><\/span><!--more--><\/span><\/p>\n<p><span style=\"font-family: georgia,palatino,serif;font-size: 12pt\">Ao todo, ser\u00e3o assinados 125 protocolos com 125 colectividades, num montante global que ronda os 1,2 milh\u00f5es de euros. Cerca de 750 mil euros ser\u00e3o destinados ao apoio ao desenvolvimento da actividade, enquanto que cerca de 400 mil euros servir\u00e3o para apoiar requisitos em termos de seguran\u00e7a.<\/span><\/p>\n<p><span style=\"font-family: georgia,palatino,serif;font-size: 12pt\">O apoio do Munic\u00edpio de Tondela \u00e0s associa\u00e7\u00f5es, clubes e demais institui\u00e7\u00f5es, \u00e9 anualmente preconizado atrav\u00e9s de protocolos de colabora\u00e7\u00e3o, visando apoiar a actividade associativa dinamizada por cada uma das colectividades em cada uma das freguesias ou uni\u00f5es de freguesias.<\/span><\/p>\n<p><span style=\"font-family: georgia,palatino,serif;font-size: 12pt\">O apoio financeiro e em esp\u00e9cie tem-se demonstrado de significativa import\u00e2ncia na estrutura\u00e7\u00e3o, dinamiza\u00e7\u00e3o e potencializa\u00e7\u00e3o do movimento associativo concelhio.<\/span><\/p>\n<p><span style=\"color: #ff0000;font-size: 18pt;background-color: #ffff99\"><em><strong>Privilegiadas condi\u00e7\u00f5es de seguran\u00e7a<\/strong><\/em><\/span><\/p>\n<p><span style=\"font-family: georgia,palatino,serif;font-size: 12pt\">No decorrer deste ano, o Munic\u00edpio de Tondela entendeu ajudar as associa\u00e7\u00f5es no levantamento das condi\u00e7\u00f5es de seguran\u00e7a dos seus espa\u00e7os f\u00edsicos. Ap\u00f3s esse levantamento, torna-se necess\u00e1rio adaptar\/ajustar os referidos espa\u00e7os p\u00fablicos de condi\u00e7\u00f5es de seguran\u00e7a legalmente exigidas.<\/span><\/p>\n<p><span style=\"font-family: georgia,palatino,serif;font-size: 12pt\">Desta forma, nos protocolos de colabora\u00e7\u00e3o, agora a firmar e, para al\u00e9m das habituais r\u00fabricas de apoio ao desenvolvimento da actividade, est\u00e3o inscritas verbas de apoio que permitam regularizar os espa\u00e7os p\u00fablicos, carenciados de tais necessidades.<\/span><\/p>\n<p>&nbsp;<\/p>\n<p>&nbsp;<\/p>\n","protected":false},"excerpt":{"rendered":"<div class=\"mh-excerpt\"><span class=\"span-reading-time rt-reading-time\" style=\"display: block;\"><span class=\"rt-label rt-prefix\">tempo de leitura:<\/span> <span class=\"rt-time\"> &lt; 1<\/span> <span class=\"rt-label rt-postfix\">minuto<\/span><\/span>O Munic\u00edpio de Tondela vai assinar, esta sexta-feira (19 de Outubro), pelas 21h00, os protocolos com o movimento associativo concelhio, numa cerim\u00f3nia a decorrer no <a class=\"mh-excerpt-more\" href=\"https:\/\/obeirao.pt\/online\/2018\/10\/17\/municipio-de-tondela-da-12-milhoes-de-euros-as-associacoes-do-concelho\/\" title=\"MUNIC\u00cdPIO DE TONDELA d\u00e1 1,2 milh\u00f5es de euros \u00e0s associa\u00e7\u00f5es do concelho\">[&#8230;]<\/a><\/div>\n","protected":false},"author":2,"featured_media":1924,"comment_status":"open","ping_status":"open","sticky":false,"template":"","format":"standard","meta":{"footnotes":""},"categories":[1],"tags":[],"class_list":["post-1923","post","type-post","status-publish","format-standard","has-post-thumbnail","hentry","category-uncategorized"],"yoast_head":"<!-- This site is optimized with the Yoast SEO plugin v27.4 - https:\/\/yoast.com\/product\/yoast-seo-wordpress\/ -->\n<title>MUNIC\u00cdPIO DE TONDELA d\u00e1 1,2 milh\u00f5es de euros \u00e0s associa\u00e7\u00f5es do concelho - Beir\u00e3o Online<\/title>\n<meta name=\"robots\" content=\"index, follow, max-snippet:-1, max-image-preview:large, max-video-preview:-1\" \/>\n<link rel=\"canonical\" href=\"https:\/\/obeirao.pt\/online\/2018\/10\/17\/municipio-de-tondela-da-12-milhoes-de-euros-as-associacoes-do-concelho\/\" \/>\n<meta property=\"og:locale\" content=\"pt_PT\" \/>\n<meta property=\"og:type\" content=\"article\" \/>\n<meta property=\"og:title\" content=\"MUNIC\u00cdPIO DE TONDELA d\u00e1 1,2 milh\u00f5es de euros \u00e0s associa\u00e7\u00f5es do concelho - Beir\u00e3o Online\" \/>\n<meta property=\"og:description\" content=\"tempo de leitura: &lt; 1 minutoO Munic\u00edpio de Tondela vai assinar, esta sexta-feira (19 de Outubro), pelas 21h00, os protocolos com o movimento associativo concelhio, numa cerim\u00f3nia a decorrer no [...]\" \/>\n<meta property=\"og:url\" content=\"https:\/\/obeirao.pt\/online\/2018\/10\/17\/municipio-de-tondela-da-12-milhoes-de-euros-as-associacoes-do-concelho\/\" \/>\n<meta property=\"og:site_name\" content=\"Beir\u00e3o Online\" \/>\n<meta property=\"article:publisher\" content=\"https:\/\/pt-br.facebook.com\/pages\/Amigos-de-Tondela\/273620439973877\" \/>\n<meta property=\"article:published_time\" content=\"2018-10-17T13:38:04+00:00\" \/>\n<meta property=\"article:modified_time\" content=\"2018-10-17T13:41:19+00:00\" \/>\n<meta property=\"og:image\" content=\"https:\/\/obeirao.pt\/online\/wp-content\/uploads\/2018\/10\/elefante_salomao_no_caramulo.jpg\" \/>\n\t<meta property=\"og:image:width\" content=\"1024\" \/>\n\t<meta property=\"og:image:height\" content=\"616\" \/>\n\t<meta property=\"og:image:type\" content=\"image\/jpeg\" \/>\n<meta name=\"author\" content=\"Z\u00e9 Beir\u00e3o\" \/>\n<meta name=\"twitter:card\" content=\"summary_large_image\" \/>\n<meta name=\"twitter:creator\" content=\"@JoaquimDuarteP2\" \/>\n<meta name=\"twitter:site\" content=\"@JoaquimDuarteP2\" \/>\n<meta name=\"twitter:label1\" content=\"Escrito por\" \/>\n\t<meta name=\"twitter:data1\" content=\"Z\u00e9 Beir\u00e3o\" \/>\n\t<meta name=\"twitter:label2\" content=\"Tempo estimado de leitura\" \/>\n\t<meta name=\"twitter:data2\" content=\"1 minuto\" \/>\n<script type=\"application\/ld+json\" class=\"yoast-schema-graph\">{\"@context\":\"https:\\\/\\\/schema.org\",\"@graph\":[{\"@type\":\"Article\",\"@id\":\"https:\\\/\\\/obeirao.pt\\\/online\\\/2018\\\/10\\\/17\\\/municipio-de-tondela-da-12-milhoes-de-euros-as-associacoes-do-concelho\\\/#article\",\"isPartOf\":{\"@id\":\"https:\\\/\\\/obeirao.pt\\\/online\\\/2018\\\/10\\\/17\\\/municipio-de-tondela-da-12-milhoes-de-euros-as-associacoes-do-concelho\\\/\"},\"author\":{\"name\":\"Z\u00e9 Beir\u00e3o\",\"@id\":\"https:\\\/\\\/obeirao.pt\\\/online\\\/#\\\/schema\\\/person\\\/efac69bb5a33873e1c1bb9c1165ff38c\"},\"headline\":\"MUNIC\u00cdPIO DE TONDELA d\u00e1 1,2 milh\u00f5es de euros \u00e0s associa\u00e7\u00f5es do concelho\",\"datePublished\":\"2018-10-17T13:38:04+00:00\",\"dateModified\":\"2018-10-17T13:41:19+00:00\",\"mainEntityOfPage\":{\"@id\":\"https:\\\/\\\/obeirao.pt\\\/online\\\/2018\\\/10\\\/17\\\/municipio-de-tondela-da-12-milhoes-de-euros-as-associacoes-do-concelho\\\/\"},\"wordCount\":263,\"commentCount\":0,\"image\":{\"@id\":\"https:\\\/\\\/obeirao.pt\\\/online\\\/2018\\\/10\\\/17\\\/municipio-de-tondela-da-12-milhoes-de-euros-as-associacoes-do-concelho\\\/#primaryimage\"},\"thumbnailUrl\":\"https:\\\/\\\/obeirao.pt\\\/online\\\/wp-content\\\/uploads\\\/2018\\\/10\\\/elefante_salomao_no_caramulo.jpg\",\"articleSection\":[\"Uncategorized\"],\"inLanguage\":\"pt-PT\"},{\"@type\":\"WebPage\",\"@id\":\"https:\\\/\\\/obeirao.pt\\\/online\\\/2018\\\/10\\\/17\\\/municipio-de-tondela-da-12-milhoes-de-euros-as-associacoes-do-concelho\\\/\",\"url\":\"https:\\\/\\\/obeirao.pt\\\/online\\\/2018\\\/10\\\/17\\\/municipio-de-tondela-da-12-milhoes-de-euros-as-associacoes-do-concelho\\\/\",\"name\":\"MUNIC\u00cdPIO DE TONDELA d\u00e1 1,2 milh\u00f5es de euros \u00e0s associa\u00e7\u00f5es do concelho - Beir\u00e3o Online\",\"isPartOf\":{\"@id\":\"https:\\\/\\\/obeirao.pt\\\/online\\\/#website\"},\"primaryImageOfPage\":{\"@id\":\"https:\\\/\\\/obeirao.pt\\\/online\\\/2018\\\/10\\\/17\\\/municipio-de-tondela-da-12-milhoes-de-euros-as-associacoes-do-concelho\\\/#primaryimage\"},\"image\":{\"@id\":\"https:\\\/\\\/obeirao.pt\\\/online\\\/2018\\\/10\\\/17\\\/municipio-de-tondela-da-12-milhoes-de-euros-as-associacoes-do-concelho\\\/#primaryimage\"},\"thumbnailUrl\":\"https:\\\/\\\/obeirao.pt\\\/online\\\/wp-content\\\/uploads\\\/2018\\\/10\\\/elefante_salomao_no_caramulo.jpg\",\"datePublished\":\"2018-10-17T13:38:04+00:00\",\"dateModified\":\"2018-10-17T13:41:19+00:00\",\"author\":{\"@id\":\"https:\\\/\\\/obeirao.pt\\\/online\\\/#\\\/schema\\\/person\\\/efac69bb5a33873e1c1bb9c1165ff38c\"},\"breadcrumb\":{\"@id\":\"https:\\\/\\\/obeirao.pt\\\/online\\\/2018\\\/10\\\/17\\\/municipio-de-tondela-da-12-milhoes-de-euros-as-associacoes-do-concelho\\\/#breadcrumb\"},\"inLanguage\":\"pt-PT\",\"potentialAction\":[{\"@type\":\"ReadAction\",\"target\":[\"https:\\\/\\\/obeirao.pt\\\/online\\\/2018\\\/10\\\/17\\\/municipio-de-tondela-da-12-milhoes-de-euros-as-associacoes-do-concelho\\\/\"]}]},{\"@type\":\"ImageObject\",\"inLanguage\":\"pt-PT\",\"@id\":\"https:\\\/\\\/obeirao.pt\\\/online\\\/2018\\\/10\\\/17\\\/municipio-de-tondela-da-12-milhoes-de-euros-as-associacoes-do-concelho\\\/#primaryimage\",\"url\":\"https:\\\/\\\/obeirao.pt\\\/online\\\/wp-content\\\/uploads\\\/2018\\\/10\\\/elefante_salomao_no_caramulo.jpg\",\"contentUrl\":\"https:\\\/\\\/obeirao.pt\\\/online\\\/wp-content\\\/uploads\\\/2018\\\/10\\\/elefante_salomao_no_caramulo.jpg\",\"width\":1024,\"height\":616},{\"@type\":\"BreadcrumbList\",\"@id\":\"https:\\\/\\\/obeirao.pt\\\/online\\\/2018\\\/10\\\/17\\\/municipio-de-tondela-da-12-milhoes-de-euros-as-associacoes-do-concelho\\\/#breadcrumb\",\"itemListElement\":[{\"@type\":\"ListItem\",\"position\":1,\"name\":\"Home\",\"item\":\"https:\\\/\\\/obeirao.pt\\\/online\\\/\"},{\"@type\":\"ListItem\",\"position\":2,\"name\":\"MUNIC\u00cdPIO DE TONDELA d\u00e1 1,2 milh\u00f5es de euros \u00e0s associa\u00e7\u00f5es do concelho\"}]},{\"@type\":\"WebSite\",\"@id\":\"https:\\\/\\\/obeirao.pt\\\/online\\\/#website\",\"url\":\"https:\\\/\\\/obeirao.pt\\\/online\\\/\",\"name\":\"Beir\u00e3o Online\",\"description\":\"www.obeirao.pt\",\"potentialAction\":[{\"@type\":\"SearchAction\",\"target\":{\"@type\":\"EntryPoint\",\"urlTemplate\":\"https:\\\/\\\/obeirao.pt\\\/online\\\/?s={search_term_string}\"},\"query-input\":{\"@type\":\"PropertyValueSpecification\",\"valueRequired\":true,\"valueName\":\"search_term_string\"}}],\"inLanguage\":\"pt-PT\"},{\"@type\":\"Person\",\"@id\":\"https:\\\/\\\/obeirao.pt\\\/online\\\/#\\\/schema\\\/person\\\/efac69bb5a33873e1c1bb9c1165ff38c\",\"name\":\"Z\u00e9 Beir\u00e3o\",\"image\":{\"@type\":\"ImageObject\",\"inLanguage\":\"pt-PT\",\"@id\":\"https:\\\/\\\/secure.gravatar.com\\\/avatar\\\/c8c44d1f9327baa4d27e9b1149cd71b3?s=96&d=mm&r=g\",\"url\":\"https:\\\/\\\/secure.gravatar.com\\\/avatar\\\/c8c44d1f9327baa4d27e9b1149cd71b3?s=96&d=mm&r=g\",\"contentUrl\":\"https:\\\/\\\/secure.gravatar.com\\\/avatar\\\/c8c44d1f9327baa4d27e9b1149cd71b3?s=96&d=mm&r=g\",\"caption\":\"Z\u00e9 Beir\u00e3o\"},\"url\":\"https:\\\/\\\/obeirao.pt\\\/online\\\/author\\\/zebeirao\\\/\"}]}<\/script>\n<!-- \/ Yoast SEO plugin. -->","yoast_head_json":{"title":"MUNIC\u00cdPIO DE TONDELA d\u00e1 1,2 milh\u00f5es de euros \u00e0s associa\u00e7\u00f5es do concelho - Beir\u00e3o Online","robots":{"index":"index","follow":"follow","max-snippet":"max-snippet:-1","max-image-preview":"max-image-preview:large","max-video-preview":"max-video-preview:-1"},"canonical":"https:\/\/obeirao.pt\/online\/2018\/10\/17\/municipio-de-tondela-da-12-milhoes-de-euros-as-associacoes-do-concelho\/","og_locale":"pt_PT","og_type":"article","og_title":"MUNIC\u00cdPIO DE TONDELA d\u00e1 1,2 milh\u00f5es de euros \u00e0s associa\u00e7\u00f5es do concelho - Beir\u00e3o Online","og_description":"tempo de leitura: &lt; 1 minutoO Munic\u00edpio de Tondela vai assinar, esta sexta-feira (19 de Outubro), pelas 21h00, os protocolos com o movimento associativo concelhio, numa cerim\u00f3nia a decorrer no [...]","og_url":"https:\/\/obeirao.pt\/online\/2018\/10\/17\/municipio-de-tondela-da-12-milhoes-de-euros-as-associacoes-do-concelho\/","og_site_name":"Beir\u00e3o Online","article_publisher":"https:\/\/pt-br.facebook.com\/pages\/Amigos-de-Tondela\/273620439973877","article_published_time":"2018-10-17T13:38:04+00:00","article_modified_time":"2018-10-17T13:41:19+00:00","og_image":[{"width":1024,"height":616,"url":"https:\/\/obeirao.pt\/online\/wp-content\/uploads\/2018\/10\/elefante_salomao_no_caramulo.jpg","type":"image\/jpeg"}],"author":"Z\u00e9 Beir\u00e3o","twitter_card":"summary_large_image","twitter_creator":"@JoaquimDuarteP2","twitter_site":"@JoaquimDuarteP2","twitter_misc":{"Escrito por":"Z\u00e9 Beir\u00e3o","Tempo estimado de leitura":"1 minuto"},"schema":{"@context":"https:\/\/schema.org","@graph":[{"@type":"Article","@id":"https:\/\/obeirao.pt\/online\/2018\/10\/17\/municipio-de-tondela-da-12-milhoes-de-euros-as-associacoes-do-concelho\/#article","isPartOf":{"@id":"https:\/\/obeirao.pt\/online\/2018\/10\/17\/municipio-de-tondela-da-12-milhoes-de-euros-as-associacoes-do-concelho\/"},"author":{"name":"Z\u00e9 Beir\u00e3o","@id":"https:\/\/obeirao.pt\/online\/#\/schema\/person\/efac69bb5a33873e1c1bb9c1165ff38c"},"headline":"MUNIC\u00cdPIO DE TONDELA d\u00e1 1,2 milh\u00f5es de euros \u00e0s associa\u00e7\u00f5es do concelho","datePublished":"2018-10-17T13:38:04+00:00","dateModified":"2018-10-17T13:41:19+00:00","mainEntityOfPage":{"@id":"https:\/\/obeirao.pt\/online\/2018\/10\/17\/municipio-de-tondela-da-12-milhoes-de-euros-as-associacoes-do-concelho\/"},"wordCount":263,"commentCount":0,"image":{"@id":"https:\/\/obeirao.pt\/online\/2018\/10\/17\/municipio-de-tondela-da-12-milhoes-de-euros-as-associacoes-do-concelho\/#primaryimage"},"thumbnailUrl":"https:\/\/obeirao.pt\/online\/wp-content\/uploads\/2018\/10\/elefante_salomao_no_caramulo.jpg","articleSection":["Uncategorized"],"inLanguage":"pt-PT"},{"@type":"WebPage","@id":"https:\/\/obeirao.pt\/online\/2018\/10\/17\/municipio-de-tondela-da-12-milhoes-de-euros-as-associacoes-do-concelho\/","url":"https:\/\/obeirao.pt\/online\/2018\/10\/17\/municipio-de-tondela-da-12-milhoes-de-euros-as-associacoes-do-concelho\/","name":"MUNIC\u00cdPIO DE TONDELA d\u00e1 1,2 milh\u00f5es de euros \u00e0s associa\u00e7\u00f5es do concelho - Beir\u00e3o Online","isPartOf":{"@id":"https:\/\/obeirao.pt\/online\/#website"},"primaryImageOfPage":{"@id":"https:\/\/obeirao.pt\/online\/2018\/10\/17\/municipio-de-tondela-da-12-milhoes-de-euros-as-associacoes-do-concelho\/#primaryimage"},"image":{"@id":"https:\/\/obeirao.pt\/online\/2018\/10\/17\/municipio-de-tondela-da-12-milhoes-de-euros-as-associacoes-do-concelho\/#primaryimage"},"thumbnailUrl":"https:\/\/obeirao.pt\/online\/wp-content\/uploads\/2018\/10\/elefante_salomao_no_caramulo.jpg","datePublished":"2018-10-17T13:38:04+00:00","dateModified":"2018-10-17T13:41:19+00:00","author":{"@id":"https:\/\/obeirao.pt\/online\/#\/schema\/person\/efac69bb5a33873e1c1bb9c1165ff38c"},"breadcrumb":{"@id":"https:\/\/obeirao.pt\/online\/2018\/10\/17\/municipio-de-tondela-da-12-milhoes-de-euros-as-associacoes-do-concelho\/#breadcrumb"},"inLanguage":"pt-PT","potentialAction":[{"@type":"ReadAction","target":["https:\/\/obeirao.pt\/online\/2018\/10\/17\/municipio-de-tondela-da-12-milhoes-de-euros-as-associacoes-do-concelho\/"]}]},{"@type":"ImageObject","inLanguage":"pt-PT","@id":"https:\/\/obeirao.pt\/online\/2018\/10\/17\/municipio-de-tondela-da-12-milhoes-de-euros-as-associacoes-do-concelho\/#primaryimage","url":"https:\/\/obeirao.pt\/online\/wp-content\/uploads\/2018\/10\/elefante_salomao_no_caramulo.jpg","contentUrl":"https:\/\/obeirao.pt\/online\/wp-content\/uploads\/2018\/10\/elefante_salomao_no_caramulo.jpg","width":1024,"height":616},{"@type":"BreadcrumbList","@id":"https:\/\/obeirao.pt\/online\/2018\/10\/17\/municipio-de-tondela-da-12-milhoes-de-euros-as-associacoes-do-concelho\/#breadcrumb","itemListElement":[{"@type":"ListItem","position":1,"name":"Home","item":"https:\/\/obeirao.pt\/online\/"},{"@type":"ListItem","position":2,"name":"MUNIC\u00cdPIO DE TONDELA d\u00e1 1,2 milh\u00f5es de euros \u00e0s associa\u00e7\u00f5es do concelho"}]},{"@type":"WebSite","@id":"https:\/\/obeirao.pt\/online\/#website","url":"https:\/\/obeirao.pt\/online\/","name":"Beir\u00e3o Online","description":"www.obeirao.pt","potentialAction":[{"@type":"SearchAction","target":{"@type":"EntryPoint","urlTemplate":"https:\/\/obeirao.pt\/online\/?s={search_term_string}"},"query-input":{"@type":"PropertyValueSpecification","valueRequired":true,"valueName":"search_term_string"}}],"inLanguage":"pt-PT"},{"@type":"Person","@id":"https:\/\/obeirao.pt\/online\/#\/schema\/person\/efac69bb5a33873e1c1bb9c1165ff38c","name":"Z\u00e9 Beir\u00e3o","image":{"@type":"ImageObject","inLanguage":"pt-PT","@id":"https:\/\/secure.gravatar.com\/avatar\/c8c44d1f9327baa4d27e9b1149cd71b3?s=96&d=mm&r=g","url":"https:\/\/secure.gravatar.com\/avatar\/c8c44d1f9327baa4d27e9b1149cd71b3?s=96&d=mm&r=g","contentUrl":"https:\/\/secure.gravatar.com\/avatar\/c8c44d1f9327baa4d27e9b1149cd71b3?s=96&d=mm&r=g","caption":"Z\u00e9 Beir\u00e3o"},"url":"https:\/\/obeirao.pt\/online\/author\/zebeirao\/"}]}},"_links":{"self":[{"href":"https:\/\/obeirao.pt\/online\/wp-json\/wp\/v2\/posts\/1923"}],"collection":[{"href":"https:\/\/obeirao.pt\/online\/wp-json\/wp\/v2\/posts"}],"about":[{"href":"https:\/\/obeirao.pt\/online\/wp-json\/wp\/v2\/types\/post"}],"author":[{"embeddable":true,"href":"https:\/\/obeirao.pt\/online\/wp-json\/wp\/v2\/users\/2"}],"replies":[{"embeddable":true,"href":"https:\/\/obeirao.pt\/online\/wp-json\/wp\/v2\/comments?post=1923"}],"version-history":[{"count":3,"href":"https:\/\/obeirao.pt\/online\/wp-json\/wp\/v2\/posts\/1923\/revisions"}],"predecessor-version":[{"id":1927,"href":"https:\/\/obeirao.pt\/online\/wp-json\/wp\/v2\/posts\/1923\/revisions\/1927"}],"wp:featuredmedia":[{"embeddable":true,"href":"https:\/\/obeirao.pt\/online\/wp-json\/wp\/v2\/media\/1924"}],"wp:attachment":[{"href":"https:\/\/obeirao.pt\/online\/wp-json\/wp\/v2\/media?parent=1923"}],"wp:term":[{"taxonomy":"category","embeddable":true,"href":"https:\/\/obeirao.pt\/online\/wp-json\/wp\/v2\/categories?post=1923"},{"taxonomy":"post_tag","embeddable":true,"href":"https:\/\/obeirao.pt\/online\/wp-json\/wp\/v2\/tags?post=1923"}],"curies":[{"name":"wp","href":"https:\/\/api.w.org\/{rel}","templated":true}]}}