{"id":1964,"date":"2018-10-22T17:20:02","date_gmt":"2018-10-22T16:20:02","guid":{"rendered":"http:\/\/obeirao.pt\/online\/?p=1964"},"modified":"2018-10-22T17:57:30","modified_gmt":"2018-10-22T16:57:30","slug":"movimento-associativo-de-tondela-recebe-do-municipio-12-milhoes-de-euros-dos-quais-400-mil-para-seguranca","status":"publish","type":"post","link":"https:\/\/obeirao.pt\/online\/2018\/10\/22\/movimento-associativo-de-tondela-recebe-do-municipio-12-milhoes-de-euros-dos-quais-400-mil-para-seguranca\/","title":{"rendered":"MOVIMENTO ASSOCIATIVO DE TONDELA recebe do Munic\u00edpio 1,2 milh\u00f5es de euros, dos quais 400 mil para seguran\u00e7a"},"content":{"rendered":"<span class=\"span-reading-time rt-reading-time\" style=\"display: block;\"><span class=\"rt-label rt-prefix\">tempo de leitura:<\/span> <span class=\"rt-time\"> 3<\/span> <span class=\"rt-label rt-postfix\">minutos<\/span><\/span><p><span style=\"color: #000000;font-size: 12pt\"><strong><em><span style=\"font-size: 14pt\"><img loading=\"lazy\" decoding=\"async\" class=\"alignnone wp-image-1967 alignleft\" src=\"http:\/\/obeirao.pt\/online\/wp-content\/uploads\/2018\/10\/Movimento-associativo-recebe-12-milh\u00f5es-300x142.jpg\" alt=\"\" width=\"342\" height=\"162\" srcset=\"https:\/\/obeirao.pt\/online\/wp-content\/uploads\/2018\/10\/Movimento-associativo-recebe-12-milh\u00f5es-300x142.jpg 300w, https:\/\/obeirao.pt\/online\/wp-content\/uploads\/2018\/10\/Movimento-associativo-recebe-12-milh\u00f5es-768x363.jpg 768w, https:\/\/obeirao.pt\/online\/wp-content\/uploads\/2018\/10\/Movimento-associativo-recebe-12-milh\u00f5es.jpg 1024w\" sizes=\"(max-width: 342px) 100vw, 342px\" \/><span style=\"font-family: georgia,palatino,serif\">O Munic\u00edpio de Tondela assinou, no dia 19 de Outubro, 125 protocolos com 125 colectividades, num montante global que ronda 1,2 milh\u00f5es de euros.<\/span><\/span> <\/em><\/strong><\/span><!--more--><\/p>\n<p><span style=\"color: #000000;font-size: 12pt\"><img loading=\"lazy\" decoding=\"async\" class=\"alignnone size-medium wp-image-1970 alignright\" src=\"http:\/\/obeirao.pt\/online\/wp-content\/uploads\/2018\/10\/Movimento-associativo-2-300x166.jpg\" alt=\"\" width=\"300\" height=\"166\" srcset=\"https:\/\/obeirao.pt\/online\/wp-content\/uploads\/2018\/10\/Movimento-associativo-2-300x166.jpg 300w, https:\/\/obeirao.pt\/online\/wp-content\/uploads\/2018\/10\/Movimento-associativo-2-768x424.jpg 768w, https:\/\/obeirao.pt\/online\/wp-content\/uploads\/2018\/10\/Movimento-associativo-2.jpg 1024w\" sizes=\"(max-width: 300px) 100vw, 300px\" \/><span style=\"font-family: georgia,palatino,serif\">Cerca de 750 mil euros s\u00e3o destinados ao apoio ao desenvolvimento da actividade, enquanto que cerca de 400 mil euros servir\u00e3o para apoiar requisitos em termos de seguran\u00e7a das instala\u00e7\u00f5es.<\/span><\/span><\/p>\n<p><span style=\"color: #000000;font-family: georgia,palatino,serif;font-size: 12pt\">Durante a cerim\u00f3nia, que decorreu no Audit\u00f3rio Municipal de Tondela, o presidente da C\u00e2mara, Jos\u00e9 Ant\u00f3nio de Jesus, real\u00e7ou a for\u00e7a do movimento associativo concelhio, nos dom\u00ednios desportivo, cultural, humanit\u00e1rio, recreativo e social.<\/span><\/p>\n<p><span style=\"color: #0000ff;font-family: georgia,palatino,serif;font-size: 18pt;background-color: #ffff99\"><strong><em>Pilar fundamental para a coes\u00e3o territorial<\/em><\/strong><\/span><\/p>\n<p><span style=\"color: #000000;font-size: 12pt\"><em><img loading=\"lazy\" decoding=\"async\" class=\"alignnone size-medium wp-image-1971 alignleft\" src=\"http:\/\/obeirao.pt\/online\/wp-content\/uploads\/2018\/10\/Movimento-associativo-.-Jos\u00e9-A.-Jesus-300x189.jpg\" alt=\"\" width=\"300\" height=\"189\" srcset=\"https:\/\/obeirao.pt\/online\/wp-content\/uploads\/2018\/10\/Movimento-associativo-.-Jos\u00e9-A.-Jesus-300x189.jpg 300w, https:\/\/obeirao.pt\/online\/wp-content\/uploads\/2018\/10\/Movimento-associativo-.-Jos\u00e9-A.-Jesus-768x484.jpg 768w, https:\/\/obeirao.pt\/online\/wp-content\/uploads\/2018\/10\/Movimento-associativo-.-Jos\u00e9-A.-Jesus.jpg 1024w\" sizes=\"(max-width: 300px) 100vw, 300px\" \/><span style=\"font-family: georgia,palatino,serif\">\u201cGostaria de fazer refer\u00eancia \u00e0 capacidade din\u00e2mica do nosso movimento associativo, \u00e0 sua generosidade, \u00e0quilo que representa enquanto pilar indispens\u00e1vel e fundamental para a coes\u00e3o territorial<\/span><\/em><span style=\"font-family: georgia,palatino,serif\">\u201d, referiu.<\/span><\/span><\/p>\n<p><span style=\"color: #000000;font-family: georgia,palatino,serif;font-size: 12pt\"><img loading=\"lazy\" decoding=\"async\" class=\"alignnone size-medium wp-image-1974 alignright\" src=\"http:\/\/obeirao.pt\/online\/wp-content\/uploads\/2018\/10\/Movimento-associativo-.-Gabriela-e-Noca-300x159.jpg\" alt=\"\" width=\"300\" height=\"159\" srcset=\"https:\/\/obeirao.pt\/online\/wp-content\/uploads\/2018\/10\/Movimento-associativo-.-Gabriela-e-Noca-300x159.jpg 300w, https:\/\/obeirao.pt\/online\/wp-content\/uploads\/2018\/10\/Movimento-associativo-.-Gabriela-e-Noca-768x407.jpg 768w, https:\/\/obeirao.pt\/online\/wp-content\/uploads\/2018\/10\/Movimento-associativo-.-Gabriela-e-Noca.jpg 1024w\" sizes=\"(max-width: 300px) 100vw, 300px\" \/>Ao longo da sua interven\u00e7\u00e3o, Jos\u00e9 Ant\u00f3nio de Jesus explicou que, para al\u00e9m do habitual apoio \u00e0 actividade das diferentes associa\u00e7\u00f5es, este ano foi contemplado tamb\u00e9m um apoio para medidas de auto-protec\u00e7\u00e3o e seguran\u00e7a.<\/span><\/p>\n<p><span style=\"color: #000000;font-family: georgia,palatino,serif;font-size: 12pt\"><em>\u201c\u00c9, de facto, um grande desafio, exigente do ponto de vista financeiro, muito exigente, mas julgo que todos temos o mesmo pensamento. Este ano, ainda n\u00e3o pudemos desenvolver outros apoios, para outras iniciativas, mas esta miss\u00e3o tornava-se priorit\u00e1ria, urgente e, pelas circunst\u00e2ncias t\u00e3o excepcionais que todo conhecemos, inadi\u00e1vel\u201d,<\/em> alegou.<\/span><\/p>\n<p><span style=\"color: #0000ff;font-size: 18pt;background-color: #ffff99\"><strong><em><img loading=\"lazy\" decoding=\"async\" class=\"alignnone  wp-image-1972 alignleft\" src=\"http:\/\/obeirao.pt\/online\/wp-content\/uploads\/2018\/10\/Movimento-associativo-5-300x186.jpg\" alt=\"\" width=\"407\" height=\"252\" srcset=\"https:\/\/obeirao.pt\/online\/wp-content\/uploads\/2018\/10\/Movimento-associativo-5-300x186.jpg 300w, https:\/\/obeirao.pt\/online\/wp-content\/uploads\/2018\/10\/Movimento-associativo-5-768x476.jpg 768w, https:\/\/obeirao.pt\/online\/wp-content\/uploads\/2018\/10\/Movimento-associativo-5.jpg 1024w\" sizes=\"(max-width: 407px) 100vw, 407px\" \/>Homenagear os dirigentes associativos<\/em><\/strong><\/span><\/p>\n<p><span style=\"color: #000000;font-family: georgia,palatino,serif;font-size: 12pt\">De acordo com o presidente da C\u00e2mara de Tondela, esta \u00e9 tamb\u00e9m uma forma de homenagear todos os dirigentes associativos.<\/span><\/p>\n<p><span style=\"color: #000000;font-family: georgia,palatino,serif;font-size: 12pt\"><em><img loading=\"lazy\" decoding=\"async\" class=\"alignnone size-medium wp-image-1973 alignright\" src=\"http:\/\/obeirao.pt\/online\/wp-content\/uploads\/2018\/10\/Movimento-associativo-Dr.-Ferraz-300x146.jpg\" alt=\"\" width=\"300\" height=\"146\" srcset=\"https:\/\/obeirao.pt\/online\/wp-content\/uploads\/2018\/10\/Movimento-associativo-Dr.-Ferraz-300x146.jpg 300w, https:\/\/obeirao.pt\/online\/wp-content\/uploads\/2018\/10\/Movimento-associativo-Dr.-Ferraz-768x373.jpg 768w, https:\/\/obeirao.pt\/online\/wp-content\/uploads\/2018\/10\/Movimento-associativo-Dr.-Ferraz.jpg 1024w\" sizes=\"(max-width: 300px) 100vw, 300px\" \/>\u201cAqueles que, em particular no passado m\u00eas de Janeiro, numa circunst\u00e2ncia t\u00e3o at\u00edpica, mas que poderia ter ocorrido em qualquer outra parte do pa\u00eds, se viram a bra\u00e7os com uma situa\u00e7\u00e3o que ningu\u00e9m gostaria de ter vivido. Julgo que todos temos esse dever e a obriga\u00e7\u00e3o de prestar a nossa solidariedade, o nosso apoio, o nosso compromisso, para os apoiar, uma vez que acreditamos que uma institui\u00e7\u00e3o, quando \u00e9 servida por dirigentes associativos, que de forma volunt\u00e1ria, altru\u00edsta e generosa se entregam ao servi\u00e7o das comunidades, est\u00e3o a fazer, tamb\u00e9m, um servi\u00e7o p\u00fablico\u201d,<\/em> concluiu.<\/span><\/p>\n<p><em><strong><img loading=\"lazy\" decoding=\"async\" class=\"alignnone  wp-image-1976 alignleft\" src=\"http:\/\/obeirao.pt\/online\/wp-content\/uploads\/2018\/10\/Movimento-associativo.-M\u00e1rio-Martins-300x156.jpg\" alt=\"\" width=\"364\" height=\"189\" srcset=\"https:\/\/obeirao.pt\/online\/wp-content\/uploads\/2018\/10\/Movimento-associativo.-M\u00e1rio-Martins-300x156.jpg 300w, https:\/\/obeirao.pt\/online\/wp-content\/uploads\/2018\/10\/Movimento-associativo.-M\u00e1rio-Martins-768x398.jpg 768w, https:\/\/obeirao.pt\/online\/wp-content\/uploads\/2018\/10\/Movimento-associativo.-M\u00e1rio-Martins.jpg 1024w\" sizes=\"(max-width: 364px) 100vw, 364px\" \/><span style=\"color: #ff0000;font-family: georgia,palatino,serif;font-size: 18pt;background-color: #ffff99\">NOTA<\/span><\/strong><\/em><\/p>\n<p><em><strong><span style=\"font-family: georgia,palatino,serif\">Ficam as imagens de alguns dirigentes associativos a assinarem os respectivos protocolos com o Munic\u00edpio de Tondela e que, com os restantes dirigentes, se viram envolvidos numa grande festa, como o \u00e9, sempre e sem d\u00favida, a entrega de verbas com que as associa\u00e7\u00f5es se governam durante o ano no vasto territ\u00f3rio de Tondela, a grande e a nossa&#8230; a TONDELA DE BESTEIROS !!<\/span><\/strong><\/em><\/p>\n<p>&nbsp;<\/p>\n","protected":false},"excerpt":{"rendered":"<div class=\"mh-excerpt\"><span class=\"span-reading-time rt-reading-time\" style=\"display: block;\"><span class=\"rt-label rt-prefix\">tempo de leitura:<\/span> <span class=\"rt-time\"> 3<\/span> <span class=\"rt-label rt-postfix\">minutos<\/span><\/span>O Munic\u00edpio de Tondela assinou, no dia 19 de Outubro, 125 protocolos com 125 colectividades, num montante global que ronda 1,2 milh\u00f5es de euros.<\/div>\n","protected":false},"author":2,"featured_media":1967,"comment_status":"open","ping_status":"open","sticky":false,"template":"","format":"standard","meta":{"footnotes":""},"categories":[1],"tags":[],"class_list":["post-1964","post","type-post","status-publish","format-standard","has-post-thumbnail","hentry","category-uncategorized"],"yoast_head":"<!-- This site is optimized with the Yoast SEO plugin v27.4 - https:\/\/yoast.com\/product\/yoast-seo-wordpress\/ -->\n<title>MOVIMENTO ASSOCIATIVO DE TONDELA recebe do Munic\u00edpio 1,2 milh\u00f5es de euros, dos quais 400 mil para seguran\u00e7a - Beir\u00e3o Online<\/title>\n<meta name=\"robots\" content=\"index, follow, max-snippet:-1, max-image-preview:large, max-video-preview:-1\" \/>\n<link rel=\"canonical\" href=\"https:\/\/obeirao.pt\/online\/2018\/10\/22\/movimento-associativo-de-tondela-recebe-do-municipio-12-milhoes-de-euros-dos-quais-400-mil-para-seguranca\/\" \/>\n<meta property=\"og:locale\" content=\"pt_PT\" \/>\n<meta property=\"og:type\" content=\"article\" \/>\n<meta property=\"og:title\" content=\"MOVIMENTO ASSOCIATIVO DE TONDELA recebe do Munic\u00edpio 1,2 milh\u00f5es de euros, dos quais 400 mil para seguran\u00e7a - Beir\u00e3o Online\" \/>\n<meta property=\"og:description\" content=\"tempo de leitura: 3 minutosO Munic\u00edpio de Tondela assinou, no dia 19 de Outubro, 125 protocolos com 125 colectividades, num montante global que ronda 1,2 milh\u00f5es de euros.\" \/>\n<meta property=\"og:url\" content=\"https:\/\/obeirao.pt\/online\/2018\/10\/22\/movimento-associativo-de-tondela-recebe-do-municipio-12-milhoes-de-euros-dos-quais-400-mil-para-seguranca\/\" \/>\n<meta property=\"og:site_name\" content=\"Beir\u00e3o Online\" \/>\n<meta property=\"article:publisher\" content=\"https:\/\/pt-br.facebook.com\/pages\/Amigos-de-Tondela\/273620439973877\" \/>\n<meta property=\"article:published_time\" content=\"2018-10-22T16:20:02+00:00\" \/>\n<meta property=\"article:modified_time\" content=\"2018-10-22T16:57:30+00:00\" \/>\n<meta property=\"og:image\" content=\"https:\/\/obeirao.pt\/online\/wp-content\/uploads\/2018\/10\/Movimento-associativo-recebe-12-milh\u00f5es.jpg\" \/>\n\t<meta property=\"og:image:width\" content=\"1024\" \/>\n\t<meta property=\"og:image:height\" content=\"484\" \/>\n\t<meta property=\"og:image:type\" content=\"image\/jpeg\" \/>\n<meta name=\"author\" content=\"Z\u00e9 Beir\u00e3o\" \/>\n<meta name=\"twitter:card\" content=\"summary_large_image\" \/>\n<meta name=\"twitter:creator\" content=\"@JoaquimDuarteP2\" \/>\n<meta name=\"twitter:site\" content=\"@JoaquimDuarteP2\" \/>\n<meta name=\"twitter:label1\" content=\"Escrito por\" \/>\n\t<meta name=\"twitter:data1\" content=\"Z\u00e9 Beir\u00e3o\" \/>\n\t<meta name=\"twitter:label2\" content=\"Tempo estimado de leitura\" \/>\n\t<meta name=\"twitter:data2\" content=\"2 minutos\" \/>\n<script type=\"application\/ld+json\" class=\"yoast-schema-graph\">{\"@context\":\"https:\\\/\\\/schema.org\",\"@graph\":[{\"@type\":\"Article\",\"@id\":\"https:\\\/\\\/obeirao.pt\\\/online\\\/2018\\\/10\\\/22\\\/movimento-associativo-de-tondela-recebe-do-municipio-12-milhoes-de-euros-dos-quais-400-mil-para-seguranca\\\/#article\",\"isPartOf\":{\"@id\":\"https:\\\/\\\/obeirao.pt\\\/online\\\/2018\\\/10\\\/22\\\/movimento-associativo-de-tondela-recebe-do-municipio-12-milhoes-de-euros-dos-quais-400-mil-para-seguranca\\\/\"},\"author\":{\"name\":\"Z\u00e9 Beir\u00e3o\",\"@id\":\"https:\\\/\\\/obeirao.pt\\\/online\\\/#\\\/schema\\\/person\\\/efac69bb5a33873e1c1bb9c1165ff38c\"},\"headline\":\"MOVIMENTO ASSOCIATIVO DE TONDELA recebe do Munic\u00edpio 1,2 milh\u00f5es de euros, dos quais 400 mil para seguran\u00e7a\",\"datePublished\":\"2018-10-22T16:20:02+00:00\",\"dateModified\":\"2018-10-22T16:57:30+00:00\",\"mainEntityOfPage\":{\"@id\":\"https:\\\/\\\/obeirao.pt\\\/online\\\/2018\\\/10\\\/22\\\/movimento-associativo-de-tondela-recebe-do-municipio-12-milhoes-de-euros-dos-quais-400-mil-para-seguranca\\\/\"},\"wordCount\":446,\"commentCount\":0,\"image\":{\"@id\":\"https:\\\/\\\/obeirao.pt\\\/online\\\/2018\\\/10\\\/22\\\/movimento-associativo-de-tondela-recebe-do-municipio-12-milhoes-de-euros-dos-quais-400-mil-para-seguranca\\\/#primaryimage\"},\"thumbnailUrl\":\"https:\\\/\\\/obeirao.pt\\\/online\\\/wp-content\\\/uploads\\\/2018\\\/10\\\/Movimento-associativo-recebe-12-milh\u00f5es.jpg\",\"articleSection\":[\"Uncategorized\"],\"inLanguage\":\"pt-PT\"},{\"@type\":\"WebPage\",\"@id\":\"https:\\\/\\\/obeirao.pt\\\/online\\\/2018\\\/10\\\/22\\\/movimento-associativo-de-tondela-recebe-do-municipio-12-milhoes-de-euros-dos-quais-400-mil-para-seguranca\\\/\",\"url\":\"https:\\\/\\\/obeirao.pt\\\/online\\\/2018\\\/10\\\/22\\\/movimento-associativo-de-tondela-recebe-do-municipio-12-milhoes-de-euros-dos-quais-400-mil-para-seguranca\\\/\",\"name\":\"MOVIMENTO ASSOCIATIVO DE TONDELA recebe do Munic\u00edpio 1,2 milh\u00f5es de euros, dos quais 400 mil para seguran\u00e7a - Beir\u00e3o Online\",\"isPartOf\":{\"@id\":\"https:\\\/\\\/obeirao.pt\\\/online\\\/#website\"},\"primaryImageOfPage\":{\"@id\":\"https:\\\/\\\/obeirao.pt\\\/online\\\/2018\\\/10\\\/22\\\/movimento-associativo-de-tondela-recebe-do-municipio-12-milhoes-de-euros-dos-quais-400-mil-para-seguranca\\\/#primaryimage\"},\"image\":{\"@id\":\"https:\\\/\\\/obeirao.pt\\\/online\\\/2018\\\/10\\\/22\\\/movimento-associativo-de-tondela-recebe-do-municipio-12-milhoes-de-euros-dos-quais-400-mil-para-seguranca\\\/#primaryimage\"},\"thumbnailUrl\":\"https:\\\/\\\/obeirao.pt\\\/online\\\/wp-content\\\/uploads\\\/2018\\\/10\\\/Movimento-associativo-recebe-12-milh\u00f5es.jpg\",\"datePublished\":\"2018-10-22T16:20:02+00:00\",\"dateModified\":\"2018-10-22T16:57:30+00:00\",\"author\":{\"@id\":\"https:\\\/\\\/obeirao.pt\\\/online\\\/#\\\/schema\\\/person\\\/efac69bb5a33873e1c1bb9c1165ff38c\"},\"breadcrumb\":{\"@id\":\"https:\\\/\\\/obeirao.pt\\\/online\\\/2018\\\/10\\\/22\\\/movimento-associativo-de-tondela-recebe-do-municipio-12-milhoes-de-euros-dos-quais-400-mil-para-seguranca\\\/#breadcrumb\"},\"inLanguage\":\"pt-PT\",\"potentialAction\":[{\"@type\":\"ReadAction\",\"target\":[\"https:\\\/\\\/obeirao.pt\\\/online\\\/2018\\\/10\\\/22\\\/movimento-associativo-de-tondela-recebe-do-municipio-12-milhoes-de-euros-dos-quais-400-mil-para-seguranca\\\/\"]}]},{\"@type\":\"ImageObject\",\"inLanguage\":\"pt-PT\",\"@id\":\"https:\\\/\\\/obeirao.pt\\\/online\\\/2018\\\/10\\\/22\\\/movimento-associativo-de-tondela-recebe-do-municipio-12-milhoes-de-euros-dos-quais-400-mil-para-seguranca\\\/#primaryimage\",\"url\":\"https:\\\/\\\/obeirao.pt\\\/online\\\/wp-content\\\/uploads\\\/2018\\\/10\\\/Movimento-associativo-recebe-12-milh\u00f5es.jpg\",\"contentUrl\":\"https:\\\/\\\/obeirao.pt\\\/online\\\/wp-content\\\/uploads\\\/2018\\\/10\\\/Movimento-associativo-recebe-12-milh\u00f5es.jpg\",\"width\":1024,\"height\":484},{\"@type\":\"BreadcrumbList\",\"@id\":\"https:\\\/\\\/obeirao.pt\\\/online\\\/2018\\\/10\\\/22\\\/movimento-associativo-de-tondela-recebe-do-municipio-12-milhoes-de-euros-dos-quais-400-mil-para-seguranca\\\/#breadcrumb\",\"itemListElement\":[{\"@type\":\"ListItem\",\"position\":1,\"name\":\"Home\",\"item\":\"https:\\\/\\\/obeirao.pt\\\/online\\\/\"},{\"@type\":\"ListItem\",\"position\":2,\"name\":\"MOVIMENTO ASSOCIATIVO DE TONDELA recebe do Munic\u00edpio 1,2 milh\u00f5es de euros, dos quais 400 mil para seguran\u00e7a\"}]},{\"@type\":\"WebSite\",\"@id\":\"https:\\\/\\\/obeirao.pt\\\/online\\\/#website\",\"url\":\"https:\\\/\\\/obeirao.pt\\\/online\\\/\",\"name\":\"Beir\u00e3o Online\",\"description\":\"www.obeirao.pt\",\"potentialAction\":[{\"@type\":\"SearchAction\",\"target\":{\"@type\":\"EntryPoint\",\"urlTemplate\":\"https:\\\/\\\/obeirao.pt\\\/online\\\/?s={search_term_string}\"},\"query-input\":{\"@type\":\"PropertyValueSpecification\",\"valueRequired\":true,\"valueName\":\"search_term_string\"}}],\"inLanguage\":\"pt-PT\"},{\"@type\":\"Person\",\"@id\":\"https:\\\/\\\/obeirao.pt\\\/online\\\/#\\\/schema\\\/person\\\/efac69bb5a33873e1c1bb9c1165ff38c\",\"name\":\"Z\u00e9 Beir\u00e3o\",\"image\":{\"@type\":\"ImageObject\",\"inLanguage\":\"pt-PT\",\"@id\":\"https:\\\/\\\/secure.gravatar.com\\\/avatar\\\/c8c44d1f9327baa4d27e9b1149cd71b3?s=96&d=mm&r=g\",\"url\":\"https:\\\/\\\/secure.gravatar.com\\\/avatar\\\/c8c44d1f9327baa4d27e9b1149cd71b3?s=96&d=mm&r=g\",\"contentUrl\":\"https:\\\/\\\/secure.gravatar.com\\\/avatar\\\/c8c44d1f9327baa4d27e9b1149cd71b3?s=96&d=mm&r=g\",\"caption\":\"Z\u00e9 Beir\u00e3o\"},\"url\":\"https:\\\/\\\/obeirao.pt\\\/online\\\/author\\\/zebeirao\\\/\"}]}<\/script>\n<!-- \/ Yoast SEO plugin. -->","yoast_head_json":{"title":"MOVIMENTO ASSOCIATIVO DE TONDELA recebe do Munic\u00edpio 1,2 milh\u00f5es de euros, dos quais 400 mil para seguran\u00e7a - Beir\u00e3o Online","robots":{"index":"index","follow":"follow","max-snippet":"max-snippet:-1","max-image-preview":"max-image-preview:large","max-video-preview":"max-video-preview:-1"},"canonical":"https:\/\/obeirao.pt\/online\/2018\/10\/22\/movimento-associativo-de-tondela-recebe-do-municipio-12-milhoes-de-euros-dos-quais-400-mil-para-seguranca\/","og_locale":"pt_PT","og_type":"article","og_title":"MOVIMENTO ASSOCIATIVO DE TONDELA recebe do Munic\u00edpio 1,2 milh\u00f5es de euros, dos quais 400 mil para seguran\u00e7a - Beir\u00e3o Online","og_description":"tempo de leitura: 3 minutosO Munic\u00edpio de Tondela assinou, no dia 19 de Outubro, 125 protocolos com 125 colectividades, num montante global que ronda 1,2 milh\u00f5es de euros.","og_url":"https:\/\/obeirao.pt\/online\/2018\/10\/22\/movimento-associativo-de-tondela-recebe-do-municipio-12-milhoes-de-euros-dos-quais-400-mil-para-seguranca\/","og_site_name":"Beir\u00e3o Online","article_publisher":"https:\/\/pt-br.facebook.com\/pages\/Amigos-de-Tondela\/273620439973877","article_published_time":"2018-10-22T16:20:02+00:00","article_modified_time":"2018-10-22T16:57:30+00:00","og_image":[{"width":1024,"height":484,"url":"https:\/\/obeirao.pt\/online\/wp-content\/uploads\/2018\/10\/Movimento-associativo-recebe-12-milh\u00f5es.jpg","type":"image\/jpeg"}],"author":"Z\u00e9 Beir\u00e3o","twitter_card":"summary_large_image","twitter_creator":"@JoaquimDuarteP2","twitter_site":"@JoaquimDuarteP2","twitter_misc":{"Escrito por":"Z\u00e9 Beir\u00e3o","Tempo estimado de leitura":"2 minutos"},"schema":{"@context":"https:\/\/schema.org","@graph":[{"@type":"Article","@id":"https:\/\/obeirao.pt\/online\/2018\/10\/22\/movimento-associativo-de-tondela-recebe-do-municipio-12-milhoes-de-euros-dos-quais-400-mil-para-seguranca\/#article","isPartOf":{"@id":"https:\/\/obeirao.pt\/online\/2018\/10\/22\/movimento-associativo-de-tondela-recebe-do-municipio-12-milhoes-de-euros-dos-quais-400-mil-para-seguranca\/"},"author":{"name":"Z\u00e9 Beir\u00e3o","@id":"https:\/\/obeirao.pt\/online\/#\/schema\/person\/efac69bb5a33873e1c1bb9c1165ff38c"},"headline":"MOVIMENTO ASSOCIATIVO DE TONDELA recebe do Munic\u00edpio 1,2 milh\u00f5es de euros, dos quais 400 mil para seguran\u00e7a","datePublished":"2018-10-22T16:20:02+00:00","dateModified":"2018-10-22T16:57:30+00:00","mainEntityOfPage":{"@id":"https:\/\/obeirao.pt\/online\/2018\/10\/22\/movimento-associativo-de-tondela-recebe-do-municipio-12-milhoes-de-euros-dos-quais-400-mil-para-seguranca\/"},"wordCount":446,"commentCount":0,"image":{"@id":"https:\/\/obeirao.pt\/online\/2018\/10\/22\/movimento-associativo-de-tondela-recebe-do-municipio-12-milhoes-de-euros-dos-quais-400-mil-para-seguranca\/#primaryimage"},"thumbnailUrl":"https:\/\/obeirao.pt\/online\/wp-content\/uploads\/2018\/10\/Movimento-associativo-recebe-12-milh\u00f5es.jpg","articleSection":["Uncategorized"],"inLanguage":"pt-PT"},{"@type":"WebPage","@id":"https:\/\/obeirao.pt\/online\/2018\/10\/22\/movimento-associativo-de-tondela-recebe-do-municipio-12-milhoes-de-euros-dos-quais-400-mil-para-seguranca\/","url":"https:\/\/obeirao.pt\/online\/2018\/10\/22\/movimento-associativo-de-tondela-recebe-do-municipio-12-milhoes-de-euros-dos-quais-400-mil-para-seguranca\/","name":"MOVIMENTO ASSOCIATIVO DE TONDELA recebe do Munic\u00edpio 1,2 milh\u00f5es de euros, dos quais 400 mil para seguran\u00e7a - Beir\u00e3o Online","isPartOf":{"@id":"https:\/\/obeirao.pt\/online\/#website"},"primaryImageOfPage":{"@id":"https:\/\/obeirao.pt\/online\/2018\/10\/22\/movimento-associativo-de-tondela-recebe-do-municipio-12-milhoes-de-euros-dos-quais-400-mil-para-seguranca\/#primaryimage"},"image":{"@id":"https:\/\/obeirao.pt\/online\/2018\/10\/22\/movimento-associativo-de-tondela-recebe-do-municipio-12-milhoes-de-euros-dos-quais-400-mil-para-seguranca\/#primaryimage"},"thumbnailUrl":"https:\/\/obeirao.pt\/online\/wp-content\/uploads\/2018\/10\/Movimento-associativo-recebe-12-milh\u00f5es.jpg","datePublished":"2018-10-22T16:20:02+00:00","dateModified":"2018-10-22T16:57:30+00:00","author":{"@id":"https:\/\/obeirao.pt\/online\/#\/schema\/person\/efac69bb5a33873e1c1bb9c1165ff38c"},"breadcrumb":{"@id":"https:\/\/obeirao.pt\/online\/2018\/10\/22\/movimento-associativo-de-tondela-recebe-do-municipio-12-milhoes-de-euros-dos-quais-400-mil-para-seguranca\/#breadcrumb"},"inLanguage":"pt-PT","potentialAction":[{"@type":"ReadAction","target":["https:\/\/obeirao.pt\/online\/2018\/10\/22\/movimento-associativo-de-tondela-recebe-do-municipio-12-milhoes-de-euros-dos-quais-400-mil-para-seguranca\/"]}]},{"@type":"ImageObject","inLanguage":"pt-PT","@id":"https:\/\/obeirao.pt\/online\/2018\/10\/22\/movimento-associativo-de-tondela-recebe-do-municipio-12-milhoes-de-euros-dos-quais-400-mil-para-seguranca\/#primaryimage","url":"https:\/\/obeirao.pt\/online\/wp-content\/uploads\/2018\/10\/Movimento-associativo-recebe-12-milh\u00f5es.jpg","contentUrl":"https:\/\/obeirao.pt\/online\/wp-content\/uploads\/2018\/10\/Movimento-associativo-recebe-12-milh\u00f5es.jpg","width":1024,"height":484},{"@type":"BreadcrumbList","@id":"https:\/\/obeirao.pt\/online\/2018\/10\/22\/movimento-associativo-de-tondela-recebe-do-municipio-12-milhoes-de-euros-dos-quais-400-mil-para-seguranca\/#breadcrumb","itemListElement":[{"@type":"ListItem","position":1,"name":"Home","item":"https:\/\/obeirao.pt\/online\/"},{"@type":"ListItem","position":2,"name":"MOVIMENTO ASSOCIATIVO DE TONDELA recebe do Munic\u00edpio 1,2 milh\u00f5es de euros, dos quais 400 mil para seguran\u00e7a"}]},{"@type":"WebSite","@id":"https:\/\/obeirao.pt\/online\/#website","url":"https:\/\/obeirao.pt\/online\/","name":"Beir\u00e3o Online","description":"www.obeirao.pt","potentialAction":[{"@type":"SearchAction","target":{"@type":"EntryPoint","urlTemplate":"https:\/\/obeirao.pt\/online\/?s={search_term_string}"},"query-input":{"@type":"PropertyValueSpecification","valueRequired":true,"valueName":"search_term_string"}}],"inLanguage":"pt-PT"},{"@type":"Person","@id":"https:\/\/obeirao.pt\/online\/#\/schema\/person\/efac69bb5a33873e1c1bb9c1165ff38c","name":"Z\u00e9 Beir\u00e3o","image":{"@type":"ImageObject","inLanguage":"pt-PT","@id":"https:\/\/secure.gravatar.com\/avatar\/c8c44d1f9327baa4d27e9b1149cd71b3?s=96&d=mm&r=g","url":"https:\/\/secure.gravatar.com\/avatar\/c8c44d1f9327baa4d27e9b1149cd71b3?s=96&d=mm&r=g","contentUrl":"https:\/\/secure.gravatar.com\/avatar\/c8c44d1f9327baa4d27e9b1149cd71b3?s=96&d=mm&r=g","caption":"Z\u00e9 Beir\u00e3o"},"url":"https:\/\/obeirao.pt\/online\/author\/zebeirao\/"}]}},"_links":{"self":[{"href":"https:\/\/obeirao.pt\/online\/wp-json\/wp\/v2\/posts\/1964"}],"collection":[{"href":"https:\/\/obeirao.pt\/online\/wp-json\/wp\/v2\/posts"}],"about":[{"href":"https:\/\/obeirao.pt\/online\/wp-json\/wp\/v2\/types\/post"}],"author":[{"embeddable":true,"href":"https:\/\/obeirao.pt\/online\/wp-json\/wp\/v2\/users\/2"}],"replies":[{"embeddable":true,"href":"https:\/\/obeirao.pt\/online\/wp-json\/wp\/v2\/comments?post=1964"}],"version-history":[{"count":5,"href":"https:\/\/obeirao.pt\/online\/wp-json\/wp\/v2\/posts\/1964\/revisions"}],"predecessor-version":[{"id":1977,"href":"https:\/\/obeirao.pt\/online\/wp-json\/wp\/v2\/posts\/1964\/revisions\/1977"}],"wp:featuredmedia":[{"embeddable":true,"href":"https:\/\/obeirao.pt\/online\/wp-json\/wp\/v2\/media\/1967"}],"wp:attachment":[{"href":"https:\/\/obeirao.pt\/online\/wp-json\/wp\/v2\/media?parent=1964"}],"wp:term":[{"taxonomy":"category","embeddable":true,"href":"https:\/\/obeirao.pt\/online\/wp-json\/wp\/v2\/categories?post=1964"},{"taxonomy":"post_tag","embeddable":true,"href":"https:\/\/obeirao.pt\/online\/wp-json\/wp\/v2\/tags?post=1964"}],"curies":[{"name":"wp","href":"https:\/\/api.w.org\/{rel}","templated":true}]}}