{"id":2137,"date":"2018-11-24T15:27:32","date_gmt":"2018-11-24T15:27:32","guid":{"rendered":"http:\/\/obeirao.pt\/online\/?p=2137"},"modified":"2018-11-24T15:27:43","modified_gmt":"2018-11-24T15:27:43","slug":"camara-de-lamego-aprova-orcamento-superior-a-29-milhoes-de-euros","status":"publish","type":"post","link":"https:\/\/obeirao.pt\/online\/2018\/11\/24\/camara-de-lamego-aprova-orcamento-superior-a-29-milhoes-de-euros\/","title":{"rendered":"C\u00c2MARA DE LAMEGO APROVA OR\u00c7AMENTO superior a 29 milh\u00f5es de euros"},"content":{"rendered":"<span class=\"span-reading-time rt-reading-time\" style=\"display: block;\"><span class=\"rt-label rt-prefix\">tempo de leitura:<\/span> <span class=\"rt-time\"> 2<\/span> <span class=\"rt-label rt-postfix\">minutos<\/span><\/span><p><span style=\"font-size: 24pt\"><strong><img loading=\"lazy\" decoding=\"async\" class=\"alignnone wp-image-2138 alignleft\" src=\"http:\/\/obeirao.pt\/online\/wp-content\/uploads\/2018\/11\/lamegon-camara-300x187.jpg\" alt=\"\" width=\"430\" height=\"268\" srcset=\"https:\/\/obeirao.pt\/online\/wp-content\/uploads\/2018\/11\/lamegon-camara-300x187.jpg 300w, https:\/\/obeirao.pt\/online\/wp-content\/uploads\/2018\/11\/lamegon-camara.jpg 400w\" sizes=\"(max-width: 430px) 100vw, 430px\" \/><\/strong><\/span><span style=\"font-family: georgia,palatino,serif;font-size: 12pt\"><strong><em>A C\u00e2mara de Lamego aprovou um or\u00e7amento superior a 29 milh\u00f5es de euros para 2019, ano durante o qual pretende executar projectos estruturantes para \u201crepor o concelho num percurso sustentado\u201d e \u201cpromover a integra\u00e7\u00e3o da cidade com as freguesias\u201d.<\/em><\/strong><!--more--><\/span><\/p>\n<p><span style=\"font-family: georgia,palatino,serif;font-size: 12pt\">Segundo a autarquia, este or\u00e7amento est\u00e1 repartido por cerca de 20 milh\u00f5es de euros de receita corrente e nove milh\u00f5es de euros de receita de capital.<\/span><\/p>\n<p><span style=\"font-family: georgia,palatino,serif;font-size: 12pt\">O executivo aposta na concretiza\u00e7\u00e3o de tr\u00eas interven\u00e7\u00f5es, que est\u00e3o associadas a projectos comunit\u00e1rios do Plano Estrat\u00e9gico de Desenvolvimento Urbano (PEDU) e avan\u00e7ar\u00e3o no terreno j\u00e1 em 2019.<\/span><\/p>\n<p><span style=\"font-family: georgia,palatino,serif;font-size: 12pt\">A constru\u00e7\u00e3o da primeira fase do Parque Urbano de Lamego (4,3 milh\u00f5es de euros), a requalifica\u00e7\u00e3o do espa\u00e7o p\u00fablico do Bairro de Alvora\u00e7\u00e3es (600 mil) e o estabelecimento do Circuito Pedonal do Rel\u00f3gio do Sol (500 mil) s\u00e3o as obras referidas.<\/span><\/p>\n<p><span style=\"font-family: georgia,palatino,serif;font-size: 12pt\"><em>\u201cVamos implementar um or\u00e7amento exigente, pontuado por uma elevada racionalidade e transpar\u00eancia, quer ao n\u00edvel da cobran\u00e7a de receitas, quer ao n\u00edvel da realiza\u00e7\u00e3o da despesa\u201d,<\/em> disse o presidente da C\u00e2mara de Lamego, \u00c2ngelo Moura.<\/span><\/p>\n<p><span style=\"font-family: georgia,palatino,serif;font-size: 12pt\">Tendo como objectivo <em>\u201calcan\u00e7ar o bem-estar social e a coes\u00e3o territorial<\/em>\u201d, o munic\u00edpio vai refor\u00e7ar o investimento nas freguesias, <em>\u201catrav\u00e9s da celebra\u00e7\u00e3o, pela primeira vez, de contratos interadministrativos e de acordos de delega\u00e7\u00e3o de compet\u00eancias, no valor global de 840 mil euros\u201d.<\/em><\/span><\/p>\n<p><span style=\"font-family: georgia,palatino,serif;font-size: 12pt\">Ap\u00f3s um levantamento feito das principais car\u00eancias e dificuldades das freguesias rurais, foi definida como prioridade de investimento <em>\u201ca adjudica\u00e7\u00e3o da empreitada, a realizar na Penaj\u00f3ia, do sistema de recolha, transporte e tratamento de \u00e1guas residuais\u201d<\/em>, no valor de mais de um milh\u00e3o de euros.<\/span><\/p>\n<p><span style=\"font-family: georgia,palatino,serif;font-size: 12pt\">As \u00e1reas da educa\u00e7\u00e3o, com o projecto \u201cLamego Educa\u201d, e da cultura, com a sua agenda de eventos culturais, as Festas em Honra de Nossa Senhora dos Rem\u00e9dios e as cerim\u00f3nias da Semana Santa, s\u00e3o outras apostas.<\/span><\/p>\n<p>&nbsp;<\/p>\n","protected":false},"excerpt":{"rendered":"<div class=\"mh-excerpt\"><span class=\"span-reading-time rt-reading-time\" style=\"display: block;\"><span class=\"rt-label rt-prefix\">tempo de leitura:<\/span> <span class=\"rt-time\"> 2<\/span> <span class=\"rt-label rt-postfix\">minutos<\/span><\/span>A C\u00e2mara de Lamego aprovou um or\u00e7amento superior a 29 milh\u00f5es de euros para 2019, ano durante o qual pretende executar projectos estruturantes para \u201crepor <a class=\"mh-excerpt-more\" href=\"https:\/\/obeirao.pt\/online\/2018\/11\/24\/camara-de-lamego-aprova-orcamento-superior-a-29-milhoes-de-euros\/\" title=\"C\u00c2MARA DE LAMEGO APROVA OR\u00c7AMENTO superior a 29 milh\u00f5es de euros\">[&#8230;]<\/a><\/div>\n","protected":false},"author":2,"featured_media":2138,"comment_status":"open","ping_status":"open","sticky":false,"template":"","format":"standard","meta":{"footnotes":""},"categories":[2,4],"tags":[],"class_list":["post-2137","post","type-post","status-publish","format-standard","has-post-thumbnail","hentry","category-principal","category-regiao"],"yoast_head":"<!-- This site is optimized with the Yoast SEO plugin v27.4 - https:\/\/yoast.com\/product\/yoast-seo-wordpress\/ -->\n<title>C\u00c2MARA DE LAMEGO APROVA OR\u00c7AMENTO superior a 29 milh\u00f5es de euros - Beir\u00e3o Online<\/title>\n<meta name=\"robots\" content=\"index, follow, max-snippet:-1, max-image-preview:large, max-video-preview:-1\" \/>\n<link rel=\"canonical\" href=\"https:\/\/obeirao.pt\/online\/2018\/11\/24\/camara-de-lamego-aprova-orcamento-superior-a-29-milhoes-de-euros\/\" \/>\n<meta property=\"og:locale\" content=\"pt_PT\" \/>\n<meta property=\"og:type\" content=\"article\" \/>\n<meta property=\"og:title\" content=\"C\u00c2MARA DE LAMEGO APROVA OR\u00c7AMENTO superior a 29 milh\u00f5es de euros - Beir\u00e3o Online\" \/>\n<meta property=\"og:description\" content=\"tempo de leitura: 2 minutosA C\u00e2mara de Lamego aprovou um or\u00e7amento superior a 29 milh\u00f5es de euros para 2019, ano durante o qual pretende executar projectos estruturantes para \u201crepor [...]\" \/>\n<meta property=\"og:url\" content=\"https:\/\/obeirao.pt\/online\/2018\/11\/24\/camara-de-lamego-aprova-orcamento-superior-a-29-milhoes-de-euros\/\" \/>\n<meta property=\"og:site_name\" content=\"Beir\u00e3o Online\" \/>\n<meta property=\"article:publisher\" content=\"https:\/\/pt-br.facebook.com\/pages\/Amigos-de-Tondela\/273620439973877\" \/>\n<meta property=\"article:published_time\" content=\"2018-11-24T15:27:32+00:00\" \/>\n<meta property=\"article:modified_time\" content=\"2018-11-24T15:27:43+00:00\" \/>\n<meta property=\"og:image\" content=\"https:\/\/obeirao.pt\/online\/wp-content\/uploads\/2018\/11\/lamegon-camara.jpg\" \/>\n\t<meta property=\"og:image:width\" content=\"400\" \/>\n\t<meta property=\"og:image:height\" content=\"249\" \/>\n\t<meta property=\"og:image:type\" content=\"image\/jpeg\" \/>\n<meta name=\"author\" content=\"Z\u00e9 Beir\u00e3o\" \/>\n<meta name=\"twitter:card\" content=\"summary_large_image\" \/>\n<meta name=\"twitter:creator\" content=\"@JoaquimDuarteP2\" \/>\n<meta name=\"twitter:site\" content=\"@JoaquimDuarteP2\" \/>\n<meta name=\"twitter:label1\" content=\"Escrito por\" \/>\n\t<meta name=\"twitter:data1\" content=\"Z\u00e9 Beir\u00e3o\" \/>\n\t<meta name=\"twitter:label2\" content=\"Tempo estimado de leitura\" \/>\n\t<meta name=\"twitter:data2\" content=\"2 minutos\" \/>\n<script type=\"application\/ld+json\" class=\"yoast-schema-graph\">{\"@context\":\"https:\\\/\\\/schema.org\",\"@graph\":[{\"@type\":\"Article\",\"@id\":\"https:\\\/\\\/obeirao.pt\\\/online\\\/2018\\\/11\\\/24\\\/camara-de-lamego-aprova-orcamento-superior-a-29-milhoes-de-euros\\\/#article\",\"isPartOf\":{\"@id\":\"https:\\\/\\\/obeirao.pt\\\/online\\\/2018\\\/11\\\/24\\\/camara-de-lamego-aprova-orcamento-superior-a-29-milhoes-de-euros\\\/\"},\"author\":{\"name\":\"Z\u00e9 Beir\u00e3o\",\"@id\":\"https:\\\/\\\/obeirao.pt\\\/online\\\/#\\\/schema\\\/person\\\/efac69bb5a33873e1c1bb9c1165ff38c\"},\"headline\":\"C\u00c2MARA DE LAMEGO APROVA OR\u00c7AMENTO superior a 29 milh\u00f5es de euros\",\"datePublished\":\"2018-11-24T15:27:32+00:00\",\"dateModified\":\"2018-11-24T15:27:43+00:00\",\"mainEntityOfPage\":{\"@id\":\"https:\\\/\\\/obeirao.pt\\\/online\\\/2018\\\/11\\\/24\\\/camara-de-lamego-aprova-orcamento-superior-a-29-milhoes-de-euros\\\/\"},\"wordCount\":346,\"commentCount\":0,\"image\":{\"@id\":\"https:\\\/\\\/obeirao.pt\\\/online\\\/2018\\\/11\\\/24\\\/camara-de-lamego-aprova-orcamento-superior-a-29-milhoes-de-euros\\\/#primaryimage\"},\"thumbnailUrl\":\"https:\\\/\\\/obeirao.pt\\\/online\\\/wp-content\\\/uploads\\\/2018\\\/11\\\/lamegon-camara.jpg\",\"articleSection\":[\"_Principal\",\"Regi\u00e3o\"],\"inLanguage\":\"pt-PT\"},{\"@type\":\"WebPage\",\"@id\":\"https:\\\/\\\/obeirao.pt\\\/online\\\/2018\\\/11\\\/24\\\/camara-de-lamego-aprova-orcamento-superior-a-29-milhoes-de-euros\\\/\",\"url\":\"https:\\\/\\\/obeirao.pt\\\/online\\\/2018\\\/11\\\/24\\\/camara-de-lamego-aprova-orcamento-superior-a-29-milhoes-de-euros\\\/\",\"name\":\"C\u00c2MARA DE LAMEGO APROVA OR\u00c7AMENTO superior a 29 milh\u00f5es de euros - Beir\u00e3o Online\",\"isPartOf\":{\"@id\":\"https:\\\/\\\/obeirao.pt\\\/online\\\/#website\"},\"primaryImageOfPage\":{\"@id\":\"https:\\\/\\\/obeirao.pt\\\/online\\\/2018\\\/11\\\/24\\\/camara-de-lamego-aprova-orcamento-superior-a-29-milhoes-de-euros\\\/#primaryimage\"},\"image\":{\"@id\":\"https:\\\/\\\/obeirao.pt\\\/online\\\/2018\\\/11\\\/24\\\/camara-de-lamego-aprova-orcamento-superior-a-29-milhoes-de-euros\\\/#primaryimage\"},\"thumbnailUrl\":\"https:\\\/\\\/obeirao.pt\\\/online\\\/wp-content\\\/uploads\\\/2018\\\/11\\\/lamegon-camara.jpg\",\"datePublished\":\"2018-11-24T15:27:32+00:00\",\"dateModified\":\"2018-11-24T15:27:43+00:00\",\"author\":{\"@id\":\"https:\\\/\\\/obeirao.pt\\\/online\\\/#\\\/schema\\\/person\\\/efac69bb5a33873e1c1bb9c1165ff38c\"},\"breadcrumb\":{\"@id\":\"https:\\\/\\\/obeirao.pt\\\/online\\\/2018\\\/11\\\/24\\\/camara-de-lamego-aprova-orcamento-superior-a-29-milhoes-de-euros\\\/#breadcrumb\"},\"inLanguage\":\"pt-PT\",\"potentialAction\":[{\"@type\":\"ReadAction\",\"target\":[\"https:\\\/\\\/obeirao.pt\\\/online\\\/2018\\\/11\\\/24\\\/camara-de-lamego-aprova-orcamento-superior-a-29-milhoes-de-euros\\\/\"]}]},{\"@type\":\"ImageObject\",\"inLanguage\":\"pt-PT\",\"@id\":\"https:\\\/\\\/obeirao.pt\\\/online\\\/2018\\\/11\\\/24\\\/camara-de-lamego-aprova-orcamento-superior-a-29-milhoes-de-euros\\\/#primaryimage\",\"url\":\"https:\\\/\\\/obeirao.pt\\\/online\\\/wp-content\\\/uploads\\\/2018\\\/11\\\/lamegon-camara.jpg\",\"contentUrl\":\"https:\\\/\\\/obeirao.pt\\\/online\\\/wp-content\\\/uploads\\\/2018\\\/11\\\/lamegon-camara.jpg\",\"width\":400,\"height\":249},{\"@type\":\"BreadcrumbList\",\"@id\":\"https:\\\/\\\/obeirao.pt\\\/online\\\/2018\\\/11\\\/24\\\/camara-de-lamego-aprova-orcamento-superior-a-29-milhoes-de-euros\\\/#breadcrumb\",\"itemListElement\":[{\"@type\":\"ListItem\",\"position\":1,\"name\":\"Home\",\"item\":\"https:\\\/\\\/obeirao.pt\\\/online\\\/\"},{\"@type\":\"ListItem\",\"position\":2,\"name\":\"C\u00c2MARA DE LAMEGO APROVA OR\u00c7AMENTO superior a 29 milh\u00f5es de euros\"}]},{\"@type\":\"WebSite\",\"@id\":\"https:\\\/\\\/obeirao.pt\\\/online\\\/#website\",\"url\":\"https:\\\/\\\/obeirao.pt\\\/online\\\/\",\"name\":\"Beir\u00e3o Online\",\"description\":\"www.obeirao.pt\",\"potentialAction\":[{\"@type\":\"SearchAction\",\"target\":{\"@type\":\"EntryPoint\",\"urlTemplate\":\"https:\\\/\\\/obeirao.pt\\\/online\\\/?s={search_term_string}\"},\"query-input\":{\"@type\":\"PropertyValueSpecification\",\"valueRequired\":true,\"valueName\":\"search_term_string\"}}],\"inLanguage\":\"pt-PT\"},{\"@type\":\"Person\",\"@id\":\"https:\\\/\\\/obeirao.pt\\\/online\\\/#\\\/schema\\\/person\\\/efac69bb5a33873e1c1bb9c1165ff38c\",\"name\":\"Z\u00e9 Beir\u00e3o\",\"image\":{\"@type\":\"ImageObject\",\"inLanguage\":\"pt-PT\",\"@id\":\"https:\\\/\\\/secure.gravatar.com\\\/avatar\\\/c8c44d1f9327baa4d27e9b1149cd71b3?s=96&d=mm&r=g\",\"url\":\"https:\\\/\\\/secure.gravatar.com\\\/avatar\\\/c8c44d1f9327baa4d27e9b1149cd71b3?s=96&d=mm&r=g\",\"contentUrl\":\"https:\\\/\\\/secure.gravatar.com\\\/avatar\\\/c8c44d1f9327baa4d27e9b1149cd71b3?s=96&d=mm&r=g\",\"caption\":\"Z\u00e9 Beir\u00e3o\"},\"url\":\"https:\\\/\\\/obeirao.pt\\\/online\\\/author\\\/zebeirao\\\/\"}]}<\/script>\n<!-- \/ Yoast SEO plugin. -->","yoast_head_json":{"title":"C\u00c2MARA DE LAMEGO APROVA OR\u00c7AMENTO superior a 29 milh\u00f5es de euros - Beir\u00e3o Online","robots":{"index":"index","follow":"follow","max-snippet":"max-snippet:-1","max-image-preview":"max-image-preview:large","max-video-preview":"max-video-preview:-1"},"canonical":"https:\/\/obeirao.pt\/online\/2018\/11\/24\/camara-de-lamego-aprova-orcamento-superior-a-29-milhoes-de-euros\/","og_locale":"pt_PT","og_type":"article","og_title":"C\u00c2MARA DE LAMEGO APROVA OR\u00c7AMENTO superior a 29 milh\u00f5es de euros - Beir\u00e3o Online","og_description":"tempo de leitura: 2 minutosA C\u00e2mara de Lamego aprovou um or\u00e7amento superior a 29 milh\u00f5es de euros para 2019, ano durante o qual pretende executar projectos estruturantes para \u201crepor [...]","og_url":"https:\/\/obeirao.pt\/online\/2018\/11\/24\/camara-de-lamego-aprova-orcamento-superior-a-29-milhoes-de-euros\/","og_site_name":"Beir\u00e3o Online","article_publisher":"https:\/\/pt-br.facebook.com\/pages\/Amigos-de-Tondela\/273620439973877","article_published_time":"2018-11-24T15:27:32+00:00","article_modified_time":"2018-11-24T15:27:43+00:00","og_image":[{"width":400,"height":249,"url":"https:\/\/obeirao.pt\/online\/wp-content\/uploads\/2018\/11\/lamegon-camara.jpg","type":"image\/jpeg"}],"author":"Z\u00e9 Beir\u00e3o","twitter_card":"summary_large_image","twitter_creator":"@JoaquimDuarteP2","twitter_site":"@JoaquimDuarteP2","twitter_misc":{"Escrito por":"Z\u00e9 Beir\u00e3o","Tempo estimado de leitura":"2 minutos"},"schema":{"@context":"https:\/\/schema.org","@graph":[{"@type":"Article","@id":"https:\/\/obeirao.pt\/online\/2018\/11\/24\/camara-de-lamego-aprova-orcamento-superior-a-29-milhoes-de-euros\/#article","isPartOf":{"@id":"https:\/\/obeirao.pt\/online\/2018\/11\/24\/camara-de-lamego-aprova-orcamento-superior-a-29-milhoes-de-euros\/"},"author":{"name":"Z\u00e9 Beir\u00e3o","@id":"https:\/\/obeirao.pt\/online\/#\/schema\/person\/efac69bb5a33873e1c1bb9c1165ff38c"},"headline":"C\u00c2MARA DE LAMEGO APROVA OR\u00c7AMENTO superior a 29 milh\u00f5es de euros","datePublished":"2018-11-24T15:27:32+00:00","dateModified":"2018-11-24T15:27:43+00:00","mainEntityOfPage":{"@id":"https:\/\/obeirao.pt\/online\/2018\/11\/24\/camara-de-lamego-aprova-orcamento-superior-a-29-milhoes-de-euros\/"},"wordCount":346,"commentCount":0,"image":{"@id":"https:\/\/obeirao.pt\/online\/2018\/11\/24\/camara-de-lamego-aprova-orcamento-superior-a-29-milhoes-de-euros\/#primaryimage"},"thumbnailUrl":"https:\/\/obeirao.pt\/online\/wp-content\/uploads\/2018\/11\/lamegon-camara.jpg","articleSection":["_Principal","Regi\u00e3o"],"inLanguage":"pt-PT"},{"@type":"WebPage","@id":"https:\/\/obeirao.pt\/online\/2018\/11\/24\/camara-de-lamego-aprova-orcamento-superior-a-29-milhoes-de-euros\/","url":"https:\/\/obeirao.pt\/online\/2018\/11\/24\/camara-de-lamego-aprova-orcamento-superior-a-29-milhoes-de-euros\/","name":"C\u00c2MARA DE LAMEGO APROVA OR\u00c7AMENTO superior a 29 milh\u00f5es de euros - Beir\u00e3o Online","isPartOf":{"@id":"https:\/\/obeirao.pt\/online\/#website"},"primaryImageOfPage":{"@id":"https:\/\/obeirao.pt\/online\/2018\/11\/24\/camara-de-lamego-aprova-orcamento-superior-a-29-milhoes-de-euros\/#primaryimage"},"image":{"@id":"https:\/\/obeirao.pt\/online\/2018\/11\/24\/camara-de-lamego-aprova-orcamento-superior-a-29-milhoes-de-euros\/#primaryimage"},"thumbnailUrl":"https:\/\/obeirao.pt\/online\/wp-content\/uploads\/2018\/11\/lamegon-camara.jpg","datePublished":"2018-11-24T15:27:32+00:00","dateModified":"2018-11-24T15:27:43+00:00","author":{"@id":"https:\/\/obeirao.pt\/online\/#\/schema\/person\/efac69bb5a33873e1c1bb9c1165ff38c"},"breadcrumb":{"@id":"https:\/\/obeirao.pt\/online\/2018\/11\/24\/camara-de-lamego-aprova-orcamento-superior-a-29-milhoes-de-euros\/#breadcrumb"},"inLanguage":"pt-PT","potentialAction":[{"@type":"ReadAction","target":["https:\/\/obeirao.pt\/online\/2018\/11\/24\/camara-de-lamego-aprova-orcamento-superior-a-29-milhoes-de-euros\/"]}]},{"@type":"ImageObject","inLanguage":"pt-PT","@id":"https:\/\/obeirao.pt\/online\/2018\/11\/24\/camara-de-lamego-aprova-orcamento-superior-a-29-milhoes-de-euros\/#primaryimage","url":"https:\/\/obeirao.pt\/online\/wp-content\/uploads\/2018\/11\/lamegon-camara.jpg","contentUrl":"https:\/\/obeirao.pt\/online\/wp-content\/uploads\/2018\/11\/lamegon-camara.jpg","width":400,"height":249},{"@type":"BreadcrumbList","@id":"https:\/\/obeirao.pt\/online\/2018\/11\/24\/camara-de-lamego-aprova-orcamento-superior-a-29-milhoes-de-euros\/#breadcrumb","itemListElement":[{"@type":"ListItem","position":1,"name":"Home","item":"https:\/\/obeirao.pt\/online\/"},{"@type":"ListItem","position":2,"name":"C\u00c2MARA DE LAMEGO APROVA OR\u00c7AMENTO superior a 29 milh\u00f5es de euros"}]},{"@type":"WebSite","@id":"https:\/\/obeirao.pt\/online\/#website","url":"https:\/\/obeirao.pt\/online\/","name":"Beir\u00e3o Online","description":"www.obeirao.pt","potentialAction":[{"@type":"SearchAction","target":{"@type":"EntryPoint","urlTemplate":"https:\/\/obeirao.pt\/online\/?s={search_term_string}"},"query-input":{"@type":"PropertyValueSpecification","valueRequired":true,"valueName":"search_term_string"}}],"inLanguage":"pt-PT"},{"@type":"Person","@id":"https:\/\/obeirao.pt\/online\/#\/schema\/person\/efac69bb5a33873e1c1bb9c1165ff38c","name":"Z\u00e9 Beir\u00e3o","image":{"@type":"ImageObject","inLanguage":"pt-PT","@id":"https:\/\/secure.gravatar.com\/avatar\/c8c44d1f9327baa4d27e9b1149cd71b3?s=96&d=mm&r=g","url":"https:\/\/secure.gravatar.com\/avatar\/c8c44d1f9327baa4d27e9b1149cd71b3?s=96&d=mm&r=g","contentUrl":"https:\/\/secure.gravatar.com\/avatar\/c8c44d1f9327baa4d27e9b1149cd71b3?s=96&d=mm&r=g","caption":"Z\u00e9 Beir\u00e3o"},"url":"https:\/\/obeirao.pt\/online\/author\/zebeirao\/"}]}},"_links":{"self":[{"href":"https:\/\/obeirao.pt\/online\/wp-json\/wp\/v2\/posts\/2137"}],"collection":[{"href":"https:\/\/obeirao.pt\/online\/wp-json\/wp\/v2\/posts"}],"about":[{"href":"https:\/\/obeirao.pt\/online\/wp-json\/wp\/v2\/types\/post"}],"author":[{"embeddable":true,"href":"https:\/\/obeirao.pt\/online\/wp-json\/wp\/v2\/users\/2"}],"replies":[{"embeddable":true,"href":"https:\/\/obeirao.pt\/online\/wp-json\/wp\/v2\/comments?post=2137"}],"version-history":[{"count":1,"href":"https:\/\/obeirao.pt\/online\/wp-json\/wp\/v2\/posts\/2137\/revisions"}],"predecessor-version":[{"id":2139,"href":"https:\/\/obeirao.pt\/online\/wp-json\/wp\/v2\/posts\/2137\/revisions\/2139"}],"wp:featuredmedia":[{"embeddable":true,"href":"https:\/\/obeirao.pt\/online\/wp-json\/wp\/v2\/media\/2138"}],"wp:attachment":[{"href":"https:\/\/obeirao.pt\/online\/wp-json\/wp\/v2\/media?parent=2137"}],"wp:term":[{"taxonomy":"category","embeddable":true,"href":"https:\/\/obeirao.pt\/online\/wp-json\/wp\/v2\/categories?post=2137"},{"taxonomy":"post_tag","embeddable":true,"href":"https:\/\/obeirao.pt\/online\/wp-json\/wp\/v2\/tags?post=2137"}],"curies":[{"name":"wp","href":"https:\/\/api.w.org\/{rel}","templated":true}]}}