{"id":2895,"date":"2019-04-11T17:23:10","date_gmt":"2019-04-11T16:23:10","guid":{"rendered":"http:\/\/obeirao.pt\/online\/?p=2895"},"modified":"2019-04-11T18:29:51","modified_gmt":"2019-04-11T17:29:51","slug":"municipios-da-regiao-do-plalto-beirao-com-18-milhoes-de-euros-para-melhorar-ambiente","status":"publish","type":"post","link":"https:\/\/obeirao.pt\/online\/2019\/04\/11\/municipios-da-regiao-do-plalto-beirao-com-18-milhoes-de-euros-para-melhorar-ambiente\/","title":{"rendered":"MUNIC\u00cdPIOS DA REGI\u00c3O DO PLANALTO BEIR\u00c3O com 18 milh\u00f5es de euros para melhorar ambiente"},"content":{"rendered":"<span class=\"span-reading-time rt-reading-time\" style=\"display: block;\"><span class=\"rt-label rt-prefix\">tempo de leitura:<\/span> <span class=\"rt-time\"> 4<\/span> <span class=\"rt-label rt-postfix\">minutos<\/span><\/span><p><a href=\"http:\/\/obeirao.pt\/online\/wp-content\/uploads\/2019\/04\/DSC_0404.jpg\"><img loading=\"lazy\" decoding=\"async\" class=\"wp-image-2896 alignleft\" src=\"http:\/\/obeirao.pt\/online\/wp-content\/uploads\/2019\/04\/DSC_0404-300x180.jpg\" alt=\"\" width=\"343\" height=\"206\" srcset=\"https:\/\/obeirao.pt\/online\/wp-content\/uploads\/2019\/04\/DSC_0404-300x180.jpg 300w, https:\/\/obeirao.pt\/online\/wp-content\/uploads\/2019\/04\/DSC_0404-768x461.jpg 768w, https:\/\/obeirao.pt\/online\/wp-content\/uploads\/2019\/04\/DSC_0404.jpg 1024w, https:\/\/obeirao.pt\/online\/wp-content\/uploads\/2019\/04\/DSC_0404-640x384.jpg 640w\" sizes=\"(max-width: 343px) 100vw, 343px\" \/><\/a><\/p>\n<p style=\"text-align: left\"><span style=\"font-family: georgia, palatino, serif;font-size: 12pt\"><strong><em>Depois da trag\u00e9dia dos inc\u00eandios de 2017, que tamb\u00e9m atingiu as infraestruturas de Barreiro de Besteiros, em Tondela, a AMRPB, que soube reerguer-se, est\u00e1 a melhorar o ambiente nos 19 munic\u00edpios envolvidos<\/em><\/strong><!--more--><\/span><\/p>\n<p><a href=\"http:\/\/obeirao.pt\/online\/wp-content\/uploads\/2019\/04\/M\u00e1rio-Loureiro-ladeado-por-Jos\u00e9-Portela-e-Leonel-Gouveia.jpg\"><img loading=\"lazy\" decoding=\"async\" class=\"wp-image-2900 size-medium alignright\" src=\"http:\/\/obeirao.pt\/online\/wp-content\/uploads\/2019\/04\/M\u00e1rio-Loureiro-ladeado-por-Jos\u00e9-Portela-e-Leonel-Gouveia-300x160.jpg\" alt=\"\" width=\"300\" height=\"160\" srcset=\"https:\/\/obeirao.pt\/online\/wp-content\/uploads\/2019\/04\/M\u00e1rio-Loureiro-ladeado-por-Jos\u00e9-Portela-e-Leonel-Gouveia-300x160.jpg 300w, https:\/\/obeirao.pt\/online\/wp-content\/uploads\/2019\/04\/M\u00e1rio-Loureiro-ladeado-por-Jos\u00e9-Portela-e-Leonel-Gouveia-768x410.jpg 768w, https:\/\/obeirao.pt\/online\/wp-content\/uploads\/2019\/04\/M\u00e1rio-Loureiro-ladeado-por-Jos\u00e9-Portela-e-Leonel-Gouveia.jpg 1024w, https:\/\/obeirao.pt\/online\/wp-content\/uploads\/2019\/04\/M\u00e1rio-Loureiro-ladeado-por-Jos\u00e9-Portela-e-Leonel-Gouveia-640x341.jpg 640w\" sizes=\"(max-width: 300px) 100vw, 300px\" \/><\/a><\/p>\n<p><span style=\"font-family: georgia, palatino, serif;font-size: 12pt;color: #000000\">Santa Comba D\u00e3o, Carregal do Sal, Mangualde, Oliveira do Hospital e S\u00e1t\u00e3o, s\u00e3o os que, para j\u00e1, v\u00e3o ver esses ecopontos instalados.<\/span><\/p>\n<p><span style=\"font-family: georgia, palatino, serif;font-size: 12pt;color: #000000\">Para tanto, a AMRPB apresentou, em devido tempo, uma candidatura ao Programa Operacional Sustentabilidade e Efici\u00eancia no Uso de Recursos (POSEUR) para a execu\u00e7\u00e3o deste projecto ambiental que, no seu todo, ronda os 18 milh\u00f5es de euros.<\/span><\/p>\n<p><span style=\"font-family: georgia, palatino, serif;font-size: 14pt;color: #ff0000;background-color: #ffff00\"><strong><em>AUMENTAR A RECOLHA SELECTIVA E DIMINUIR A DEPOSI\u00c7\u00c3O EM ATERRO<\/em><\/strong><\/span><\/p>\n<p><a href=\"http:\/\/obeirao.pt\/online\/wp-content\/uploads\/2019\/04\/DSC_0400.jpg\"><img loading=\"lazy\" decoding=\"async\" class=\"wp-image-2902 size-medium alignleft\" src=\"http:\/\/obeirao.pt\/online\/wp-content\/uploads\/2019\/04\/DSC_0400-300x178.jpg\" alt=\"\" width=\"300\" height=\"178\" srcset=\"https:\/\/obeirao.pt\/online\/wp-content\/uploads\/2019\/04\/DSC_0400-300x178.jpg 300w, https:\/\/obeirao.pt\/online\/wp-content\/uploads\/2019\/04\/DSC_0400-768x457.jpg 768w, https:\/\/obeirao.pt\/online\/wp-content\/uploads\/2019\/04\/DSC_0400.jpg 1024w, https:\/\/obeirao.pt\/online\/wp-content\/uploads\/2019\/04\/DSC_0400-640x381.jpg 640w\" sizes=\"(max-width: 300px) 100vw, 300px\" \/><\/a><\/p>\n<p><span style=\"font-family: georgia, palatino, serif;font-size: 12pt;color: #000000\">Em sess\u00e3o, a que presidiu Leonel Gouveia, chefe do executivo santacombadense, o administrador da AMRPB, Jos\u00e9 Portela, leu pormenorizadamente os termos do projecto de investimentos, tendo M\u00e1rio Loureiro, referido que o objectivo \u201c<em>\u00e9 aumentar a recolha selectiva e diminuir drasticamente a deposi\u00e7\u00e3o em aterro\u201d,<\/em> ou seja, contribuir para atingir as <em>\u201cmetas ambientais do Plano Estrat\u00e9gico para os Res\u00edduos Urbanos 2020 (PERSU)\u201d.<\/em><\/span><\/p>\n<p><span style=\"font-family: georgia, palatino, serif;font-size: 12pt;color: #000000\">Deste modo, a Associa\u00e7\u00e3o de Munic\u00edpios da Regi\u00e3o do Planalto Beir\u00e3o, a cujo conselho executivo preside M\u00e1rio Loureiro, tamb\u00e9m presidente do munic\u00edpio de T\u00e1bua, assinalou, no in\u00edcio desta semana, nos Pa\u00e7os do Concelho de Santa Comba D\u00e3o, a entrada em funcionamento dos ecopontos semi-enterrados e enterrados, instalados em 5 munic\u00edpios.<\/span><\/p>\n<p><span style=\"font-family: georgia, palatino, serif;font-size: 12pt;color: #000000\">A opera\u00e7\u00e3o, nos 19 munic\u00edpios, inclui uma s\u00e9rie de investimentos, uns j\u00e1 realizados e outros por concretizar, nomeadamente, a aquisi\u00e7\u00e3o de 14 novas viaturas pesadas de recolha, requalifica\u00e7\u00e3o e moderniza\u00e7\u00e3o de duas centrais de triagem que tinham ficado destru\u00eddas no inc\u00eandio de Outubro de 2017, instala\u00e7\u00e3o de 1.545 ecopontos de superf\u00edcie at\u00e9 2020, 77 ecopontos semi-enterrados e 188 enterrados, al\u00e9m da implementa\u00e7\u00e3o de um plano de sensibiliza\u00e7\u00e3o junto da popula\u00e7\u00e3o. <\/span><\/p>\n<p><span style=\"font-family: georgia, palatino, serif;font-size: 12pt\">\u00a0<\/span><span style=\"font-family: georgia, palatino, serif;font-size: 14pt;color: #ff0000;background-color: #ffff00\"><strong><em><span style=\"color: #000000\">\u201cRES\u00cdDUOS:<\/span> UMA OPORTUNIDADE E N\u00c3O UM CUSTO\u201d<\/em><\/strong><\/span><\/p>\n<p><a href=\"http:\/\/obeirao.pt\/online\/wp-content\/uploads\/2019\/04\/DSC_0402.jpg\"><img loading=\"lazy\" decoding=\"async\" class=\"wp-image-2903 size-medium alignright\" src=\"http:\/\/obeirao.pt\/online\/wp-content\/uploads\/2019\/04\/DSC_0402-300x197.jpg\" alt=\"\" width=\"300\" height=\"197\" srcset=\"https:\/\/obeirao.pt\/online\/wp-content\/uploads\/2019\/04\/DSC_0402-300x197.jpg 300w, https:\/\/obeirao.pt\/online\/wp-content\/uploads\/2019\/04\/DSC_0402-768x503.jpg 768w, https:\/\/obeirao.pt\/online\/wp-content\/uploads\/2019\/04\/DSC_0402.jpg 1024w, https:\/\/obeirao.pt\/online\/wp-content\/uploads\/2019\/04\/DSC_0402-640x419.jpg 640w\" sizes=\"(max-width: 300px) 100vw, 300px\" \/><\/a><\/p>\n<p><span style=\"font-family: georgia, palatino, serif;font-size: 12pt;color: #000000\"><em>\u201cFizemos uma candidatura de refer\u00eancia a n\u00edvel nacional que nos orgulha e que vai trazer melhorias na recolha selectiva de res\u00edduos<\/em>\u201d, destacou M\u00e1rio Loureiro. Na sua opini\u00e3o, <em>\u201cos res\u00edduos t\u00eam de ser vistos como uma oportunidade e n\u00e3o como um custo\u201d.<\/em><\/span><\/p>\n<p><span style=\"font-family: georgia, palatino, serif;font-size: 12pt;color: #000000\">Dessa forma, os res\u00edduos dom\u00e9sticos que s\u00e3o depositados no aterro do Borralhal, j\u00e1 est\u00e3o a ser utilizados h\u00e1 alguns anos para produ\u00e7\u00e3o de biog\u00e1s, na central de valoriza\u00e7\u00e3o org\u00e2nica, que depois \u00e9 recolhido e injectado na rede de energia el\u00e9ctrica nacional.<\/span><\/p>\n<p><span style=\"font-family: georgia, palatino, serif;font-size: 12pt;color: #000000\">O representante do PROSEUR , Pedro Cardoso, revelou que este \u201c<em>\u00e9 o segundo maior projecto\u201d <\/em>em Portugal continental na \u00e1rea da gest\u00e3o de res\u00edduos e recolha selectiva e representa o <em>\u201cmaior montante do Fundo de Coes\u00e3o j\u00e1 validado\u201d,<\/em> sendo a taxa de execu\u00e7\u00e3o <em>\u201cbastante boa\u201d,<\/em> como disse, revelando que at\u00e9 teve d\u00favidas se a AMRPB tinha capacidade para executar estes montantes, mas percebendo, logo, que tinha. \u201c<em>Esperamos que continue com este bom ritmo\u201d, <\/em>elogiou.<\/span><\/p>\n<p><a href=\"http:\/\/obeirao.pt\/online\/wp-content\/uploads\/2019\/04\/DSC_0405.jpg\"><img loading=\"lazy\" decoding=\"async\" class=\"alignleft wp-image-2904 size-medium\" src=\"http:\/\/obeirao.pt\/online\/wp-content\/uploads\/2019\/04\/DSC_0405-300x200.jpg\" alt=\"\" width=\"300\" height=\"200\" srcset=\"https:\/\/obeirao.pt\/online\/wp-content\/uploads\/2019\/04\/DSC_0405-300x200.jpg 300w, https:\/\/obeirao.pt\/online\/wp-content\/uploads\/2019\/04\/DSC_0405-768x512.jpg 768w, https:\/\/obeirao.pt\/online\/wp-content\/uploads\/2019\/04\/DSC_0405.jpg 1024w, https:\/\/obeirao.pt\/online\/wp-content\/uploads\/2019\/04\/DSC_0405-640x427.jpg 640w\" sizes=\"(max-width: 300px) 100vw, 300px\" \/><\/a><\/p>\n<p><span style=\"font-family: georgia, palatino, serif;font-size: 12pt;color: #000000\">M\u00e1rio Loureiro espera que as 350.000 pessoas dos 19 munic\u00edpios possam ter orgulho neste projecto que, al\u00e9m de trazer mais qualidade de ambiental, tamb\u00e9m tem uma componente est\u00e9tica mais citadina.<\/span><\/p>\n<p><span style=\"font-family: georgia, palatino, serif;font-size: 12pt;color: #000000\">Em Santa Comba D\u00e3o, entraram em funcionamento cinco ecopontos semi-enterrados e ser\u00e3o instalados 35 ecopontos de superf\u00edcie (12 dos quais j\u00e1 colocados), sendo a comparticipa\u00e7\u00e3o de cada munic\u00edpio neste investimento, de 15%, sendo certo de que, ali, o investimento foi de 115 mil euros.<\/span><\/p>\n<p><span style=\"font-family: georgia, palatino, serif;font-size: 12pt;color: #000000\">No dia 21 de Maio, a AMRPB assinala 20 anos e estar\u00e1 de portas abertas para dar a conhecer os novos investimentos.<\/span><\/p>\n<p><span style=\"font-family: georgia, palatino, serif;font-size: 14pt;color: #ff0000;background-color: #ffff99\"><strong><em>FOGO DESTRUIU CENTRAIS DE TRIAGEM<\/em><\/strong><\/span><\/p>\n<p><a href=\"http:\/\/obeirao.pt\/online\/wp-content\/uploads\/2019\/04\/DSC_0407.jpg\"><img loading=\"lazy\" decoding=\"async\" class=\"wp-image-2905 size-medium alignright\" src=\"http:\/\/obeirao.pt\/online\/wp-content\/uploads\/2019\/04\/DSC_0407-300x200.jpg\" alt=\"\" width=\"300\" height=\"200\" srcset=\"https:\/\/obeirao.pt\/online\/wp-content\/uploads\/2019\/04\/DSC_0407-300x200.jpg 300w, https:\/\/obeirao.pt\/online\/wp-content\/uploads\/2019\/04\/DSC_0407-768x512.jpg 768w, https:\/\/obeirao.pt\/online\/wp-content\/uploads\/2019\/04\/DSC_0407.jpg 1024w, https:\/\/obeirao.pt\/online\/wp-content\/uploads\/2019\/04\/DSC_0407-640x427.jpg 640w\" sizes=\"(max-width: 300px) 100vw, 300px\" \/><\/a><\/p>\n<p><span style=\"font-family: georgia, palatino, serif;font-size: 12pt;color: #000000\">O grande inc\u00eandio de 15 de Outubro de 2017 destruiu as duas centrais de triagem da AMRPB, o que criou imensos problemas \u00e0 associa\u00e7\u00e3o, que n\u00e3o tinha para onde enviar os res\u00edduos, tendo de recorrer a uma empresa fora do concelho de Tondela e, mesmo assim, a recolha foi muito prejudicada no ver\u00e3o de 2018. M\u00e1rio Loureiro garante que esses problemas n\u00e3o se v\u00e3o repetir no futuro, visto que as duas novas centrais de triagem estar\u00e3o a funcionar a 100%, dentro de algumas semanas.<\/span><\/p>\n<p><span style=\"font-family: georgia, palatino, serif;font-size: 12pt;color: #000000\">Para tanto, tiveram que ser investidos mais de 6 milh\u00f5es de euros <em>\u201ce evit\u00e1mos uma cat\u00e1strofe ambiental\u201d,<\/em> salienta e afirma que <em>\u201cprov\u00e1mos que esta \u00e9 uma regi\u00e3o forte, que merece continuar a ser apoiada e que consegue dar destino aos dinheiros dos fundos comunit\u00e1rios como deve ser dado, ou seja, contribuir para que o nosso pa\u00eds tenha mais qualidade de vida, melhor ambiente e que esta seja uma zona de refer\u00eancia\u201d.<\/em><\/span><\/p>\n<p>&nbsp;<\/p>\n","protected":false},"excerpt":{"rendered":"<div class=\"mh-excerpt\"><span class=\"span-reading-time rt-reading-time\" style=\"display: block;\"><span class=\"rt-label rt-prefix\">tempo de leitura:<\/span> <span class=\"rt-time\"> 4<\/span> <span class=\"rt-label rt-postfix\">minutos<\/span><\/span>Depois da trag\u00e9dia dos inc\u00eandios de 2017, que tamb\u00e9m atingiu as infraestruturas de Barreiro de Besteiros, em Tondela, a AMRPB, que soube reerguer-se, est\u00e1 a <a class=\"mh-excerpt-more\" href=\"https:\/\/obeirao.pt\/online\/2019\/04\/11\/municipios-da-regiao-do-plalto-beirao-com-18-milhoes-de-euros-para-melhorar-ambiente\/\" title=\"MUNIC\u00cdPIOS DA REGI\u00c3O DO PLANALTO BEIR\u00c3O com 18 milh\u00f5es de euros para melhorar ambiente\">[&#8230;]<\/a><\/div>\n","protected":false},"author":2,"featured_media":2896,"comment_status":"open","ping_status":"open","sticky":false,"template":"","format":"standard","meta":{"footnotes":""},"categories":[2,4,63],"tags":[],"class_list":["post-2895","post","type-post","status-publish","format-standard","has-post-thumbnail","hentry","category-principal","category-regiao","category-tondela"],"yoast_head":"<!-- This site is optimized with the Yoast SEO plugin v27.4 - https:\/\/yoast.com\/product\/yoast-seo-wordpress\/ -->\n<title>MUNIC\u00cdPIOS DA REGI\u00c3O DO PLANALTO BEIR\u00c3O com 18 milh\u00f5es de euros para melhorar ambiente - Beir\u00e3o Online<\/title>\n<meta name=\"robots\" content=\"index, follow, max-snippet:-1, max-image-preview:large, max-video-preview:-1\" \/>\n<link rel=\"canonical\" href=\"https:\/\/obeirao.pt\/online\/2019\/04\/11\/municipios-da-regiao-do-plalto-beirao-com-18-milhoes-de-euros-para-melhorar-ambiente\/\" \/>\n<meta property=\"og:locale\" content=\"pt_PT\" \/>\n<meta property=\"og:type\" content=\"article\" \/>\n<meta property=\"og:title\" content=\"MUNIC\u00cdPIOS DA REGI\u00c3O DO PLANALTO BEIR\u00c3O com 18 milh\u00f5es de euros para melhorar ambiente - Beir\u00e3o Online\" \/>\n<meta property=\"og:description\" content=\"tempo de leitura: 4 minutosDepois da trag\u00e9dia dos inc\u00eandios de 2017, que tamb\u00e9m atingiu as infraestruturas de Barreiro de Besteiros, em Tondela, a AMRPB, que soube reerguer-se, est\u00e1 a [...]\" \/>\n<meta property=\"og:url\" content=\"https:\/\/obeirao.pt\/online\/2019\/04\/11\/municipios-da-regiao-do-plalto-beirao-com-18-milhoes-de-euros-para-melhorar-ambiente\/\" \/>\n<meta property=\"og:site_name\" content=\"Beir\u00e3o Online\" \/>\n<meta property=\"article:publisher\" content=\"https:\/\/pt-br.facebook.com\/pages\/Amigos-de-Tondela\/273620439973877\" \/>\n<meta property=\"article:published_time\" content=\"2019-04-11T16:23:10+00:00\" \/>\n<meta property=\"article:modified_time\" content=\"2019-04-11T17:29:51+00:00\" \/>\n<meta property=\"og:image\" content=\"https:\/\/obeirao.pt\/online\/wp-content\/uploads\/2019\/04\/DSC_0404.jpg\" \/>\n\t<meta property=\"og:image:width\" content=\"1024\" \/>\n\t<meta property=\"og:image:height\" content=\"615\" \/>\n\t<meta property=\"og:image:type\" content=\"image\/jpeg\" \/>\n<meta name=\"author\" content=\"Z\u00e9 Beir\u00e3o\" \/>\n<meta name=\"twitter:card\" content=\"summary_large_image\" \/>\n<meta name=\"twitter:creator\" content=\"@JoaquimDuarteP2\" \/>\n<meta name=\"twitter:site\" content=\"@JoaquimDuarteP2\" \/>\n<meta name=\"twitter:label1\" content=\"Escrito por\" \/>\n\t<meta name=\"twitter:data1\" content=\"Z\u00e9 Beir\u00e3o\" \/>\n\t<meta name=\"twitter:label2\" content=\"Tempo estimado de leitura\" \/>\n\t<meta name=\"twitter:data2\" content=\"4 minutos\" \/>\n<script type=\"application\/ld+json\" class=\"yoast-schema-graph\">{\"@context\":\"https:\\\/\\\/schema.org\",\"@graph\":[{\"@type\":\"Article\",\"@id\":\"https:\\\/\\\/obeirao.pt\\\/online\\\/2019\\\/04\\\/11\\\/municipios-da-regiao-do-plalto-beirao-com-18-milhoes-de-euros-para-melhorar-ambiente\\\/#article\",\"isPartOf\":{\"@id\":\"https:\\\/\\\/obeirao.pt\\\/online\\\/2019\\\/04\\\/11\\\/municipios-da-regiao-do-plalto-beirao-com-18-milhoes-de-euros-para-melhorar-ambiente\\\/\"},\"author\":{\"name\":\"Z\u00e9 Beir\u00e3o\",\"@id\":\"https:\\\/\\\/obeirao.pt\\\/online\\\/#\\\/schema\\\/person\\\/efac69bb5a33873e1c1bb9c1165ff38c\"},\"headline\":\"MUNIC\u00cdPIOS DA REGI\u00c3O DO PLANALTO BEIR\u00c3O com 18 milh\u00f5es de euros para melhorar ambiente\",\"datePublished\":\"2019-04-11T16:23:10+00:00\",\"dateModified\":\"2019-04-11T17:29:51+00:00\",\"mainEntityOfPage\":{\"@id\":\"https:\\\/\\\/obeirao.pt\\\/online\\\/2019\\\/04\\\/11\\\/municipios-da-regiao-do-plalto-beirao-com-18-milhoes-de-euros-para-melhorar-ambiente\\\/\"},\"wordCount\":783,\"commentCount\":0,\"image\":{\"@id\":\"https:\\\/\\\/obeirao.pt\\\/online\\\/2019\\\/04\\\/11\\\/municipios-da-regiao-do-plalto-beirao-com-18-milhoes-de-euros-para-melhorar-ambiente\\\/#primaryimage\"},\"thumbnailUrl\":\"https:\\\/\\\/obeirao.pt\\\/online\\\/wp-content\\\/uploads\\\/2019\\\/04\\\/DSC_0404.jpg\",\"articleSection\":[\"_Principal\",\"Regi\u00e3o\",\"Tondela\"],\"inLanguage\":\"pt-PT\"},{\"@type\":\"WebPage\",\"@id\":\"https:\\\/\\\/obeirao.pt\\\/online\\\/2019\\\/04\\\/11\\\/municipios-da-regiao-do-plalto-beirao-com-18-milhoes-de-euros-para-melhorar-ambiente\\\/\",\"url\":\"https:\\\/\\\/obeirao.pt\\\/online\\\/2019\\\/04\\\/11\\\/municipios-da-regiao-do-plalto-beirao-com-18-milhoes-de-euros-para-melhorar-ambiente\\\/\",\"name\":\"MUNIC\u00cdPIOS DA REGI\u00c3O DO PLANALTO BEIR\u00c3O com 18 milh\u00f5es de euros para melhorar ambiente - Beir\u00e3o Online\",\"isPartOf\":{\"@id\":\"https:\\\/\\\/obeirao.pt\\\/online\\\/#website\"},\"primaryImageOfPage\":{\"@id\":\"https:\\\/\\\/obeirao.pt\\\/online\\\/2019\\\/04\\\/11\\\/municipios-da-regiao-do-plalto-beirao-com-18-milhoes-de-euros-para-melhorar-ambiente\\\/#primaryimage\"},\"image\":{\"@id\":\"https:\\\/\\\/obeirao.pt\\\/online\\\/2019\\\/04\\\/11\\\/municipios-da-regiao-do-plalto-beirao-com-18-milhoes-de-euros-para-melhorar-ambiente\\\/#primaryimage\"},\"thumbnailUrl\":\"https:\\\/\\\/obeirao.pt\\\/online\\\/wp-content\\\/uploads\\\/2019\\\/04\\\/DSC_0404.jpg\",\"datePublished\":\"2019-04-11T16:23:10+00:00\",\"dateModified\":\"2019-04-11T17:29:51+00:00\",\"author\":{\"@id\":\"https:\\\/\\\/obeirao.pt\\\/online\\\/#\\\/schema\\\/person\\\/efac69bb5a33873e1c1bb9c1165ff38c\"},\"breadcrumb\":{\"@id\":\"https:\\\/\\\/obeirao.pt\\\/online\\\/2019\\\/04\\\/11\\\/municipios-da-regiao-do-plalto-beirao-com-18-milhoes-de-euros-para-melhorar-ambiente\\\/#breadcrumb\"},\"inLanguage\":\"pt-PT\",\"potentialAction\":[{\"@type\":\"ReadAction\",\"target\":[\"https:\\\/\\\/obeirao.pt\\\/online\\\/2019\\\/04\\\/11\\\/municipios-da-regiao-do-plalto-beirao-com-18-milhoes-de-euros-para-melhorar-ambiente\\\/\"]}]},{\"@type\":\"ImageObject\",\"inLanguage\":\"pt-PT\",\"@id\":\"https:\\\/\\\/obeirao.pt\\\/online\\\/2019\\\/04\\\/11\\\/municipios-da-regiao-do-plalto-beirao-com-18-milhoes-de-euros-para-melhorar-ambiente\\\/#primaryimage\",\"url\":\"https:\\\/\\\/obeirao.pt\\\/online\\\/wp-content\\\/uploads\\\/2019\\\/04\\\/DSC_0404.jpg\",\"contentUrl\":\"https:\\\/\\\/obeirao.pt\\\/online\\\/wp-content\\\/uploads\\\/2019\\\/04\\\/DSC_0404.jpg\",\"width\":1024,\"height\":615,\"caption\":\"????????????????????????????????????\"},{\"@type\":\"BreadcrumbList\",\"@id\":\"https:\\\/\\\/obeirao.pt\\\/online\\\/2019\\\/04\\\/11\\\/municipios-da-regiao-do-plalto-beirao-com-18-milhoes-de-euros-para-melhorar-ambiente\\\/#breadcrumb\",\"itemListElement\":[{\"@type\":\"ListItem\",\"position\":1,\"name\":\"Home\",\"item\":\"https:\\\/\\\/obeirao.pt\\\/online\\\/\"},{\"@type\":\"ListItem\",\"position\":2,\"name\":\"MUNIC\u00cdPIOS DA REGI\u00c3O DO PLANALTO BEIR\u00c3O com 18 milh\u00f5es de euros para melhorar ambiente\"}]},{\"@type\":\"WebSite\",\"@id\":\"https:\\\/\\\/obeirao.pt\\\/online\\\/#website\",\"url\":\"https:\\\/\\\/obeirao.pt\\\/online\\\/\",\"name\":\"Beir\u00e3o Online\",\"description\":\"www.obeirao.pt\",\"potentialAction\":[{\"@type\":\"SearchAction\",\"target\":{\"@type\":\"EntryPoint\",\"urlTemplate\":\"https:\\\/\\\/obeirao.pt\\\/online\\\/?s={search_term_string}\"},\"query-input\":{\"@type\":\"PropertyValueSpecification\",\"valueRequired\":true,\"valueName\":\"search_term_string\"}}],\"inLanguage\":\"pt-PT\"},{\"@type\":\"Person\",\"@id\":\"https:\\\/\\\/obeirao.pt\\\/online\\\/#\\\/schema\\\/person\\\/efac69bb5a33873e1c1bb9c1165ff38c\",\"name\":\"Z\u00e9 Beir\u00e3o\",\"image\":{\"@type\":\"ImageObject\",\"inLanguage\":\"pt-PT\",\"@id\":\"https:\\\/\\\/secure.gravatar.com\\\/avatar\\\/c8c44d1f9327baa4d27e9b1149cd71b3?s=96&d=mm&r=g\",\"url\":\"https:\\\/\\\/secure.gravatar.com\\\/avatar\\\/c8c44d1f9327baa4d27e9b1149cd71b3?s=96&d=mm&r=g\",\"contentUrl\":\"https:\\\/\\\/secure.gravatar.com\\\/avatar\\\/c8c44d1f9327baa4d27e9b1149cd71b3?s=96&d=mm&r=g\",\"caption\":\"Z\u00e9 Beir\u00e3o\"},\"url\":\"https:\\\/\\\/obeirao.pt\\\/online\\\/author\\\/zebeirao\\\/\"}]}<\/script>\n<!-- \/ Yoast SEO plugin. -->","yoast_head_json":{"title":"MUNIC\u00cdPIOS DA REGI\u00c3O DO PLANALTO BEIR\u00c3O com 18 milh\u00f5es de euros para melhorar ambiente - Beir\u00e3o Online","robots":{"index":"index","follow":"follow","max-snippet":"max-snippet:-1","max-image-preview":"max-image-preview:large","max-video-preview":"max-video-preview:-1"},"canonical":"https:\/\/obeirao.pt\/online\/2019\/04\/11\/municipios-da-regiao-do-plalto-beirao-com-18-milhoes-de-euros-para-melhorar-ambiente\/","og_locale":"pt_PT","og_type":"article","og_title":"MUNIC\u00cdPIOS DA REGI\u00c3O DO PLANALTO BEIR\u00c3O com 18 milh\u00f5es de euros para melhorar ambiente - Beir\u00e3o Online","og_description":"tempo de leitura: 4 minutosDepois da trag\u00e9dia dos inc\u00eandios de 2017, que tamb\u00e9m atingiu as infraestruturas de Barreiro de Besteiros, em Tondela, a AMRPB, que soube reerguer-se, est\u00e1 a [...]","og_url":"https:\/\/obeirao.pt\/online\/2019\/04\/11\/municipios-da-regiao-do-plalto-beirao-com-18-milhoes-de-euros-para-melhorar-ambiente\/","og_site_name":"Beir\u00e3o Online","article_publisher":"https:\/\/pt-br.facebook.com\/pages\/Amigos-de-Tondela\/273620439973877","article_published_time":"2019-04-11T16:23:10+00:00","article_modified_time":"2019-04-11T17:29:51+00:00","og_image":[{"width":1024,"height":615,"url":"https:\/\/obeirao.pt\/online\/wp-content\/uploads\/2019\/04\/DSC_0404.jpg","type":"image\/jpeg"}],"author":"Z\u00e9 Beir\u00e3o","twitter_card":"summary_large_image","twitter_creator":"@JoaquimDuarteP2","twitter_site":"@JoaquimDuarteP2","twitter_misc":{"Escrito por":"Z\u00e9 Beir\u00e3o","Tempo estimado de leitura":"4 minutos"},"schema":{"@context":"https:\/\/schema.org","@graph":[{"@type":"Article","@id":"https:\/\/obeirao.pt\/online\/2019\/04\/11\/municipios-da-regiao-do-plalto-beirao-com-18-milhoes-de-euros-para-melhorar-ambiente\/#article","isPartOf":{"@id":"https:\/\/obeirao.pt\/online\/2019\/04\/11\/municipios-da-regiao-do-plalto-beirao-com-18-milhoes-de-euros-para-melhorar-ambiente\/"},"author":{"name":"Z\u00e9 Beir\u00e3o","@id":"https:\/\/obeirao.pt\/online\/#\/schema\/person\/efac69bb5a33873e1c1bb9c1165ff38c"},"headline":"MUNIC\u00cdPIOS DA REGI\u00c3O DO PLANALTO BEIR\u00c3O com 18 milh\u00f5es de euros para melhorar ambiente","datePublished":"2019-04-11T16:23:10+00:00","dateModified":"2019-04-11T17:29:51+00:00","mainEntityOfPage":{"@id":"https:\/\/obeirao.pt\/online\/2019\/04\/11\/municipios-da-regiao-do-plalto-beirao-com-18-milhoes-de-euros-para-melhorar-ambiente\/"},"wordCount":783,"commentCount":0,"image":{"@id":"https:\/\/obeirao.pt\/online\/2019\/04\/11\/municipios-da-regiao-do-plalto-beirao-com-18-milhoes-de-euros-para-melhorar-ambiente\/#primaryimage"},"thumbnailUrl":"https:\/\/obeirao.pt\/online\/wp-content\/uploads\/2019\/04\/DSC_0404.jpg","articleSection":["_Principal","Regi\u00e3o","Tondela"],"inLanguage":"pt-PT"},{"@type":"WebPage","@id":"https:\/\/obeirao.pt\/online\/2019\/04\/11\/municipios-da-regiao-do-plalto-beirao-com-18-milhoes-de-euros-para-melhorar-ambiente\/","url":"https:\/\/obeirao.pt\/online\/2019\/04\/11\/municipios-da-regiao-do-plalto-beirao-com-18-milhoes-de-euros-para-melhorar-ambiente\/","name":"MUNIC\u00cdPIOS DA REGI\u00c3O DO PLANALTO BEIR\u00c3O com 18 milh\u00f5es de euros para melhorar ambiente - Beir\u00e3o Online","isPartOf":{"@id":"https:\/\/obeirao.pt\/online\/#website"},"primaryImageOfPage":{"@id":"https:\/\/obeirao.pt\/online\/2019\/04\/11\/municipios-da-regiao-do-plalto-beirao-com-18-milhoes-de-euros-para-melhorar-ambiente\/#primaryimage"},"image":{"@id":"https:\/\/obeirao.pt\/online\/2019\/04\/11\/municipios-da-regiao-do-plalto-beirao-com-18-milhoes-de-euros-para-melhorar-ambiente\/#primaryimage"},"thumbnailUrl":"https:\/\/obeirao.pt\/online\/wp-content\/uploads\/2019\/04\/DSC_0404.jpg","datePublished":"2019-04-11T16:23:10+00:00","dateModified":"2019-04-11T17:29:51+00:00","author":{"@id":"https:\/\/obeirao.pt\/online\/#\/schema\/person\/efac69bb5a33873e1c1bb9c1165ff38c"},"breadcrumb":{"@id":"https:\/\/obeirao.pt\/online\/2019\/04\/11\/municipios-da-regiao-do-plalto-beirao-com-18-milhoes-de-euros-para-melhorar-ambiente\/#breadcrumb"},"inLanguage":"pt-PT","potentialAction":[{"@type":"ReadAction","target":["https:\/\/obeirao.pt\/online\/2019\/04\/11\/municipios-da-regiao-do-plalto-beirao-com-18-milhoes-de-euros-para-melhorar-ambiente\/"]}]},{"@type":"ImageObject","inLanguage":"pt-PT","@id":"https:\/\/obeirao.pt\/online\/2019\/04\/11\/municipios-da-regiao-do-plalto-beirao-com-18-milhoes-de-euros-para-melhorar-ambiente\/#primaryimage","url":"https:\/\/obeirao.pt\/online\/wp-content\/uploads\/2019\/04\/DSC_0404.jpg","contentUrl":"https:\/\/obeirao.pt\/online\/wp-content\/uploads\/2019\/04\/DSC_0404.jpg","width":1024,"height":615,"caption":"????????????????????????????????????"},{"@type":"BreadcrumbList","@id":"https:\/\/obeirao.pt\/online\/2019\/04\/11\/municipios-da-regiao-do-plalto-beirao-com-18-milhoes-de-euros-para-melhorar-ambiente\/#breadcrumb","itemListElement":[{"@type":"ListItem","position":1,"name":"Home","item":"https:\/\/obeirao.pt\/online\/"},{"@type":"ListItem","position":2,"name":"MUNIC\u00cdPIOS DA REGI\u00c3O DO PLANALTO BEIR\u00c3O com 18 milh\u00f5es de euros para melhorar ambiente"}]},{"@type":"WebSite","@id":"https:\/\/obeirao.pt\/online\/#website","url":"https:\/\/obeirao.pt\/online\/","name":"Beir\u00e3o Online","description":"www.obeirao.pt","potentialAction":[{"@type":"SearchAction","target":{"@type":"EntryPoint","urlTemplate":"https:\/\/obeirao.pt\/online\/?s={search_term_string}"},"query-input":{"@type":"PropertyValueSpecification","valueRequired":true,"valueName":"search_term_string"}}],"inLanguage":"pt-PT"},{"@type":"Person","@id":"https:\/\/obeirao.pt\/online\/#\/schema\/person\/efac69bb5a33873e1c1bb9c1165ff38c","name":"Z\u00e9 Beir\u00e3o","image":{"@type":"ImageObject","inLanguage":"pt-PT","@id":"https:\/\/secure.gravatar.com\/avatar\/c8c44d1f9327baa4d27e9b1149cd71b3?s=96&d=mm&r=g","url":"https:\/\/secure.gravatar.com\/avatar\/c8c44d1f9327baa4d27e9b1149cd71b3?s=96&d=mm&r=g","contentUrl":"https:\/\/secure.gravatar.com\/avatar\/c8c44d1f9327baa4d27e9b1149cd71b3?s=96&d=mm&r=g","caption":"Z\u00e9 Beir\u00e3o"},"url":"https:\/\/obeirao.pt\/online\/author\/zebeirao\/"}]}},"_links":{"self":[{"href":"https:\/\/obeirao.pt\/online\/wp-json\/wp\/v2\/posts\/2895"}],"collection":[{"href":"https:\/\/obeirao.pt\/online\/wp-json\/wp\/v2\/posts"}],"about":[{"href":"https:\/\/obeirao.pt\/online\/wp-json\/wp\/v2\/types\/post"}],"author":[{"embeddable":true,"href":"https:\/\/obeirao.pt\/online\/wp-json\/wp\/v2\/users\/2"}],"replies":[{"embeddable":true,"href":"https:\/\/obeirao.pt\/online\/wp-json\/wp\/v2\/comments?post=2895"}],"version-history":[{"count":8,"href":"https:\/\/obeirao.pt\/online\/wp-json\/wp\/v2\/posts\/2895\/revisions"}],"predecessor-version":[{"id":2909,"href":"https:\/\/obeirao.pt\/online\/wp-json\/wp\/v2\/posts\/2895\/revisions\/2909"}],"wp:featuredmedia":[{"embeddable":true,"href":"https:\/\/obeirao.pt\/online\/wp-json\/wp\/v2\/media\/2896"}],"wp:attachment":[{"href":"https:\/\/obeirao.pt\/online\/wp-json\/wp\/v2\/media?parent=2895"}],"wp:term":[{"taxonomy":"category","embeddable":true,"href":"https:\/\/obeirao.pt\/online\/wp-json\/wp\/v2\/categories?post=2895"},{"taxonomy":"post_tag","embeddable":true,"href":"https:\/\/obeirao.pt\/online\/wp-json\/wp\/v2\/tags?post=2895"}],"curies":[{"name":"wp","href":"https:\/\/api.w.org\/{rel}","templated":true}]}}