{"id":2968,"date":"2019-04-27T13:38:06","date_gmt":"2019-04-27T12:38:06","guid":{"rendered":"http:\/\/obeirao.pt\/online\/?p=2968"},"modified":"2019-04-27T13:38:16","modified_gmt":"2019-04-27T12:38:16","slug":"mais-de-9-milhoes-de-euros-e-o-saldo-de-gerencia-em-2018-da-camara-municipal-de-tondela","status":"publish","type":"post","link":"https:\/\/obeirao.pt\/online\/2019\/04\/27\/mais-de-9-milhoes-de-euros-e-o-saldo-de-gerencia-em-2018-da-camara-municipal-de-tondela\/","title":{"rendered":"MAIS DE 9 MILH\u00d5ES DE EUROS \u00e9 o saldo de ger\u00eancia em 2018 da C\u00e2mara Municipal de Tondela"},"content":{"rendered":"<span class=\"span-reading-time rt-reading-time\" style=\"display: block;\"><span class=\"rt-label rt-prefix\">tempo de leitura:<\/span> <span class=\"rt-time\"> 3<\/span> <span class=\"rt-label rt-postfix\">minutos<\/span><\/span><p><span style=\"font-size: 24pt\"><strong><a href=\"http:\/\/obeirao.pt\/online\/wp-content\/uploads\/2018\/06\/DSC_0554.jpg\"><img loading=\"lazy\" decoding=\"async\" class=\"alignleft wp-image-1309 size-medium\" src=\"http:\/\/obeirao.pt\/online\/wp-content\/uploads\/2018\/06\/DSC_0554-300x202.jpg\" alt=\"\" width=\"300\" height=\"202\" srcset=\"https:\/\/obeirao.pt\/online\/wp-content\/uploads\/2018\/06\/DSC_0554-300x202.jpg 300w, https:\/\/obeirao.pt\/online\/wp-content\/uploads\/2018\/06\/DSC_0554-768x518.jpg 768w, https:\/\/obeirao.pt\/online\/wp-content\/uploads\/2018\/06\/DSC_0554.jpg 844w\" sizes=\"(max-width: 300px) 100vw, 300px\" \/><\/a><\/strong><\/span><span style=\"font-family: georgia, palatino, serif;font-size: 12pt\"><strong><em>A C\u00e2mara Municipal de Tondela acaba de aprovar as contas relativas a 2018, ano que o Munic\u00edpio encerrou com um saldo de ger\u00eancia de 9.116.114,60 euros.<\/em><\/strong><!--more--><\/span><\/p>\n<p><span style=\"font-family: georgia, palatino, serif;font-size: 12pt\">As contas foram aprovadas durante a reuni\u00e3o do executivo na manh\u00e3 de 23 de Abril, contando com cinco votos a favor (PSD) e dois votos contra dos vereadores da oposi\u00e7\u00e3o (PS).<\/span><\/p>\n<p><span style=\"font-family: georgia, palatino, serif;font-size: 12pt\"><em>\u201cOs indicadores financeiros expressos nos documentos da conta de ger\u00eancia atestam a sustentabilidade financeira do Munic\u00edpio de Tondela, num quadro de rigor, responsabilidade e transpar\u00eancia\u201d, <\/em>referiu o presidente da C\u00e2mara Municipal de Tondela, Jos\u00e9 Ant\u00f3nio de Jesus.<\/span><\/p>\n<ul style=\"list-style-type: disc\">\n<li><span style=\"font-family: georgia, palatino, serif;font-size: 14pt;color: #0000ff;background-color: #ffff99\"><strong><em>OBRAS PARADAS PARA DAR PRIORIDADE \u00c0 RECONSTRU\u00c7\u00c3O<\/em><\/strong><\/span><\/li>\n<li><span style=\"font-family: georgia, palatino, serif;font-size: 14pt;color: #0000ff;background-color: #ffff99\"><strong><em>DAS CASAS ARDIDAS EM 2017<\/em><\/strong><\/span><\/li>\n<\/ul>\n<p><span style=\"font-family: georgia, palatino, serif;font-size: 12pt\"><a href=\"http:\/\/obeirao.pt\/online\/wp-content\/uploads\/2018\/06\/22552860_1455697487831941_1051926926582811436_n.jpg\"><img loading=\"lazy\" decoding=\"async\" class=\"wp-image-1312 size-medium alignright\" src=\"http:\/\/obeirao.pt\/online\/wp-content\/uploads\/2018\/06\/22552860_1455697487831941_1051926926582811436_n-300x210.jpg\" alt=\"\" width=\"300\" height=\"210\" srcset=\"https:\/\/obeirao.pt\/online\/wp-content\/uploads\/2018\/06\/22552860_1455697487831941_1051926926582811436_n-300x210.jpg 300w, https:\/\/obeirao.pt\/online\/wp-content\/uploads\/2018\/06\/22552860_1455697487831941_1051926926582811436_n-768x537.jpg 768w, https:\/\/obeirao.pt\/online\/wp-content\/uploads\/2018\/06\/22552860_1455697487831941_1051926926582811436_n.jpg 960w\" sizes=\"(max-width: 300px) 100vw, 300px\" \/><\/a>Ao longo da sua interven\u00e7\u00e3o, Jos\u00e9 Ant\u00f3nio de Jesus reconheceu que \u00e9 seu desejo que \u201c<em>o grau de execu\u00e7\u00e3o de algumas obras seja acelerado<\/em>\u201d, no entanto, \u201c<em>esse indicador foi secundarizado em 2018, face \u00e0 emerg\u00eancia da necessidade de recupera\u00e7\u00e3o no p\u00f3s inc\u00eandios, cuja trag\u00e9dia foi bem conhecida\u201d.<\/em><\/span><\/p>\n<p><span style=\"font-family: georgia, palatino, serif;font-size: 12pt\">Sobre o endividamento a m\u00e9dio e longo prazo, o presidente da C\u00e2mara Municipal de Tondela, explicou que baixou em quase 800 mil euros, passando dos 5,1 milh\u00f5es de euros em 2017 para os 4,4 milh\u00f5es de euros a 31 de Dezembro de 2018.<\/span><\/p>\n<p><span style=\"font-family: georgia, palatino, serif;font-size: 12pt\"><em><a href=\"http:\/\/obeirao.pt\/online\/wp-content\/uploads\/2018\/02\/naom_53eb16e25cd9eManager-File-Suffix.jpg\"><img loading=\"lazy\" decoding=\"async\" class=\"alignleft wp-image-523 size-medium\" src=\"http:\/\/obeirao.pt\/online\/wp-content\/uploads\/2018\/02\/naom_53eb16e25cd9eManager-File-Suffix-300x210.jpg\" alt=\"\" width=\"300\" height=\"210\" srcset=\"https:\/\/obeirao.pt\/online\/wp-content\/uploads\/2018\/02\/naom_53eb16e25cd9eManager-File-Suffix-300x210.jpg 300w, https:\/\/obeirao.pt\/online\/wp-content\/uploads\/2018\/02\/naom_53eb16e25cd9eManager-File-Suffix.jpg 320w\" sizes=\"(max-width: 300px) 100vw, 300px\" \/><\/a>\u201cJ\u00e1 o disse e repito que, no final deste ciclo, o endividamento ser\u00e1 menor que no in\u00edcio do ciclo. O munic\u00edpio tem uma margem de 4 milh\u00f5es de euros por utilizar e quem dera a muitas autarquias, \u00e0 nossa escala, terem este indicador\u201d,<\/em> sustentou.<\/span><\/p>\n<p><span style=\"font-family: georgia, palatino, serif;font-size: 12pt\">O grau de execu\u00e7\u00e3o or\u00e7amental da despesa \u00e9 de 62,5%, enquanto que o grau de execu\u00e7\u00e3o or\u00e7amental da receita \u00e9 de 87,08%.<\/span><\/p>\n<p><span style=\"font-family: georgia, palatino, serif;font-size: 12pt\">J\u00e1 em rela\u00e7\u00e3o ao prazo m\u00e9dio de pagamentos da C\u00e2mara Municipal de Tondela, Jos\u00e9 Ant\u00f3nio de Jesus informou que ronda os 15 dias.<\/span><\/p>\n<p><span style=\"font-family: georgia, palatino, serif;font-size: 12pt\">A reuni\u00e3o serviu ainda para aprovar, por maioria, a segunda revis\u00e3o ao or\u00e7amento e grandes op\u00e7\u00f5es de plano de 2019.<\/span><\/p>\n<ul style=\"list-style-type: disc\">\n<li><span style=\"font-family: georgia, palatino, serif;font-size: 14pt;color: #0000ff;background-color: #ffff99\"><strong><em>A POSI\u00c7\u00c3O DOS VEREADORES DO PS <\/em><\/strong><\/span><\/li>\n<li><span style=\"font-family: georgia, palatino, serif;font-size: 14pt;color: #0000ff;background-color: #ffff99\"><strong><em>FACE \u00c0S CONTAS DE GER\u00caNCIA DO MUNIC\u00cdPIO<\/em><\/strong><\/span><\/li>\n<\/ul>\n<p><span style=\"font-family: georgia, palatino, serif;font-size: 12pt\"><a href=\"http:\/\/obeirao.pt\/online\/wp-content\/uploads\/2019\/01\/ruadireita.pt_.jpg\"><img loading=\"lazy\" decoding=\"async\" class=\"wp-image-2527 size-medium alignleft\" src=\"http:\/\/obeirao.pt\/online\/wp-content\/uploads\/2019\/01\/ruadireita.pt_-300x199.jpg\" alt=\"\" width=\"300\" height=\"199\" srcset=\"https:\/\/obeirao.pt\/online\/wp-content\/uploads\/2019\/01\/ruadireita.pt_-300x199.jpg 300w, https:\/\/obeirao.pt\/online\/wp-content\/uploads\/2019\/01\/ruadireita.pt_-640x425.jpg 640w, https:\/\/obeirao.pt\/online\/wp-content\/uploads\/2019\/01\/ruadireita.pt_.jpg 741w\" sizes=\"(max-width: 300px) 100vw, 300px\" \/><\/a>Em nota de imprensa dirigida \u00e0 comunica\u00e7\u00e3o social, os vereadores do PS, Joaquim Santos e J\u00falio Rodrigues, d\u00e3o conta da sua tomada de posi\u00e7\u00e3o, na aprecia\u00e7\u00e3o que fazem do Relat\u00f3rio de Gest\u00e3o de 2018 e a 2.\u00aa Revis\u00e3o Or\u00e7amental e das Grandes Op\u00e7\u00f5es do Plano do Munic\u00edpio.<\/span><\/p>\n<p><span style=\"font-family: georgia, palatino, serif;font-size: 12pt\">Dizem eles que, ap\u00f3s a sua discuss\u00e3o, votaram contra estes documentos, justificando assim, resumidamente, o seu sentido de voto:<\/span><\/p>\n<p><span style=\"font-family: georgia, palatino, serif;font-size: 12pt\"><em>\u201cO saldo de ger\u00eancia, expurgado dos valores das opera\u00e7\u00f5es de tesouraria, de 8.085.995 euros, \u00e9 fruto de uma m\u00e1 gest\u00e3o do or\u00e7amento de 2018, pior que a execu\u00e7\u00e3o de 2017, que tinha resvalado num incumprimento de cerca de 7,4 milh\u00f5es de euros\u201d. <\/em><\/span><\/p>\n<p><span style=\"font-family: georgia, palatino, serif;font-size: 12pt\">N\u00e3o estando em causa a verdade contabil\u00edstica, dizem que \u201c<em>\u00e9 lament\u00e1vel uma execu\u00e7\u00e3o or\u00e7amental da receita, que foi de 87,08%, penalizada pela censur\u00e1vel execu\u00e7\u00e3o da despesa que n\u00e3o foi al\u00e9m dos 62,05%, essencialmente devido ao quase total falhan\u00e7o da utiliza\u00e7\u00e3o de fundos comunit\u00e1rios aprovados pelo PDR 2020, que representariam um investimento de cerca de 9 milh\u00f5es de euros, mas adiados\u201d. <\/em><\/span><\/p>\n<ul style=\"list-style-type: disc\">\n<li><span style=\"font-family: georgia, palatino, serif;font-size: 14pt;color: #0000ff;background-color: #ffff99\"><em>\u00a0&#8220;<\/em><strong><em>INC\u00caNDIOS N\u00c3O PODEM SER DESCULPA\u201d&#8230;<\/em><\/strong><\/span><\/li>\n<\/ul>\n<p><span style=\"font-family: georgia, palatino, serif;font-size: 12pt\"><a href=\"http:\/\/obeirao.pt\/online\/wp-content\/uploads\/2019\/04\/imageMTHVLTRQ.jpg\"><img loading=\"lazy\" decoding=\"async\" class=\"alignright wp-image-2969 size-medium\" src=\"http:\/\/obeirao.pt\/online\/wp-content\/uploads\/2019\/04\/imageMTHVLTRQ-300x200.jpg\" alt=\"\" width=\"300\" height=\"200\" srcset=\"https:\/\/obeirao.pt\/online\/wp-content\/uploads\/2019\/04\/imageMTHVLTRQ-300x200.jpg 300w, https:\/\/obeirao.pt\/online\/wp-content\/uploads\/2019\/04\/imageMTHVLTRQ-640x426.jpg 640w, https:\/\/obeirao.pt\/online\/wp-content\/uploads\/2019\/04\/imageMTHVLTRQ.jpg 744w\" sizes=\"(max-width: 300px) 100vw, 300px\" \/><\/a>Para os socialistas, <em>\u201cos inc\u00eandios n\u00e3o podem, nem devem ser desculpa para mascarar o insucesso da governa\u00e7\u00e3o municipal<\/em>\u201d e que, \u201c<em>mais grave, at\u00e9 arrepiante, \u00e9 o grau de execu\u00e7\u00e3o das receitas de capital, que ficaram abaixo dos 34%, enquanto as despesas de capital mal chegaram aos 41%, porque estamos a falar de desvios or\u00e7amentais de quase 3 milh\u00f5es na receita e 6,5 milh\u00f5es na despesa\u201d.<\/em><\/span><\/p>\n<p><span style=\"font-family: georgia, palatino, serif;font-size: 12pt\">Al\u00e9m de que, <em>\u201ca Revis\u00e3o Or\u00e7amental e modifica\u00e7\u00e3o das Grandes Op\u00e7\u00f5es do Plano que incorporam os valores da m\u00e1 gest\u00e3o do ano anterior, n\u00e3o passam de uma r\u00e9plica dos antecessores que, em vez de serem um instrumento rigoroso de trabalho, n\u00e3o passam de um disfarce com o prop\u00f3sito de atirar a conclus\u00e3o das grandes obras l\u00e1 para final do mandato, prejudicando os benef\u00edcios em favor dos calend\u00e1rios eleitorais\u201d,<\/em> conclu\u00edram os vereadores socialistas.<\/span><\/p>\n<p>&nbsp;<\/p>\n","protected":false},"excerpt":{"rendered":"<div class=\"mh-excerpt\"><span class=\"span-reading-time rt-reading-time\" style=\"display: block;\"><span class=\"rt-label rt-prefix\">tempo de leitura:<\/span> <span class=\"rt-time\"> 3<\/span> <span class=\"rt-label rt-postfix\">minutos<\/span><\/span>A C\u00e2mara Municipal de Tondela acaba de aprovar as contas relativas a 2018, ano que o Munic\u00edpio encerrou com um saldo de ger\u00eancia de 9.116.114,60 <a class=\"mh-excerpt-more\" href=\"https:\/\/obeirao.pt\/online\/2019\/04\/27\/mais-de-9-milhoes-de-euros-e-o-saldo-de-gerencia-em-2018-da-camara-municipal-de-tondela\/\" title=\"MAIS DE 9 MILH\u00d5ES DE EUROS \u00e9 o saldo de ger\u00eancia em 2018 da C\u00e2mara Municipal de Tondela\">[&#8230;]<\/a><\/div>\n","protected":false},"author":2,"featured_media":1309,"comment_status":"open","ping_status":"open","sticky":false,"template":"","format":"standard","meta":{"footnotes":""},"categories":[2,5],"tags":[],"class_list":["post-2968","post","type-post","status-publish","format-standard","has-post-thumbnail","hentry","category-principal","category-cidade"],"yoast_head":"<!-- This site is optimized with the Yoast SEO plugin v27.4 - https:\/\/yoast.com\/product\/yoast-seo-wordpress\/ -->\n<title>MAIS DE 9 MILH\u00d5ES DE EUROS \u00e9 o saldo de ger\u00eancia em 2018 da C\u00e2mara Municipal de Tondela - Beir\u00e3o Online<\/title>\n<meta name=\"robots\" content=\"index, follow, max-snippet:-1, max-image-preview:large, max-video-preview:-1\" \/>\n<link rel=\"canonical\" href=\"https:\/\/obeirao.pt\/online\/2019\/04\/27\/mais-de-9-milhoes-de-euros-e-o-saldo-de-gerencia-em-2018-da-camara-municipal-de-tondela\/\" \/>\n<meta property=\"og:locale\" content=\"pt_PT\" \/>\n<meta property=\"og:type\" content=\"article\" \/>\n<meta property=\"og:title\" content=\"MAIS DE 9 MILH\u00d5ES DE EUROS \u00e9 o saldo de ger\u00eancia em 2018 da C\u00e2mara Municipal de Tondela - Beir\u00e3o Online\" \/>\n<meta property=\"og:description\" content=\"tempo de leitura: 3 minutosA C\u00e2mara Municipal de Tondela acaba de aprovar as contas relativas a 2018, ano que o Munic\u00edpio encerrou com um saldo de ger\u00eancia de 9.116.114,60 [...]\" \/>\n<meta property=\"og:url\" content=\"https:\/\/obeirao.pt\/online\/2019\/04\/27\/mais-de-9-milhoes-de-euros-e-o-saldo-de-gerencia-em-2018-da-camara-municipal-de-tondela\/\" \/>\n<meta property=\"og:site_name\" content=\"Beir\u00e3o Online\" \/>\n<meta property=\"article:publisher\" content=\"https:\/\/pt-br.facebook.com\/pages\/Amigos-de-Tondela\/273620439973877\" \/>\n<meta property=\"article:published_time\" content=\"2019-04-27T12:38:06+00:00\" \/>\n<meta property=\"article:modified_time\" content=\"2019-04-27T12:38:16+00:00\" \/>\n<meta property=\"og:image\" content=\"https:\/\/obeirao.pt\/online\/wp-content\/uploads\/2018\/06\/DSC_0554.jpg\" \/>\n\t<meta property=\"og:image:width\" content=\"844\" \/>\n\t<meta property=\"og:image:height\" content=\"569\" \/>\n\t<meta property=\"og:image:type\" content=\"image\/jpeg\" \/>\n<meta name=\"author\" content=\"Z\u00e9 Beir\u00e3o\" \/>\n<meta name=\"twitter:card\" content=\"summary_large_image\" \/>\n<meta name=\"twitter:creator\" content=\"@JoaquimDuarteP2\" \/>\n<meta name=\"twitter:site\" content=\"@JoaquimDuarteP2\" \/>\n<meta name=\"twitter:label1\" content=\"Escrito por\" \/>\n\t<meta name=\"twitter:data1\" content=\"Z\u00e9 Beir\u00e3o\" \/>\n\t<meta name=\"twitter:label2\" content=\"Tempo estimado de leitura\" \/>\n\t<meta name=\"twitter:data2\" content=\"3 minutos\" \/>\n<script type=\"application\/ld+json\" class=\"yoast-schema-graph\">{\"@context\":\"https:\\\/\\\/schema.org\",\"@graph\":[{\"@type\":\"Article\",\"@id\":\"https:\\\/\\\/obeirao.pt\\\/online\\\/2019\\\/04\\\/27\\\/mais-de-9-milhoes-de-euros-e-o-saldo-de-gerencia-em-2018-da-camara-municipal-de-tondela\\\/#article\",\"isPartOf\":{\"@id\":\"https:\\\/\\\/obeirao.pt\\\/online\\\/2019\\\/04\\\/27\\\/mais-de-9-milhoes-de-euros-e-o-saldo-de-gerencia-em-2018-da-camara-municipal-de-tondela\\\/\"},\"author\":{\"name\":\"Z\u00e9 Beir\u00e3o\",\"@id\":\"https:\\\/\\\/obeirao.pt\\\/online\\\/#\\\/schema\\\/person\\\/efac69bb5a33873e1c1bb9c1165ff38c\"},\"headline\":\"MAIS DE 9 MILH\u00d5ES DE EUROS \u00e9 o saldo de ger\u00eancia em 2018 da C\u00e2mara Municipal de Tondela\",\"datePublished\":\"2019-04-27T12:38:06+00:00\",\"dateModified\":\"2019-04-27T12:38:16+00:00\",\"mainEntityOfPage\":{\"@id\":\"https:\\\/\\\/obeirao.pt\\\/online\\\/2019\\\/04\\\/27\\\/mais-de-9-milhoes-de-euros-e-o-saldo-de-gerencia-em-2018-da-camara-municipal-de-tondela\\\/\"},\"wordCount\":703,\"commentCount\":0,\"image\":{\"@id\":\"https:\\\/\\\/obeirao.pt\\\/online\\\/2019\\\/04\\\/27\\\/mais-de-9-milhoes-de-euros-e-o-saldo-de-gerencia-em-2018-da-camara-municipal-de-tondela\\\/#primaryimage\"},\"thumbnailUrl\":\"https:\\\/\\\/obeirao.pt\\\/online\\\/wp-content\\\/uploads\\\/2018\\\/06\\\/DSC_0554.jpg\",\"articleSection\":[\"_Principal\",\"Cidade\"],\"inLanguage\":\"pt-PT\"},{\"@type\":\"WebPage\",\"@id\":\"https:\\\/\\\/obeirao.pt\\\/online\\\/2019\\\/04\\\/27\\\/mais-de-9-milhoes-de-euros-e-o-saldo-de-gerencia-em-2018-da-camara-municipal-de-tondela\\\/\",\"url\":\"https:\\\/\\\/obeirao.pt\\\/online\\\/2019\\\/04\\\/27\\\/mais-de-9-milhoes-de-euros-e-o-saldo-de-gerencia-em-2018-da-camara-municipal-de-tondela\\\/\",\"name\":\"MAIS DE 9 MILH\u00d5ES DE EUROS \u00e9 o saldo de ger\u00eancia em 2018 da C\u00e2mara Municipal de Tondela - Beir\u00e3o Online\",\"isPartOf\":{\"@id\":\"https:\\\/\\\/obeirao.pt\\\/online\\\/#website\"},\"primaryImageOfPage\":{\"@id\":\"https:\\\/\\\/obeirao.pt\\\/online\\\/2019\\\/04\\\/27\\\/mais-de-9-milhoes-de-euros-e-o-saldo-de-gerencia-em-2018-da-camara-municipal-de-tondela\\\/#primaryimage\"},\"image\":{\"@id\":\"https:\\\/\\\/obeirao.pt\\\/online\\\/2019\\\/04\\\/27\\\/mais-de-9-milhoes-de-euros-e-o-saldo-de-gerencia-em-2018-da-camara-municipal-de-tondela\\\/#primaryimage\"},\"thumbnailUrl\":\"https:\\\/\\\/obeirao.pt\\\/online\\\/wp-content\\\/uploads\\\/2018\\\/06\\\/DSC_0554.jpg\",\"datePublished\":\"2019-04-27T12:38:06+00:00\",\"dateModified\":\"2019-04-27T12:38:16+00:00\",\"author\":{\"@id\":\"https:\\\/\\\/obeirao.pt\\\/online\\\/#\\\/schema\\\/person\\\/efac69bb5a33873e1c1bb9c1165ff38c\"},\"breadcrumb\":{\"@id\":\"https:\\\/\\\/obeirao.pt\\\/online\\\/2019\\\/04\\\/27\\\/mais-de-9-milhoes-de-euros-e-o-saldo-de-gerencia-em-2018-da-camara-municipal-de-tondela\\\/#breadcrumb\"},\"inLanguage\":\"pt-PT\",\"potentialAction\":[{\"@type\":\"ReadAction\",\"target\":[\"https:\\\/\\\/obeirao.pt\\\/online\\\/2019\\\/04\\\/27\\\/mais-de-9-milhoes-de-euros-e-o-saldo-de-gerencia-em-2018-da-camara-municipal-de-tondela\\\/\"]}]},{\"@type\":\"ImageObject\",\"inLanguage\":\"pt-PT\",\"@id\":\"https:\\\/\\\/obeirao.pt\\\/online\\\/2019\\\/04\\\/27\\\/mais-de-9-milhoes-de-euros-e-o-saldo-de-gerencia-em-2018-da-camara-municipal-de-tondela\\\/#primaryimage\",\"url\":\"https:\\\/\\\/obeirao.pt\\\/online\\\/wp-content\\\/uploads\\\/2018\\\/06\\\/DSC_0554.jpg\",\"contentUrl\":\"https:\\\/\\\/obeirao.pt\\\/online\\\/wp-content\\\/uploads\\\/2018\\\/06\\\/DSC_0554.jpg\",\"width\":\"844\",\"height\":\"569\"},{\"@type\":\"BreadcrumbList\",\"@id\":\"https:\\\/\\\/obeirao.pt\\\/online\\\/2019\\\/04\\\/27\\\/mais-de-9-milhoes-de-euros-e-o-saldo-de-gerencia-em-2018-da-camara-municipal-de-tondela\\\/#breadcrumb\",\"itemListElement\":[{\"@type\":\"ListItem\",\"position\":1,\"name\":\"Home\",\"item\":\"https:\\\/\\\/obeirao.pt\\\/online\\\/\"},{\"@type\":\"ListItem\",\"position\":2,\"name\":\"MAIS DE 9 MILH\u00d5ES DE EUROS \u00e9 o saldo de ger\u00eancia em 2018 da C\u00e2mara Municipal de Tondela\"}]},{\"@type\":\"WebSite\",\"@id\":\"https:\\\/\\\/obeirao.pt\\\/online\\\/#website\",\"url\":\"https:\\\/\\\/obeirao.pt\\\/online\\\/\",\"name\":\"Beir\u00e3o Online\",\"description\":\"www.obeirao.pt\",\"potentialAction\":[{\"@type\":\"SearchAction\",\"target\":{\"@type\":\"EntryPoint\",\"urlTemplate\":\"https:\\\/\\\/obeirao.pt\\\/online\\\/?s={search_term_string}\"},\"query-input\":{\"@type\":\"PropertyValueSpecification\",\"valueRequired\":true,\"valueName\":\"search_term_string\"}}],\"inLanguage\":\"pt-PT\"},{\"@type\":\"Person\",\"@id\":\"https:\\\/\\\/obeirao.pt\\\/online\\\/#\\\/schema\\\/person\\\/efac69bb5a33873e1c1bb9c1165ff38c\",\"name\":\"Z\u00e9 Beir\u00e3o\",\"image\":{\"@type\":\"ImageObject\",\"inLanguage\":\"pt-PT\",\"@id\":\"https:\\\/\\\/secure.gravatar.com\\\/avatar\\\/c8c44d1f9327baa4d27e9b1149cd71b3?s=96&d=mm&r=g\",\"url\":\"https:\\\/\\\/secure.gravatar.com\\\/avatar\\\/c8c44d1f9327baa4d27e9b1149cd71b3?s=96&d=mm&r=g\",\"contentUrl\":\"https:\\\/\\\/secure.gravatar.com\\\/avatar\\\/c8c44d1f9327baa4d27e9b1149cd71b3?s=96&d=mm&r=g\",\"caption\":\"Z\u00e9 Beir\u00e3o\"},\"url\":\"https:\\\/\\\/obeirao.pt\\\/online\\\/author\\\/zebeirao\\\/\"}]}<\/script>\n<!-- \/ Yoast SEO plugin. -->","yoast_head_json":{"title":"MAIS DE 9 MILH\u00d5ES DE EUROS \u00e9 o saldo de ger\u00eancia em 2018 da C\u00e2mara Municipal de Tondela - Beir\u00e3o Online","robots":{"index":"index","follow":"follow","max-snippet":"max-snippet:-1","max-image-preview":"max-image-preview:large","max-video-preview":"max-video-preview:-1"},"canonical":"https:\/\/obeirao.pt\/online\/2019\/04\/27\/mais-de-9-milhoes-de-euros-e-o-saldo-de-gerencia-em-2018-da-camara-municipal-de-tondela\/","og_locale":"pt_PT","og_type":"article","og_title":"MAIS DE 9 MILH\u00d5ES DE EUROS \u00e9 o saldo de ger\u00eancia em 2018 da C\u00e2mara Municipal de Tondela - Beir\u00e3o Online","og_description":"tempo de leitura: 3 minutosA C\u00e2mara Municipal de Tondela acaba de aprovar as contas relativas a 2018, ano que o Munic\u00edpio encerrou com um saldo de ger\u00eancia de 9.116.114,60 [...]","og_url":"https:\/\/obeirao.pt\/online\/2019\/04\/27\/mais-de-9-milhoes-de-euros-e-o-saldo-de-gerencia-em-2018-da-camara-municipal-de-tondela\/","og_site_name":"Beir\u00e3o Online","article_publisher":"https:\/\/pt-br.facebook.com\/pages\/Amigos-de-Tondela\/273620439973877","article_published_time":"2019-04-27T12:38:06+00:00","article_modified_time":"2019-04-27T12:38:16+00:00","og_image":[{"width":844,"height":569,"url":"https:\/\/obeirao.pt\/online\/wp-content\/uploads\/2018\/06\/DSC_0554.jpg","type":"image\/jpeg"}],"author":"Z\u00e9 Beir\u00e3o","twitter_card":"summary_large_image","twitter_creator":"@JoaquimDuarteP2","twitter_site":"@JoaquimDuarteP2","twitter_misc":{"Escrito por":"Z\u00e9 Beir\u00e3o","Tempo estimado de leitura":"3 minutos"},"schema":{"@context":"https:\/\/schema.org","@graph":[{"@type":"Article","@id":"https:\/\/obeirao.pt\/online\/2019\/04\/27\/mais-de-9-milhoes-de-euros-e-o-saldo-de-gerencia-em-2018-da-camara-municipal-de-tondela\/#article","isPartOf":{"@id":"https:\/\/obeirao.pt\/online\/2019\/04\/27\/mais-de-9-milhoes-de-euros-e-o-saldo-de-gerencia-em-2018-da-camara-municipal-de-tondela\/"},"author":{"name":"Z\u00e9 Beir\u00e3o","@id":"https:\/\/obeirao.pt\/online\/#\/schema\/person\/efac69bb5a33873e1c1bb9c1165ff38c"},"headline":"MAIS DE 9 MILH\u00d5ES DE EUROS \u00e9 o saldo de ger\u00eancia em 2018 da C\u00e2mara Municipal de Tondela","datePublished":"2019-04-27T12:38:06+00:00","dateModified":"2019-04-27T12:38:16+00:00","mainEntityOfPage":{"@id":"https:\/\/obeirao.pt\/online\/2019\/04\/27\/mais-de-9-milhoes-de-euros-e-o-saldo-de-gerencia-em-2018-da-camara-municipal-de-tondela\/"},"wordCount":703,"commentCount":0,"image":{"@id":"https:\/\/obeirao.pt\/online\/2019\/04\/27\/mais-de-9-milhoes-de-euros-e-o-saldo-de-gerencia-em-2018-da-camara-municipal-de-tondela\/#primaryimage"},"thumbnailUrl":"https:\/\/obeirao.pt\/online\/wp-content\/uploads\/2018\/06\/DSC_0554.jpg","articleSection":["_Principal","Cidade"],"inLanguage":"pt-PT"},{"@type":"WebPage","@id":"https:\/\/obeirao.pt\/online\/2019\/04\/27\/mais-de-9-milhoes-de-euros-e-o-saldo-de-gerencia-em-2018-da-camara-municipal-de-tondela\/","url":"https:\/\/obeirao.pt\/online\/2019\/04\/27\/mais-de-9-milhoes-de-euros-e-o-saldo-de-gerencia-em-2018-da-camara-municipal-de-tondela\/","name":"MAIS DE 9 MILH\u00d5ES DE EUROS \u00e9 o saldo de ger\u00eancia em 2018 da C\u00e2mara Municipal de Tondela - Beir\u00e3o Online","isPartOf":{"@id":"https:\/\/obeirao.pt\/online\/#website"},"primaryImageOfPage":{"@id":"https:\/\/obeirao.pt\/online\/2019\/04\/27\/mais-de-9-milhoes-de-euros-e-o-saldo-de-gerencia-em-2018-da-camara-municipal-de-tondela\/#primaryimage"},"image":{"@id":"https:\/\/obeirao.pt\/online\/2019\/04\/27\/mais-de-9-milhoes-de-euros-e-o-saldo-de-gerencia-em-2018-da-camara-municipal-de-tondela\/#primaryimage"},"thumbnailUrl":"https:\/\/obeirao.pt\/online\/wp-content\/uploads\/2018\/06\/DSC_0554.jpg","datePublished":"2019-04-27T12:38:06+00:00","dateModified":"2019-04-27T12:38:16+00:00","author":{"@id":"https:\/\/obeirao.pt\/online\/#\/schema\/person\/efac69bb5a33873e1c1bb9c1165ff38c"},"breadcrumb":{"@id":"https:\/\/obeirao.pt\/online\/2019\/04\/27\/mais-de-9-milhoes-de-euros-e-o-saldo-de-gerencia-em-2018-da-camara-municipal-de-tondela\/#breadcrumb"},"inLanguage":"pt-PT","potentialAction":[{"@type":"ReadAction","target":["https:\/\/obeirao.pt\/online\/2019\/04\/27\/mais-de-9-milhoes-de-euros-e-o-saldo-de-gerencia-em-2018-da-camara-municipal-de-tondela\/"]}]},{"@type":"ImageObject","inLanguage":"pt-PT","@id":"https:\/\/obeirao.pt\/online\/2019\/04\/27\/mais-de-9-milhoes-de-euros-e-o-saldo-de-gerencia-em-2018-da-camara-municipal-de-tondela\/#primaryimage","url":"https:\/\/obeirao.pt\/online\/wp-content\/uploads\/2018\/06\/DSC_0554.jpg","contentUrl":"https:\/\/obeirao.pt\/online\/wp-content\/uploads\/2018\/06\/DSC_0554.jpg","width":"844","height":"569"},{"@type":"BreadcrumbList","@id":"https:\/\/obeirao.pt\/online\/2019\/04\/27\/mais-de-9-milhoes-de-euros-e-o-saldo-de-gerencia-em-2018-da-camara-municipal-de-tondela\/#breadcrumb","itemListElement":[{"@type":"ListItem","position":1,"name":"Home","item":"https:\/\/obeirao.pt\/online\/"},{"@type":"ListItem","position":2,"name":"MAIS DE 9 MILH\u00d5ES DE EUROS \u00e9 o saldo de ger\u00eancia em 2018 da C\u00e2mara Municipal de Tondela"}]},{"@type":"WebSite","@id":"https:\/\/obeirao.pt\/online\/#website","url":"https:\/\/obeirao.pt\/online\/","name":"Beir\u00e3o Online","description":"www.obeirao.pt","potentialAction":[{"@type":"SearchAction","target":{"@type":"EntryPoint","urlTemplate":"https:\/\/obeirao.pt\/online\/?s={search_term_string}"},"query-input":{"@type":"PropertyValueSpecification","valueRequired":true,"valueName":"search_term_string"}}],"inLanguage":"pt-PT"},{"@type":"Person","@id":"https:\/\/obeirao.pt\/online\/#\/schema\/person\/efac69bb5a33873e1c1bb9c1165ff38c","name":"Z\u00e9 Beir\u00e3o","image":{"@type":"ImageObject","inLanguage":"pt-PT","@id":"https:\/\/secure.gravatar.com\/avatar\/c8c44d1f9327baa4d27e9b1149cd71b3?s=96&d=mm&r=g","url":"https:\/\/secure.gravatar.com\/avatar\/c8c44d1f9327baa4d27e9b1149cd71b3?s=96&d=mm&r=g","contentUrl":"https:\/\/secure.gravatar.com\/avatar\/c8c44d1f9327baa4d27e9b1149cd71b3?s=96&d=mm&r=g","caption":"Z\u00e9 Beir\u00e3o"},"url":"https:\/\/obeirao.pt\/online\/author\/zebeirao\/"}]}},"_links":{"self":[{"href":"https:\/\/obeirao.pt\/online\/wp-json\/wp\/v2\/posts\/2968"}],"collection":[{"href":"https:\/\/obeirao.pt\/online\/wp-json\/wp\/v2\/posts"}],"about":[{"href":"https:\/\/obeirao.pt\/online\/wp-json\/wp\/v2\/types\/post"}],"author":[{"embeddable":true,"href":"https:\/\/obeirao.pt\/online\/wp-json\/wp\/v2\/users\/2"}],"replies":[{"embeddable":true,"href":"https:\/\/obeirao.pt\/online\/wp-json\/wp\/v2\/comments?post=2968"}],"version-history":[{"count":1,"href":"https:\/\/obeirao.pt\/online\/wp-json\/wp\/v2\/posts\/2968\/revisions"}],"predecessor-version":[{"id":2970,"href":"https:\/\/obeirao.pt\/online\/wp-json\/wp\/v2\/posts\/2968\/revisions\/2970"}],"wp:featuredmedia":[{"embeddable":true,"href":"https:\/\/obeirao.pt\/online\/wp-json\/wp\/v2\/media\/1309"}],"wp:attachment":[{"href":"https:\/\/obeirao.pt\/online\/wp-json\/wp\/v2\/media?parent=2968"}],"wp:term":[{"taxonomy":"category","embeddable":true,"href":"https:\/\/obeirao.pt\/online\/wp-json\/wp\/v2\/categories?post=2968"},{"taxonomy":"post_tag","embeddable":true,"href":"https:\/\/obeirao.pt\/online\/wp-json\/wp\/v2\/tags?post=2968"}],"curies":[{"name":"wp","href":"https:\/\/api.w.org\/{rel}","templated":true}]}}