{"id":2981,"date":"2019-05-01T12:30:13","date_gmt":"2019-05-01T11:30:13","guid":{"rendered":"http:\/\/obeirao.pt\/online\/?p=2981"},"modified":"2019-05-01T12:30:22","modified_gmt":"2019-05-01T11:30:22","slug":"tondela-acolhe-primeiro-exercicio-operacional-de-busca-e-salvamento","status":"publish","type":"post","link":"https:\/\/obeirao.pt\/online\/2019\/05\/01\/tondela-acolhe-primeiro-exercicio-operacional-de-busca-e-salvamento\/","title":{"rendered":"TONDELA ACOLHE PRIMEIRO EXERC\u00cdCIO OPERACIONAL DE BUSCA E SALVAMENTO"},"content":{"rendered":"<span class=\"span-reading-time rt-reading-time\" style=\"display: block;\"><span class=\"rt-label rt-prefix\">tempo de leitura:<\/span> <span class=\"rt-time\"> &lt; 1<\/span> <span class=\"rt-label rt-postfix\">minuto<\/span><\/span><p><span style=\"font-size: 24pt\"><strong><a href=\"http:\/\/obeirao.pt\/online\/wp-content\/uploads\/2019\/05\/bombeiros-tondela-foto-1.jpg\"><img loading=\"lazy\" decoding=\"async\" class=\"alignleft wp-image-2982 size-medium\" src=\"http:\/\/obeirao.pt\/online\/wp-content\/uploads\/2019\/05\/bombeiros-tondela-foto-1-300x218.jpg\" alt=\"\" width=\"300\" height=\"218\" srcset=\"https:\/\/obeirao.pt\/online\/wp-content\/uploads\/2019\/05\/bombeiros-tondela-foto-1-300x218.jpg 300w, https:\/\/obeirao.pt\/online\/wp-content\/uploads\/2019\/05\/bombeiros-tondela-foto-1.jpg 528w\" sizes=\"(max-width: 300px) 100vw, 300px\" \/><\/a><\/strong><\/span><span style=\"font-size: 14pt;font-family: georgia, palatino, serif\"><em><strong>A Associa\u00e7\u00e3o Humanit\u00e1ria dos Bombeiros Volunt\u00e1rios de Tondela promoveu no \u00faltimo fim-de-semana (dias 27 e 28 de Abril), o 1.\u00ba dos Exerc\u00edcios Operacionais de Busca e Salvamento de Tondela.<\/strong><\/em><\/span><!--more--><\/p>\n<p><strong><span style=\"font-size: 14pt;font-family: 'book antiqua', palatino, serif\">Esta ac\u00e7\u00e3o reuniu cerca de 4 dezenas de operacionais, oriundos de v\u00e1rios pontos do pa\u00eds e de Espanha.<\/span><\/strong><\/p>\n<p><strong><span style=\"font-size: 14pt;font-family: 'book antiqua', palatino, serif\">O objectivo deste evento, para al\u00e9m de testar a capacidade e operacionalidade dos bin\u00f3mios, \u00e9 tamb\u00e9m a partilha e a aquisi\u00e7\u00e3o de conhecimentos e m\u00e9todos por parte de todos os envolvidos.<\/span><\/strong><\/p>\n","protected":false},"excerpt":{"rendered":"<div class=\"mh-excerpt\"><span class=\"span-reading-time rt-reading-time\" style=\"display: block;\"><span class=\"rt-label rt-prefix\">tempo de leitura:<\/span> <span class=\"rt-time\"> &lt; 1<\/span> <span class=\"rt-label rt-postfix\">minuto<\/span><\/span>A Associa\u00e7\u00e3o Humanit\u00e1ria dos Bombeiros Volunt\u00e1rios de Tondela promoveu no \u00faltimo fim-de-semana (dias 27 e 28 de Abril), o 1.\u00ba dos Exerc\u00edcios Operacionais de Busca <a class=\"mh-excerpt-more\" href=\"https:\/\/obeirao.pt\/online\/2019\/05\/01\/tondela-acolhe-primeiro-exercicio-operacional-de-busca-e-salvamento\/\" title=\"TONDELA ACOLHE PRIMEIRO EXERC\u00cdCIO OPERACIONAL DE BUSCA E SALVAMENTO\">[&#8230;]<\/a><\/div>\n","protected":false},"author":2,"featured_media":2982,"comment_status":"open","ping_status":"open","sticky":false,"template":"","format":"standard","meta":{"footnotes":""},"categories":[2,5,4,63],"tags":[],"class_list":["post-2981","post","type-post","status-publish","format-standard","has-post-thumbnail","hentry","category-principal","category-cidade","category-regiao","category-tondela"],"yoast_head":"<!-- This site is optimized with the Yoast SEO plugin v27.4 - https:\/\/yoast.com\/product\/yoast-seo-wordpress\/ -->\n<title>TONDELA ACOLHE PRIMEIRO EXERC\u00cdCIO OPERACIONAL DE BUSCA E SALVAMENTO - Beir\u00e3o Online<\/title>\n<meta name=\"robots\" content=\"index, follow, max-snippet:-1, max-image-preview:large, max-video-preview:-1\" \/>\n<link rel=\"canonical\" href=\"https:\/\/obeirao.pt\/online\/2019\/05\/01\/tondela-acolhe-primeiro-exercicio-operacional-de-busca-e-salvamento\/\" \/>\n<meta property=\"og:locale\" content=\"pt_PT\" \/>\n<meta property=\"og:type\" content=\"article\" \/>\n<meta property=\"og:title\" content=\"TONDELA ACOLHE PRIMEIRO EXERC\u00cdCIO OPERACIONAL DE BUSCA E SALVAMENTO - Beir\u00e3o Online\" \/>\n<meta property=\"og:description\" content=\"tempo de leitura: &lt; 1 minutoA Associa\u00e7\u00e3o Humanit\u00e1ria dos Bombeiros Volunt\u00e1rios de Tondela promoveu no \u00faltimo fim-de-semana (dias 27 e 28 de Abril), o 1.\u00ba dos Exerc\u00edcios Operacionais de Busca [...]\" \/>\n<meta property=\"og:url\" content=\"https:\/\/obeirao.pt\/online\/2019\/05\/01\/tondela-acolhe-primeiro-exercicio-operacional-de-busca-e-salvamento\/\" \/>\n<meta property=\"og:site_name\" content=\"Beir\u00e3o Online\" \/>\n<meta property=\"article:publisher\" content=\"https:\/\/pt-br.facebook.com\/pages\/Amigos-de-Tondela\/273620439973877\" \/>\n<meta property=\"article:published_time\" content=\"2019-05-01T11:30:13+00:00\" \/>\n<meta property=\"article:modified_time\" content=\"2019-05-01T11:30:22+00:00\" \/>\n<meta property=\"og:image\" content=\"https:\/\/obeirao.pt\/online\/wp-content\/uploads\/2019\/05\/bombeiros-tondela-foto-1.jpg\" \/>\n\t<meta property=\"og:image:width\" content=\"528\" \/>\n\t<meta property=\"og:image:height\" content=\"383\" \/>\n\t<meta property=\"og:image:type\" content=\"image\/jpeg\" \/>\n<meta name=\"author\" content=\"Z\u00e9 Beir\u00e3o\" \/>\n<meta name=\"twitter:card\" content=\"summary_large_image\" \/>\n<meta name=\"twitter:creator\" content=\"@JoaquimDuarteP2\" \/>\n<meta name=\"twitter:site\" content=\"@JoaquimDuarteP2\" \/>\n<meta name=\"twitter:label1\" content=\"Escrito por\" \/>\n\t<meta name=\"twitter:data1\" content=\"Z\u00e9 Beir\u00e3o\" \/>\n<script type=\"application\/ld+json\" class=\"yoast-schema-graph\">{\"@context\":\"https:\\\/\\\/schema.org\",\"@graph\":[{\"@type\":\"Article\",\"@id\":\"https:\\\/\\\/obeirao.pt\\\/online\\\/2019\\\/05\\\/01\\\/tondela-acolhe-primeiro-exercicio-operacional-de-busca-e-salvamento\\\/#article\",\"isPartOf\":{\"@id\":\"https:\\\/\\\/obeirao.pt\\\/online\\\/2019\\\/05\\\/01\\\/tondela-acolhe-primeiro-exercicio-operacional-de-busca-e-salvamento\\\/\"},\"author\":{\"name\":\"Z\u00e9 Beir\u00e3o\",\"@id\":\"http:\\\/\\\/obeirao.pt\\\/online\\\/#\\\/schema\\\/person\\\/efac69bb5a33873e1c1bb9c1165ff38c\"},\"headline\":\"TONDELA ACOLHE PRIMEIRO EXERC\u00cdCIO OPERACIONAL DE BUSCA E SALVAMENTO\",\"datePublished\":\"2019-05-01T11:30:13+00:00\",\"dateModified\":\"2019-05-01T11:30:22+00:00\",\"mainEntityOfPage\":{\"@id\":\"https:\\\/\\\/obeirao.pt\\\/online\\\/2019\\\/05\\\/01\\\/tondela-acolhe-primeiro-exercicio-operacional-de-busca-e-salvamento\\\/\"},\"wordCount\":95,\"commentCount\":0,\"image\":{\"@id\":\"https:\\\/\\\/obeirao.pt\\\/online\\\/2019\\\/05\\\/01\\\/tondela-acolhe-primeiro-exercicio-operacional-de-busca-e-salvamento\\\/#primaryimage\"},\"thumbnailUrl\":\"https:\\\/\\\/obeirao.pt\\\/online\\\/wp-content\\\/uploads\\\/2019\\\/05\\\/bombeiros-tondela-foto-1.jpg\",\"articleSection\":[\"_Principal\",\"Cidade\",\"Regi\u00e3o\",\"Tondela\"],\"inLanguage\":\"pt-PT\"},{\"@type\":\"WebPage\",\"@id\":\"https:\\\/\\\/obeirao.pt\\\/online\\\/2019\\\/05\\\/01\\\/tondela-acolhe-primeiro-exercicio-operacional-de-busca-e-salvamento\\\/\",\"url\":\"https:\\\/\\\/obeirao.pt\\\/online\\\/2019\\\/05\\\/01\\\/tondela-acolhe-primeiro-exercicio-operacional-de-busca-e-salvamento\\\/\",\"name\":\"TONDELA ACOLHE PRIMEIRO EXERC\u00cdCIO OPERACIONAL DE BUSCA E SALVAMENTO - Beir\u00e3o Online\",\"isPartOf\":{\"@id\":\"http:\\\/\\\/obeirao.pt\\\/online\\\/#website\"},\"primaryImageOfPage\":{\"@id\":\"https:\\\/\\\/obeirao.pt\\\/online\\\/2019\\\/05\\\/01\\\/tondela-acolhe-primeiro-exercicio-operacional-de-busca-e-salvamento\\\/#primaryimage\"},\"image\":{\"@id\":\"https:\\\/\\\/obeirao.pt\\\/online\\\/2019\\\/05\\\/01\\\/tondela-acolhe-primeiro-exercicio-operacional-de-busca-e-salvamento\\\/#primaryimage\"},\"thumbnailUrl\":\"https:\\\/\\\/obeirao.pt\\\/online\\\/wp-content\\\/uploads\\\/2019\\\/05\\\/bombeiros-tondela-foto-1.jpg\",\"datePublished\":\"2019-05-01T11:30:13+00:00\",\"dateModified\":\"2019-05-01T11:30:22+00:00\",\"author\":{\"@id\":\"http:\\\/\\\/obeirao.pt\\\/online\\\/#\\\/schema\\\/person\\\/efac69bb5a33873e1c1bb9c1165ff38c\"},\"breadcrumb\":{\"@id\":\"https:\\\/\\\/obeirao.pt\\\/online\\\/2019\\\/05\\\/01\\\/tondela-acolhe-primeiro-exercicio-operacional-de-busca-e-salvamento\\\/#breadcrumb\"},\"inLanguage\":\"pt-PT\",\"potentialAction\":[{\"@type\":\"ReadAction\",\"target\":[\"https:\\\/\\\/obeirao.pt\\\/online\\\/2019\\\/05\\\/01\\\/tondela-acolhe-primeiro-exercicio-operacional-de-busca-e-salvamento\\\/\"]}]},{\"@type\":\"ImageObject\",\"inLanguage\":\"pt-PT\",\"@id\":\"https:\\\/\\\/obeirao.pt\\\/online\\\/2019\\\/05\\\/01\\\/tondela-acolhe-primeiro-exercicio-operacional-de-busca-e-salvamento\\\/#primaryimage\",\"url\":\"https:\\\/\\\/obeirao.pt\\\/online\\\/wp-content\\\/uploads\\\/2019\\\/05\\\/bombeiros-tondela-foto-1.jpg\",\"contentUrl\":\"https:\\\/\\\/obeirao.pt\\\/online\\\/wp-content\\\/uploads\\\/2019\\\/05\\\/bombeiros-tondela-foto-1.jpg\",\"width\":528,\"height\":383},{\"@type\":\"BreadcrumbList\",\"@id\":\"https:\\\/\\\/obeirao.pt\\\/online\\\/2019\\\/05\\\/01\\\/tondela-acolhe-primeiro-exercicio-operacional-de-busca-e-salvamento\\\/#breadcrumb\",\"itemListElement\":[{\"@type\":\"ListItem\",\"position\":1,\"name\":\"Home\",\"item\":\"http:\\\/\\\/obeirao.pt\\\/online\\\/\"},{\"@type\":\"ListItem\",\"position\":2,\"name\":\"TONDELA ACOLHE PRIMEIRO EXERC\u00cdCIO OPERACIONAL DE BUSCA E SALVAMENTO\"}]},{\"@type\":\"WebSite\",\"@id\":\"http:\\\/\\\/obeirao.pt\\\/online\\\/#website\",\"url\":\"http:\\\/\\\/obeirao.pt\\\/online\\\/\",\"name\":\"Beir\u00e3o Online\",\"description\":\"www.obeirao.pt\",\"potentialAction\":[{\"@type\":\"SearchAction\",\"target\":{\"@type\":\"EntryPoint\",\"urlTemplate\":\"http:\\\/\\\/obeirao.pt\\\/online\\\/?s={search_term_string}\"},\"query-input\":{\"@type\":\"PropertyValueSpecification\",\"valueRequired\":true,\"valueName\":\"search_term_string\"}}],\"inLanguage\":\"pt-PT\"},{\"@type\":\"Person\",\"@id\":\"http:\\\/\\\/obeirao.pt\\\/online\\\/#\\\/schema\\\/person\\\/efac69bb5a33873e1c1bb9c1165ff38c\",\"name\":\"Z\u00e9 Beir\u00e3o\",\"image\":{\"@type\":\"ImageObject\",\"inLanguage\":\"pt-PT\",\"@id\":\"https:\\\/\\\/secure.gravatar.com\\\/avatar\\\/c8c44d1f9327baa4d27e9b1149cd71b3?s=96&d=mm&r=g\",\"url\":\"https:\\\/\\\/secure.gravatar.com\\\/avatar\\\/c8c44d1f9327baa4d27e9b1149cd71b3?s=96&d=mm&r=g\",\"contentUrl\":\"https:\\\/\\\/secure.gravatar.com\\\/avatar\\\/c8c44d1f9327baa4d27e9b1149cd71b3?s=96&d=mm&r=g\",\"caption\":\"Z\u00e9 Beir\u00e3o\"},\"url\":\"https:\\\/\\\/obeirao.pt\\\/online\\\/author\\\/zebeirao\\\/\"}]}<\/script>\n<!-- \/ Yoast SEO plugin. -->","yoast_head_json":{"title":"TONDELA ACOLHE PRIMEIRO EXERC\u00cdCIO OPERACIONAL DE BUSCA E SALVAMENTO - Beir\u00e3o Online","robots":{"index":"index","follow":"follow","max-snippet":"max-snippet:-1","max-image-preview":"max-image-preview:large","max-video-preview":"max-video-preview:-1"},"canonical":"https:\/\/obeirao.pt\/online\/2019\/05\/01\/tondela-acolhe-primeiro-exercicio-operacional-de-busca-e-salvamento\/","og_locale":"pt_PT","og_type":"article","og_title":"TONDELA ACOLHE PRIMEIRO EXERC\u00cdCIO OPERACIONAL DE BUSCA E SALVAMENTO - Beir\u00e3o Online","og_description":"tempo de leitura: &lt; 1 minutoA Associa\u00e7\u00e3o Humanit\u00e1ria dos Bombeiros Volunt\u00e1rios de Tondela promoveu no \u00faltimo fim-de-semana (dias 27 e 28 de Abril), o 1.\u00ba dos Exerc\u00edcios Operacionais de Busca [...]","og_url":"https:\/\/obeirao.pt\/online\/2019\/05\/01\/tondela-acolhe-primeiro-exercicio-operacional-de-busca-e-salvamento\/","og_site_name":"Beir\u00e3o Online","article_publisher":"https:\/\/pt-br.facebook.com\/pages\/Amigos-de-Tondela\/273620439973877","article_published_time":"2019-05-01T11:30:13+00:00","article_modified_time":"2019-05-01T11:30:22+00:00","og_image":[{"width":528,"height":383,"url":"https:\/\/obeirao.pt\/online\/wp-content\/uploads\/2019\/05\/bombeiros-tondela-foto-1.jpg","type":"image\/jpeg"}],"author":"Z\u00e9 Beir\u00e3o","twitter_card":"summary_large_image","twitter_creator":"@JoaquimDuarteP2","twitter_site":"@JoaquimDuarteP2","twitter_misc":{"Escrito por":"Z\u00e9 Beir\u00e3o"},"schema":{"@context":"https:\/\/schema.org","@graph":[{"@type":"Article","@id":"https:\/\/obeirao.pt\/online\/2019\/05\/01\/tondela-acolhe-primeiro-exercicio-operacional-de-busca-e-salvamento\/#article","isPartOf":{"@id":"https:\/\/obeirao.pt\/online\/2019\/05\/01\/tondela-acolhe-primeiro-exercicio-operacional-de-busca-e-salvamento\/"},"author":{"name":"Z\u00e9 Beir\u00e3o","@id":"http:\/\/obeirao.pt\/online\/#\/schema\/person\/efac69bb5a33873e1c1bb9c1165ff38c"},"headline":"TONDELA ACOLHE PRIMEIRO EXERC\u00cdCIO OPERACIONAL DE BUSCA E SALVAMENTO","datePublished":"2019-05-01T11:30:13+00:00","dateModified":"2019-05-01T11:30:22+00:00","mainEntityOfPage":{"@id":"https:\/\/obeirao.pt\/online\/2019\/05\/01\/tondela-acolhe-primeiro-exercicio-operacional-de-busca-e-salvamento\/"},"wordCount":95,"commentCount":0,"image":{"@id":"https:\/\/obeirao.pt\/online\/2019\/05\/01\/tondela-acolhe-primeiro-exercicio-operacional-de-busca-e-salvamento\/#primaryimage"},"thumbnailUrl":"https:\/\/obeirao.pt\/online\/wp-content\/uploads\/2019\/05\/bombeiros-tondela-foto-1.jpg","articleSection":["_Principal","Cidade","Regi\u00e3o","Tondela"],"inLanguage":"pt-PT"},{"@type":"WebPage","@id":"https:\/\/obeirao.pt\/online\/2019\/05\/01\/tondela-acolhe-primeiro-exercicio-operacional-de-busca-e-salvamento\/","url":"https:\/\/obeirao.pt\/online\/2019\/05\/01\/tondela-acolhe-primeiro-exercicio-operacional-de-busca-e-salvamento\/","name":"TONDELA ACOLHE PRIMEIRO EXERC\u00cdCIO OPERACIONAL DE BUSCA E SALVAMENTO - Beir\u00e3o Online","isPartOf":{"@id":"http:\/\/obeirao.pt\/online\/#website"},"primaryImageOfPage":{"@id":"https:\/\/obeirao.pt\/online\/2019\/05\/01\/tondela-acolhe-primeiro-exercicio-operacional-de-busca-e-salvamento\/#primaryimage"},"image":{"@id":"https:\/\/obeirao.pt\/online\/2019\/05\/01\/tondela-acolhe-primeiro-exercicio-operacional-de-busca-e-salvamento\/#primaryimage"},"thumbnailUrl":"https:\/\/obeirao.pt\/online\/wp-content\/uploads\/2019\/05\/bombeiros-tondela-foto-1.jpg","datePublished":"2019-05-01T11:30:13+00:00","dateModified":"2019-05-01T11:30:22+00:00","author":{"@id":"http:\/\/obeirao.pt\/online\/#\/schema\/person\/efac69bb5a33873e1c1bb9c1165ff38c"},"breadcrumb":{"@id":"https:\/\/obeirao.pt\/online\/2019\/05\/01\/tondela-acolhe-primeiro-exercicio-operacional-de-busca-e-salvamento\/#breadcrumb"},"inLanguage":"pt-PT","potentialAction":[{"@type":"ReadAction","target":["https:\/\/obeirao.pt\/online\/2019\/05\/01\/tondela-acolhe-primeiro-exercicio-operacional-de-busca-e-salvamento\/"]}]},{"@type":"ImageObject","inLanguage":"pt-PT","@id":"https:\/\/obeirao.pt\/online\/2019\/05\/01\/tondela-acolhe-primeiro-exercicio-operacional-de-busca-e-salvamento\/#primaryimage","url":"https:\/\/obeirao.pt\/online\/wp-content\/uploads\/2019\/05\/bombeiros-tondela-foto-1.jpg","contentUrl":"https:\/\/obeirao.pt\/online\/wp-content\/uploads\/2019\/05\/bombeiros-tondela-foto-1.jpg","width":528,"height":383},{"@type":"BreadcrumbList","@id":"https:\/\/obeirao.pt\/online\/2019\/05\/01\/tondela-acolhe-primeiro-exercicio-operacional-de-busca-e-salvamento\/#breadcrumb","itemListElement":[{"@type":"ListItem","position":1,"name":"Home","item":"http:\/\/obeirao.pt\/online\/"},{"@type":"ListItem","position":2,"name":"TONDELA ACOLHE PRIMEIRO EXERC\u00cdCIO OPERACIONAL DE BUSCA E SALVAMENTO"}]},{"@type":"WebSite","@id":"http:\/\/obeirao.pt\/online\/#website","url":"http:\/\/obeirao.pt\/online\/","name":"Beir\u00e3o Online","description":"www.obeirao.pt","potentialAction":[{"@type":"SearchAction","target":{"@type":"EntryPoint","urlTemplate":"http:\/\/obeirao.pt\/online\/?s={search_term_string}"},"query-input":{"@type":"PropertyValueSpecification","valueRequired":true,"valueName":"search_term_string"}}],"inLanguage":"pt-PT"},{"@type":"Person","@id":"http:\/\/obeirao.pt\/online\/#\/schema\/person\/efac69bb5a33873e1c1bb9c1165ff38c","name":"Z\u00e9 Beir\u00e3o","image":{"@type":"ImageObject","inLanguage":"pt-PT","@id":"https:\/\/secure.gravatar.com\/avatar\/c8c44d1f9327baa4d27e9b1149cd71b3?s=96&d=mm&r=g","url":"https:\/\/secure.gravatar.com\/avatar\/c8c44d1f9327baa4d27e9b1149cd71b3?s=96&d=mm&r=g","contentUrl":"https:\/\/secure.gravatar.com\/avatar\/c8c44d1f9327baa4d27e9b1149cd71b3?s=96&d=mm&r=g","caption":"Z\u00e9 Beir\u00e3o"},"url":"https:\/\/obeirao.pt\/online\/author\/zebeirao\/"}]}},"_links":{"self":[{"href":"https:\/\/obeirao.pt\/online\/wp-json\/wp\/v2\/posts\/2981"}],"collection":[{"href":"https:\/\/obeirao.pt\/online\/wp-json\/wp\/v2\/posts"}],"about":[{"href":"https:\/\/obeirao.pt\/online\/wp-json\/wp\/v2\/types\/post"}],"author":[{"embeddable":true,"href":"https:\/\/obeirao.pt\/online\/wp-json\/wp\/v2\/users\/2"}],"replies":[{"embeddable":true,"href":"https:\/\/obeirao.pt\/online\/wp-json\/wp\/v2\/comments?post=2981"}],"version-history":[{"count":1,"href":"https:\/\/obeirao.pt\/online\/wp-json\/wp\/v2\/posts\/2981\/revisions"}],"predecessor-version":[{"id":2983,"href":"https:\/\/obeirao.pt\/online\/wp-json\/wp\/v2\/posts\/2981\/revisions\/2983"}],"wp:featuredmedia":[{"embeddable":true,"href":"https:\/\/obeirao.pt\/online\/wp-json\/wp\/v2\/media\/2982"}],"wp:attachment":[{"href":"https:\/\/obeirao.pt\/online\/wp-json\/wp\/v2\/media?parent=2981"}],"wp:term":[{"taxonomy":"category","embeddable":true,"href":"https:\/\/obeirao.pt\/online\/wp-json\/wp\/v2\/categories?post=2981"},{"taxonomy":"post_tag","embeddable":true,"href":"https:\/\/obeirao.pt\/online\/wp-json\/wp\/v2\/tags?post=2981"}],"curies":[{"name":"wp","href":"https:\/\/api.w.org\/{rel}","templated":true}]}}