{"id":3189,"date":"2019-05-28T14:42:01","date_gmt":"2019-05-28T13:42:01","guid":{"rendered":"http:\/\/obeirao.pt\/online\/?p=3189"},"modified":"2019-05-28T14:42:13","modified_gmt":"2019-05-28T13:42:13","slug":"marchas-de-santo-antonio-terao-sete-associacoes-do-concelho","status":"publish","type":"post","link":"https:\/\/obeirao.pt\/online\/2019\/05\/28\/marchas-de-santo-antonio-terao-sete-associacoes-do-concelho\/","title":{"rendered":"MARCHAS DE SANTO ANT\u00d3NIO ter\u00e3o sete associa\u00e7\u00f5es do concelho"},"content":{"rendered":"<span class=\"span-reading-time rt-reading-time\" style=\"display: block;\"><span class=\"rt-label rt-prefix\">tempo de leitura:<\/span> <span class=\"rt-time\"> &lt; 1<\/span> <span class=\"rt-label rt-postfix\">minuto<\/span><\/span><p><span style=\"font-size: 24pt\"><strong><a href=\"http:\/\/obeirao.pt\/online\/wp-content\/uploads\/2019\/05\/mupi_marchas2019.png\"><img loading=\"lazy\" decoding=\"async\" class=\"alignleft wp-image-3190 \" src=\"http:\/\/obeirao.pt\/online\/wp-content\/uploads\/2019\/05\/mupi_marchas2019-300x293.png\" alt=\"\" width=\"330\" height=\"322\" srcset=\"https:\/\/obeirao.pt\/online\/wp-content\/uploads\/2019\/05\/mupi_marchas2019-300x293.png 300w, https:\/\/obeirao.pt\/online\/wp-content\/uploads\/2019\/05\/mupi_marchas2019.png 549w\" sizes=\"(max-width: 330px) 100vw, 330px\" \/><\/a><\/strong><\/span><span style=\"font-size: 14pt;font-family: georgia, palatino, serif;color: #000000\"><strong><em>As Marchas de Santo Ant\u00f3nio, j\u00e1 h\u00e1 muito enraizadas nas tradi\u00e7\u00f5es dos tondelenses, saem \u00e0 rua, na cidade de Tondela, no pr\u00f3ximo dia 15 de Junho, por volta das 21,30 horas. <\/em><\/strong><!--more--><\/span><\/p>\n<p><span style=\"font-size: 14pt;font-family: georgia, palatino, serif;color: #000000\">Ao todo s\u00e3o sete as associa\u00e7\u00f5es participantes neste evento, promovido pelo Munic\u00edpio de Tondela, que conta com a participa\u00e7\u00e3o de centenas de marchantes e muitos milhares de pessoas.<\/span><\/p>\n<p><span style=\"font-size: 14pt;font-family: georgia, palatino, serif;color: #000000\">A criatividade vai voltar a desfilar na <strong>Avenida Ao Tom D\u2019ella, <\/strong>(avenida de contorno nascente), demonstrando todo o dinamismo do movimento associativo do concelho.<\/span><\/p>\n<p><span style=\"font-size: 14pt;font-family: georgia, palatino, serif;color: #000000\">Os grupos marchantes v\u00e3o ser acompanhados musicalmente pela Banda da Sociedade Filarm\u00f3nica Tondelense, ficando a apresenta\u00e7\u00e3o do evento a cargo da actriz Luciana Abreu.<\/span><\/p>\n<p><span style=\"font-size: 14pt;font-family: georgia, palatino, serif;color: #000000\">As associa\u00e7\u00f5es marchantes de 2019 s\u00e3o: A.C.R.D. Rancho Infantil Velhos Costumes de Molelos, Escola Profissional de Tondela, AFERT \u2013 Associa\u00e7\u00e3o Folcl\u00f3rica e Recreativa de Tourigo, Grupo Cultural Recreativo e Desportivo Mocidade Vinhalense (Lajeosa do D\u00e3o), Rancho Infantil da Freguesia de Castel\u00f5es, Centro Social Cultural Recreativo e Desportivo do Vale (Barreiro de Besteiros) e Grupo de Teatro Amador &#8220;Os Cestos&#8221; de Nandufe.<\/span><\/p>\n<p><span style=\"font-size: 14pt;font-family: georgia, palatino, serif;color: #000000\">As bases est\u00e3o lan\u00e7adas, para mais um dia e noite de muito sucesso, cor, movimento e alegria, numa cidade que n\u00e3o p\u00e1ra, em todos os aspectos da sua vida cultural, social, econ\u00f3mica, desportiva e recreativa.<\/span><\/p>\n<p>&nbsp;<\/p>\n","protected":false},"excerpt":{"rendered":"<div class=\"mh-excerpt\"><span class=\"span-reading-time rt-reading-time\" style=\"display: block;\"><span class=\"rt-label rt-prefix\">tempo de leitura:<\/span> <span class=\"rt-time\"> &lt; 1<\/span> <span class=\"rt-label rt-postfix\">minuto<\/span><\/span>As Marchas de Santo Ant\u00f3nio, j\u00e1 h\u00e1 muito enraizadas nas tradi\u00e7\u00f5es dos tondelenses, saem \u00e0 rua, na cidade de Tondela, no pr\u00f3ximo dia 15 de <a class=\"mh-excerpt-more\" href=\"https:\/\/obeirao.pt\/online\/2019\/05\/28\/marchas-de-santo-antonio-terao-sete-associacoes-do-concelho\/\" title=\"MARCHAS DE SANTO ANT\u00d3NIO ter\u00e3o sete associa\u00e7\u00f5es do concelho\">[&#8230;]<\/a><\/div>\n","protected":false},"author":2,"featured_media":3190,"comment_status":"open","ping_status":"open","sticky":false,"template":"","format":"standard","meta":{"footnotes":""},"categories":[2,5,4,63],"tags":[],"class_list":["post-3189","post","type-post","status-publish","format-standard","has-post-thumbnail","hentry","category-principal","category-cidade","category-regiao","category-tondela"],"yoast_head":"<!-- This site is optimized with the Yoast SEO plugin v27.4 - https:\/\/yoast.com\/product\/yoast-seo-wordpress\/ -->\n<title>MARCHAS DE SANTO ANT\u00d3NIO ter\u00e3o sete associa\u00e7\u00f5es do concelho - Beir\u00e3o Online<\/title>\n<meta name=\"robots\" content=\"index, follow, max-snippet:-1, max-image-preview:large, max-video-preview:-1\" \/>\n<link rel=\"canonical\" href=\"https:\/\/obeirao.pt\/online\/2019\/05\/28\/marchas-de-santo-antonio-terao-sete-associacoes-do-concelho\/\" \/>\n<meta property=\"og:locale\" content=\"pt_PT\" \/>\n<meta property=\"og:type\" content=\"article\" \/>\n<meta property=\"og:title\" content=\"MARCHAS DE SANTO ANT\u00d3NIO ter\u00e3o sete associa\u00e7\u00f5es do concelho - Beir\u00e3o Online\" \/>\n<meta property=\"og:description\" content=\"tempo de leitura: &lt; 1 minutoAs Marchas de Santo Ant\u00f3nio, j\u00e1 h\u00e1 muito enraizadas nas tradi\u00e7\u00f5es dos tondelenses, saem \u00e0 rua, na cidade de Tondela, no pr\u00f3ximo dia 15 de [...]\" \/>\n<meta property=\"og:url\" content=\"https:\/\/obeirao.pt\/online\/2019\/05\/28\/marchas-de-santo-antonio-terao-sete-associacoes-do-concelho\/\" \/>\n<meta property=\"og:site_name\" content=\"Beir\u00e3o Online\" \/>\n<meta property=\"article:publisher\" content=\"https:\/\/pt-br.facebook.com\/pages\/Amigos-de-Tondela\/273620439973877\" \/>\n<meta property=\"article:published_time\" content=\"2019-05-28T13:42:01+00:00\" \/>\n<meta property=\"article:modified_time\" content=\"2019-05-28T13:42:13+00:00\" \/>\n<meta property=\"og:image\" content=\"https:\/\/obeirao.pt\/online\/wp-content\/uploads\/2019\/05\/mupi_marchas2019.png\" \/>\n\t<meta property=\"og:image:width\" content=\"549\" \/>\n\t<meta property=\"og:image:height\" content=\"536\" \/>\n\t<meta property=\"og:image:type\" content=\"image\/png\" \/>\n<meta name=\"author\" content=\"Z\u00e9 Beir\u00e3o\" \/>\n<meta name=\"twitter:card\" content=\"summary_large_image\" \/>\n<meta name=\"twitter:creator\" content=\"@JoaquimDuarteP2\" \/>\n<meta name=\"twitter:site\" content=\"@JoaquimDuarteP2\" \/>\n<meta name=\"twitter:label1\" content=\"Escrito por\" \/>\n\t<meta name=\"twitter:data1\" content=\"Z\u00e9 Beir\u00e3o\" \/>\n\t<meta name=\"twitter:label2\" content=\"Tempo estimado de leitura\" \/>\n\t<meta name=\"twitter:data2\" content=\"1 minuto\" \/>\n<script type=\"application\/ld+json\" class=\"yoast-schema-graph\">{\"@context\":\"https:\\\/\\\/schema.org\",\"@graph\":[{\"@type\":\"Article\",\"@id\":\"https:\\\/\\\/obeirao.pt\\\/online\\\/2019\\\/05\\\/28\\\/marchas-de-santo-antonio-terao-sete-associacoes-do-concelho\\\/#article\",\"isPartOf\":{\"@id\":\"https:\\\/\\\/obeirao.pt\\\/online\\\/2019\\\/05\\\/28\\\/marchas-de-santo-antonio-terao-sete-associacoes-do-concelho\\\/\"},\"author\":{\"name\":\"Z\u00e9 Beir\u00e3o\",\"@id\":\"https:\\\/\\\/obeirao.pt\\\/online\\\/#\\\/schema\\\/person\\\/efac69bb5a33873e1c1bb9c1165ff38c\"},\"headline\":\"MARCHAS DE SANTO ANT\u00d3NIO ter\u00e3o sete associa\u00e7\u00f5es do concelho\",\"datePublished\":\"2019-05-28T13:42:01+00:00\",\"dateModified\":\"2019-05-28T13:42:13+00:00\",\"mainEntityOfPage\":{\"@id\":\"https:\\\/\\\/obeirao.pt\\\/online\\\/2019\\\/05\\\/28\\\/marchas-de-santo-antonio-terao-sete-associacoes-do-concelho\\\/\"},\"wordCount\":236,\"commentCount\":0,\"image\":{\"@id\":\"https:\\\/\\\/obeirao.pt\\\/online\\\/2019\\\/05\\\/28\\\/marchas-de-santo-antonio-terao-sete-associacoes-do-concelho\\\/#primaryimage\"},\"thumbnailUrl\":\"https:\\\/\\\/obeirao.pt\\\/online\\\/wp-content\\\/uploads\\\/2019\\\/05\\\/mupi_marchas2019.png\",\"articleSection\":[\"_Principal\",\"Cidade\",\"Regi\u00e3o\",\"Tondela\"],\"inLanguage\":\"pt-PT\"},{\"@type\":\"WebPage\",\"@id\":\"https:\\\/\\\/obeirao.pt\\\/online\\\/2019\\\/05\\\/28\\\/marchas-de-santo-antonio-terao-sete-associacoes-do-concelho\\\/\",\"url\":\"https:\\\/\\\/obeirao.pt\\\/online\\\/2019\\\/05\\\/28\\\/marchas-de-santo-antonio-terao-sete-associacoes-do-concelho\\\/\",\"name\":\"MARCHAS DE SANTO ANT\u00d3NIO ter\u00e3o sete associa\u00e7\u00f5es do concelho - Beir\u00e3o Online\",\"isPartOf\":{\"@id\":\"https:\\\/\\\/obeirao.pt\\\/online\\\/#website\"},\"primaryImageOfPage\":{\"@id\":\"https:\\\/\\\/obeirao.pt\\\/online\\\/2019\\\/05\\\/28\\\/marchas-de-santo-antonio-terao-sete-associacoes-do-concelho\\\/#primaryimage\"},\"image\":{\"@id\":\"https:\\\/\\\/obeirao.pt\\\/online\\\/2019\\\/05\\\/28\\\/marchas-de-santo-antonio-terao-sete-associacoes-do-concelho\\\/#primaryimage\"},\"thumbnailUrl\":\"https:\\\/\\\/obeirao.pt\\\/online\\\/wp-content\\\/uploads\\\/2019\\\/05\\\/mupi_marchas2019.png\",\"datePublished\":\"2019-05-28T13:42:01+00:00\",\"dateModified\":\"2019-05-28T13:42:13+00:00\",\"author\":{\"@id\":\"https:\\\/\\\/obeirao.pt\\\/online\\\/#\\\/schema\\\/person\\\/efac69bb5a33873e1c1bb9c1165ff38c\"},\"breadcrumb\":{\"@id\":\"https:\\\/\\\/obeirao.pt\\\/online\\\/2019\\\/05\\\/28\\\/marchas-de-santo-antonio-terao-sete-associacoes-do-concelho\\\/#breadcrumb\"},\"inLanguage\":\"pt-PT\",\"potentialAction\":[{\"@type\":\"ReadAction\",\"target\":[\"https:\\\/\\\/obeirao.pt\\\/online\\\/2019\\\/05\\\/28\\\/marchas-de-santo-antonio-terao-sete-associacoes-do-concelho\\\/\"]}]},{\"@type\":\"ImageObject\",\"inLanguage\":\"pt-PT\",\"@id\":\"https:\\\/\\\/obeirao.pt\\\/online\\\/2019\\\/05\\\/28\\\/marchas-de-santo-antonio-terao-sete-associacoes-do-concelho\\\/#primaryimage\",\"url\":\"https:\\\/\\\/obeirao.pt\\\/online\\\/wp-content\\\/uploads\\\/2019\\\/05\\\/mupi_marchas2019.png\",\"contentUrl\":\"https:\\\/\\\/obeirao.pt\\\/online\\\/wp-content\\\/uploads\\\/2019\\\/05\\\/mupi_marchas2019.png\",\"width\":549,\"height\":536},{\"@type\":\"BreadcrumbList\",\"@id\":\"https:\\\/\\\/obeirao.pt\\\/online\\\/2019\\\/05\\\/28\\\/marchas-de-santo-antonio-terao-sete-associacoes-do-concelho\\\/#breadcrumb\",\"itemListElement\":[{\"@type\":\"ListItem\",\"position\":1,\"name\":\"Home\",\"item\":\"https:\\\/\\\/obeirao.pt\\\/online\\\/\"},{\"@type\":\"ListItem\",\"position\":2,\"name\":\"MARCHAS DE SANTO ANT\u00d3NIO ter\u00e3o sete associa\u00e7\u00f5es do concelho\"}]},{\"@type\":\"WebSite\",\"@id\":\"https:\\\/\\\/obeirao.pt\\\/online\\\/#website\",\"url\":\"https:\\\/\\\/obeirao.pt\\\/online\\\/\",\"name\":\"Beir\u00e3o Online\",\"description\":\"www.obeirao.pt\",\"potentialAction\":[{\"@type\":\"SearchAction\",\"target\":{\"@type\":\"EntryPoint\",\"urlTemplate\":\"https:\\\/\\\/obeirao.pt\\\/online\\\/?s={search_term_string}\"},\"query-input\":{\"@type\":\"PropertyValueSpecification\",\"valueRequired\":true,\"valueName\":\"search_term_string\"}}],\"inLanguage\":\"pt-PT\"},{\"@type\":\"Person\",\"@id\":\"https:\\\/\\\/obeirao.pt\\\/online\\\/#\\\/schema\\\/person\\\/efac69bb5a33873e1c1bb9c1165ff38c\",\"name\":\"Z\u00e9 Beir\u00e3o\",\"image\":{\"@type\":\"ImageObject\",\"inLanguage\":\"pt-PT\",\"@id\":\"https:\\\/\\\/secure.gravatar.com\\\/avatar\\\/c8c44d1f9327baa4d27e9b1149cd71b3?s=96&d=mm&r=g\",\"url\":\"https:\\\/\\\/secure.gravatar.com\\\/avatar\\\/c8c44d1f9327baa4d27e9b1149cd71b3?s=96&d=mm&r=g\",\"contentUrl\":\"https:\\\/\\\/secure.gravatar.com\\\/avatar\\\/c8c44d1f9327baa4d27e9b1149cd71b3?s=96&d=mm&r=g\",\"caption\":\"Z\u00e9 Beir\u00e3o\"},\"url\":\"https:\\\/\\\/obeirao.pt\\\/online\\\/author\\\/zebeirao\\\/\"}]}<\/script>\n<!-- \/ Yoast SEO plugin. -->","yoast_head_json":{"title":"MARCHAS DE SANTO ANT\u00d3NIO ter\u00e3o sete associa\u00e7\u00f5es do concelho - Beir\u00e3o Online","robots":{"index":"index","follow":"follow","max-snippet":"max-snippet:-1","max-image-preview":"max-image-preview:large","max-video-preview":"max-video-preview:-1"},"canonical":"https:\/\/obeirao.pt\/online\/2019\/05\/28\/marchas-de-santo-antonio-terao-sete-associacoes-do-concelho\/","og_locale":"pt_PT","og_type":"article","og_title":"MARCHAS DE SANTO ANT\u00d3NIO ter\u00e3o sete associa\u00e7\u00f5es do concelho - Beir\u00e3o Online","og_description":"tempo de leitura: &lt; 1 minutoAs Marchas de Santo Ant\u00f3nio, j\u00e1 h\u00e1 muito enraizadas nas tradi\u00e7\u00f5es dos tondelenses, saem \u00e0 rua, na cidade de Tondela, no pr\u00f3ximo dia 15 de [...]","og_url":"https:\/\/obeirao.pt\/online\/2019\/05\/28\/marchas-de-santo-antonio-terao-sete-associacoes-do-concelho\/","og_site_name":"Beir\u00e3o Online","article_publisher":"https:\/\/pt-br.facebook.com\/pages\/Amigos-de-Tondela\/273620439973877","article_published_time":"2019-05-28T13:42:01+00:00","article_modified_time":"2019-05-28T13:42:13+00:00","og_image":[{"width":549,"height":536,"url":"https:\/\/obeirao.pt\/online\/wp-content\/uploads\/2019\/05\/mupi_marchas2019.png","type":"image\/png"}],"author":"Z\u00e9 Beir\u00e3o","twitter_card":"summary_large_image","twitter_creator":"@JoaquimDuarteP2","twitter_site":"@JoaquimDuarteP2","twitter_misc":{"Escrito por":"Z\u00e9 Beir\u00e3o","Tempo estimado de leitura":"1 minuto"},"schema":{"@context":"https:\/\/schema.org","@graph":[{"@type":"Article","@id":"https:\/\/obeirao.pt\/online\/2019\/05\/28\/marchas-de-santo-antonio-terao-sete-associacoes-do-concelho\/#article","isPartOf":{"@id":"https:\/\/obeirao.pt\/online\/2019\/05\/28\/marchas-de-santo-antonio-terao-sete-associacoes-do-concelho\/"},"author":{"name":"Z\u00e9 Beir\u00e3o","@id":"https:\/\/obeirao.pt\/online\/#\/schema\/person\/efac69bb5a33873e1c1bb9c1165ff38c"},"headline":"MARCHAS DE SANTO ANT\u00d3NIO ter\u00e3o sete associa\u00e7\u00f5es do concelho","datePublished":"2019-05-28T13:42:01+00:00","dateModified":"2019-05-28T13:42:13+00:00","mainEntityOfPage":{"@id":"https:\/\/obeirao.pt\/online\/2019\/05\/28\/marchas-de-santo-antonio-terao-sete-associacoes-do-concelho\/"},"wordCount":236,"commentCount":0,"image":{"@id":"https:\/\/obeirao.pt\/online\/2019\/05\/28\/marchas-de-santo-antonio-terao-sete-associacoes-do-concelho\/#primaryimage"},"thumbnailUrl":"https:\/\/obeirao.pt\/online\/wp-content\/uploads\/2019\/05\/mupi_marchas2019.png","articleSection":["_Principal","Cidade","Regi\u00e3o","Tondela"],"inLanguage":"pt-PT"},{"@type":"WebPage","@id":"https:\/\/obeirao.pt\/online\/2019\/05\/28\/marchas-de-santo-antonio-terao-sete-associacoes-do-concelho\/","url":"https:\/\/obeirao.pt\/online\/2019\/05\/28\/marchas-de-santo-antonio-terao-sete-associacoes-do-concelho\/","name":"MARCHAS DE SANTO ANT\u00d3NIO ter\u00e3o sete associa\u00e7\u00f5es do concelho - Beir\u00e3o Online","isPartOf":{"@id":"https:\/\/obeirao.pt\/online\/#website"},"primaryImageOfPage":{"@id":"https:\/\/obeirao.pt\/online\/2019\/05\/28\/marchas-de-santo-antonio-terao-sete-associacoes-do-concelho\/#primaryimage"},"image":{"@id":"https:\/\/obeirao.pt\/online\/2019\/05\/28\/marchas-de-santo-antonio-terao-sete-associacoes-do-concelho\/#primaryimage"},"thumbnailUrl":"https:\/\/obeirao.pt\/online\/wp-content\/uploads\/2019\/05\/mupi_marchas2019.png","datePublished":"2019-05-28T13:42:01+00:00","dateModified":"2019-05-28T13:42:13+00:00","author":{"@id":"https:\/\/obeirao.pt\/online\/#\/schema\/person\/efac69bb5a33873e1c1bb9c1165ff38c"},"breadcrumb":{"@id":"https:\/\/obeirao.pt\/online\/2019\/05\/28\/marchas-de-santo-antonio-terao-sete-associacoes-do-concelho\/#breadcrumb"},"inLanguage":"pt-PT","potentialAction":[{"@type":"ReadAction","target":["https:\/\/obeirao.pt\/online\/2019\/05\/28\/marchas-de-santo-antonio-terao-sete-associacoes-do-concelho\/"]}]},{"@type":"ImageObject","inLanguage":"pt-PT","@id":"https:\/\/obeirao.pt\/online\/2019\/05\/28\/marchas-de-santo-antonio-terao-sete-associacoes-do-concelho\/#primaryimage","url":"https:\/\/obeirao.pt\/online\/wp-content\/uploads\/2019\/05\/mupi_marchas2019.png","contentUrl":"https:\/\/obeirao.pt\/online\/wp-content\/uploads\/2019\/05\/mupi_marchas2019.png","width":549,"height":536},{"@type":"BreadcrumbList","@id":"https:\/\/obeirao.pt\/online\/2019\/05\/28\/marchas-de-santo-antonio-terao-sete-associacoes-do-concelho\/#breadcrumb","itemListElement":[{"@type":"ListItem","position":1,"name":"Home","item":"https:\/\/obeirao.pt\/online\/"},{"@type":"ListItem","position":2,"name":"MARCHAS DE SANTO ANT\u00d3NIO ter\u00e3o sete associa\u00e7\u00f5es do concelho"}]},{"@type":"WebSite","@id":"https:\/\/obeirao.pt\/online\/#website","url":"https:\/\/obeirao.pt\/online\/","name":"Beir\u00e3o Online","description":"www.obeirao.pt","potentialAction":[{"@type":"SearchAction","target":{"@type":"EntryPoint","urlTemplate":"https:\/\/obeirao.pt\/online\/?s={search_term_string}"},"query-input":{"@type":"PropertyValueSpecification","valueRequired":true,"valueName":"search_term_string"}}],"inLanguage":"pt-PT"},{"@type":"Person","@id":"https:\/\/obeirao.pt\/online\/#\/schema\/person\/efac69bb5a33873e1c1bb9c1165ff38c","name":"Z\u00e9 Beir\u00e3o","image":{"@type":"ImageObject","inLanguage":"pt-PT","@id":"https:\/\/secure.gravatar.com\/avatar\/c8c44d1f9327baa4d27e9b1149cd71b3?s=96&d=mm&r=g","url":"https:\/\/secure.gravatar.com\/avatar\/c8c44d1f9327baa4d27e9b1149cd71b3?s=96&d=mm&r=g","contentUrl":"https:\/\/secure.gravatar.com\/avatar\/c8c44d1f9327baa4d27e9b1149cd71b3?s=96&d=mm&r=g","caption":"Z\u00e9 Beir\u00e3o"},"url":"https:\/\/obeirao.pt\/online\/author\/zebeirao\/"}]}},"_links":{"self":[{"href":"https:\/\/obeirao.pt\/online\/wp-json\/wp\/v2\/posts\/3189"}],"collection":[{"href":"https:\/\/obeirao.pt\/online\/wp-json\/wp\/v2\/posts"}],"about":[{"href":"https:\/\/obeirao.pt\/online\/wp-json\/wp\/v2\/types\/post"}],"author":[{"embeddable":true,"href":"https:\/\/obeirao.pt\/online\/wp-json\/wp\/v2\/users\/2"}],"replies":[{"embeddable":true,"href":"https:\/\/obeirao.pt\/online\/wp-json\/wp\/v2\/comments?post=3189"}],"version-history":[{"count":1,"href":"https:\/\/obeirao.pt\/online\/wp-json\/wp\/v2\/posts\/3189\/revisions"}],"predecessor-version":[{"id":3191,"href":"https:\/\/obeirao.pt\/online\/wp-json\/wp\/v2\/posts\/3189\/revisions\/3191"}],"wp:featuredmedia":[{"embeddable":true,"href":"https:\/\/obeirao.pt\/online\/wp-json\/wp\/v2\/media\/3190"}],"wp:attachment":[{"href":"https:\/\/obeirao.pt\/online\/wp-json\/wp\/v2\/media?parent=3189"}],"wp:term":[{"taxonomy":"category","embeddable":true,"href":"https:\/\/obeirao.pt\/online\/wp-json\/wp\/v2\/categories?post=3189"},{"taxonomy":"post_tag","embeddable":true,"href":"https:\/\/obeirao.pt\/online\/wp-json\/wp\/v2\/tags?post=3189"}],"curies":[{"name":"wp","href":"https:\/\/api.w.org\/{rel}","templated":true}]}}