{"id":3391,"date":"2019-06-24T20:59:04","date_gmt":"2019-06-24T19:59:04","guid":{"rendered":"http:\/\/obeirao.pt\/online\/?p=3391"},"modified":"2019-06-24T20:59:44","modified_gmt":"2019-06-24T19:59:44","slug":"municipio-de-tondela-distribui-mais-de-12-milhoes-de-euros-pelas-associacoes-locais","status":"publish","type":"post","link":"https:\/\/obeirao.pt\/online\/2019\/06\/24\/municipio-de-tondela-distribui-mais-de-12-milhoes-de-euros-pelas-associacoes-locais\/","title":{"rendered":"MUNIC\u00cdPIO DE TONDELA distribui mais de 1,2 milh\u00f5es de\u00a0euros pelas associa\u00e7\u00f5es locais\u00a0"},"content":{"rendered":"<span class=\"span-reading-time rt-reading-time\" style=\"display: block;\"><span class=\"rt-label rt-prefix\">tempo de leitura:<\/span> <span class=\"rt-time\"> 2<\/span> <span class=\"rt-label rt-postfix\">minutos<\/span><\/span><p><a href=\"http:\/\/obeirao.pt\/online\/wp-content\/uploads\/2019\/06\/protocolos-mo.-asociaTIVO-2.jpg\"><img loading=\"lazy\" decoding=\"async\" class=\"wp-image-3392  alignleft\" src=\"http:\/\/obeirao.pt\/online\/wp-content\/uploads\/2019\/06\/protocolos-mo.-asociaTIVO-2-300x175.jpg\" alt=\"\" width=\"360\" height=\"211\" \/><\/a><\/p>\n<p><span style=\"font-family: georgia, palatino, serif;font-size: 14pt;color: #000000\"><strong><em>O Munic\u00edpio de Tondela vem subsidiando o movimento associativo do vasto concelho, de modo a que as suas institui\u00e7\u00f5es possam desenvolver, com mais dignidade, as suas actividades anuais.<\/em><\/strong><\/span><!--more--><\/p>\n<p><span style=\"font-family: georgia, palatino, serif;font-size: 12pt;color: #000000\">Desta forma, teria assinado, na \u00faltima sexta-feira (21 de Junho), no Audit\u00f3rio Municipal, protocolos com 129 colectividades do concelho, num montante global que ultrapassa 1,2 milh\u00f5es de euros.\u00a0<\/span><\/p>\n<p><span style=\"font-family: georgia, palatino, serif;font-size: 14pt;color: #ff0000;background-color: #ffff99\"><strong><em>INSTITUI\u00c7\u00d5ES DO CONCELHO COM TRABALHO MERIT\u00d3RIO DE QUEM AS DIRIGE<\/em><\/strong><\/span><\/p>\n<p><a href=\"http:\/\/obeirao.pt\/online\/wp-content\/uploads\/2019\/06\/Protocolos-movimento-associativo.jpg\"><img loading=\"lazy\" decoding=\"async\" class=\"wp-image-3393 size-medium alignright\" src=\"http:\/\/obeirao.pt\/online\/wp-content\/uploads\/2019\/06\/Protocolos-movimento-associativo-300x194.jpg\" alt=\"\" width=\"300\" height=\"194\" srcset=\"https:\/\/obeirao.pt\/online\/wp-content\/uploads\/2019\/06\/Protocolos-movimento-associativo-300x194.jpg 300w, https:\/\/obeirao.pt\/online\/wp-content\/uploads\/2019\/06\/Protocolos-movimento-associativo.jpg 598w\" sizes=\"(max-width: 300px) 100vw, 300px\" \/><\/a><\/p>\n<p><span style=\"font-family: georgia, palatino, serif;font-size: 12pt;color: #000000\">Durante a cerim\u00f3nia, que decorreu bem alegre, como sempre, o presidente da C\u00e2mara, Jos\u00e9 Ant\u00f3nio de Jesus, destacou o papel dos dirigentes associativos, que nem sempre \u00e9 valorizado como deveria.<\/span><\/p>\n<p><span style=\"font-family: georgia, palatino, serif;font-size: 12pt;color: #000000\"><em>\u201cDedicam-se a elas como se da sua pr\u00f3pria fam\u00edlia se tratasse, como se a sua actividade principal a\u00ed estivesse centrada\u201d, <\/em>sustentou.<\/span><\/p>\n<p><span style=\"font-family: georgia, palatino, serif;font-size: 12pt;color: #000000\">O autarca assevera que esses dirigentes <em>\u201cmuitas vezes, retiram tempo e espa\u00e7o ao seu pr\u00f3prio conv\u00edvio, ao seu momento de lazer, \u00e0s suas actividades pessoais e profissionais em prol do bem comum, que \u00e9, atrav\u00e9s das nossas estruturas associativas, proporcionar-se mais qualidade de vida, mais actividade, mais desenvolvimento de compet\u00eancias e, acima de tudo, contribuindo, em muito, para a integra\u00e7\u00e3o social e para a socializa\u00e7\u00e3o\u201d,<\/em> acrescentou.<\/span><\/p>\n<p><span style=\"font-family: georgia, palatino, serif;font-size: 14pt;color: #ff0000;background-color: #ffff99\"><strong><em>SE UMA INSTITUI\u00c7\u00c3O \u00c9 IMPORTANTE DEVE SER APOIADA<\/em><\/strong><\/span><\/p>\n<p><span style=\"font-family: georgia, palatino, serif;font-size: 12pt;color: #000000\">Ao longo da sua interven\u00e7\u00e3o, Jos\u00e9 Ant\u00f3nio de Jesus sublinhou que esta cerim\u00f3nia \u00e9 um acto de reconhecimento p\u00fablico a todos aqueles que, muitas vezes, ao longo de anos, est\u00e3o \u00e0 frente destas institui\u00e7\u00f5es.<\/span><\/p>\n<p><span style=\"font-family: georgia, palatino, serif;font-size: 12pt;color: #000000\"><em>\u201cMuitas vezes ouvimos, se esta pessoa sair de l\u00e1, o que vai ser daquela institui\u00e7\u00e3o.\u00a0Pois \u00e9 hora de todos sentirmos que, se tal institui\u00e7\u00e3o \u00e9 importante, temos a obriga\u00e7\u00e3o de a apoiar, de nos envolvermos, de estimularmos a sua actividade, porque isso \u00e9 indiscutivelmente um bem comum para a nossa sociedade e para o enriquecimento do nosso concelho\u201d, <\/em>apontou.<\/span><\/p>\n<p><span style=\"font-family: georgia, palatino, serif;font-size: 12pt;color: #000000\">O presidente da C\u00e2mara Municipal de Tondela aproveitou ainda para aludir ao processo de implementa\u00e7\u00e3o das medidas de auto-protec\u00e7\u00e3o nas associa\u00e7\u00f5es do concelho, no que diz respeito \u00e0 instala\u00e7\u00e3o dos sistemas de seguran\u00e7a e protec\u00e7\u00e3o contra inc\u00eandios.<\/span><\/p>\n<p><span style=\"font-family: georgia, palatino, serif;font-size: 12pt;color: #000000\">Depois de recordar que h\u00e1 cerca de um ano foi disponibilizado perto de meio milh\u00e3o de euros para esta tarefa, informou que dos 87 processos, 67 j\u00e1 t\u00eam trabalhos adjudicados e meia centena t\u00eam as plantas executadas.<\/span><\/p>\n<p><span style=\"font-family: georgia, palatino, serif;font-size: 12pt;color: #000000\">Para al\u00e9m da assinatura dos protocolos, a noite contou ainda com um momento de \u2018<em>stand up comedy\u2019<\/em> com Joel Ricardo Santos.<\/span><\/p>\n","protected":false},"excerpt":{"rendered":"<div class=\"mh-excerpt\"><span class=\"span-reading-time rt-reading-time\" style=\"display: block;\"><span class=\"rt-label rt-prefix\">tempo de leitura:<\/span> <span class=\"rt-time\"> 2<\/span> <span class=\"rt-label rt-postfix\">minutos<\/span><\/span>O Munic\u00edpio de Tondela vem subsidiando o movimento associativo do vasto concelho, de modo a que as suas institui\u00e7\u00f5es possam desenvolver, com mais dignidade, as <a class=\"mh-excerpt-more\" href=\"https:\/\/obeirao.pt\/online\/2019\/06\/24\/municipio-de-tondela-distribui-mais-de-12-milhoes-de-euros-pelas-associacoes-locais\/\" title=\"MUNIC\u00cdPIO DE TONDELA distribui mais de 1,2 milh\u00f5es de\u00a0euros pelas associa\u00e7\u00f5es locais\u00a0\">[&#8230;]<\/a><\/div>\n","protected":false},"author":2,"featured_media":3392,"comment_status":"open","ping_status":"open","sticky":false,"template":"","format":"standard","meta":{"footnotes":""},"categories":[2,5,4,63],"tags":[],"class_list":["post-3391","post","type-post","status-publish","format-standard","has-post-thumbnail","hentry","category-principal","category-cidade","category-regiao","category-tondela"],"yoast_head":"<!-- This site is optimized with the Yoast SEO plugin v27.4 - https:\/\/yoast.com\/product\/yoast-seo-wordpress\/ -->\n<title>MUNIC\u00cdPIO DE TONDELA distribui mais de 1,2 milh\u00f5es de\u00a0euros pelas associa\u00e7\u00f5es locais\u00a0 - Beir\u00e3o Online<\/title>\n<meta name=\"robots\" content=\"index, follow, max-snippet:-1, max-image-preview:large, max-video-preview:-1\" \/>\n<link rel=\"canonical\" href=\"http:\/\/obeirao.pt\/online\/2019\/06\/24\/municipio-de-tondela-distribui-mais-de-12-milhoes-de-euros-pelas-associacoes-locais\/\" \/>\n<meta property=\"og:locale\" content=\"pt_PT\" \/>\n<meta property=\"og:type\" content=\"article\" \/>\n<meta property=\"og:title\" content=\"MUNIC\u00cdPIO DE TONDELA distribui mais de 1,2 milh\u00f5es de\u00a0euros pelas associa\u00e7\u00f5es locais\u00a0 - Beir\u00e3o Online\" \/>\n<meta property=\"og:description\" content=\"tempo de leitura: 2 minutosO Munic\u00edpio de Tondela vem subsidiando o movimento associativo do vasto concelho, de modo a que as suas institui\u00e7\u00f5es possam desenvolver, com mais dignidade, as [...]\" \/>\n<meta property=\"og:url\" content=\"http:\/\/obeirao.pt\/online\/2019\/06\/24\/municipio-de-tondela-distribui-mais-de-12-milhoes-de-euros-pelas-associacoes-locais\/\" \/>\n<meta property=\"og:site_name\" content=\"Beir\u00e3o Online\" \/>\n<meta property=\"article:publisher\" content=\"https:\/\/pt-br.facebook.com\/pages\/Amigos-de-Tondela\/273620439973877\" \/>\n<meta property=\"article:published_time\" content=\"2019-06-24T19:59:04+00:00\" \/>\n<meta property=\"article:modified_time\" content=\"2019-06-24T19:59:44+00:00\" \/>\n<meta property=\"og:image\" content=\"http:\/\/obeirao.pt\/online\/wp-content\/uploads\/2019\/06\/protocolos-mo.-asociaTIVO-2.jpg\" \/>\n\t<meta property=\"og:image:width\" content=\"598\" \/>\n\t<meta property=\"og:image:height\" content=\"348\" \/>\n\t<meta property=\"og:image:type\" content=\"image\/jpeg\" \/>\n<meta name=\"author\" content=\"Z\u00e9 Beir\u00e3o\" \/>\n<meta name=\"twitter:card\" content=\"summary_large_image\" \/>\n<meta name=\"twitter:creator\" content=\"@JoaquimDuarteP2\" \/>\n<meta name=\"twitter:site\" content=\"@JoaquimDuarteP2\" \/>\n<meta name=\"twitter:label1\" content=\"Escrito por\" \/>\n\t<meta name=\"twitter:data1\" content=\"Z\u00e9 Beir\u00e3o\" \/>\n\t<meta name=\"twitter:label2\" content=\"Tempo estimado de leitura\" \/>\n\t<meta name=\"twitter:data2\" content=\"2 minutos\" \/>\n<script type=\"application\/ld+json\" class=\"yoast-schema-graph\">{\"@context\":\"https:\\\/\\\/schema.org\",\"@graph\":[{\"@type\":\"Article\",\"@id\":\"http:\\\/\\\/obeirao.pt\\\/online\\\/2019\\\/06\\\/24\\\/municipio-de-tondela-distribui-mais-de-12-milhoes-de-euros-pelas-associacoes-locais\\\/#article\",\"isPartOf\":{\"@id\":\"http:\\\/\\\/obeirao.pt\\\/online\\\/2019\\\/06\\\/24\\\/municipio-de-tondela-distribui-mais-de-12-milhoes-de-euros-pelas-associacoes-locais\\\/\"},\"author\":{\"name\":\"Z\u00e9 Beir\u00e3o\",\"@id\":\"http:\\\/\\\/obeirao.pt\\\/online\\\/#\\\/schema\\\/person\\\/efac69bb5a33873e1c1bb9c1165ff38c\"},\"headline\":\"MUNIC\u00cdPIO DE TONDELA distribui mais de 1,2 milh\u00f5es de\u00a0euros pelas associa\u00e7\u00f5es locais\u00a0\",\"datePublished\":\"2019-06-24T19:59:04+00:00\",\"dateModified\":\"2019-06-24T19:59:44+00:00\",\"mainEntityOfPage\":{\"@id\":\"http:\\\/\\\/obeirao.pt\\\/online\\\/2019\\\/06\\\/24\\\/municipio-de-tondela-distribui-mais-de-12-milhoes-de-euros-pelas-associacoes-locais\\\/\"},\"wordCount\":421,\"commentCount\":0,\"image\":{\"@id\":\"http:\\\/\\\/obeirao.pt\\\/online\\\/2019\\\/06\\\/24\\\/municipio-de-tondela-distribui-mais-de-12-milhoes-de-euros-pelas-associacoes-locais\\\/#primaryimage\"},\"thumbnailUrl\":\"https:\\\/\\\/obeirao.pt\\\/online\\\/wp-content\\\/uploads\\\/2019\\\/06\\\/protocolos-mo.-asociaTIVO-2.jpg\",\"articleSection\":[\"_Principal\",\"Cidade\",\"Regi\u00e3o\",\"Tondela\"],\"inLanguage\":\"pt-PT\"},{\"@type\":\"WebPage\",\"@id\":\"http:\\\/\\\/obeirao.pt\\\/online\\\/2019\\\/06\\\/24\\\/municipio-de-tondela-distribui-mais-de-12-milhoes-de-euros-pelas-associacoes-locais\\\/\",\"url\":\"http:\\\/\\\/obeirao.pt\\\/online\\\/2019\\\/06\\\/24\\\/municipio-de-tondela-distribui-mais-de-12-milhoes-de-euros-pelas-associacoes-locais\\\/\",\"name\":\"MUNIC\u00cdPIO DE TONDELA distribui mais de 1,2 milh\u00f5es de\u00a0euros pelas associa\u00e7\u00f5es locais\u00a0 - Beir\u00e3o Online\",\"isPartOf\":{\"@id\":\"http:\\\/\\\/obeirao.pt\\\/online\\\/#website\"},\"primaryImageOfPage\":{\"@id\":\"http:\\\/\\\/obeirao.pt\\\/online\\\/2019\\\/06\\\/24\\\/municipio-de-tondela-distribui-mais-de-12-milhoes-de-euros-pelas-associacoes-locais\\\/#primaryimage\"},\"image\":{\"@id\":\"http:\\\/\\\/obeirao.pt\\\/online\\\/2019\\\/06\\\/24\\\/municipio-de-tondela-distribui-mais-de-12-milhoes-de-euros-pelas-associacoes-locais\\\/#primaryimage\"},\"thumbnailUrl\":\"https:\\\/\\\/obeirao.pt\\\/online\\\/wp-content\\\/uploads\\\/2019\\\/06\\\/protocolos-mo.-asociaTIVO-2.jpg\",\"datePublished\":\"2019-06-24T19:59:04+00:00\",\"dateModified\":\"2019-06-24T19:59:44+00:00\",\"author\":{\"@id\":\"http:\\\/\\\/obeirao.pt\\\/online\\\/#\\\/schema\\\/person\\\/efac69bb5a33873e1c1bb9c1165ff38c\"},\"breadcrumb\":{\"@id\":\"http:\\\/\\\/obeirao.pt\\\/online\\\/2019\\\/06\\\/24\\\/municipio-de-tondela-distribui-mais-de-12-milhoes-de-euros-pelas-associacoes-locais\\\/#breadcrumb\"},\"inLanguage\":\"pt-PT\",\"potentialAction\":[{\"@type\":\"ReadAction\",\"target\":[\"http:\\\/\\\/obeirao.pt\\\/online\\\/2019\\\/06\\\/24\\\/municipio-de-tondela-distribui-mais-de-12-milhoes-de-euros-pelas-associacoes-locais\\\/\"]}]},{\"@type\":\"ImageObject\",\"inLanguage\":\"pt-PT\",\"@id\":\"http:\\\/\\\/obeirao.pt\\\/online\\\/2019\\\/06\\\/24\\\/municipio-de-tondela-distribui-mais-de-12-milhoes-de-euros-pelas-associacoes-locais\\\/#primaryimage\",\"url\":\"https:\\\/\\\/obeirao.pt\\\/online\\\/wp-content\\\/uploads\\\/2019\\\/06\\\/protocolos-mo.-asociaTIVO-2.jpg\",\"contentUrl\":\"https:\\\/\\\/obeirao.pt\\\/online\\\/wp-content\\\/uploads\\\/2019\\\/06\\\/protocolos-mo.-asociaTIVO-2.jpg\",\"width\":598,\"height\":348,\"caption\":\"OLYMPUS DIGITAL CAMERA\"},{\"@type\":\"BreadcrumbList\",\"@id\":\"http:\\\/\\\/obeirao.pt\\\/online\\\/2019\\\/06\\\/24\\\/municipio-de-tondela-distribui-mais-de-12-milhoes-de-euros-pelas-associacoes-locais\\\/#breadcrumb\",\"itemListElement\":[{\"@type\":\"ListItem\",\"position\":1,\"name\":\"Home\",\"item\":\"http:\\\/\\\/obeirao.pt\\\/online\\\/\"},{\"@type\":\"ListItem\",\"position\":2,\"name\":\"MUNIC\u00cdPIO DE TONDELA distribui mais de 1,2 milh\u00f5es de\u00a0euros pelas associa\u00e7\u00f5es locais\u00a0\"}]},{\"@type\":\"WebSite\",\"@id\":\"http:\\\/\\\/obeirao.pt\\\/online\\\/#website\",\"url\":\"http:\\\/\\\/obeirao.pt\\\/online\\\/\",\"name\":\"Beir\u00e3o Online\",\"description\":\"www.obeirao.pt\",\"potentialAction\":[{\"@type\":\"SearchAction\",\"target\":{\"@type\":\"EntryPoint\",\"urlTemplate\":\"http:\\\/\\\/obeirao.pt\\\/online\\\/?s={search_term_string}\"},\"query-input\":{\"@type\":\"PropertyValueSpecification\",\"valueRequired\":true,\"valueName\":\"search_term_string\"}}],\"inLanguage\":\"pt-PT\"},{\"@type\":\"Person\",\"@id\":\"http:\\\/\\\/obeirao.pt\\\/online\\\/#\\\/schema\\\/person\\\/efac69bb5a33873e1c1bb9c1165ff38c\",\"name\":\"Z\u00e9 Beir\u00e3o\",\"image\":{\"@type\":\"ImageObject\",\"inLanguage\":\"pt-PT\",\"@id\":\"https:\\\/\\\/secure.gravatar.com\\\/avatar\\\/c8c44d1f9327baa4d27e9b1149cd71b3?s=96&d=mm&r=g\",\"url\":\"https:\\\/\\\/secure.gravatar.com\\\/avatar\\\/c8c44d1f9327baa4d27e9b1149cd71b3?s=96&d=mm&r=g\",\"contentUrl\":\"https:\\\/\\\/secure.gravatar.com\\\/avatar\\\/c8c44d1f9327baa4d27e9b1149cd71b3?s=96&d=mm&r=g\",\"caption\":\"Z\u00e9 Beir\u00e3o\"},\"url\":\"https:\\\/\\\/obeirao.pt\\\/online\\\/author\\\/zebeirao\\\/\"}]}<\/script>\n<!-- \/ Yoast SEO plugin. -->","yoast_head_json":{"title":"MUNIC\u00cdPIO DE TONDELA distribui mais de 1,2 milh\u00f5es de\u00a0euros pelas associa\u00e7\u00f5es locais\u00a0 - Beir\u00e3o Online","robots":{"index":"index","follow":"follow","max-snippet":"max-snippet:-1","max-image-preview":"max-image-preview:large","max-video-preview":"max-video-preview:-1"},"canonical":"http:\/\/obeirao.pt\/online\/2019\/06\/24\/municipio-de-tondela-distribui-mais-de-12-milhoes-de-euros-pelas-associacoes-locais\/","og_locale":"pt_PT","og_type":"article","og_title":"MUNIC\u00cdPIO DE TONDELA distribui mais de 1,2 milh\u00f5es de\u00a0euros pelas associa\u00e7\u00f5es locais\u00a0 - Beir\u00e3o Online","og_description":"tempo de leitura: 2 minutosO Munic\u00edpio de Tondela vem subsidiando o movimento associativo do vasto concelho, de modo a que as suas institui\u00e7\u00f5es possam desenvolver, com mais dignidade, as [...]","og_url":"http:\/\/obeirao.pt\/online\/2019\/06\/24\/municipio-de-tondela-distribui-mais-de-12-milhoes-de-euros-pelas-associacoes-locais\/","og_site_name":"Beir\u00e3o Online","article_publisher":"https:\/\/pt-br.facebook.com\/pages\/Amigos-de-Tondela\/273620439973877","article_published_time":"2019-06-24T19:59:04+00:00","article_modified_time":"2019-06-24T19:59:44+00:00","og_image":[{"width":598,"height":348,"url":"http:\/\/obeirao.pt\/online\/wp-content\/uploads\/2019\/06\/protocolos-mo.-asociaTIVO-2.jpg","type":"image\/jpeg"}],"author":"Z\u00e9 Beir\u00e3o","twitter_card":"summary_large_image","twitter_creator":"@JoaquimDuarteP2","twitter_site":"@JoaquimDuarteP2","twitter_misc":{"Escrito por":"Z\u00e9 Beir\u00e3o","Tempo estimado de leitura":"2 minutos"},"schema":{"@context":"https:\/\/schema.org","@graph":[{"@type":"Article","@id":"http:\/\/obeirao.pt\/online\/2019\/06\/24\/municipio-de-tondela-distribui-mais-de-12-milhoes-de-euros-pelas-associacoes-locais\/#article","isPartOf":{"@id":"http:\/\/obeirao.pt\/online\/2019\/06\/24\/municipio-de-tondela-distribui-mais-de-12-milhoes-de-euros-pelas-associacoes-locais\/"},"author":{"name":"Z\u00e9 Beir\u00e3o","@id":"http:\/\/obeirao.pt\/online\/#\/schema\/person\/efac69bb5a33873e1c1bb9c1165ff38c"},"headline":"MUNIC\u00cdPIO DE TONDELA distribui mais de 1,2 milh\u00f5es de\u00a0euros pelas associa\u00e7\u00f5es locais\u00a0","datePublished":"2019-06-24T19:59:04+00:00","dateModified":"2019-06-24T19:59:44+00:00","mainEntityOfPage":{"@id":"http:\/\/obeirao.pt\/online\/2019\/06\/24\/municipio-de-tondela-distribui-mais-de-12-milhoes-de-euros-pelas-associacoes-locais\/"},"wordCount":421,"commentCount":0,"image":{"@id":"http:\/\/obeirao.pt\/online\/2019\/06\/24\/municipio-de-tondela-distribui-mais-de-12-milhoes-de-euros-pelas-associacoes-locais\/#primaryimage"},"thumbnailUrl":"https:\/\/obeirao.pt\/online\/wp-content\/uploads\/2019\/06\/protocolos-mo.-asociaTIVO-2.jpg","articleSection":["_Principal","Cidade","Regi\u00e3o","Tondela"],"inLanguage":"pt-PT"},{"@type":"WebPage","@id":"http:\/\/obeirao.pt\/online\/2019\/06\/24\/municipio-de-tondela-distribui-mais-de-12-milhoes-de-euros-pelas-associacoes-locais\/","url":"http:\/\/obeirao.pt\/online\/2019\/06\/24\/municipio-de-tondela-distribui-mais-de-12-milhoes-de-euros-pelas-associacoes-locais\/","name":"MUNIC\u00cdPIO DE TONDELA distribui mais de 1,2 milh\u00f5es de\u00a0euros pelas associa\u00e7\u00f5es locais\u00a0 - Beir\u00e3o Online","isPartOf":{"@id":"http:\/\/obeirao.pt\/online\/#website"},"primaryImageOfPage":{"@id":"http:\/\/obeirao.pt\/online\/2019\/06\/24\/municipio-de-tondela-distribui-mais-de-12-milhoes-de-euros-pelas-associacoes-locais\/#primaryimage"},"image":{"@id":"http:\/\/obeirao.pt\/online\/2019\/06\/24\/municipio-de-tondela-distribui-mais-de-12-milhoes-de-euros-pelas-associacoes-locais\/#primaryimage"},"thumbnailUrl":"https:\/\/obeirao.pt\/online\/wp-content\/uploads\/2019\/06\/protocolos-mo.-asociaTIVO-2.jpg","datePublished":"2019-06-24T19:59:04+00:00","dateModified":"2019-06-24T19:59:44+00:00","author":{"@id":"http:\/\/obeirao.pt\/online\/#\/schema\/person\/efac69bb5a33873e1c1bb9c1165ff38c"},"breadcrumb":{"@id":"http:\/\/obeirao.pt\/online\/2019\/06\/24\/municipio-de-tondela-distribui-mais-de-12-milhoes-de-euros-pelas-associacoes-locais\/#breadcrumb"},"inLanguage":"pt-PT","potentialAction":[{"@type":"ReadAction","target":["http:\/\/obeirao.pt\/online\/2019\/06\/24\/municipio-de-tondela-distribui-mais-de-12-milhoes-de-euros-pelas-associacoes-locais\/"]}]},{"@type":"ImageObject","inLanguage":"pt-PT","@id":"http:\/\/obeirao.pt\/online\/2019\/06\/24\/municipio-de-tondela-distribui-mais-de-12-milhoes-de-euros-pelas-associacoes-locais\/#primaryimage","url":"https:\/\/obeirao.pt\/online\/wp-content\/uploads\/2019\/06\/protocolos-mo.-asociaTIVO-2.jpg","contentUrl":"https:\/\/obeirao.pt\/online\/wp-content\/uploads\/2019\/06\/protocolos-mo.-asociaTIVO-2.jpg","width":598,"height":348,"caption":"OLYMPUS DIGITAL CAMERA"},{"@type":"BreadcrumbList","@id":"http:\/\/obeirao.pt\/online\/2019\/06\/24\/municipio-de-tondela-distribui-mais-de-12-milhoes-de-euros-pelas-associacoes-locais\/#breadcrumb","itemListElement":[{"@type":"ListItem","position":1,"name":"Home","item":"http:\/\/obeirao.pt\/online\/"},{"@type":"ListItem","position":2,"name":"MUNIC\u00cdPIO DE TONDELA distribui mais de 1,2 milh\u00f5es de\u00a0euros pelas associa\u00e7\u00f5es locais\u00a0"}]},{"@type":"WebSite","@id":"http:\/\/obeirao.pt\/online\/#website","url":"http:\/\/obeirao.pt\/online\/","name":"Beir\u00e3o Online","description":"www.obeirao.pt","potentialAction":[{"@type":"SearchAction","target":{"@type":"EntryPoint","urlTemplate":"http:\/\/obeirao.pt\/online\/?s={search_term_string}"},"query-input":{"@type":"PropertyValueSpecification","valueRequired":true,"valueName":"search_term_string"}}],"inLanguage":"pt-PT"},{"@type":"Person","@id":"http:\/\/obeirao.pt\/online\/#\/schema\/person\/efac69bb5a33873e1c1bb9c1165ff38c","name":"Z\u00e9 Beir\u00e3o","image":{"@type":"ImageObject","inLanguage":"pt-PT","@id":"https:\/\/secure.gravatar.com\/avatar\/c8c44d1f9327baa4d27e9b1149cd71b3?s=96&d=mm&r=g","url":"https:\/\/secure.gravatar.com\/avatar\/c8c44d1f9327baa4d27e9b1149cd71b3?s=96&d=mm&r=g","contentUrl":"https:\/\/secure.gravatar.com\/avatar\/c8c44d1f9327baa4d27e9b1149cd71b3?s=96&d=mm&r=g","caption":"Z\u00e9 Beir\u00e3o"},"url":"https:\/\/obeirao.pt\/online\/author\/zebeirao\/"}]}},"_links":{"self":[{"href":"https:\/\/obeirao.pt\/online\/wp-json\/wp\/v2\/posts\/3391"}],"collection":[{"href":"https:\/\/obeirao.pt\/online\/wp-json\/wp\/v2\/posts"}],"about":[{"href":"https:\/\/obeirao.pt\/online\/wp-json\/wp\/v2\/types\/post"}],"author":[{"embeddable":true,"href":"https:\/\/obeirao.pt\/online\/wp-json\/wp\/v2\/users\/2"}],"replies":[{"embeddable":true,"href":"https:\/\/obeirao.pt\/online\/wp-json\/wp\/v2\/comments?post=3391"}],"version-history":[{"count":2,"href":"https:\/\/obeirao.pt\/online\/wp-json\/wp\/v2\/posts\/3391\/revisions"}],"predecessor-version":[{"id":3395,"href":"https:\/\/obeirao.pt\/online\/wp-json\/wp\/v2\/posts\/3391\/revisions\/3395"}],"wp:featuredmedia":[{"embeddable":true,"href":"https:\/\/obeirao.pt\/online\/wp-json\/wp\/v2\/media\/3392"}],"wp:attachment":[{"href":"https:\/\/obeirao.pt\/online\/wp-json\/wp\/v2\/media?parent=3391"}],"wp:term":[{"taxonomy":"category","embeddable":true,"href":"https:\/\/obeirao.pt\/online\/wp-json\/wp\/v2\/categories?post=3391"},{"taxonomy":"post_tag","embeddable":true,"href":"https:\/\/obeirao.pt\/online\/wp-json\/wp\/v2\/tags?post=3391"}],"curies":[{"name":"wp","href":"https:\/\/api.w.org\/{rel}","templated":true}]}}