{"id":3589,"date":"2019-07-23T14:17:05","date_gmt":"2019-07-23T13:17:05","guid":{"rendered":"http:\/\/obeirao.pt\/online\/?p=3589"},"modified":"2019-07-23T14:17:31","modified_gmt":"2019-07-23T13:17:31","slug":"mangualde-com-nova-sala-de-audiencias-no-seu-tribunal","status":"publish","type":"post","link":"https:\/\/obeirao.pt\/online\/2019\/07\/23\/mangualde-com-nova-sala-de-audiencias-no-seu-tribunal\/","title":{"rendered":"MANGUALDE COM NOVA SALA DE AUDI\u00caNCIAS NO SEU TRIBUNAL\u00a0"},"content":{"rendered":"<span class=\"span-reading-time rt-reading-time\" style=\"display: block;\"><span class=\"rt-label rt-prefix\">tempo de leitura:<\/span> <span class=\"rt-time\"> 3<\/span> <span class=\"rt-label rt-postfix\">minutos<\/span><\/span><p><span style=\"font-size: 24pt\"><strong><a href=\"http:\/\/obeirao.pt\/online\/wp-content\/uploads\/2019\/07\/Mangualde-nova-sala-tribunal-3.jpg\"><img loading=\"lazy\" decoding=\"async\" class=\"alignleft wp-image-3590 \" src=\"http:\/\/obeirao.pt\/online\/wp-content\/uploads\/2019\/07\/Mangualde-nova-sala-tribunal-3-300x156.jpg\" alt=\"\" width=\"342\" height=\"179\" \/><\/a><\/strong><\/span><span style=\"font-family: georgia, palatino, serif;font-size: 12pt;color: #000000\"><span style=\"font-size: 14pt\"><strong><em>Foi inaugurada esta segunda-feira (22 de Julho), a nova sala de audi\u00eancias do Pal\u00e1cio de Justi\u00e7a de Mangualde<\/em><\/strong><strong>\u00a0<\/strong><\/span><!--more--><\/span><\/p>\n<p><span style=\"font-family: georgia, palatino, serif;font-size: 12pt;color: #000000\"><strong>A cerim\u00f3nia de inaugura\u00e7\u00e3o, que ocorreu pelas 15 horas, foi presidida pela Secret\u00e1ria de Estado Adjunta e da Justi\u00e7a, Helena Mesquita Ribeiro <\/strong><strong>e contou ainda com a presen\u00e7a dos Presidentes da C\u00e2mara Municipal de Mangualde e de Penalva do Castelo, Jo\u00e3o Azevedo e Francisco Lopes Carvalho, respectivamente.<\/strong><strong>\u00a0<\/strong><\/span><\/p>\n<p><span style=\"font-family: georgia, palatino, serif;font-size: 12pt;color: #000000\"><strong>Tendo em conta as necessidades de remodela\u00e7\u00e3o do Pal\u00e1cio de Justi\u00e7a de Mangualde, o Instituto de Gest\u00e3o Financeira e Equipamentos da Justi\u00e7a (IGFEJ) desenvolveu, em colabora\u00e7\u00e3o com a C\u00e2mara Municipal de Mangualde, um projecto para a instala\u00e7\u00e3o de uma nova sala de audi\u00eancias, para a adequa\u00e7\u00e3o do local de deten\u00e7\u00e3o e para a cria\u00e7\u00e3o de acessibilidades para pessoas com mobilidade reduzida.<\/strong><\/span><\/p>\n<ul style=\"list-style-type: circle\">\n<li><span style=\"font-size: 14pt;font-family: georgia, palatino, serif;color: #0000ff;background-color: #ffff00\"><em><strong>MELHORES CONDI\u00c7\u00d5ES PARA TODOS OS CIDAD\u00c3OS, INCLUINDO<\/strong><\/em><\/span><\/li>\n<li><span style=\"font-size: 14pt;font-family: georgia, palatino, serif;color: #0000ff;background-color: #ffff00\"><em><strong> OS DE MOBILIDADE REDUZIDA<\/strong><\/em><\/span><\/li>\n<\/ul>\n<p><span style=\"font-family: georgia, palatino, serif;font-size: 12pt;color: #000000\"><strong>\u00a0<a href=\"http:\/\/obeirao.pt\/online\/wp-content\/uploads\/2019\/07\/Mangualde-nova-sala-tribunal-2.jpg\"><img loading=\"lazy\" decoding=\"async\" class=\"alignleft wp-image-3591 size-medium\" src=\"http:\/\/obeirao.pt\/online\/wp-content\/uploads\/2019\/07\/Mangualde-nova-sala-tribunal-2-300x159.jpg\" alt=\"\" width=\"300\" height=\"159\" srcset=\"https:\/\/obeirao.pt\/online\/wp-content\/uploads\/2019\/07\/Mangualde-nova-sala-tribunal-2-300x159.jpg 300w, https:\/\/obeirao.pt\/online\/wp-content\/uploads\/2019\/07\/Mangualde-nova-sala-tribunal-2-768x406.jpg 768w, https:\/\/obeirao.pt\/online\/wp-content\/uploads\/2019\/07\/Mangualde-nova-sala-tribunal-2.jpg 1024w, https:\/\/obeirao.pt\/online\/wp-content\/uploads\/2019\/07\/Mangualde-nova-sala-tribunal-2-640x338.jpg 640w\" sizes=\"(max-width: 300px) 100vw, 300px\" \/><\/a><\/strong><strong>A empreitada representa um investimento de cerca de 218 mil euros<\/strong><strong> e passa a dotar o Pal\u00e1cio de Justi\u00e7a de Mangualde, n\u00e3o s\u00f3, de mais uma sala de audi\u00eancias, equipada com videoconfer\u00eancia, mas tamb\u00e9m, de um gabinete de apoio, de uma sala de testemunhas e da adequa\u00e7\u00e3o do local de deten\u00e7\u00e3o.<\/strong><strong>\u00a0<\/strong><\/span><\/p>\n<p><span style=\"font-family: georgia, palatino, serif;font-size: 12pt;color: #000000\"><strong>De forma a melhorar as condi\u00e7\u00f5es de acesso por parte de cidad\u00e3os com mobilidade reduzida foram, ainda, constru\u00eddas duas rampas, uma no exterior outra no interior do edif\u00edcio, adaptadas as instala\u00e7\u00f5es sanit\u00e1rias, bem como, instalado um elevador.<\/strong><strong>\u00a0<\/strong><\/span><\/p>\n<p><span style=\"font-family: georgia, palatino, serif;font-size: 12pt;color: #000000\"><strong>A Secret\u00e1ria de Estado Adjunta e da Justi\u00e7a admitiu estar nesta inaugura\u00e7\u00e3o \u201c<em>com uma satisfa\u00e7\u00e3o redobrada\u201d.<\/em> Por um lado, por honrar o compromisso dado em 2016 e, por outro, pelo valor simb\u00f3lico desta cerim\u00f3nia.<\/strong><strong>\u00a0<\/strong><\/span><\/p>\n<p><span style=\"font-family: georgia, palatino, serif;font-size: 12pt;color: #000000\"><strong>Helena Mesquita Ribeiro afirmou ter testemunhado \u201c<em>o qu\u00e3o penoso era para a popula\u00e7\u00e3o de Penalva do Castelo ter deixado de ser servida, em mat\u00e9ria de administra\u00e7\u00e3o e justi\u00e7a, pelo tribunal ent\u00e3o situado em Mangualde, para passar a ser servida em Sat\u00e3o\u201d.<\/em><\/strong><\/span><\/p>\n<p><span style=\"font-family: georgia, palatino, serif;font-size: 12pt;color: #000000\"><strong>De acordo com Helena Mesquita Ribeiro, o objectivo da reorganiza\u00e7\u00e3o do mapa judici\u00e1rio foi o de <em>\u201cmelhorar a administra\u00e7\u00e3o da justi\u00e7a\u201d<\/em>, isto \u00e9, prestar \u201c<em>um bom servi\u00e7o \u00e0s popula\u00e7\u00f5es, n\u00e3o s\u00f3 atrav\u00e9s da qualidade das decis\u00f5es, mas tamb\u00e9m, atrav\u00e9s do acesso f\u00edsico<\/em>\u201d ao tribunal.<\/strong><\/span><\/p>\n<ul style=\"list-style-type: circle\">\n<li><span style=\"font-size: 14pt;font-family: georgia, palatino, serif;color: #0000ff;background-color: #ffff00\"><strong><em>COES\u00c3O DO TERRIT\u00d3RIO E VALORIZA\u00c7\u00c3O<\/em><\/strong><\/span><\/li>\n<li><span style=\"font-size: 14pt;font-family: georgia, palatino, serif;color: #0000ff;background-color: #ffff00\"><strong><em>DO INTERIOR<\/em><\/strong><\/span><\/li>\n<\/ul>\n<p><span style=\"font-family: georgia, palatino, serif;font-size: 12pt;color: #000000\"><strong><a href=\"http:\/\/obeirao.pt\/online\/wp-content\/uploads\/2019\/07\/Mangualde-nova-sala-tribunal-1.jpg\"><img loading=\"lazy\" decoding=\"async\" class=\"alignleft wp-image-3592 size-medium\" src=\"http:\/\/obeirao.pt\/online\/wp-content\/uploads\/2019\/07\/Mangualde-nova-sala-tribunal-1-300x171.jpg\" alt=\"\" width=\"300\" height=\"171\" srcset=\"https:\/\/obeirao.pt\/online\/wp-content\/uploads\/2019\/07\/Mangualde-nova-sala-tribunal-1-300x171.jpg 300w, https:\/\/obeirao.pt\/online\/wp-content\/uploads\/2019\/07\/Mangualde-nova-sala-tribunal-1-768x437.jpg 768w, https:\/\/obeirao.pt\/online\/wp-content\/uploads\/2019\/07\/Mangualde-nova-sala-tribunal-1.jpg 1024w, https:\/\/obeirao.pt\/online\/wp-content\/uploads\/2019\/07\/Mangualde-nova-sala-tribunal-1-640x364.jpg 640w\" sizes=\"(max-width: 300px) 100vw, 300px\" \/><\/a>Esta reorganiza\u00e7\u00e3o teve tamb\u00e9m em vista, segundo a Secret\u00e1ria de Estado Adjunta e da Justi\u00e7a, <em>\u201ca coes\u00e3o do territ\u00f3rio e a valoriza\u00e7\u00e3o do interior\u201d.<\/em><\/strong><\/span><\/p>\n<p><span style=\"font-family: georgia, palatino, serif;font-size: 12pt;color: #000000\"><strong>Nas palavras do Presidente da C\u00e2mara Municipal de Mangualde, Jo\u00e3o Azevedo<\/strong><strong>, a Secret\u00e1ria de Estado Adjunta e da Justi\u00e7a, assumiu uma postura \u201c<em>absolutamente irrepreens\u00edvel<\/em>\u201d ao cumprir com a promessa feita na \u00faltima visita ao concelho, em 2016.<\/strong><\/span><\/p>\n<p><span style=\"font-family: georgia, palatino, serif;font-size: 12pt;color: #000000\"><strong>Jo\u00e3o Azevedo sublinhou<\/strong><strong> ainda que <em>\u201ca popula\u00e7\u00e3o de Penalva do Castelo merecia ter aqui o tribunal, e os Mangualdenses mereciam ver as compet\u00eancias do seu tribunal refor\u00e7adas<\/em>\u201d, tal como no passado, <em>\u201cn\u00e3o s\u00f3 pelas dificuldades sentidas por parte da popula\u00e7\u00e3o quanto \u00e0 mobilidade, mas tamb\u00e9m, pelo valor hist\u00f3rico que esta inaugura\u00e7\u00e3o representa para o concelho\u201d.<\/em> <\/strong><\/span><\/p>\n<p><span style=\"font-family: georgia, palatino, serif;font-size: 12pt;color: #000000\"><strong>Al\u00e9m do servi\u00e7o de qualidade em si, atrav\u00e9s da melhoria das condi\u00e7\u00f5es do edif\u00edcio, o autarca revelou que a vinda dos Penalvenses para Mangualde serve tamb\u00e9m para restabelecer alguma din\u00e2mica na economia local.<\/strong><\/span><\/p>\n<p><span style=\"font-family: georgia, palatino, serif;font-size: 12pt;color: #000000\"><strong>\u00a0<\/strong><\/span><\/p>\n<p><span style=\"font-family: georgia, palatino, serif;font-size: 12pt;color: #000000\"><strong>\u00a0<\/strong><\/span><\/p>\n","protected":false},"excerpt":{"rendered":"<div class=\"mh-excerpt\"><span class=\"span-reading-time rt-reading-time\" style=\"display: block;\"><span class=\"rt-label rt-prefix\">tempo de leitura:<\/span> <span class=\"rt-time\"> 3<\/span> <span class=\"rt-label rt-postfix\">minutos<\/span><\/span>Foi inaugurada esta segunda-feira (22 de Julho), a nova sala de audi\u00eancias do Pal\u00e1cio de Justi\u00e7a de Mangualde\u00a0<\/div>\n","protected":false},"author":2,"featured_media":3590,"comment_status":"open","ping_status":"open","sticky":false,"template":"","format":"standard","meta":{"footnotes":""},"categories":[2,4,1],"tags":[],"class_list":["post-3589","post","type-post","status-publish","format-standard","has-post-thumbnail","hentry","category-principal","category-regiao","category-uncategorized"],"yoast_head":"<!-- This site is optimized with the Yoast SEO plugin v27.4 - https:\/\/yoast.com\/product\/yoast-seo-wordpress\/ -->\n<title>MANGUALDE COM NOVA SALA DE AUDI\u00caNCIAS NO SEU TRIBUNAL\u00a0 - Beir\u00e3o Online<\/title>\n<meta name=\"robots\" content=\"index, follow, max-snippet:-1, max-image-preview:large, max-video-preview:-1\" \/>\n<link rel=\"canonical\" href=\"https:\/\/obeirao.pt\/online\/2019\/07\/23\/mangualde-com-nova-sala-de-audiencias-no-seu-tribunal\/\" \/>\n<meta property=\"og:locale\" content=\"pt_PT\" \/>\n<meta property=\"og:type\" content=\"article\" \/>\n<meta property=\"og:title\" content=\"MANGUALDE COM NOVA SALA DE AUDI\u00caNCIAS NO SEU TRIBUNAL\u00a0 - Beir\u00e3o Online\" \/>\n<meta property=\"og:description\" content=\"tempo de leitura: 3 minutosFoi inaugurada esta segunda-feira (22 de Julho), a nova sala de audi\u00eancias do Pal\u00e1cio de Justi\u00e7a de Mangualde\u00a0\" \/>\n<meta property=\"og:url\" content=\"https:\/\/obeirao.pt\/online\/2019\/07\/23\/mangualde-com-nova-sala-de-audiencias-no-seu-tribunal\/\" \/>\n<meta property=\"og:site_name\" content=\"Beir\u00e3o Online\" \/>\n<meta property=\"article:publisher\" content=\"https:\/\/pt-br.facebook.com\/pages\/Amigos-de-Tondela\/273620439973877\" \/>\n<meta property=\"article:published_time\" content=\"2019-07-23T13:17:05+00:00\" \/>\n<meta property=\"article:modified_time\" content=\"2019-07-23T13:17:31+00:00\" \/>\n<meta property=\"og:image\" content=\"https:\/\/obeirao.pt\/online\/wp-content\/uploads\/2019\/07\/Mangualde-nova-sala-tribunal-3.jpg\" \/>\n\t<meta property=\"og:image:width\" content=\"1024\" \/>\n\t<meta property=\"og:image:height\" content=\"531\" \/>\n\t<meta property=\"og:image:type\" content=\"image\/jpeg\" \/>\n<meta name=\"author\" content=\"Z\u00e9 Beir\u00e3o\" \/>\n<meta name=\"twitter:card\" content=\"summary_large_image\" \/>\n<meta name=\"twitter:creator\" content=\"@JoaquimDuarteP2\" \/>\n<meta name=\"twitter:site\" content=\"@JoaquimDuarteP2\" \/>\n<meta name=\"twitter:label1\" content=\"Escrito por\" \/>\n\t<meta name=\"twitter:data1\" content=\"Z\u00e9 Beir\u00e3o\" \/>\n\t<meta name=\"twitter:label2\" content=\"Tempo estimado de leitura\" \/>\n\t<meta name=\"twitter:data2\" content=\"3 minutos\" \/>\n<script type=\"application\/ld+json\" class=\"yoast-schema-graph\">{\"@context\":\"https:\\\/\\\/schema.org\",\"@graph\":[{\"@type\":\"Article\",\"@id\":\"https:\\\/\\\/obeirao.pt\\\/online\\\/2019\\\/07\\\/23\\\/mangualde-com-nova-sala-de-audiencias-no-seu-tribunal\\\/#article\",\"isPartOf\":{\"@id\":\"https:\\\/\\\/obeirao.pt\\\/online\\\/2019\\\/07\\\/23\\\/mangualde-com-nova-sala-de-audiencias-no-seu-tribunal\\\/\"},\"author\":{\"name\":\"Z\u00e9 Beir\u00e3o\",\"@id\":\"https:\\\/\\\/obeirao.pt\\\/online\\\/#\\\/schema\\\/person\\\/efac69bb5a33873e1c1bb9c1165ff38c\"},\"headline\":\"MANGUALDE COM NOVA SALA DE AUDI\u00caNCIAS NO SEU TRIBUNAL\u00a0\",\"datePublished\":\"2019-07-23T13:17:05+00:00\",\"dateModified\":\"2019-07-23T13:17:31+00:00\",\"mainEntityOfPage\":{\"@id\":\"https:\\\/\\\/obeirao.pt\\\/online\\\/2019\\\/07\\\/23\\\/mangualde-com-nova-sala-de-audiencias-no-seu-tribunal\\\/\"},\"wordCount\":597,\"commentCount\":0,\"image\":{\"@id\":\"https:\\\/\\\/obeirao.pt\\\/online\\\/2019\\\/07\\\/23\\\/mangualde-com-nova-sala-de-audiencias-no-seu-tribunal\\\/#primaryimage\"},\"thumbnailUrl\":\"https:\\\/\\\/obeirao.pt\\\/online\\\/wp-content\\\/uploads\\\/2019\\\/07\\\/Mangualde-nova-sala-tribunal-3.jpg\",\"articleSection\":[\"_Principal\",\"Regi\u00e3o\",\"Uncategorized\"],\"inLanguage\":\"pt-PT\"},{\"@type\":\"WebPage\",\"@id\":\"https:\\\/\\\/obeirao.pt\\\/online\\\/2019\\\/07\\\/23\\\/mangualde-com-nova-sala-de-audiencias-no-seu-tribunal\\\/\",\"url\":\"https:\\\/\\\/obeirao.pt\\\/online\\\/2019\\\/07\\\/23\\\/mangualde-com-nova-sala-de-audiencias-no-seu-tribunal\\\/\",\"name\":\"MANGUALDE COM NOVA SALA DE AUDI\u00caNCIAS NO SEU TRIBUNAL\u00a0 - Beir\u00e3o Online\",\"isPartOf\":{\"@id\":\"https:\\\/\\\/obeirao.pt\\\/online\\\/#website\"},\"primaryImageOfPage\":{\"@id\":\"https:\\\/\\\/obeirao.pt\\\/online\\\/2019\\\/07\\\/23\\\/mangualde-com-nova-sala-de-audiencias-no-seu-tribunal\\\/#primaryimage\"},\"image\":{\"@id\":\"https:\\\/\\\/obeirao.pt\\\/online\\\/2019\\\/07\\\/23\\\/mangualde-com-nova-sala-de-audiencias-no-seu-tribunal\\\/#primaryimage\"},\"thumbnailUrl\":\"https:\\\/\\\/obeirao.pt\\\/online\\\/wp-content\\\/uploads\\\/2019\\\/07\\\/Mangualde-nova-sala-tribunal-3.jpg\",\"datePublished\":\"2019-07-23T13:17:05+00:00\",\"dateModified\":\"2019-07-23T13:17:31+00:00\",\"author\":{\"@id\":\"https:\\\/\\\/obeirao.pt\\\/online\\\/#\\\/schema\\\/person\\\/efac69bb5a33873e1c1bb9c1165ff38c\"},\"breadcrumb\":{\"@id\":\"https:\\\/\\\/obeirao.pt\\\/online\\\/2019\\\/07\\\/23\\\/mangualde-com-nova-sala-de-audiencias-no-seu-tribunal\\\/#breadcrumb\"},\"inLanguage\":\"pt-PT\",\"potentialAction\":[{\"@type\":\"ReadAction\",\"target\":[\"https:\\\/\\\/obeirao.pt\\\/online\\\/2019\\\/07\\\/23\\\/mangualde-com-nova-sala-de-audiencias-no-seu-tribunal\\\/\"]}]},{\"@type\":\"ImageObject\",\"inLanguage\":\"pt-PT\",\"@id\":\"https:\\\/\\\/obeirao.pt\\\/online\\\/2019\\\/07\\\/23\\\/mangualde-com-nova-sala-de-audiencias-no-seu-tribunal\\\/#primaryimage\",\"url\":\"https:\\\/\\\/obeirao.pt\\\/online\\\/wp-content\\\/uploads\\\/2019\\\/07\\\/Mangualde-nova-sala-tribunal-3.jpg\",\"contentUrl\":\"https:\\\/\\\/obeirao.pt\\\/online\\\/wp-content\\\/uploads\\\/2019\\\/07\\\/Mangualde-nova-sala-tribunal-3.jpg\",\"width\":1024,\"height\":531},{\"@type\":\"BreadcrumbList\",\"@id\":\"https:\\\/\\\/obeirao.pt\\\/online\\\/2019\\\/07\\\/23\\\/mangualde-com-nova-sala-de-audiencias-no-seu-tribunal\\\/#breadcrumb\",\"itemListElement\":[{\"@type\":\"ListItem\",\"position\":1,\"name\":\"Home\",\"item\":\"https:\\\/\\\/obeirao.pt\\\/online\\\/\"},{\"@type\":\"ListItem\",\"position\":2,\"name\":\"MANGUALDE COM NOVA SALA DE AUDI\u00caNCIAS NO SEU TRIBUNAL\u00a0\"}]},{\"@type\":\"WebSite\",\"@id\":\"https:\\\/\\\/obeirao.pt\\\/online\\\/#website\",\"url\":\"https:\\\/\\\/obeirao.pt\\\/online\\\/\",\"name\":\"Beir\u00e3o Online\",\"description\":\"www.obeirao.pt\",\"potentialAction\":[{\"@type\":\"SearchAction\",\"target\":{\"@type\":\"EntryPoint\",\"urlTemplate\":\"https:\\\/\\\/obeirao.pt\\\/online\\\/?s={search_term_string}\"},\"query-input\":{\"@type\":\"PropertyValueSpecification\",\"valueRequired\":true,\"valueName\":\"search_term_string\"}}],\"inLanguage\":\"pt-PT\"},{\"@type\":\"Person\",\"@id\":\"https:\\\/\\\/obeirao.pt\\\/online\\\/#\\\/schema\\\/person\\\/efac69bb5a33873e1c1bb9c1165ff38c\",\"name\":\"Z\u00e9 Beir\u00e3o\",\"image\":{\"@type\":\"ImageObject\",\"inLanguage\":\"pt-PT\",\"@id\":\"https:\\\/\\\/secure.gravatar.com\\\/avatar\\\/c8c44d1f9327baa4d27e9b1149cd71b3?s=96&d=mm&r=g\",\"url\":\"https:\\\/\\\/secure.gravatar.com\\\/avatar\\\/c8c44d1f9327baa4d27e9b1149cd71b3?s=96&d=mm&r=g\",\"contentUrl\":\"https:\\\/\\\/secure.gravatar.com\\\/avatar\\\/c8c44d1f9327baa4d27e9b1149cd71b3?s=96&d=mm&r=g\",\"caption\":\"Z\u00e9 Beir\u00e3o\"},\"url\":\"https:\\\/\\\/obeirao.pt\\\/online\\\/author\\\/zebeirao\\\/\"}]}<\/script>\n<!-- \/ Yoast SEO plugin. -->","yoast_head_json":{"title":"MANGUALDE COM NOVA SALA DE AUDI\u00caNCIAS NO SEU TRIBUNAL\u00a0 - Beir\u00e3o Online","robots":{"index":"index","follow":"follow","max-snippet":"max-snippet:-1","max-image-preview":"max-image-preview:large","max-video-preview":"max-video-preview:-1"},"canonical":"https:\/\/obeirao.pt\/online\/2019\/07\/23\/mangualde-com-nova-sala-de-audiencias-no-seu-tribunal\/","og_locale":"pt_PT","og_type":"article","og_title":"MANGUALDE COM NOVA SALA DE AUDI\u00caNCIAS NO SEU TRIBUNAL\u00a0 - Beir\u00e3o Online","og_description":"tempo de leitura: 3 minutosFoi inaugurada esta segunda-feira (22 de Julho), a nova sala de audi\u00eancias do Pal\u00e1cio de Justi\u00e7a de Mangualde\u00a0","og_url":"https:\/\/obeirao.pt\/online\/2019\/07\/23\/mangualde-com-nova-sala-de-audiencias-no-seu-tribunal\/","og_site_name":"Beir\u00e3o Online","article_publisher":"https:\/\/pt-br.facebook.com\/pages\/Amigos-de-Tondela\/273620439973877","article_published_time":"2019-07-23T13:17:05+00:00","article_modified_time":"2019-07-23T13:17:31+00:00","og_image":[{"width":1024,"height":531,"url":"https:\/\/obeirao.pt\/online\/wp-content\/uploads\/2019\/07\/Mangualde-nova-sala-tribunal-3.jpg","type":"image\/jpeg"}],"author":"Z\u00e9 Beir\u00e3o","twitter_card":"summary_large_image","twitter_creator":"@JoaquimDuarteP2","twitter_site":"@JoaquimDuarteP2","twitter_misc":{"Escrito por":"Z\u00e9 Beir\u00e3o","Tempo estimado de leitura":"3 minutos"},"schema":{"@context":"https:\/\/schema.org","@graph":[{"@type":"Article","@id":"https:\/\/obeirao.pt\/online\/2019\/07\/23\/mangualde-com-nova-sala-de-audiencias-no-seu-tribunal\/#article","isPartOf":{"@id":"https:\/\/obeirao.pt\/online\/2019\/07\/23\/mangualde-com-nova-sala-de-audiencias-no-seu-tribunal\/"},"author":{"name":"Z\u00e9 Beir\u00e3o","@id":"https:\/\/obeirao.pt\/online\/#\/schema\/person\/efac69bb5a33873e1c1bb9c1165ff38c"},"headline":"MANGUALDE COM NOVA SALA DE AUDI\u00caNCIAS NO SEU TRIBUNAL\u00a0","datePublished":"2019-07-23T13:17:05+00:00","dateModified":"2019-07-23T13:17:31+00:00","mainEntityOfPage":{"@id":"https:\/\/obeirao.pt\/online\/2019\/07\/23\/mangualde-com-nova-sala-de-audiencias-no-seu-tribunal\/"},"wordCount":597,"commentCount":0,"image":{"@id":"https:\/\/obeirao.pt\/online\/2019\/07\/23\/mangualde-com-nova-sala-de-audiencias-no-seu-tribunal\/#primaryimage"},"thumbnailUrl":"https:\/\/obeirao.pt\/online\/wp-content\/uploads\/2019\/07\/Mangualde-nova-sala-tribunal-3.jpg","articleSection":["_Principal","Regi\u00e3o","Uncategorized"],"inLanguage":"pt-PT"},{"@type":"WebPage","@id":"https:\/\/obeirao.pt\/online\/2019\/07\/23\/mangualde-com-nova-sala-de-audiencias-no-seu-tribunal\/","url":"https:\/\/obeirao.pt\/online\/2019\/07\/23\/mangualde-com-nova-sala-de-audiencias-no-seu-tribunal\/","name":"MANGUALDE COM NOVA SALA DE AUDI\u00caNCIAS NO SEU TRIBUNAL\u00a0 - Beir\u00e3o Online","isPartOf":{"@id":"https:\/\/obeirao.pt\/online\/#website"},"primaryImageOfPage":{"@id":"https:\/\/obeirao.pt\/online\/2019\/07\/23\/mangualde-com-nova-sala-de-audiencias-no-seu-tribunal\/#primaryimage"},"image":{"@id":"https:\/\/obeirao.pt\/online\/2019\/07\/23\/mangualde-com-nova-sala-de-audiencias-no-seu-tribunal\/#primaryimage"},"thumbnailUrl":"https:\/\/obeirao.pt\/online\/wp-content\/uploads\/2019\/07\/Mangualde-nova-sala-tribunal-3.jpg","datePublished":"2019-07-23T13:17:05+00:00","dateModified":"2019-07-23T13:17:31+00:00","author":{"@id":"https:\/\/obeirao.pt\/online\/#\/schema\/person\/efac69bb5a33873e1c1bb9c1165ff38c"},"breadcrumb":{"@id":"https:\/\/obeirao.pt\/online\/2019\/07\/23\/mangualde-com-nova-sala-de-audiencias-no-seu-tribunal\/#breadcrumb"},"inLanguage":"pt-PT","potentialAction":[{"@type":"ReadAction","target":["https:\/\/obeirao.pt\/online\/2019\/07\/23\/mangualde-com-nova-sala-de-audiencias-no-seu-tribunal\/"]}]},{"@type":"ImageObject","inLanguage":"pt-PT","@id":"https:\/\/obeirao.pt\/online\/2019\/07\/23\/mangualde-com-nova-sala-de-audiencias-no-seu-tribunal\/#primaryimage","url":"https:\/\/obeirao.pt\/online\/wp-content\/uploads\/2019\/07\/Mangualde-nova-sala-tribunal-3.jpg","contentUrl":"https:\/\/obeirao.pt\/online\/wp-content\/uploads\/2019\/07\/Mangualde-nova-sala-tribunal-3.jpg","width":1024,"height":531},{"@type":"BreadcrumbList","@id":"https:\/\/obeirao.pt\/online\/2019\/07\/23\/mangualde-com-nova-sala-de-audiencias-no-seu-tribunal\/#breadcrumb","itemListElement":[{"@type":"ListItem","position":1,"name":"Home","item":"https:\/\/obeirao.pt\/online\/"},{"@type":"ListItem","position":2,"name":"MANGUALDE COM NOVA SALA DE AUDI\u00caNCIAS NO SEU TRIBUNAL\u00a0"}]},{"@type":"WebSite","@id":"https:\/\/obeirao.pt\/online\/#website","url":"https:\/\/obeirao.pt\/online\/","name":"Beir\u00e3o Online","description":"www.obeirao.pt","potentialAction":[{"@type":"SearchAction","target":{"@type":"EntryPoint","urlTemplate":"https:\/\/obeirao.pt\/online\/?s={search_term_string}"},"query-input":{"@type":"PropertyValueSpecification","valueRequired":true,"valueName":"search_term_string"}}],"inLanguage":"pt-PT"},{"@type":"Person","@id":"https:\/\/obeirao.pt\/online\/#\/schema\/person\/efac69bb5a33873e1c1bb9c1165ff38c","name":"Z\u00e9 Beir\u00e3o","image":{"@type":"ImageObject","inLanguage":"pt-PT","@id":"https:\/\/secure.gravatar.com\/avatar\/c8c44d1f9327baa4d27e9b1149cd71b3?s=96&d=mm&r=g","url":"https:\/\/secure.gravatar.com\/avatar\/c8c44d1f9327baa4d27e9b1149cd71b3?s=96&d=mm&r=g","contentUrl":"https:\/\/secure.gravatar.com\/avatar\/c8c44d1f9327baa4d27e9b1149cd71b3?s=96&d=mm&r=g","caption":"Z\u00e9 Beir\u00e3o"},"url":"https:\/\/obeirao.pt\/online\/author\/zebeirao\/"}]}},"_links":{"self":[{"href":"https:\/\/obeirao.pt\/online\/wp-json\/wp\/v2\/posts\/3589"}],"collection":[{"href":"https:\/\/obeirao.pt\/online\/wp-json\/wp\/v2\/posts"}],"about":[{"href":"https:\/\/obeirao.pt\/online\/wp-json\/wp\/v2\/types\/post"}],"author":[{"embeddable":true,"href":"https:\/\/obeirao.pt\/online\/wp-json\/wp\/v2\/users\/2"}],"replies":[{"embeddable":true,"href":"https:\/\/obeirao.pt\/online\/wp-json\/wp\/v2\/comments?post=3589"}],"version-history":[{"count":1,"href":"https:\/\/obeirao.pt\/online\/wp-json\/wp\/v2\/posts\/3589\/revisions"}],"predecessor-version":[{"id":3593,"href":"https:\/\/obeirao.pt\/online\/wp-json\/wp\/v2\/posts\/3589\/revisions\/3593"}],"wp:featuredmedia":[{"embeddable":true,"href":"https:\/\/obeirao.pt\/online\/wp-json\/wp\/v2\/media\/3590"}],"wp:attachment":[{"href":"https:\/\/obeirao.pt\/online\/wp-json\/wp\/v2\/media?parent=3589"}],"wp:term":[{"taxonomy":"category","embeddable":true,"href":"https:\/\/obeirao.pt\/online\/wp-json\/wp\/v2\/categories?post=3589"},{"taxonomy":"post_tag","embeddable":true,"href":"https:\/\/obeirao.pt\/online\/wp-json\/wp\/v2\/tags?post=3589"}],"curies":[{"name":"wp","href":"https:\/\/api.w.org\/{rel}","templated":true}]}}