{"id":3638,"date":"2019-08-01T16:29:30","date_gmt":"2019-08-01T15:29:30","guid":{"rendered":"http:\/\/obeirao.pt\/online\/?p=3638"},"modified":"2019-08-01T16:32:04","modified_gmt":"2019-08-01T15:32:04","slug":"camara-municipal-de-mangualde-ja-e-parceira-waze","status":"publish","type":"post","link":"https:\/\/obeirao.pt\/online\/2019\/08\/01\/camara-municipal-de-mangualde-ja-e-parceira-waze\/","title":{"rendered":"C\u00c2MARA MUNICIPAL DE MANGUALDE j\u00e1 \u00e9 parceira WAZE"},"content":{"rendered":"<span class=\"span-reading-time rt-reading-time\" style=\"display: block;\"><span class=\"rt-label rt-prefix\">tempo de leitura:<\/span> <span class=\"rt-time\"> 2<\/span> <span class=\"rt-label rt-postfix\">minutos<\/span><\/span><p><strong style=\"font-size: 32px\"><a href=\"http:\/\/obeirao.pt\/online\/wp-content\/uploads\/2019\/08\/Presidente-Jo\u00e3o-Azevedo-2.jpg\"><img loading=\"lazy\" decoding=\"async\" class=\"alignleft wp-image-3639 size-medium\" src=\"http:\/\/obeirao.pt\/online\/wp-content\/uploads\/2019\/08\/Presidente-Jo\u00e3o-Azevedo-2-300x200.jpg\" alt=\"\" width=\"300\" height=\"200\" srcset=\"https:\/\/obeirao.pt\/online\/wp-content\/uploads\/2019\/08\/Presidente-Jo\u00e3o-Azevedo-2-300x200.jpg 300w, https:\/\/obeirao.pt\/online\/wp-content\/uploads\/2019\/08\/Presidente-Jo\u00e3o-Azevedo-2-768x512.jpg 768w, https:\/\/obeirao.pt\/online\/wp-content\/uploads\/2019\/08\/Presidente-Jo\u00e3o-Azevedo-2.jpg 1024w, https:\/\/obeirao.pt\/online\/wp-content\/uploads\/2019\/08\/Presidente-Jo\u00e3o-Azevedo-2-640x427.jpg 640w\" sizes=\"(max-width: 300px) 100vw, 300px\" \/><\/a><\/strong><\/p>\n<p><strong><span style=\"font-family: georgia, palatino, serif;color: #000000\"><span style=\"font-size: 14pt\"><em>Munic\u00edpio celebra parceria com a plataforma de gps, tornando-se pioneiro na regi\u00e3o centro<\/em><\/span><!--more--><\/span><\/strong><\/p>\n<p><strong><span style=\"font-size: 14pt;font-family: georgia, palatino, serif;color: #000000\">Os mun\u00edcipes de Mangualde e todos aqueles que visitam o concelho podem agora contar com a ajuda da Waze, uma plataforma <em>online<\/em> de tr\u00e2nsito, pelo que todos os condicionamentos de vias passar\u00e3o a estar dispon\u00edveis nesta aplica\u00e7\u00e3o m\u00f3vel.<\/span><\/strong><\/p>\n<p><strong><span style=\"font-size: 14pt;font-family: georgia, palatino, serif;color: #000000\">O munic\u00edpio de Mangualde ter\u00e1 ainda no seu <em>website<\/em> um \u201cbot\u00e3o\u201d para o mapa do munic\u00edpio na plataforma. Dessa forma, todos os dados podem tamb\u00e9m ser consultados no\u00a0<a style=\"color: #000000\" href=\"http:\/\/www.cm-lisboa.pt\/condicionamentos-transito\">site da c\u00e2mara<\/a> que, em tempo real, dar\u00e1 informa\u00e7\u00f5es aos mun\u00edcipes e a quem visita a cidade e o concelho.<\/span><\/strong><\/p>\n<p><strong><span style=\"font-size: 14pt;font-family: georgia, palatino, serif;color: #000000\">Esta plataforma, al\u00e9m de partilhar informa\u00e7\u00e3o sobre condicionamentos nas vias do munic\u00edpio, dar\u00e1 ainda informa\u00e7\u00f5es sobre poss\u00edveis desvios, cortes de tr\u00e2nsito e at\u00e9 mesmo sobre a realiza\u00e7\u00e3o de eventos.<\/span><\/strong><\/p>\n<p><strong><span style=\"font-size: 14pt;font-family: georgia, palatino, serif;color: #000000\">Para al\u00e9m da C\u00e2mara Municipal de Mangualde, o Waze conta com v\u00e1rios parceiros oficiais, entre os quais: as C\u00e2maras Municipais de Cascais, Oeiras, Sintra e Lisboa e a Brisa. Em todo o mundo, s\u00e3o v\u00e1rias as grandes metr\u00f3poles que tamb\u00e9m aderiram \u00e0 plataforma, tais como: Rio de Janeiro, Nova Iorque, New Jersey, Boston, Budapeste, Jerusal\u00e9m, Sidney, entre outras grandes cidades no mundo.<\/span><\/strong><\/p>\n<p><strong><span style=\"font-size: 14pt;font-family: georgia, palatino, serif;color: #000000\">O WAZE tem evolu\u00eddo de uma mera aplica\u00e7\u00e3o m\u00f3vel que permite escolher o percurso mais r\u00e1pido durante a condu\u00e7\u00e3o, para um agente modificador do tr\u00e2nsito e da mobilidade, gra\u00e7as a uma base de conhecimento sem precedentes, que pretende melhorar a mobilidade urbana.<\/span><\/strong><\/p>\n<p><strong><span style=\"font-size: 14pt;font-family: georgia, palatino, serif;color: #000000\">Actualmente, a plataforma conta com milhares de parceiros a n\u00edvel mundial, incluindo entidades municipais e nacionais, ONG\u2019s e servi\u00e7os de emerg\u00eancia. Em Portugal, a APP conta com milhares de utilizadores e milh\u00f5es em todo Mundo.<\/span><\/strong><\/p>\n<p>&nbsp;<\/p>\n","protected":false},"excerpt":{"rendered":"<div class=\"mh-excerpt\"><span class=\"span-reading-time rt-reading-time\" style=\"display: block;\"><span class=\"rt-label rt-prefix\">tempo de leitura:<\/span> <span class=\"rt-time\"> 2<\/span> <span class=\"rt-label rt-postfix\">minutos<\/span><\/span>Munic\u00edpio celebra parceria com a plataforma de gps, tornando-se pioneiro na regi\u00e3o centro<\/div>\n","protected":false},"author":2,"featured_media":3639,"comment_status":"open","ping_status":"open","sticky":false,"template":"","format":"standard","meta":{"footnotes":""},"categories":[2,4,1],"tags":[],"class_list":["post-3638","post","type-post","status-publish","format-standard","has-post-thumbnail","hentry","category-principal","category-regiao","category-uncategorized"],"yoast_head":"<!-- This site is optimized with the Yoast SEO plugin v27.4 - https:\/\/yoast.com\/product\/yoast-seo-wordpress\/ -->\n<title>C\u00c2MARA MUNICIPAL DE MANGUALDE j\u00e1 \u00e9 parceira WAZE - Beir\u00e3o Online<\/title>\n<meta name=\"robots\" content=\"index, follow, max-snippet:-1, max-image-preview:large, max-video-preview:-1\" \/>\n<link rel=\"canonical\" href=\"https:\/\/obeirao.pt\/online\/2019\/08\/01\/camara-municipal-de-mangualde-ja-e-parceira-waze\/\" \/>\n<meta property=\"og:locale\" content=\"pt_PT\" \/>\n<meta property=\"og:type\" content=\"article\" \/>\n<meta property=\"og:title\" content=\"C\u00c2MARA MUNICIPAL DE MANGUALDE j\u00e1 \u00e9 parceira WAZE - Beir\u00e3o Online\" \/>\n<meta property=\"og:description\" content=\"tempo de leitura: 2 minutosMunic\u00edpio celebra parceria com a plataforma de gps, tornando-se pioneiro na regi\u00e3o centro\" \/>\n<meta property=\"og:url\" content=\"https:\/\/obeirao.pt\/online\/2019\/08\/01\/camara-municipal-de-mangualde-ja-e-parceira-waze\/\" \/>\n<meta property=\"og:site_name\" content=\"Beir\u00e3o Online\" \/>\n<meta property=\"article:publisher\" content=\"https:\/\/pt-br.facebook.com\/pages\/Amigos-de-Tondela\/273620439973877\" \/>\n<meta property=\"article:published_time\" content=\"2019-08-01T15:29:30+00:00\" \/>\n<meta property=\"article:modified_time\" content=\"2019-08-01T15:32:04+00:00\" \/>\n<meta property=\"og:image\" content=\"https:\/\/obeirao.pt\/online\/wp-content\/uploads\/2019\/08\/Presidente-Jo\u00e3o-Azevedo-2.jpg\" \/>\n\t<meta property=\"og:image:width\" content=\"1024\" \/>\n\t<meta property=\"og:image:height\" content=\"683\" \/>\n\t<meta property=\"og:image:type\" content=\"image\/jpeg\" \/>\n<meta name=\"author\" content=\"Z\u00e9 Beir\u00e3o\" \/>\n<meta name=\"twitter:card\" content=\"summary_large_image\" \/>\n<meta name=\"twitter:creator\" content=\"@JoaquimDuarteP2\" \/>\n<meta name=\"twitter:site\" content=\"@JoaquimDuarteP2\" \/>\n<meta name=\"twitter:label1\" content=\"Escrito por\" \/>\n\t<meta name=\"twitter:data1\" content=\"Z\u00e9 Beir\u00e3o\" \/>\n\t<meta name=\"twitter:label2\" content=\"Tempo estimado de leitura\" \/>\n\t<meta name=\"twitter:data2\" content=\"2 minutos\" \/>\n<script type=\"application\/ld+json\" class=\"yoast-schema-graph\">{\"@context\":\"https:\\\/\\\/schema.org\",\"@graph\":[{\"@type\":\"Article\",\"@id\":\"https:\\\/\\\/obeirao.pt\\\/online\\\/2019\\\/08\\\/01\\\/camara-municipal-de-mangualde-ja-e-parceira-waze\\\/#article\",\"isPartOf\":{\"@id\":\"https:\\\/\\\/obeirao.pt\\\/online\\\/2019\\\/08\\\/01\\\/camara-municipal-de-mangualde-ja-e-parceira-waze\\\/\"},\"author\":{\"name\":\"Z\u00e9 Beir\u00e3o\",\"@id\":\"https:\\\/\\\/obeirao.pt\\\/online\\\/#\\\/schema\\\/person\\\/efac69bb5a33873e1c1bb9c1165ff38c\"},\"headline\":\"C\u00c2MARA MUNICIPAL DE MANGUALDE j\u00e1 \u00e9 parceira WAZE\",\"datePublished\":\"2019-08-01T15:29:30+00:00\",\"dateModified\":\"2019-08-01T15:32:04+00:00\",\"mainEntityOfPage\":{\"@id\":\"https:\\\/\\\/obeirao.pt\\\/online\\\/2019\\\/08\\\/01\\\/camara-municipal-de-mangualde-ja-e-parceira-waze\\\/\"},\"wordCount\":318,\"commentCount\":0,\"image\":{\"@id\":\"https:\\\/\\\/obeirao.pt\\\/online\\\/2019\\\/08\\\/01\\\/camara-municipal-de-mangualde-ja-e-parceira-waze\\\/#primaryimage\"},\"thumbnailUrl\":\"https:\\\/\\\/obeirao.pt\\\/online\\\/wp-content\\\/uploads\\\/2019\\\/08\\\/Presidente-Jo\u00e3o-Azevedo-2.jpg\",\"articleSection\":[\"_Principal\",\"Regi\u00e3o\",\"Uncategorized\"],\"inLanguage\":\"pt-PT\"},{\"@type\":\"WebPage\",\"@id\":\"https:\\\/\\\/obeirao.pt\\\/online\\\/2019\\\/08\\\/01\\\/camara-municipal-de-mangualde-ja-e-parceira-waze\\\/\",\"url\":\"https:\\\/\\\/obeirao.pt\\\/online\\\/2019\\\/08\\\/01\\\/camara-municipal-de-mangualde-ja-e-parceira-waze\\\/\",\"name\":\"C\u00c2MARA MUNICIPAL DE MANGUALDE j\u00e1 \u00e9 parceira WAZE - Beir\u00e3o Online\",\"isPartOf\":{\"@id\":\"https:\\\/\\\/obeirao.pt\\\/online\\\/#website\"},\"primaryImageOfPage\":{\"@id\":\"https:\\\/\\\/obeirao.pt\\\/online\\\/2019\\\/08\\\/01\\\/camara-municipal-de-mangualde-ja-e-parceira-waze\\\/#primaryimage\"},\"image\":{\"@id\":\"https:\\\/\\\/obeirao.pt\\\/online\\\/2019\\\/08\\\/01\\\/camara-municipal-de-mangualde-ja-e-parceira-waze\\\/#primaryimage\"},\"thumbnailUrl\":\"https:\\\/\\\/obeirao.pt\\\/online\\\/wp-content\\\/uploads\\\/2019\\\/08\\\/Presidente-Jo\u00e3o-Azevedo-2.jpg\",\"datePublished\":\"2019-08-01T15:29:30+00:00\",\"dateModified\":\"2019-08-01T15:32:04+00:00\",\"author\":{\"@id\":\"https:\\\/\\\/obeirao.pt\\\/online\\\/#\\\/schema\\\/person\\\/efac69bb5a33873e1c1bb9c1165ff38c\"},\"breadcrumb\":{\"@id\":\"https:\\\/\\\/obeirao.pt\\\/online\\\/2019\\\/08\\\/01\\\/camara-municipal-de-mangualde-ja-e-parceira-waze\\\/#breadcrumb\"},\"inLanguage\":\"pt-PT\",\"potentialAction\":[{\"@type\":\"ReadAction\",\"target\":[\"https:\\\/\\\/obeirao.pt\\\/online\\\/2019\\\/08\\\/01\\\/camara-municipal-de-mangualde-ja-e-parceira-waze\\\/\"]}]},{\"@type\":\"ImageObject\",\"inLanguage\":\"pt-PT\",\"@id\":\"https:\\\/\\\/obeirao.pt\\\/online\\\/2019\\\/08\\\/01\\\/camara-municipal-de-mangualde-ja-e-parceira-waze\\\/#primaryimage\",\"url\":\"https:\\\/\\\/obeirao.pt\\\/online\\\/wp-content\\\/uploads\\\/2019\\\/08\\\/Presidente-Jo\u00e3o-Azevedo-2.jpg\",\"contentUrl\":\"https:\\\/\\\/obeirao.pt\\\/online\\\/wp-content\\\/uploads\\\/2019\\\/08\\\/Presidente-Jo\u00e3o-Azevedo-2.jpg\",\"width\":1024,\"height\":683},{\"@type\":\"BreadcrumbList\",\"@id\":\"https:\\\/\\\/obeirao.pt\\\/online\\\/2019\\\/08\\\/01\\\/camara-municipal-de-mangualde-ja-e-parceira-waze\\\/#breadcrumb\",\"itemListElement\":[{\"@type\":\"ListItem\",\"position\":1,\"name\":\"Home\",\"item\":\"https:\\\/\\\/obeirao.pt\\\/online\\\/\"},{\"@type\":\"ListItem\",\"position\":2,\"name\":\"C\u00c2MARA MUNICIPAL DE MANGUALDE j\u00e1 \u00e9 parceira WAZE\"}]},{\"@type\":\"WebSite\",\"@id\":\"https:\\\/\\\/obeirao.pt\\\/online\\\/#website\",\"url\":\"https:\\\/\\\/obeirao.pt\\\/online\\\/\",\"name\":\"Beir\u00e3o Online\",\"description\":\"www.obeirao.pt\",\"potentialAction\":[{\"@type\":\"SearchAction\",\"target\":{\"@type\":\"EntryPoint\",\"urlTemplate\":\"https:\\\/\\\/obeirao.pt\\\/online\\\/?s={search_term_string}\"},\"query-input\":{\"@type\":\"PropertyValueSpecification\",\"valueRequired\":true,\"valueName\":\"search_term_string\"}}],\"inLanguage\":\"pt-PT\"},{\"@type\":\"Person\",\"@id\":\"https:\\\/\\\/obeirao.pt\\\/online\\\/#\\\/schema\\\/person\\\/efac69bb5a33873e1c1bb9c1165ff38c\",\"name\":\"Z\u00e9 Beir\u00e3o\",\"image\":{\"@type\":\"ImageObject\",\"inLanguage\":\"pt-PT\",\"@id\":\"https:\\\/\\\/secure.gravatar.com\\\/avatar\\\/c8c44d1f9327baa4d27e9b1149cd71b3?s=96&d=mm&r=g\",\"url\":\"https:\\\/\\\/secure.gravatar.com\\\/avatar\\\/c8c44d1f9327baa4d27e9b1149cd71b3?s=96&d=mm&r=g\",\"contentUrl\":\"https:\\\/\\\/secure.gravatar.com\\\/avatar\\\/c8c44d1f9327baa4d27e9b1149cd71b3?s=96&d=mm&r=g\",\"caption\":\"Z\u00e9 Beir\u00e3o\"},\"url\":\"https:\\\/\\\/obeirao.pt\\\/online\\\/author\\\/zebeirao\\\/\"}]}<\/script>\n<!-- \/ Yoast SEO plugin. -->","yoast_head_json":{"title":"C\u00c2MARA MUNICIPAL DE MANGUALDE j\u00e1 \u00e9 parceira WAZE - Beir\u00e3o Online","robots":{"index":"index","follow":"follow","max-snippet":"max-snippet:-1","max-image-preview":"max-image-preview:large","max-video-preview":"max-video-preview:-1"},"canonical":"https:\/\/obeirao.pt\/online\/2019\/08\/01\/camara-municipal-de-mangualde-ja-e-parceira-waze\/","og_locale":"pt_PT","og_type":"article","og_title":"C\u00c2MARA MUNICIPAL DE MANGUALDE j\u00e1 \u00e9 parceira WAZE - Beir\u00e3o Online","og_description":"tempo de leitura: 2 minutosMunic\u00edpio celebra parceria com a plataforma de gps, tornando-se pioneiro na regi\u00e3o centro","og_url":"https:\/\/obeirao.pt\/online\/2019\/08\/01\/camara-municipal-de-mangualde-ja-e-parceira-waze\/","og_site_name":"Beir\u00e3o Online","article_publisher":"https:\/\/pt-br.facebook.com\/pages\/Amigos-de-Tondela\/273620439973877","article_published_time":"2019-08-01T15:29:30+00:00","article_modified_time":"2019-08-01T15:32:04+00:00","og_image":[{"width":1024,"height":683,"url":"https:\/\/obeirao.pt\/online\/wp-content\/uploads\/2019\/08\/Presidente-Jo\u00e3o-Azevedo-2.jpg","type":"image\/jpeg"}],"author":"Z\u00e9 Beir\u00e3o","twitter_card":"summary_large_image","twitter_creator":"@JoaquimDuarteP2","twitter_site":"@JoaquimDuarteP2","twitter_misc":{"Escrito por":"Z\u00e9 Beir\u00e3o","Tempo estimado de leitura":"2 minutos"},"schema":{"@context":"https:\/\/schema.org","@graph":[{"@type":"Article","@id":"https:\/\/obeirao.pt\/online\/2019\/08\/01\/camara-municipal-de-mangualde-ja-e-parceira-waze\/#article","isPartOf":{"@id":"https:\/\/obeirao.pt\/online\/2019\/08\/01\/camara-municipal-de-mangualde-ja-e-parceira-waze\/"},"author":{"name":"Z\u00e9 Beir\u00e3o","@id":"https:\/\/obeirao.pt\/online\/#\/schema\/person\/efac69bb5a33873e1c1bb9c1165ff38c"},"headline":"C\u00c2MARA MUNICIPAL DE MANGUALDE j\u00e1 \u00e9 parceira WAZE","datePublished":"2019-08-01T15:29:30+00:00","dateModified":"2019-08-01T15:32:04+00:00","mainEntityOfPage":{"@id":"https:\/\/obeirao.pt\/online\/2019\/08\/01\/camara-municipal-de-mangualde-ja-e-parceira-waze\/"},"wordCount":318,"commentCount":0,"image":{"@id":"https:\/\/obeirao.pt\/online\/2019\/08\/01\/camara-municipal-de-mangualde-ja-e-parceira-waze\/#primaryimage"},"thumbnailUrl":"https:\/\/obeirao.pt\/online\/wp-content\/uploads\/2019\/08\/Presidente-Jo\u00e3o-Azevedo-2.jpg","articleSection":["_Principal","Regi\u00e3o","Uncategorized"],"inLanguage":"pt-PT"},{"@type":"WebPage","@id":"https:\/\/obeirao.pt\/online\/2019\/08\/01\/camara-municipal-de-mangualde-ja-e-parceira-waze\/","url":"https:\/\/obeirao.pt\/online\/2019\/08\/01\/camara-municipal-de-mangualde-ja-e-parceira-waze\/","name":"C\u00c2MARA MUNICIPAL DE MANGUALDE j\u00e1 \u00e9 parceira WAZE - Beir\u00e3o Online","isPartOf":{"@id":"https:\/\/obeirao.pt\/online\/#website"},"primaryImageOfPage":{"@id":"https:\/\/obeirao.pt\/online\/2019\/08\/01\/camara-municipal-de-mangualde-ja-e-parceira-waze\/#primaryimage"},"image":{"@id":"https:\/\/obeirao.pt\/online\/2019\/08\/01\/camara-municipal-de-mangualde-ja-e-parceira-waze\/#primaryimage"},"thumbnailUrl":"https:\/\/obeirao.pt\/online\/wp-content\/uploads\/2019\/08\/Presidente-Jo\u00e3o-Azevedo-2.jpg","datePublished":"2019-08-01T15:29:30+00:00","dateModified":"2019-08-01T15:32:04+00:00","author":{"@id":"https:\/\/obeirao.pt\/online\/#\/schema\/person\/efac69bb5a33873e1c1bb9c1165ff38c"},"breadcrumb":{"@id":"https:\/\/obeirao.pt\/online\/2019\/08\/01\/camara-municipal-de-mangualde-ja-e-parceira-waze\/#breadcrumb"},"inLanguage":"pt-PT","potentialAction":[{"@type":"ReadAction","target":["https:\/\/obeirao.pt\/online\/2019\/08\/01\/camara-municipal-de-mangualde-ja-e-parceira-waze\/"]}]},{"@type":"ImageObject","inLanguage":"pt-PT","@id":"https:\/\/obeirao.pt\/online\/2019\/08\/01\/camara-municipal-de-mangualde-ja-e-parceira-waze\/#primaryimage","url":"https:\/\/obeirao.pt\/online\/wp-content\/uploads\/2019\/08\/Presidente-Jo\u00e3o-Azevedo-2.jpg","contentUrl":"https:\/\/obeirao.pt\/online\/wp-content\/uploads\/2019\/08\/Presidente-Jo\u00e3o-Azevedo-2.jpg","width":1024,"height":683},{"@type":"BreadcrumbList","@id":"https:\/\/obeirao.pt\/online\/2019\/08\/01\/camara-municipal-de-mangualde-ja-e-parceira-waze\/#breadcrumb","itemListElement":[{"@type":"ListItem","position":1,"name":"Home","item":"https:\/\/obeirao.pt\/online\/"},{"@type":"ListItem","position":2,"name":"C\u00c2MARA MUNICIPAL DE MANGUALDE j\u00e1 \u00e9 parceira WAZE"}]},{"@type":"WebSite","@id":"https:\/\/obeirao.pt\/online\/#website","url":"https:\/\/obeirao.pt\/online\/","name":"Beir\u00e3o Online","description":"www.obeirao.pt","potentialAction":[{"@type":"SearchAction","target":{"@type":"EntryPoint","urlTemplate":"https:\/\/obeirao.pt\/online\/?s={search_term_string}"},"query-input":{"@type":"PropertyValueSpecification","valueRequired":true,"valueName":"search_term_string"}}],"inLanguage":"pt-PT"},{"@type":"Person","@id":"https:\/\/obeirao.pt\/online\/#\/schema\/person\/efac69bb5a33873e1c1bb9c1165ff38c","name":"Z\u00e9 Beir\u00e3o","image":{"@type":"ImageObject","inLanguage":"pt-PT","@id":"https:\/\/secure.gravatar.com\/avatar\/c8c44d1f9327baa4d27e9b1149cd71b3?s=96&d=mm&r=g","url":"https:\/\/secure.gravatar.com\/avatar\/c8c44d1f9327baa4d27e9b1149cd71b3?s=96&d=mm&r=g","contentUrl":"https:\/\/secure.gravatar.com\/avatar\/c8c44d1f9327baa4d27e9b1149cd71b3?s=96&d=mm&r=g","caption":"Z\u00e9 Beir\u00e3o"},"url":"https:\/\/obeirao.pt\/online\/author\/zebeirao\/"}]}},"_links":{"self":[{"href":"https:\/\/obeirao.pt\/online\/wp-json\/wp\/v2\/posts\/3638"}],"collection":[{"href":"https:\/\/obeirao.pt\/online\/wp-json\/wp\/v2\/posts"}],"about":[{"href":"https:\/\/obeirao.pt\/online\/wp-json\/wp\/v2\/types\/post"}],"author":[{"embeddable":true,"href":"https:\/\/obeirao.pt\/online\/wp-json\/wp\/v2\/users\/2"}],"replies":[{"embeddable":true,"href":"https:\/\/obeirao.pt\/online\/wp-json\/wp\/v2\/comments?post=3638"}],"version-history":[{"count":2,"href":"https:\/\/obeirao.pt\/online\/wp-json\/wp\/v2\/posts\/3638\/revisions"}],"predecessor-version":[{"id":3641,"href":"https:\/\/obeirao.pt\/online\/wp-json\/wp\/v2\/posts\/3638\/revisions\/3641"}],"wp:featuredmedia":[{"embeddable":true,"href":"https:\/\/obeirao.pt\/online\/wp-json\/wp\/v2\/media\/3639"}],"wp:attachment":[{"href":"https:\/\/obeirao.pt\/online\/wp-json\/wp\/v2\/media?parent=3638"}],"wp:term":[{"taxonomy":"category","embeddable":true,"href":"https:\/\/obeirao.pt\/online\/wp-json\/wp\/v2\/categories?post=3638"},{"taxonomy":"post_tag","embeddable":true,"href":"https:\/\/obeirao.pt\/online\/wp-json\/wp\/v2\/tags?post=3638"}],"curies":[{"name":"wp","href":"https:\/\/api.w.org\/{rel}","templated":true}]}}