{"id":3653,"date":"2019-08-02T22:22:29","date_gmt":"2019-08-02T21:22:29","guid":{"rendered":"http:\/\/obeirao.pt\/online\/?p=3653"},"modified":"2021-03-18T10:26:45","modified_gmt":"2021-03-18T10:26:45","slug":"idosa-morre-em-despiste-de-tractor-em-s-joao-da-pesqueira","status":"publish","type":"post","link":"https:\/\/obeirao.pt\/online\/2019\/08\/02\/idosa-morre-em-despiste-de-tractor-em-s-joao-da-pesqueira\/","title":{"rendered":"IDOSA MORRE EM DESPISTE DE TRACTOR em S. Jo\u00e3o da Pesqueira"},"content":{"rendered":"<span class=\"span-reading-time rt-reading-time\" style=\"display: block;\"><span class=\"rt-label rt-prefix\">tempo de leitura:<\/span> <span class=\"rt-time\"> &lt; 1<\/span> <span class=\"rt-label rt-postfix\">minuto<\/span><\/span><p><span style=\"font-size: 24pt\"><strong><a href=\"http:\/\/obeirao.pt\/online\/wp-content\/uploads\/2019\/08\/A-perigosidade-de-um-tractor.jpg\"><img loading=\"lazy\" decoding=\"async\" class=\"alignleft wp-image-3654 size-medium\" src=\"http:\/\/obeirao.pt\/online\/wp-content\/uploads\/2019\/08\/A-perigosidade-de-um-tractor-300x201.jpg\" alt=\"\" width=\"300\" height=\"201\" srcset=\"https:\/\/obeirao.pt\/online\/wp-content\/uploads\/2019\/08\/A-perigosidade-de-um-tractor-300x201.jpg 300w, https:\/\/obeirao.pt\/online\/wp-content\/uploads\/2019\/08\/A-perigosidade-de-um-tractor.jpg 620w\" sizes=\"(max-width: 300px) 100vw, 300px\" \/><\/a><\/strong><\/span><em><span style=\"font-size: 14pt;font-family: georgia, palatino, serif\"><strong>Uma mulher de 89 anos morreu ao in\u00edcio da manh\u00e3 de hoje, na sequ\u00eancia do despiste de um tractor agr\u00edcola em S. Jo\u00e3o da Pesqueira.<\/strong><\/span><\/em><!--more--><\/p>\n<p><span style=\"font-size: 14pt;font-family: georgia, palatino, serif\"><strong>A situa\u00e7\u00e3o foi comunicada \u00e0 ag\u00eancia Lusa, por uma fonte do Comando Distrital de Opera\u00e7\u00f5es de Socorro de Viseu.<\/strong><\/span><\/p>\n<p><span style=\"font-size: 14pt;font-family: georgia, palatino, serif\"><strong>A mesma fonte referiu que o acidente, ocorrido na localidade de Espinhosa, provocou tamb\u00e9m ferimentos graves num homem, que <em>\u201cfoi helitransportado para o hospital de Vila Real\u201d.<\/em><\/strong><\/span><\/p>\n<p><span style=\"font-size: 14pt;font-family: georgia, palatino, serif\"><strong>O despiste foi registado \u00e0s 07:50, <em>\u201cno meio de terras agr\u00edcolas\u201d, <\/em>acrescentou.<\/strong><\/span><\/p>\n<p><span style=\"font-size: 14pt;font-family: georgia, palatino, serif\"><strong>Ao local, deslocaram-se 17 operacionais, apoiados por cinco viaturas e um helic\u00f3ptero.<\/strong><\/span><\/p>\n<p>&nbsp;<\/p>\n","protected":false},"excerpt":{"rendered":"<div class=\"mh-excerpt\"><span class=\"span-reading-time rt-reading-time\" style=\"display: block;\"><span class=\"rt-label rt-prefix\">tempo de leitura:<\/span> <span class=\"rt-time\"> &lt; 1<\/span> <span class=\"rt-label rt-postfix\">minuto<\/span><\/span>Uma mulher de 89 anos morreu ao in\u00edcio da manh\u00e3 de hoje, na sequ\u00eancia do despiste de um tractor agr\u00edcola em S. Jo\u00e3o da Pesqueira.<\/div>\n","protected":false},"author":2,"featured_media":3654,"comment_status":"closed","ping_status":"closed","sticky":false,"template":"","format":"standard","meta":{"footnotes":""},"categories":[2,217],"tags":[],"class_list":["post-3653","post","type-post","status-publish","format-standard","has-post-thumbnail","hentry","category-principal","category-sao-joao-da-pesqueira"],"yoast_head":"<!-- This site is optimized with the Yoast SEO plugin v27.4 - https:\/\/yoast.com\/product\/yoast-seo-wordpress\/ -->\n<title>IDOSA MORRE EM DESPISTE DE TRACTOR em S. Jo\u00e3o da Pesqueira - Beir\u00e3o Online<\/title>\n<meta name=\"robots\" content=\"index, follow, max-snippet:-1, max-image-preview:large, max-video-preview:-1\" \/>\n<link rel=\"canonical\" href=\"https:\/\/obeirao.pt\/online\/2019\/08\/02\/idosa-morre-em-despiste-de-tractor-em-s-joao-da-pesqueira\/\" \/>\n<meta property=\"og:locale\" content=\"pt_PT\" \/>\n<meta property=\"og:type\" content=\"article\" \/>\n<meta property=\"og:title\" content=\"IDOSA MORRE EM DESPISTE DE TRACTOR em S. Jo\u00e3o da Pesqueira - Beir\u00e3o Online\" \/>\n<meta property=\"og:description\" content=\"tempo de leitura: &lt; 1 minutoUma mulher de 89 anos morreu ao in\u00edcio da manh\u00e3 de hoje, na sequ\u00eancia do despiste de um tractor agr\u00edcola em S. Jo\u00e3o da Pesqueira.\" \/>\n<meta property=\"og:url\" content=\"https:\/\/obeirao.pt\/online\/2019\/08\/02\/idosa-morre-em-despiste-de-tractor-em-s-joao-da-pesqueira\/\" \/>\n<meta property=\"og:site_name\" content=\"Beir\u00e3o Online\" \/>\n<meta property=\"article:publisher\" content=\"https:\/\/pt-br.facebook.com\/pages\/Amigos-de-Tondela\/273620439973877\" \/>\n<meta property=\"article:published_time\" content=\"2019-08-02T21:22:29+00:00\" \/>\n<meta property=\"article:modified_time\" content=\"2021-03-18T10:26:45+00:00\" \/>\n<meta property=\"og:image\" content=\"https:\/\/obeirao.pt\/online\/wp-content\/uploads\/2019\/08\/A-perigosidade-de-um-tractor.jpg\" \/>\n\t<meta property=\"og:image:width\" content=\"620\" \/>\n\t<meta property=\"og:image:height\" content=\"415\" \/>\n\t<meta property=\"og:image:type\" content=\"image\/jpeg\" \/>\n<meta name=\"author\" content=\"Z\u00e9 Beir\u00e3o\" \/>\n<meta name=\"twitter:card\" content=\"summary_large_image\" \/>\n<meta name=\"twitter:creator\" content=\"@JoaquimDuarteP2\" \/>\n<meta name=\"twitter:site\" content=\"@JoaquimDuarteP2\" \/>\n<meta name=\"twitter:label1\" content=\"Escrito por\" \/>\n\t<meta name=\"twitter:data1\" content=\"Z\u00e9 Beir\u00e3o\" \/>\n\t<meta name=\"twitter:label2\" content=\"Tempo estimado de leitura\" \/>\n\t<meta name=\"twitter:data2\" content=\"1 minuto\" \/>\n<script type=\"application\/ld+json\" class=\"yoast-schema-graph\">{\"@context\":\"https:\\\/\\\/schema.org\",\"@graph\":[{\"@type\":\"Article\",\"@id\":\"https:\\\/\\\/obeirao.pt\\\/online\\\/2019\\\/08\\\/02\\\/idosa-morre-em-despiste-de-tractor-em-s-joao-da-pesqueira\\\/#article\",\"isPartOf\":{\"@id\":\"https:\\\/\\\/obeirao.pt\\\/online\\\/2019\\\/08\\\/02\\\/idosa-morre-em-despiste-de-tractor-em-s-joao-da-pesqueira\\\/\"},\"author\":{\"name\":\"Z\u00e9 Beir\u00e3o\",\"@id\":\"https:\\\/\\\/obeirao.pt\\\/online\\\/#\\\/schema\\\/person\\\/efac69bb5a33873e1c1bb9c1165ff38c\"},\"headline\":\"IDOSA MORRE EM DESPISTE DE TRACTOR em S. Jo\u00e3o da Pesqueira\",\"datePublished\":\"2019-08-02T21:22:29+00:00\",\"dateModified\":\"2021-03-18T10:26:45+00:00\",\"mainEntityOfPage\":{\"@id\":\"https:\\\/\\\/obeirao.pt\\\/online\\\/2019\\\/08\\\/02\\\/idosa-morre-em-despiste-de-tractor-em-s-joao-da-pesqueira\\\/\"},\"wordCount\":114,\"image\":{\"@id\":\"https:\\\/\\\/obeirao.pt\\\/online\\\/2019\\\/08\\\/02\\\/idosa-morre-em-despiste-de-tractor-em-s-joao-da-pesqueira\\\/#primaryimage\"},\"thumbnailUrl\":\"https:\\\/\\\/obeirao.pt\\\/online\\\/wp-content\\\/uploads\\\/2019\\\/08\\\/A-perigosidade-de-um-tractor.jpg\",\"articleSection\":[\"_Principal\",\"S\u00e3o Jo\u00e3o da Pesqueira\"],\"inLanguage\":\"pt-PT\"},{\"@type\":\"WebPage\",\"@id\":\"https:\\\/\\\/obeirao.pt\\\/online\\\/2019\\\/08\\\/02\\\/idosa-morre-em-despiste-de-tractor-em-s-joao-da-pesqueira\\\/\",\"url\":\"https:\\\/\\\/obeirao.pt\\\/online\\\/2019\\\/08\\\/02\\\/idosa-morre-em-despiste-de-tractor-em-s-joao-da-pesqueira\\\/\",\"name\":\"IDOSA MORRE EM DESPISTE DE TRACTOR em S. Jo\u00e3o da Pesqueira - Beir\u00e3o Online\",\"isPartOf\":{\"@id\":\"https:\\\/\\\/obeirao.pt\\\/online\\\/#website\"},\"primaryImageOfPage\":{\"@id\":\"https:\\\/\\\/obeirao.pt\\\/online\\\/2019\\\/08\\\/02\\\/idosa-morre-em-despiste-de-tractor-em-s-joao-da-pesqueira\\\/#primaryimage\"},\"image\":{\"@id\":\"https:\\\/\\\/obeirao.pt\\\/online\\\/2019\\\/08\\\/02\\\/idosa-morre-em-despiste-de-tractor-em-s-joao-da-pesqueira\\\/#primaryimage\"},\"thumbnailUrl\":\"https:\\\/\\\/obeirao.pt\\\/online\\\/wp-content\\\/uploads\\\/2019\\\/08\\\/A-perigosidade-de-um-tractor.jpg\",\"datePublished\":\"2019-08-02T21:22:29+00:00\",\"dateModified\":\"2021-03-18T10:26:45+00:00\",\"author\":{\"@id\":\"https:\\\/\\\/obeirao.pt\\\/online\\\/#\\\/schema\\\/person\\\/efac69bb5a33873e1c1bb9c1165ff38c\"},\"breadcrumb\":{\"@id\":\"https:\\\/\\\/obeirao.pt\\\/online\\\/2019\\\/08\\\/02\\\/idosa-morre-em-despiste-de-tractor-em-s-joao-da-pesqueira\\\/#breadcrumb\"},\"inLanguage\":\"pt-PT\",\"potentialAction\":[{\"@type\":\"ReadAction\",\"target\":[\"https:\\\/\\\/obeirao.pt\\\/online\\\/2019\\\/08\\\/02\\\/idosa-morre-em-despiste-de-tractor-em-s-joao-da-pesqueira\\\/\"]}]},{\"@type\":\"ImageObject\",\"inLanguage\":\"pt-PT\",\"@id\":\"https:\\\/\\\/obeirao.pt\\\/online\\\/2019\\\/08\\\/02\\\/idosa-morre-em-despiste-de-tractor-em-s-joao-da-pesqueira\\\/#primaryimage\",\"url\":\"https:\\\/\\\/obeirao.pt\\\/online\\\/wp-content\\\/uploads\\\/2019\\\/08\\\/A-perigosidade-de-um-tractor.jpg\",\"contentUrl\":\"https:\\\/\\\/obeirao.pt\\\/online\\\/wp-content\\\/uploads\\\/2019\\\/08\\\/A-perigosidade-de-um-tractor.jpg\",\"width\":620,\"height\":415},{\"@type\":\"BreadcrumbList\",\"@id\":\"https:\\\/\\\/obeirao.pt\\\/online\\\/2019\\\/08\\\/02\\\/idosa-morre-em-despiste-de-tractor-em-s-joao-da-pesqueira\\\/#breadcrumb\",\"itemListElement\":[{\"@type\":\"ListItem\",\"position\":1,\"name\":\"Home\",\"item\":\"https:\\\/\\\/obeirao.pt\\\/online\\\/\"},{\"@type\":\"ListItem\",\"position\":2,\"name\":\"IDOSA MORRE EM DESPISTE DE TRACTOR em S. Jo\u00e3o da Pesqueira\"}]},{\"@type\":\"WebSite\",\"@id\":\"https:\\\/\\\/obeirao.pt\\\/online\\\/#website\",\"url\":\"https:\\\/\\\/obeirao.pt\\\/online\\\/\",\"name\":\"Beir\u00e3o Online\",\"description\":\"www.obeirao.pt\",\"potentialAction\":[{\"@type\":\"SearchAction\",\"target\":{\"@type\":\"EntryPoint\",\"urlTemplate\":\"https:\\\/\\\/obeirao.pt\\\/online\\\/?s={search_term_string}\"},\"query-input\":{\"@type\":\"PropertyValueSpecification\",\"valueRequired\":true,\"valueName\":\"search_term_string\"}}],\"inLanguage\":\"pt-PT\"},{\"@type\":\"Person\",\"@id\":\"https:\\\/\\\/obeirao.pt\\\/online\\\/#\\\/schema\\\/person\\\/efac69bb5a33873e1c1bb9c1165ff38c\",\"name\":\"Z\u00e9 Beir\u00e3o\",\"image\":{\"@type\":\"ImageObject\",\"inLanguage\":\"pt-PT\",\"@id\":\"https:\\\/\\\/secure.gravatar.com\\\/avatar\\\/c8c44d1f9327baa4d27e9b1149cd71b3?s=96&d=mm&r=g\",\"url\":\"https:\\\/\\\/secure.gravatar.com\\\/avatar\\\/c8c44d1f9327baa4d27e9b1149cd71b3?s=96&d=mm&r=g\",\"contentUrl\":\"https:\\\/\\\/secure.gravatar.com\\\/avatar\\\/c8c44d1f9327baa4d27e9b1149cd71b3?s=96&d=mm&r=g\",\"caption\":\"Z\u00e9 Beir\u00e3o\"},\"url\":\"https:\\\/\\\/obeirao.pt\\\/online\\\/author\\\/zebeirao\\\/\"}]}<\/script>\n<!-- \/ Yoast SEO plugin. -->","yoast_head_json":{"title":"IDOSA MORRE EM DESPISTE DE TRACTOR em S. Jo\u00e3o da Pesqueira - Beir\u00e3o Online","robots":{"index":"index","follow":"follow","max-snippet":"max-snippet:-1","max-image-preview":"max-image-preview:large","max-video-preview":"max-video-preview:-1"},"canonical":"https:\/\/obeirao.pt\/online\/2019\/08\/02\/idosa-morre-em-despiste-de-tractor-em-s-joao-da-pesqueira\/","og_locale":"pt_PT","og_type":"article","og_title":"IDOSA MORRE EM DESPISTE DE TRACTOR em S. Jo\u00e3o da Pesqueira - Beir\u00e3o Online","og_description":"tempo de leitura: &lt; 1 minutoUma mulher de 89 anos morreu ao in\u00edcio da manh\u00e3 de hoje, na sequ\u00eancia do despiste de um tractor agr\u00edcola em S. Jo\u00e3o da Pesqueira.","og_url":"https:\/\/obeirao.pt\/online\/2019\/08\/02\/idosa-morre-em-despiste-de-tractor-em-s-joao-da-pesqueira\/","og_site_name":"Beir\u00e3o Online","article_publisher":"https:\/\/pt-br.facebook.com\/pages\/Amigos-de-Tondela\/273620439973877","article_published_time":"2019-08-02T21:22:29+00:00","article_modified_time":"2021-03-18T10:26:45+00:00","og_image":[{"width":620,"height":415,"url":"https:\/\/obeirao.pt\/online\/wp-content\/uploads\/2019\/08\/A-perigosidade-de-um-tractor.jpg","type":"image\/jpeg"}],"author":"Z\u00e9 Beir\u00e3o","twitter_card":"summary_large_image","twitter_creator":"@JoaquimDuarteP2","twitter_site":"@JoaquimDuarteP2","twitter_misc":{"Escrito por":"Z\u00e9 Beir\u00e3o","Tempo estimado de leitura":"1 minuto"},"schema":{"@context":"https:\/\/schema.org","@graph":[{"@type":"Article","@id":"https:\/\/obeirao.pt\/online\/2019\/08\/02\/idosa-morre-em-despiste-de-tractor-em-s-joao-da-pesqueira\/#article","isPartOf":{"@id":"https:\/\/obeirao.pt\/online\/2019\/08\/02\/idosa-morre-em-despiste-de-tractor-em-s-joao-da-pesqueira\/"},"author":{"name":"Z\u00e9 Beir\u00e3o","@id":"https:\/\/obeirao.pt\/online\/#\/schema\/person\/efac69bb5a33873e1c1bb9c1165ff38c"},"headline":"IDOSA MORRE EM DESPISTE DE TRACTOR em S. Jo\u00e3o da Pesqueira","datePublished":"2019-08-02T21:22:29+00:00","dateModified":"2021-03-18T10:26:45+00:00","mainEntityOfPage":{"@id":"https:\/\/obeirao.pt\/online\/2019\/08\/02\/idosa-morre-em-despiste-de-tractor-em-s-joao-da-pesqueira\/"},"wordCount":114,"image":{"@id":"https:\/\/obeirao.pt\/online\/2019\/08\/02\/idosa-morre-em-despiste-de-tractor-em-s-joao-da-pesqueira\/#primaryimage"},"thumbnailUrl":"https:\/\/obeirao.pt\/online\/wp-content\/uploads\/2019\/08\/A-perigosidade-de-um-tractor.jpg","articleSection":["_Principal","S\u00e3o Jo\u00e3o da Pesqueira"],"inLanguage":"pt-PT"},{"@type":"WebPage","@id":"https:\/\/obeirao.pt\/online\/2019\/08\/02\/idosa-morre-em-despiste-de-tractor-em-s-joao-da-pesqueira\/","url":"https:\/\/obeirao.pt\/online\/2019\/08\/02\/idosa-morre-em-despiste-de-tractor-em-s-joao-da-pesqueira\/","name":"IDOSA MORRE EM DESPISTE DE TRACTOR em S. Jo\u00e3o da Pesqueira - Beir\u00e3o Online","isPartOf":{"@id":"https:\/\/obeirao.pt\/online\/#website"},"primaryImageOfPage":{"@id":"https:\/\/obeirao.pt\/online\/2019\/08\/02\/idosa-morre-em-despiste-de-tractor-em-s-joao-da-pesqueira\/#primaryimage"},"image":{"@id":"https:\/\/obeirao.pt\/online\/2019\/08\/02\/idosa-morre-em-despiste-de-tractor-em-s-joao-da-pesqueira\/#primaryimage"},"thumbnailUrl":"https:\/\/obeirao.pt\/online\/wp-content\/uploads\/2019\/08\/A-perigosidade-de-um-tractor.jpg","datePublished":"2019-08-02T21:22:29+00:00","dateModified":"2021-03-18T10:26:45+00:00","author":{"@id":"https:\/\/obeirao.pt\/online\/#\/schema\/person\/efac69bb5a33873e1c1bb9c1165ff38c"},"breadcrumb":{"@id":"https:\/\/obeirao.pt\/online\/2019\/08\/02\/idosa-morre-em-despiste-de-tractor-em-s-joao-da-pesqueira\/#breadcrumb"},"inLanguage":"pt-PT","potentialAction":[{"@type":"ReadAction","target":["https:\/\/obeirao.pt\/online\/2019\/08\/02\/idosa-morre-em-despiste-de-tractor-em-s-joao-da-pesqueira\/"]}]},{"@type":"ImageObject","inLanguage":"pt-PT","@id":"https:\/\/obeirao.pt\/online\/2019\/08\/02\/idosa-morre-em-despiste-de-tractor-em-s-joao-da-pesqueira\/#primaryimage","url":"https:\/\/obeirao.pt\/online\/wp-content\/uploads\/2019\/08\/A-perigosidade-de-um-tractor.jpg","contentUrl":"https:\/\/obeirao.pt\/online\/wp-content\/uploads\/2019\/08\/A-perigosidade-de-um-tractor.jpg","width":620,"height":415},{"@type":"BreadcrumbList","@id":"https:\/\/obeirao.pt\/online\/2019\/08\/02\/idosa-morre-em-despiste-de-tractor-em-s-joao-da-pesqueira\/#breadcrumb","itemListElement":[{"@type":"ListItem","position":1,"name":"Home","item":"https:\/\/obeirao.pt\/online\/"},{"@type":"ListItem","position":2,"name":"IDOSA MORRE EM DESPISTE DE TRACTOR em S. Jo\u00e3o da Pesqueira"}]},{"@type":"WebSite","@id":"https:\/\/obeirao.pt\/online\/#website","url":"https:\/\/obeirao.pt\/online\/","name":"Beir\u00e3o Online","description":"www.obeirao.pt","potentialAction":[{"@type":"SearchAction","target":{"@type":"EntryPoint","urlTemplate":"https:\/\/obeirao.pt\/online\/?s={search_term_string}"},"query-input":{"@type":"PropertyValueSpecification","valueRequired":true,"valueName":"search_term_string"}}],"inLanguage":"pt-PT"},{"@type":"Person","@id":"https:\/\/obeirao.pt\/online\/#\/schema\/person\/efac69bb5a33873e1c1bb9c1165ff38c","name":"Z\u00e9 Beir\u00e3o","image":{"@type":"ImageObject","inLanguage":"pt-PT","@id":"https:\/\/secure.gravatar.com\/avatar\/c8c44d1f9327baa4d27e9b1149cd71b3?s=96&d=mm&r=g","url":"https:\/\/secure.gravatar.com\/avatar\/c8c44d1f9327baa4d27e9b1149cd71b3?s=96&d=mm&r=g","contentUrl":"https:\/\/secure.gravatar.com\/avatar\/c8c44d1f9327baa4d27e9b1149cd71b3?s=96&d=mm&r=g","caption":"Z\u00e9 Beir\u00e3o"},"url":"https:\/\/obeirao.pt\/online\/author\/zebeirao\/"}]}},"_links":{"self":[{"href":"https:\/\/obeirao.pt\/online\/wp-json\/wp\/v2\/posts\/3653"}],"collection":[{"href":"https:\/\/obeirao.pt\/online\/wp-json\/wp\/v2\/posts"}],"about":[{"href":"https:\/\/obeirao.pt\/online\/wp-json\/wp\/v2\/types\/post"}],"author":[{"embeddable":true,"href":"https:\/\/obeirao.pt\/online\/wp-json\/wp\/v2\/users\/2"}],"replies":[{"embeddable":true,"href":"https:\/\/obeirao.pt\/online\/wp-json\/wp\/v2\/comments?post=3653"}],"version-history":[{"count":1,"href":"https:\/\/obeirao.pt\/online\/wp-json\/wp\/v2\/posts\/3653\/revisions"}],"predecessor-version":[{"id":3655,"href":"https:\/\/obeirao.pt\/online\/wp-json\/wp\/v2\/posts\/3653\/revisions\/3655"}],"wp:featuredmedia":[{"embeddable":true,"href":"https:\/\/obeirao.pt\/online\/wp-json\/wp\/v2\/media\/3654"}],"wp:attachment":[{"href":"https:\/\/obeirao.pt\/online\/wp-json\/wp\/v2\/media?parent=3653"}],"wp:term":[{"taxonomy":"category","embeddable":true,"href":"https:\/\/obeirao.pt\/online\/wp-json\/wp\/v2\/categories?post=3653"},{"taxonomy":"post_tag","embeddable":true,"href":"https:\/\/obeirao.pt\/online\/wp-json\/wp\/v2\/tags?post=3653"}],"curies":[{"name":"wp","href":"https:\/\/api.w.org\/{rel}","templated":true}]}}