{"id":3656,"date":"2019-08-02T22:43:53","date_gmt":"2019-08-02T21:43:53","guid":{"rendered":"http:\/\/obeirao.pt\/online\/?p=3656"},"modified":"2019-08-02T22:44:02","modified_gmt":"2019-08-02T21:44:02","slug":"velocidades-excessivas-o-perigo-em-cada-curva","status":"publish","type":"post","link":"https:\/\/obeirao.pt\/online\/2019\/08\/02\/velocidades-excessivas-o-perigo-em-cada-curva\/","title":{"rendered":"VELOCIDADES EXCESSIVAS \u2013 o perigo em cada curva"},"content":{"rendered":"<span class=\"span-reading-time rt-reading-time\" style=\"display: block;\"><span class=\"rt-label rt-prefix\">tempo de leitura:<\/span> <span class=\"rt-time\"> 2<\/span> <span class=\"rt-label rt-postfix\">minutos<\/span><\/span><p><span style=\"font-size: 24pt\"><strong><em><a href=\"http:\/\/obeirao.pt\/online\/wp-content\/uploads\/2018\/08\/DSC_0172.jpg\"><img loading=\"lazy\" decoding=\"async\" class=\"alignleft wp-image-1643\" src=\"http:\/\/obeirao.pt\/online\/wp-content\/uploads\/2018\/08\/DSC_0172-300x131.jpg\" alt=\"\" width=\"380\" height=\"166\" srcset=\"https:\/\/obeirao.pt\/online\/wp-content\/uploads\/2018\/08\/DSC_0172-300x131.jpg 300w, https:\/\/obeirao.pt\/online\/wp-content\/uploads\/2018\/08\/DSC_0172-768x335.jpg 768w, https:\/\/obeirao.pt\/online\/wp-content\/uploads\/2018\/08\/DSC_0172.jpg 1024w\" sizes=\"(max-width: 380px) 100vw, 380px\" \/><\/a><\/em><\/strong><\/span><span style=\"font-size: 14pt\"><span style=\"font-family: georgia, palatino, serif\"><strong>Z\u00c9 BEIR\u00c3O\u00a0 &#8211;<\/strong><\/span><em><span style=\"font-family: georgia, palatino, serif\"><strong>\u00a0 Tem sido uma constante os despistes de certos automobilistas em determinados locais da cidade, cujas consequ\u00eancias, para al\u00e9m de chapas amolgadas, s\u00e3o os estragos infligidos nos candeeiros da luz el\u00e9ctrica.<\/strong><\/span><\/em><\/span><!--more--><\/p>\n<p><span style=\"font-size: 12pt;font-family: georgia, palatino, serif\"><strong>E isto, tanto pode acontecer na zona do Alto do Pend\u00e3o, na Avenida S\u00e1 Carneiro, ou em pleno bairro das Cumeeiras e Fojo, antes e depois do n\u00f3 do IP3.<\/strong><\/span><\/p>\n<p><span style=\"font-size: 12pt;font-family: georgia, palatino, serif\"><strong>Os excessos de velocidade, proibidos por lei dentro de qualquer localidade, por maior ou mais pequena que seja, levam a que as viaturas derrapem em qualquer travagem mais brusca e os ve\u00edculos tanto podem derrubar candeeiros, como tirar a vida a qualquer desgra\u00e7ado transeunte, que estiver nesses locais a hora e dia errados.<\/strong><\/span><\/p>\n<p><span style=\"font-size: 12pt;font-family: georgia, palatino, serif\"><strong>Sem d\u00favida que o perigo espreita a cada curva, a cada esquina, ou mesmo antes e depois das rotundas e em plenas ruas e avenidas.<\/strong><\/span><\/p>\n<p><span style=\"font-size: 12pt;font-family: georgia, palatino, serif\"><strong>Os pe\u00f5es, sejam, eles da cidade ou das aldeias, merecem o maior respeito, porque caminhar, \u00e9 natural, agora natural n\u00e3o ser\u00e1 transitar a velocidades proibidas, pr\u00f3prias para aut\u00f3dromos ou rampas serranas.<\/strong><\/span><\/p>\n<p><span style=\"font-size: 18pt;font-family: georgia, palatino, serif;color: #ff0000;background-color: #ffff99\"><strong><em>MEDIDAS MAIS DR\u00c1STICAS, IMP\u00d5EM-SE<\/em><\/strong><\/span><\/p>\n<p><span style=\"font-size: 12pt;font-family: georgia, palatino, serif\"><strong>Naturalmente, perante estes atentados \u00e0 vida humana e ao patrim\u00f3nio da sinaliza\u00e7\u00e3o citadina e lumin\u00e1rias que ajudam a ver melhor o caminho por onde se transita, medidas mais dr\u00e1sticas se imp\u00f5em, para al\u00e9m das rotundas, dos sem\u00e1foros e das passadeiras.<\/strong><\/span><\/p>\n<p><span style=\"font-size: 12pt;font-family: georgia, palatino, serif\"><strong>Aqui h\u00e1 uns bons anos, um amigo meu de Santiago de Besteiros, contou-me uma hist\u00f3ria muito engra\u00e7ada, passada numa rua onde morava, salvo erro, em S. Paulo ou Rio de Janeiro.<\/strong><\/span><\/p>\n<p><span style=\"font-size: 12pt;font-family: georgia, palatino, serif\"><strong>Perante os condutores que, a altas velocidades transitavam na sua rua, capazes de tirar a vida a qualquer mortal, o homem n\u00e3o viu outra maneira de acabar com a pista, que n\u00e3o fosse a coloca\u00e7\u00e3o de um pedregulho, na curva da rua que antecedia a sua resid\u00eancia, a que chamou de \u201cquebra-mola\u201d.<\/strong><\/span><\/p>\n<p><span style=\"font-size: 12pt;font-family: georgia, palatino, serif\"><strong>Sem d\u00favida que, quem ali passasse a alta velocidade, n\u00e3o teria tempo de evitar o embate do carro no pedregulho e, certamente, o motor ia \u00e0 vida.<\/strong><\/span><\/p>\n<p><span style=\"font-size: 18pt;color: #ff0000;background-color: #ffff99\"><span style=\"font-family: georgia, palatino, serif\"><strong><em>LOMBAS, PRECISAM-S<\/em><\/strong><\/span><span style=\"font-family: georgia, palatino, serif\"><strong><em>E<\/em><\/strong><\/span><\/span><\/p>\n<p><strong style=\"font-family: georgia, palatino, serif;font-size: 12pt\">Ora, aqui entre n\u00f3s, ningu\u00e9m quer colocar em frente \u00e0 sua resid\u00eancia, um \u201cquebra-mola\u201d igual ao que o meu amigo colocava no Brasil, de modo a partir motores e a testa, quando se trata de motociclistas.<\/strong><\/p>\n<p><span style=\"font-size: 12pt;font-family: georgia, palatino, serif\"><strong>O que as gentes da Rua Frei Bernardo Castelo Branco, da Avenida S\u00e1 Carneiro, da zona das Cumeeiras e do Fojo, entre outras das mais diversas ruas e avenidas, querem, \u00e9 que, aqui e ali, sejam implantadas as devidas \u201clombas\u201d, que, certamente, estar\u00e3o longe de ser \u201cquebra-molas\u201d.<\/strong><\/span><\/p>\n<p><span style=\"font-size: 12pt;font-family: georgia, palatino, serif\"><strong>Aqui fica, pois, o apelo \u00e0s entidades respons\u00e1veis do nosso Munic\u00edpio. \u00c9 tempo, destes locais, terem as suas \u201clombas\u201d, naturalmente assinaladas, para que ningu\u00e9m diga que foi apanhado desprevenido&#8230;<\/strong><\/span><\/p>\n","protected":false},"excerpt":{"rendered":"<div class=\"mh-excerpt\"><span class=\"span-reading-time rt-reading-time\" style=\"display: block;\"><span class=\"rt-label rt-prefix\">tempo de leitura:<\/span> <span class=\"rt-time\"> 2<\/span> <span class=\"rt-label rt-postfix\">minutos<\/span><\/span>Z\u00c9 BEIR\u00c3O\u00a0 &#8211;\u00a0 Tem sido uma constante os despistes de certos automobilistas em determinados locais da cidade, cujas consequ\u00eancias, para al\u00e9m de chapas amolgadas, s\u00e3o <a class=\"mh-excerpt-more\" href=\"https:\/\/obeirao.pt\/online\/2019\/08\/02\/velocidades-excessivas-o-perigo-em-cada-curva\/\" title=\"VELOCIDADES EXCESSIVAS \u2013 o perigo em cada curva\">[&#8230;]<\/a><\/div>\n","protected":false},"author":2,"featured_media":1643,"comment_status":"open","ping_status":"open","sticky":false,"template":"","format":"standard","meta":{"footnotes":""},"categories":[2,18,21],"tags":[],"class_list":["post-3656","post","type-post","status-publish","format-standard","has-post-thumbnail","hentry","category-principal","category-artigos-de-opiniao","category-ze-beirao"],"yoast_head":"<!-- This site is optimized with the Yoast SEO plugin v27.4 - https:\/\/yoast.com\/product\/yoast-seo-wordpress\/ -->\n<title>VELOCIDADES EXCESSIVAS \u2013 o perigo em cada curva - Beir\u00e3o Online<\/title>\n<meta name=\"robots\" content=\"index, follow, max-snippet:-1, max-image-preview:large, max-video-preview:-1\" \/>\n<link rel=\"canonical\" href=\"https:\/\/obeirao.pt\/online\/2019\/08\/02\/velocidades-excessivas-o-perigo-em-cada-curva\/\" \/>\n<meta property=\"og:locale\" content=\"pt_PT\" \/>\n<meta property=\"og:type\" content=\"article\" \/>\n<meta property=\"og:title\" content=\"VELOCIDADES EXCESSIVAS \u2013 o perigo em cada curva - Beir\u00e3o Online\" \/>\n<meta property=\"og:description\" content=\"tempo de leitura: 2 minutosZ\u00c9 BEIR\u00c3O\u00a0 &#8211;\u00a0 Tem sido uma constante os despistes de certos automobilistas em determinados locais da cidade, cujas consequ\u00eancias, para al\u00e9m de chapas amolgadas, s\u00e3o [...]\" \/>\n<meta property=\"og:url\" content=\"https:\/\/obeirao.pt\/online\/2019\/08\/02\/velocidades-excessivas-o-perigo-em-cada-curva\/\" \/>\n<meta property=\"og:site_name\" content=\"Beir\u00e3o Online\" \/>\n<meta property=\"article:publisher\" content=\"https:\/\/pt-br.facebook.com\/pages\/Amigos-de-Tondela\/273620439973877\" \/>\n<meta property=\"article:published_time\" content=\"2019-08-02T21:43:53+00:00\" \/>\n<meta property=\"article:modified_time\" content=\"2019-08-02T21:44:02+00:00\" \/>\n<meta property=\"og:image\" content=\"https:\/\/obeirao.pt\/online\/wp-content\/uploads\/2018\/08\/DSC_0172.jpg\" \/>\n\t<meta property=\"og:image:width\" content=\"1024\" \/>\n\t<meta property=\"og:image:height\" content=\"446\" \/>\n\t<meta property=\"og:image:type\" content=\"image\/jpeg\" \/>\n<meta name=\"author\" content=\"Z\u00e9 Beir\u00e3o\" \/>\n<meta name=\"twitter:card\" content=\"summary_large_image\" \/>\n<meta name=\"twitter:creator\" content=\"@JoaquimDuarteP2\" \/>\n<meta name=\"twitter:site\" content=\"@JoaquimDuarteP2\" \/>\n<meta name=\"twitter:label1\" content=\"Escrito por\" \/>\n\t<meta name=\"twitter:data1\" content=\"Z\u00e9 Beir\u00e3o\" \/>\n\t<meta name=\"twitter:label2\" content=\"Tempo estimado de leitura\" \/>\n\t<meta name=\"twitter:data2\" content=\"2 minutos\" \/>\n<script type=\"application\/ld+json\" class=\"yoast-schema-graph\">{\"@context\":\"https:\\\/\\\/schema.org\",\"@graph\":[{\"@type\":\"Article\",\"@id\":\"https:\\\/\\\/obeirao.pt\\\/online\\\/2019\\\/08\\\/02\\\/velocidades-excessivas-o-perigo-em-cada-curva\\\/#article\",\"isPartOf\":{\"@id\":\"https:\\\/\\\/obeirao.pt\\\/online\\\/2019\\\/08\\\/02\\\/velocidades-excessivas-o-perigo-em-cada-curva\\\/\"},\"author\":{\"name\":\"Z\u00e9 Beir\u00e3o\",\"@id\":\"https:\\\/\\\/obeirao.pt\\\/online\\\/#\\\/schema\\\/person\\\/efac69bb5a33873e1c1bb9c1165ff38c\"},\"headline\":\"VELOCIDADES EXCESSIVAS \u2013 o perigo em cada curva\",\"datePublished\":\"2019-08-02T21:43:53+00:00\",\"dateModified\":\"2019-08-02T21:44:02+00:00\",\"mainEntityOfPage\":{\"@id\":\"https:\\\/\\\/obeirao.pt\\\/online\\\/2019\\\/08\\\/02\\\/velocidades-excessivas-o-perigo-em-cada-curva\\\/\"},\"wordCount\":479,\"commentCount\":0,\"image\":{\"@id\":\"https:\\\/\\\/obeirao.pt\\\/online\\\/2019\\\/08\\\/02\\\/velocidades-excessivas-o-perigo-em-cada-curva\\\/#primaryimage\"},\"thumbnailUrl\":\"https:\\\/\\\/obeirao.pt\\\/online\\\/wp-content\\\/uploads\\\/2018\\\/08\\\/DSC_0172.jpg\",\"articleSection\":[\"_Principal\",\"Artigos de Opini\u00e3o\",\"Z\u00e9 Beir\u00e3o\"],\"inLanguage\":\"pt-PT\"},{\"@type\":\"WebPage\",\"@id\":\"https:\\\/\\\/obeirao.pt\\\/online\\\/2019\\\/08\\\/02\\\/velocidades-excessivas-o-perigo-em-cada-curva\\\/\",\"url\":\"https:\\\/\\\/obeirao.pt\\\/online\\\/2019\\\/08\\\/02\\\/velocidades-excessivas-o-perigo-em-cada-curva\\\/\",\"name\":\"VELOCIDADES EXCESSIVAS \u2013 o perigo em cada curva - Beir\u00e3o Online\",\"isPartOf\":{\"@id\":\"https:\\\/\\\/obeirao.pt\\\/online\\\/#website\"},\"primaryImageOfPage\":{\"@id\":\"https:\\\/\\\/obeirao.pt\\\/online\\\/2019\\\/08\\\/02\\\/velocidades-excessivas-o-perigo-em-cada-curva\\\/#primaryimage\"},\"image\":{\"@id\":\"https:\\\/\\\/obeirao.pt\\\/online\\\/2019\\\/08\\\/02\\\/velocidades-excessivas-o-perigo-em-cada-curva\\\/#primaryimage\"},\"thumbnailUrl\":\"https:\\\/\\\/obeirao.pt\\\/online\\\/wp-content\\\/uploads\\\/2018\\\/08\\\/DSC_0172.jpg\",\"datePublished\":\"2019-08-02T21:43:53+00:00\",\"dateModified\":\"2019-08-02T21:44:02+00:00\",\"author\":{\"@id\":\"https:\\\/\\\/obeirao.pt\\\/online\\\/#\\\/schema\\\/person\\\/efac69bb5a33873e1c1bb9c1165ff38c\"},\"breadcrumb\":{\"@id\":\"https:\\\/\\\/obeirao.pt\\\/online\\\/2019\\\/08\\\/02\\\/velocidades-excessivas-o-perigo-em-cada-curva\\\/#breadcrumb\"},\"inLanguage\":\"pt-PT\",\"potentialAction\":[{\"@type\":\"ReadAction\",\"target\":[\"https:\\\/\\\/obeirao.pt\\\/online\\\/2019\\\/08\\\/02\\\/velocidades-excessivas-o-perigo-em-cada-curva\\\/\"]}]},{\"@type\":\"ImageObject\",\"inLanguage\":\"pt-PT\",\"@id\":\"https:\\\/\\\/obeirao.pt\\\/online\\\/2019\\\/08\\\/02\\\/velocidades-excessivas-o-perigo-em-cada-curva\\\/#primaryimage\",\"url\":\"https:\\\/\\\/obeirao.pt\\\/online\\\/wp-content\\\/uploads\\\/2018\\\/08\\\/DSC_0172.jpg\",\"contentUrl\":\"https:\\\/\\\/obeirao.pt\\\/online\\\/wp-content\\\/uploads\\\/2018\\\/08\\\/DSC_0172.jpg\",\"width\":1024,\"height\":446},{\"@type\":\"BreadcrumbList\",\"@id\":\"https:\\\/\\\/obeirao.pt\\\/online\\\/2019\\\/08\\\/02\\\/velocidades-excessivas-o-perigo-em-cada-curva\\\/#breadcrumb\",\"itemListElement\":[{\"@type\":\"ListItem\",\"position\":1,\"name\":\"Home\",\"item\":\"https:\\\/\\\/obeirao.pt\\\/online\\\/\"},{\"@type\":\"ListItem\",\"position\":2,\"name\":\"VELOCIDADES EXCESSIVAS \u2013 o perigo em cada curva\"}]},{\"@type\":\"WebSite\",\"@id\":\"https:\\\/\\\/obeirao.pt\\\/online\\\/#website\",\"url\":\"https:\\\/\\\/obeirao.pt\\\/online\\\/\",\"name\":\"Beir\u00e3o Online\",\"description\":\"www.obeirao.pt\",\"potentialAction\":[{\"@type\":\"SearchAction\",\"target\":{\"@type\":\"EntryPoint\",\"urlTemplate\":\"https:\\\/\\\/obeirao.pt\\\/online\\\/?s={search_term_string}\"},\"query-input\":{\"@type\":\"PropertyValueSpecification\",\"valueRequired\":true,\"valueName\":\"search_term_string\"}}],\"inLanguage\":\"pt-PT\"},{\"@type\":\"Person\",\"@id\":\"https:\\\/\\\/obeirao.pt\\\/online\\\/#\\\/schema\\\/person\\\/efac69bb5a33873e1c1bb9c1165ff38c\",\"name\":\"Z\u00e9 Beir\u00e3o\",\"image\":{\"@type\":\"ImageObject\",\"inLanguage\":\"pt-PT\",\"@id\":\"https:\\\/\\\/secure.gravatar.com\\\/avatar\\\/c8c44d1f9327baa4d27e9b1149cd71b3?s=96&d=mm&r=g\",\"url\":\"https:\\\/\\\/secure.gravatar.com\\\/avatar\\\/c8c44d1f9327baa4d27e9b1149cd71b3?s=96&d=mm&r=g\",\"contentUrl\":\"https:\\\/\\\/secure.gravatar.com\\\/avatar\\\/c8c44d1f9327baa4d27e9b1149cd71b3?s=96&d=mm&r=g\",\"caption\":\"Z\u00e9 Beir\u00e3o\"},\"url\":\"https:\\\/\\\/obeirao.pt\\\/online\\\/author\\\/zebeirao\\\/\"}]}<\/script>\n<!-- \/ Yoast SEO plugin. -->","yoast_head_json":{"title":"VELOCIDADES EXCESSIVAS \u2013 o perigo em cada curva - Beir\u00e3o Online","robots":{"index":"index","follow":"follow","max-snippet":"max-snippet:-1","max-image-preview":"max-image-preview:large","max-video-preview":"max-video-preview:-1"},"canonical":"https:\/\/obeirao.pt\/online\/2019\/08\/02\/velocidades-excessivas-o-perigo-em-cada-curva\/","og_locale":"pt_PT","og_type":"article","og_title":"VELOCIDADES EXCESSIVAS \u2013 o perigo em cada curva - Beir\u00e3o Online","og_description":"tempo de leitura: 2 minutosZ\u00c9 BEIR\u00c3O\u00a0 &#8211;\u00a0 Tem sido uma constante os despistes de certos automobilistas em determinados locais da cidade, cujas consequ\u00eancias, para al\u00e9m de chapas amolgadas, s\u00e3o [...]","og_url":"https:\/\/obeirao.pt\/online\/2019\/08\/02\/velocidades-excessivas-o-perigo-em-cada-curva\/","og_site_name":"Beir\u00e3o Online","article_publisher":"https:\/\/pt-br.facebook.com\/pages\/Amigos-de-Tondela\/273620439973877","article_published_time":"2019-08-02T21:43:53+00:00","article_modified_time":"2019-08-02T21:44:02+00:00","og_image":[{"width":1024,"height":446,"url":"https:\/\/obeirao.pt\/online\/wp-content\/uploads\/2018\/08\/DSC_0172.jpg","type":"image\/jpeg"}],"author":"Z\u00e9 Beir\u00e3o","twitter_card":"summary_large_image","twitter_creator":"@JoaquimDuarteP2","twitter_site":"@JoaquimDuarteP2","twitter_misc":{"Escrito por":"Z\u00e9 Beir\u00e3o","Tempo estimado de leitura":"2 minutos"},"schema":{"@context":"https:\/\/schema.org","@graph":[{"@type":"Article","@id":"https:\/\/obeirao.pt\/online\/2019\/08\/02\/velocidades-excessivas-o-perigo-em-cada-curva\/#article","isPartOf":{"@id":"https:\/\/obeirao.pt\/online\/2019\/08\/02\/velocidades-excessivas-o-perigo-em-cada-curva\/"},"author":{"name":"Z\u00e9 Beir\u00e3o","@id":"https:\/\/obeirao.pt\/online\/#\/schema\/person\/efac69bb5a33873e1c1bb9c1165ff38c"},"headline":"VELOCIDADES EXCESSIVAS \u2013 o perigo em cada curva","datePublished":"2019-08-02T21:43:53+00:00","dateModified":"2019-08-02T21:44:02+00:00","mainEntityOfPage":{"@id":"https:\/\/obeirao.pt\/online\/2019\/08\/02\/velocidades-excessivas-o-perigo-em-cada-curva\/"},"wordCount":479,"commentCount":0,"image":{"@id":"https:\/\/obeirao.pt\/online\/2019\/08\/02\/velocidades-excessivas-o-perigo-em-cada-curva\/#primaryimage"},"thumbnailUrl":"https:\/\/obeirao.pt\/online\/wp-content\/uploads\/2018\/08\/DSC_0172.jpg","articleSection":["_Principal","Artigos de Opini\u00e3o","Z\u00e9 Beir\u00e3o"],"inLanguage":"pt-PT"},{"@type":"WebPage","@id":"https:\/\/obeirao.pt\/online\/2019\/08\/02\/velocidades-excessivas-o-perigo-em-cada-curva\/","url":"https:\/\/obeirao.pt\/online\/2019\/08\/02\/velocidades-excessivas-o-perigo-em-cada-curva\/","name":"VELOCIDADES EXCESSIVAS \u2013 o perigo em cada curva - Beir\u00e3o Online","isPartOf":{"@id":"https:\/\/obeirao.pt\/online\/#website"},"primaryImageOfPage":{"@id":"https:\/\/obeirao.pt\/online\/2019\/08\/02\/velocidades-excessivas-o-perigo-em-cada-curva\/#primaryimage"},"image":{"@id":"https:\/\/obeirao.pt\/online\/2019\/08\/02\/velocidades-excessivas-o-perigo-em-cada-curva\/#primaryimage"},"thumbnailUrl":"https:\/\/obeirao.pt\/online\/wp-content\/uploads\/2018\/08\/DSC_0172.jpg","datePublished":"2019-08-02T21:43:53+00:00","dateModified":"2019-08-02T21:44:02+00:00","author":{"@id":"https:\/\/obeirao.pt\/online\/#\/schema\/person\/efac69bb5a33873e1c1bb9c1165ff38c"},"breadcrumb":{"@id":"https:\/\/obeirao.pt\/online\/2019\/08\/02\/velocidades-excessivas-o-perigo-em-cada-curva\/#breadcrumb"},"inLanguage":"pt-PT","potentialAction":[{"@type":"ReadAction","target":["https:\/\/obeirao.pt\/online\/2019\/08\/02\/velocidades-excessivas-o-perigo-em-cada-curva\/"]}]},{"@type":"ImageObject","inLanguage":"pt-PT","@id":"https:\/\/obeirao.pt\/online\/2019\/08\/02\/velocidades-excessivas-o-perigo-em-cada-curva\/#primaryimage","url":"https:\/\/obeirao.pt\/online\/wp-content\/uploads\/2018\/08\/DSC_0172.jpg","contentUrl":"https:\/\/obeirao.pt\/online\/wp-content\/uploads\/2018\/08\/DSC_0172.jpg","width":1024,"height":446},{"@type":"BreadcrumbList","@id":"https:\/\/obeirao.pt\/online\/2019\/08\/02\/velocidades-excessivas-o-perigo-em-cada-curva\/#breadcrumb","itemListElement":[{"@type":"ListItem","position":1,"name":"Home","item":"https:\/\/obeirao.pt\/online\/"},{"@type":"ListItem","position":2,"name":"VELOCIDADES EXCESSIVAS \u2013 o perigo em cada curva"}]},{"@type":"WebSite","@id":"https:\/\/obeirao.pt\/online\/#website","url":"https:\/\/obeirao.pt\/online\/","name":"Beir\u00e3o Online","description":"www.obeirao.pt","potentialAction":[{"@type":"SearchAction","target":{"@type":"EntryPoint","urlTemplate":"https:\/\/obeirao.pt\/online\/?s={search_term_string}"},"query-input":{"@type":"PropertyValueSpecification","valueRequired":true,"valueName":"search_term_string"}}],"inLanguage":"pt-PT"},{"@type":"Person","@id":"https:\/\/obeirao.pt\/online\/#\/schema\/person\/efac69bb5a33873e1c1bb9c1165ff38c","name":"Z\u00e9 Beir\u00e3o","image":{"@type":"ImageObject","inLanguage":"pt-PT","@id":"https:\/\/secure.gravatar.com\/avatar\/c8c44d1f9327baa4d27e9b1149cd71b3?s=96&d=mm&r=g","url":"https:\/\/secure.gravatar.com\/avatar\/c8c44d1f9327baa4d27e9b1149cd71b3?s=96&d=mm&r=g","contentUrl":"https:\/\/secure.gravatar.com\/avatar\/c8c44d1f9327baa4d27e9b1149cd71b3?s=96&d=mm&r=g","caption":"Z\u00e9 Beir\u00e3o"},"url":"https:\/\/obeirao.pt\/online\/author\/zebeirao\/"}]}},"_links":{"self":[{"href":"https:\/\/obeirao.pt\/online\/wp-json\/wp\/v2\/posts\/3656"}],"collection":[{"href":"https:\/\/obeirao.pt\/online\/wp-json\/wp\/v2\/posts"}],"about":[{"href":"https:\/\/obeirao.pt\/online\/wp-json\/wp\/v2\/types\/post"}],"author":[{"embeddable":true,"href":"https:\/\/obeirao.pt\/online\/wp-json\/wp\/v2\/users\/2"}],"replies":[{"embeddable":true,"href":"https:\/\/obeirao.pt\/online\/wp-json\/wp\/v2\/comments?post=3656"}],"version-history":[{"count":1,"href":"https:\/\/obeirao.pt\/online\/wp-json\/wp\/v2\/posts\/3656\/revisions"}],"predecessor-version":[{"id":3657,"href":"https:\/\/obeirao.pt\/online\/wp-json\/wp\/v2\/posts\/3656\/revisions\/3657"}],"wp:featuredmedia":[{"embeddable":true,"href":"https:\/\/obeirao.pt\/online\/wp-json\/wp\/v2\/media\/1643"}],"wp:attachment":[{"href":"https:\/\/obeirao.pt\/online\/wp-json\/wp\/v2\/media?parent=3656"}],"wp:term":[{"taxonomy":"category","embeddable":true,"href":"https:\/\/obeirao.pt\/online\/wp-json\/wp\/v2\/categories?post=3656"},{"taxonomy":"post_tag","embeddable":true,"href":"https:\/\/obeirao.pt\/online\/wp-json\/wp\/v2\/tags?post=3656"}],"curies":[{"name":"wp","href":"https:\/\/api.w.org\/{rel}","templated":true}]}}