{"id":3743,"date":"2019-08-20T17:48:41","date_gmt":"2019-08-20T16:48:41","guid":{"rendered":"http:\/\/obeirao.pt\/online\/?p=3743"},"modified":"2019-08-21T13:47:08","modified_gmt":"2019-08-21T12:47:08","slug":"cd-tondela-exclente-equipa-para-um-campeonato-de-portugal","status":"publish","type":"post","link":"https:\/\/obeirao.pt\/online\/2019\/08\/20\/cd-tondela-exclente-equipa-para-um-campeonato-de-portugal\/","title":{"rendered":"CD TONDELA: Excelente equipa para um Campeonato de Portugal"},"content":{"rendered":"<span class=\"span-reading-time rt-reading-time\" style=\"display: block;\"><span class=\"rt-label rt-prefix\">tempo de leitura:<\/span> <span class=\"rt-time\"> 3<\/span> <span class=\"rt-label rt-postfix\">minutos<\/span><\/span><p><a href=\"http:\/\/obeirao.pt\/online\/wp-content\/uploads\/2019\/08\/Est\u00e1dio-Jo\u00e3o-Cardoso-1.jpg\"><img loading=\"lazy\" decoding=\"async\" class=\"wp-image-3747 alignleft\" src=\"http:\/\/obeirao.pt\/online\/wp-content\/uploads\/2019\/08\/Est\u00e1dio-Jo\u00e3o-Cardoso-1-300x151.jpg\" alt=\"\" width=\"364\" height=\"183\" srcset=\"https:\/\/obeirao.pt\/online\/wp-content\/uploads\/2019\/08\/Est\u00e1dio-Jo\u00e3o-Cardoso-1-300x151.jpg 300w, https:\/\/obeirao.pt\/online\/wp-content\/uploads\/2019\/08\/Est\u00e1dio-Jo\u00e3o-Cardoso-1-768x386.jpg 768w, https:\/\/obeirao.pt\/online\/wp-content\/uploads\/2019\/08\/Est\u00e1dio-Jo\u00e3o-Cardoso-1.jpg 1024w, https:\/\/obeirao.pt\/online\/wp-content\/uploads\/2019\/08\/Est\u00e1dio-Jo\u00e3o-Cardoso-1-640x322.jpg 640w\" sizes=\"(max-width: 364px) 100vw, 364px\" \/><\/a><\/p>\n<p><span style=\"font-family: georgia, palatino, serif\"><strong><span style=\"font-size: 12pt;color: #000000\"><span style=\"font-size: 14pt\"><em>No seu primeiro jogo em casa, perante o seu p\u00fablico, o Desportivo de Tondela, agora comandado por espanh\u00f3is, foi o reflexo de uma equipa que, naturalmente, se mostrou \u00f3ptima para um Campeonato de Portugal.<\/em><\/span><\/span><\/strong><\/span><\/p>\n<p><span style=\"font-family: georgia, palatino, serif\"><strong><span style=\"font-size: 12pt;color: #000000\"><!--more--><\/span><\/strong><\/span><\/p>\n<p><span style=\"font-family: georgia, palatino, serif\"><strong><span style=\"font-size: 12pt;color: #000000\">Com efeito, o Tondela, treinado por um t\u00e9cnico desconhecido dos portugueses, neste embate com o experiente Portimonense, este sim, orientado por um magn\u00edfico treinador, n\u00e3o deu sinais de que tinha equipa para se bater, com denodo e efic\u00e1cia, com qualquer conjunto da I Liga.<\/span><\/strong><\/span><\/p>\n<p><span style=\"font-family: georgia, palatino, serif\"><strong><span style=\"font-size: 12pt;color: #000000\">Al\u00e9m de que, as verdadeiras cores e feitios dos equipamentos, deixam muito a desejar, pois se o equipamento n\u00e3o \u00e9 todo amarelo, tamb\u00e9m pode ser todo verde, quando, na verdade, as cores naturais, s\u00e3o, camisola \u00e0s riscas verdes e amarelas e cal\u00e7\u00e3o preto, enquanto as meias eram tamb\u00e9m verdes com riscas amarelas horizontais.<\/span><\/strong><\/span><\/p>\n<p><span style=\"font-family: georgia, palatino, serif\"><strong><span style=\"font-size: 12pt;color: #000000\">Mas deixemos o equipamento, para falar no jogo, em si, que foi mau de mais para agradar aos tondelenses de Tondela que, como pediu o t\u00e9cnico espanhol, compareceram em for\u00e7a, no Est\u00e1dio Jo\u00e3o Cardoso.<\/span><\/strong><\/span><\/p>\n<p><span style=\"font-family: georgia, palatino, serif\"><strong><span style=\"font-size: 12pt;color: #000000\">Come\u00e7ando por ter algum ascendente, com jogadas de belo efeito, mas sempre sem efic\u00e1cia, a equipa da Beira Alta e do interior do pa\u00eds, foi permitindo que, paulatinamente, os algarvios se aproximassem com \u00a0perigo da baliza defendida por Cl\u00e1udio Ramos.<\/span><\/strong><\/span><\/p>\n<p><a href=\"http:\/\/obeirao.pt\/online\/wp-content\/uploads\/2019\/08\/Est\u00e1dio-J.-Cardoso-jogo-Tondela-Portimonense-1-2.jpg\"><img loading=\"lazy\" decoding=\"async\" class=\"wp-image-3748 alignright\" src=\"http:\/\/obeirao.pt\/online\/wp-content\/uploads\/2019\/08\/Est\u00e1dio-J.-Cardoso-jogo-Tondela-Portimonense-1-2-300x161.jpg\" alt=\"\" width=\"399\" height=\"214\" srcset=\"https:\/\/obeirao.pt\/online\/wp-content\/uploads\/2019\/08\/Est\u00e1dio-J.-Cardoso-jogo-Tondela-Portimonense-1-2-300x161.jpg 300w, https:\/\/obeirao.pt\/online\/wp-content\/uploads\/2019\/08\/Est\u00e1dio-J.-Cardoso-jogo-Tondela-Portimonense-1-2-768x412.jpg 768w, https:\/\/obeirao.pt\/online\/wp-content\/uploads\/2019\/08\/Est\u00e1dio-J.-Cardoso-jogo-Tondela-Portimonense-1-2.jpg 1024w, https:\/\/obeirao.pt\/online\/wp-content\/uploads\/2019\/08\/Est\u00e1dio-J.-Cardoso-jogo-Tondela-Portimonense-1-2-640x343.jpg 640w\" sizes=\"(max-width: 399px) 100vw, 399px\" \/><\/a><\/p>\n<p><span style=\"font-family: georgia, palatino, serif\"><strong><span style=\"font-size: 12pt;color: #000000\">Dessas incurs\u00f5es venenosas, nasceu o primeiro golo do Portimonense, aos 36 minutos, por interm\u00e9dio de Aylton Boa Morte e, j\u00e1 em cima do intervalo, quase sentencia a partida, com a obten\u00e7\u00e3o do seu segundo golo, desta vez por interm\u00e9dio de Iury que, do v\u00e9rtice da \u00e1rea, do lado esquerdo, remata para as malhas, com a bola a entrar entre Cl\u00e1udio Ramos e o poste esquerdo da baliza.<\/span><\/strong><\/span><\/p>\n<p><span style=\"font-family: georgia, palatino, serif\"><strong><span style=\"font-size: 12pt;color: #000000\">Tudo facilitado, por uma linha defensiva, cuja valia est\u00e1 a \u201canos-luz\u201d daquela que, na \u00faltima \u00e9poca, se mostrou mais poderosa e atenta.<\/span><\/strong><\/span><\/p>\n<p><span style=\"font-family: georgia, palatino, serif\"><strong><span style=\"font-size: 12pt;color: #000000\">O segundo tempo n\u00e3o trouxe nada de novo, \u00e0 equipa auriverde, onde se nota bem a falta de Toman\u00e9. Os ataques dos locais n\u00e3o iam criando perigos de maior aos algarvios, que souberam segurar o resultado quase at\u00e9 final, pois o ponto de honra auriverde, s\u00f3 surgiu aos 85 minutos, por interm\u00e9dio de Richard Rodrigues e j\u00e1 praticamente sem tempo para, pelo menos, empatarem a partida.<\/span><\/strong><\/span><\/p>\n<p><span style=\"font-family: georgia, palatino, serif\"><strong><span style=\"font-size: 12pt;color: #000000\">Enquanto isso, os jogadores algarvios, matreiros e experientes, iam queimando tempo, ou demorando a repor o esf\u00e9rico, caso do guarda-redes, ou a atirarem-se para o relvado, com o \u00e1rbitro, primeiramente, a condescender e, depois, a n\u00e3o permitir a entrada, constante, da equipa m\u00e9dica, mandando levantar os atletas.<\/span><\/strong><\/span><\/p>\n<p><span style=\"font-family: georgia, palatino, serif\"><strong><span style=\"font-size: 12pt;color: #000000\">E assim, de demora em demora, a vit\u00f3ria do Portimonense foi garantida, porque, al\u00e9m de manha, a equipa tamb\u00e9m mostrou efic\u00e1cia e essa, n\u00e3o foi o forte do Desportivo de Tondela.<\/span><\/strong><\/span><\/p>\n<p><span style=\"font-family: georgia, palatino, serif\"><strong><span style=\"font-size: 12pt;color: #000000\">Com este resultado os auriverdes seguem com um ponto conquistado, agora em duas rondas, seguindo j\u00e1 nesta ter\u00e7a-feira a prepara\u00e7\u00e3o para a terceira jornada que traz na \u201cementa\u201d uma desloca\u00e7\u00e3o ao reduto do Mar\u00edtimo da Madeira.<\/span><\/strong><\/span><\/p>\n<ul style=\"list-style-type: circle\">\n<li><span style=\"font-family: georgia, palatino, serif\"><strong><span style=\"font-size: 12pt;color: #000000\">JOGO: Est\u00e1dio Jo\u00e3o Cardoso, Tondela<\/span><\/strong><\/span><\/li>\n<\/ul>\n<ul style=\"list-style-type: disc\">\n<li><span style=\"font-family: georgia, palatino, serif\"><strong><span style=\"font-size: 12pt;color: #000000\">ASSIST\u00caNCIA: Cerca de 3.000 espectadores<\/span><\/strong><\/span><br \/>\n<span style=\"font-family: georgia, palatino, serif\"><strong><span style=\"font-size: 12pt;color: #000000\">\u00c1RBITRO:\u00a0Hugo Miguel<\/span><\/strong><\/span><\/li>\n<li><span style=\"font-family: georgia, palatino, serif\"><strong><span style=\"font-size: 12pt;color: #000000\">\u00c1RBITROS ASSISTENTES: Ricardo Santos, Bruno Jesus<\/span><\/strong><\/span><\/li>\n<li><span style=\"font-family: georgia, palatino, serif\"><strong><span style=\"font-size: 12pt;color: #000000\">4.\u00ba \u00c1RBITRO: Jo\u00e3o Bento<\/span><\/strong><\/span><\/li>\n<li><span style=\"font-family: georgia, palatino, serif\"><strong><span style=\"font-size: 12pt;color: #000000\">VAR\/AVAR: Tiago Martins e Pedro Mota<\/span><\/strong><\/span><\/li>\n<li><span style=\"font-family: georgia, palatino, serif\"><strong><span style=\"font-size: 12pt;color: #000000\">DISCIPLINA:\u00a0Cart\u00e3o amarelo a Bruno Wilson (82\u2019), Iury (90\u2019+3\u2019)<\/span><\/strong><\/span><\/li>\n<li><span style=\"font-family: georgia, palatino, serif\"><strong><span style=\"font-size: 12pt;color: #000000\">MARCADORES: 0-1 Aylton Boa Morte, 36\u2019; 0-2 Iury, 45\u2019 ;1-2 Richard Rodrigues, 84\u2019<\/span><\/strong><\/span><\/li>\n<\/ul>\n<p><span style=\"font-family: georgia, palatino, serif;font-size: 18pt;color: #339966;background-color: #ffff99\"><strong>CD TONDELA, 1<\/strong><\/span><\/p>\n<ul style=\"list-style-type: circle\">\n<li><span style=\"font-family: georgia, palatino, serif\"><strong><span style=\"font-size: 12pt;color: #000000\">Cl\u00e1udio Ramos, Moufi ,Bruno Wilson, Yohan Tavares, Filipe Ferreira (Jo\u00e3o Vig\u00e1rio, 69), Pedro Augusto (Pit\u00e9, 46), Pepelu, Jo\u00e3o Pedro (Xavier, 60), Jhon Murillo, Jonathan, Richard Rodrigues.<\/span><\/strong><\/span><\/li>\n<li><span style=\"font-family: georgia, palatino, serif\"><strong><span style=\"font-size: 12pt;color: #000000\">SUPLENTES:\u00a0Diogo Silva, Jo\u00e3o Vig\u00e1rio, Philipe Sampaio, Pit\u00e9, Jaquit\u00e9, Rubilio Castillo, Xavier;<\/span><\/strong><\/span><\/li>\n<li><span style=\"font-family: georgia, palatino, serif\"><strong><span style=\"font-size: 12pt;color: #000000\">TREINADOR: Natxo Gonz\u00e1lez.<\/span><\/strong><\/span><\/li>\n<\/ul>\n<p><span style=\"font-size: 18pt;color: #000000;background-color: #ffffff\"><span style=\"font-family: georgia, palatino, serif\"><strong>PORTIMONENSE, 2<\/strong><\/span><\/span><\/p>\n<ul style=\"list-style-type: circle\">\n<li><span style=\"font-family: georgia, palatino, serif\"><strong><span style=\"font-size: 12pt;color: #000000\">Ricardo Ferreira, Henrique, Willyan, Jadson, Anzai, Aylton Boa Morte (Hackman, 90+1), Pedro S\u00e1, Romulo, Bruno Tabata (Rodrigo, 87), Cevallos (Dener, 74) e Iury.<\/span><\/strong><\/span><\/li>\n<li><span style=\"font-family: georgia, palatino, serif\"><strong><span style=\"font-size: 12pt;color: #000000\">SUPLENTES:\u00a0Gonda, Hackman, Dener, Rodrigo, Marlos, Luquinhas, Jos\u00e9 Gomes<\/span><\/strong><\/span><\/li>\n<li><span style=\"font-family: georgia, palatino, serif\"><strong><span style=\"font-size: 12pt;color: #000000\">TREINADOR:\u00a0Ant\u00f3no Folha<\/span><\/strong><\/span><\/li>\n<\/ul>\n<p><span style=\"font-family: georgia, palatino, serif;font-size: 14pt\"><strong><span style=\"color: #000000\">RESULTADOS DA 2.\u00aa JORNADA<\/span><\/strong><\/span><\/p>\n<ul style=\"list-style-type: circle\">\n<li><span style=\"font-family: georgia, palatino, serif\"><strong><span style=\"font-size: 12pt;color: #000000\">Aves \u2013 Mar\u00edtimo 3-1<\/span><\/strong><\/span><\/li>\n<li><span style=\"font-family: georgia, palatino, serif\"><strong><span style=\"font-size: 12pt;color: #000000\">Belenenses \u2013 Benfica 0-2<\/span><\/strong><\/span><\/li>\n<li><span style=\"font-family: georgia, palatino, serif\"><strong><span style=\"font-size: 12pt;color: #000000\">Famalic\u00e3o \u2013 Rio Ave 1-0<\/span><\/strong><\/span><\/li>\n<li><span style=\"font-family: georgia, palatino, serif\"><strong><span style=\"font-size: 12pt;color: #000000\">Porto \u2013 Set\u00fabal 4-0<\/span><\/strong><\/span><\/li>\n<li><span style=\"font-family: georgia, palatino, serif\"><strong><span style=\"font-size: 12pt;color: #000000\">Ferreira \u2013 Santa Clara 0-1<\/span><\/strong><\/span><\/li>\n<li><span style=\"font-family: georgia, palatino, serif\"><strong><span style=\"font-size: 12pt;color: #000000\">Guimar\u00e3es- Boavista 1-1<\/span><\/strong><\/span><\/li>\n<\/ul>\n<ul style=\"list-style-type: circle\">\n<li><span style=\"font-family: georgia, palatino, serif\"><strong><span style=\"font-size: 12pt;color: #000000\">Moreirense \u2013 Gil Vicente 3-0<\/span><\/strong><\/span><\/li>\n<li><span style=\"font-family: georgia, palatino, serif\"><strong><span style=\"font-size: 12pt;color: #000000\">Sporting \u2013 Braga 2-1<\/span><\/strong><\/span><\/li>\n<li><span style=\"font-family: georgia, palatino, serif\"><strong><span style=\"font-size: 12pt;color: #000000\">TONDELA \u2013 Portimonense 1-2<\/span><\/strong><\/span><\/li>\n<\/ul>\n<p><span style=\"font-family: georgia, palatino, serif;font-size: 14pt\"><strong><span style=\"color: #000000\">PR\u00d3XIMA JORNADA (3.\u00aa)<\/span><\/strong><\/span><\/p>\n<ul style=\"list-style-type: circle\">\n<li><span style=\"font-family: georgia, palatino, serif\"><strong><span style=\"font-size: 12pt;color: #000000\">Benfica \u2013 Porto<\/span><\/strong><\/span><\/li>\n<li><span style=\"font-family: georgia, palatino, serif\"><strong><span style=\"font-size: 12pt;color: #000000\">Boavista \u2013 P. Ferreira<\/span><\/strong><\/span><\/li>\n<li><span style=\"font-family: georgia, palatino, serif\"><strong><span style=\"font-size: 12pt;color: #000000\">Gil Vicente \u2013 Braga<\/span><\/strong><\/span><\/li>\n<li><span style=\"font-family: georgia, palatino, serif\"><strong><span style=\"font-size: 12pt;color: #000000\">Guimar\u00e3es \u2013 Famalic\u00e3o<\/span><\/strong><\/span><\/li>\n<li><span style=\"font-family: georgia, palatino, serif\"><strong><span style=\"font-size: 12pt;color: #000000\">Mar\u00edtimo \u2013 TONDELA<\/span><\/strong><\/span><\/li>\n<li><span style=\"font-family: georgia, palatino, serif\"><strong><span style=\"font-size: 12pt;color: #000000\">Portimonense \u2013 Sporting<\/span><\/strong><\/span><\/li>\n<li><span style=\"font-family: georgia, palatino, serif\"><strong><span style=\"font-size: 12pt;color: #000000\">Rio Ave \u2013 Aves<\/span><\/strong><\/span><\/li>\n<li><span style=\"font-family: georgia, palatino, serif\"><strong><span style=\"font-size: 12pt;color: #000000\">Santa Clara \u2013 Belenenses<\/span><\/strong><\/span><\/li>\n<li><span style=\"font-family: georgia, palatino, serif\"><strong><span style=\"font-size: 12pt;color: #000000\">Set\u00fabal \u2013 Moreirense<\/span><\/strong><\/span><\/li>\n<\/ul>\n<p>&nbsp;<\/p>\n","protected":false},"excerpt":{"rendered":"<div class=\"mh-excerpt\"><span class=\"span-reading-time rt-reading-time\" style=\"display: block;\"><span class=\"rt-label rt-prefix\">tempo de leitura:<\/span> <span class=\"rt-time\"> 3<\/span> <span class=\"rt-label rt-postfix\">minutos<\/span><\/span>No seu primeiro jogo em casa, perante o seu p\u00fablico, o Desportivo de Tondela, agora comandado por espanh\u00f3is, foi o reflexo de uma equipa que, <a class=\"mh-excerpt-more\" href=\"https:\/\/obeirao.pt\/online\/2019\/08\/20\/cd-tondela-exclente-equipa-para-um-campeonato-de-portugal\/\" title=\"CD TONDELA: Excelente equipa para um Campeonato de Portugal\">[&#8230;]<\/a><\/div>\n","protected":false},"author":2,"featured_media":3747,"comment_status":"open","ping_status":"open","sticky":false,"template":"","format":"standard","meta":{"footnotes":""},"categories":[2,43,44],"tags":[],"class_list":["post-3743","post","type-post","status-publish","format-standard","has-post-thumbnail","hentry","category-principal","category-desporto","category-futebol"],"yoast_head":"<!-- This site is optimized with the Yoast SEO plugin v27.4 - https:\/\/yoast.com\/product\/yoast-seo-wordpress\/ -->\n<title>CD TONDELA: Excelente equipa para um Campeonato de Portugal - Beir\u00e3o Online<\/title>\n<meta name=\"robots\" content=\"index, follow, max-snippet:-1, max-image-preview:large, max-video-preview:-1\" \/>\n<link rel=\"canonical\" href=\"https:\/\/obeirao.pt\/online\/2019\/08\/20\/cd-tondela-exclente-equipa-para-um-campeonato-de-portugal\/\" \/>\n<meta property=\"og:locale\" content=\"pt_PT\" \/>\n<meta property=\"og:type\" content=\"article\" \/>\n<meta property=\"og:title\" content=\"CD TONDELA: Excelente equipa para um Campeonato de Portugal - Beir\u00e3o Online\" \/>\n<meta property=\"og:description\" content=\"tempo de leitura: 3 minutosNo seu primeiro jogo em casa, perante o seu p\u00fablico, o Desportivo de Tondela, agora comandado por espanh\u00f3is, foi o reflexo de uma equipa que, [...]\" \/>\n<meta property=\"og:url\" content=\"https:\/\/obeirao.pt\/online\/2019\/08\/20\/cd-tondela-exclente-equipa-para-um-campeonato-de-portugal\/\" \/>\n<meta property=\"og:site_name\" content=\"Beir\u00e3o Online\" \/>\n<meta property=\"article:publisher\" content=\"https:\/\/pt-br.facebook.com\/pages\/Amigos-de-Tondela\/273620439973877\" \/>\n<meta property=\"article:published_time\" content=\"2019-08-20T16:48:41+00:00\" \/>\n<meta property=\"article:modified_time\" content=\"2019-08-21T12:47:08+00:00\" \/>\n<meta property=\"og:image\" content=\"https:\/\/obeirao.pt\/online\/wp-content\/uploads\/2019\/08\/Est\u00e1dio-Jo\u00e3o-Cardoso-1.jpg\" \/>\n\t<meta property=\"og:image:width\" content=\"1024\" \/>\n\t<meta property=\"og:image:height\" content=\"515\" \/>\n\t<meta property=\"og:image:type\" content=\"image\/jpeg\" \/>\n<meta name=\"author\" content=\"Z\u00e9 Beir\u00e3o\" \/>\n<meta name=\"twitter:card\" content=\"summary_large_image\" \/>\n<meta name=\"twitter:creator\" content=\"@JoaquimDuarteP2\" \/>\n<meta name=\"twitter:site\" content=\"@JoaquimDuarteP2\" \/>\n<meta name=\"twitter:label1\" content=\"Escrito por\" \/>\n\t<meta name=\"twitter:data1\" content=\"Z\u00e9 Beir\u00e3o\" \/>\n\t<meta name=\"twitter:label2\" content=\"Tempo estimado de leitura\" \/>\n\t<meta name=\"twitter:data2\" content=\"4 minutos\" \/>\n<script type=\"application\/ld+json\" class=\"yoast-schema-graph\">{\"@context\":\"https:\\\/\\\/schema.org\",\"@graph\":[{\"@type\":\"Article\",\"@id\":\"https:\\\/\\\/obeirao.pt\\\/online\\\/2019\\\/08\\\/20\\\/cd-tondela-exclente-equipa-para-um-campeonato-de-portugal\\\/#article\",\"isPartOf\":{\"@id\":\"https:\\\/\\\/obeirao.pt\\\/online\\\/2019\\\/08\\\/20\\\/cd-tondela-exclente-equipa-para-um-campeonato-de-portugal\\\/\"},\"author\":{\"name\":\"Z\u00e9 Beir\u00e3o\",\"@id\":\"https:\\\/\\\/obeirao.pt\\\/online\\\/#\\\/schema\\\/person\\\/efac69bb5a33873e1c1bb9c1165ff38c\"},\"headline\":\"CD TONDELA: Excelente equipa para um Campeonato de Portugal\",\"datePublished\":\"2019-08-20T16:48:41+00:00\",\"dateModified\":\"2019-08-21T12:47:08+00:00\",\"mainEntityOfPage\":{\"@id\":\"https:\\\/\\\/obeirao.pt\\\/online\\\/2019\\\/08\\\/20\\\/cd-tondela-exclente-equipa-para-um-campeonato-de-portugal\\\/\"},\"wordCount\":718,\"commentCount\":0,\"image\":{\"@id\":\"https:\\\/\\\/obeirao.pt\\\/online\\\/2019\\\/08\\\/20\\\/cd-tondela-exclente-equipa-para-um-campeonato-de-portugal\\\/#primaryimage\"},\"thumbnailUrl\":\"https:\\\/\\\/obeirao.pt\\\/online\\\/wp-content\\\/uploads\\\/2019\\\/08\\\/Est\u00e1dio-Jo\u00e3o-Cardoso-1.jpg\",\"articleSection\":[\"_Principal\",\"Desporto\",\"Futebol\"],\"inLanguage\":\"pt-PT\"},{\"@type\":\"WebPage\",\"@id\":\"https:\\\/\\\/obeirao.pt\\\/online\\\/2019\\\/08\\\/20\\\/cd-tondela-exclente-equipa-para-um-campeonato-de-portugal\\\/\",\"url\":\"https:\\\/\\\/obeirao.pt\\\/online\\\/2019\\\/08\\\/20\\\/cd-tondela-exclente-equipa-para-um-campeonato-de-portugal\\\/\",\"name\":\"CD TONDELA: Excelente equipa para um Campeonato de Portugal - Beir\u00e3o Online\",\"isPartOf\":{\"@id\":\"https:\\\/\\\/obeirao.pt\\\/online\\\/#website\"},\"primaryImageOfPage\":{\"@id\":\"https:\\\/\\\/obeirao.pt\\\/online\\\/2019\\\/08\\\/20\\\/cd-tondela-exclente-equipa-para-um-campeonato-de-portugal\\\/#primaryimage\"},\"image\":{\"@id\":\"https:\\\/\\\/obeirao.pt\\\/online\\\/2019\\\/08\\\/20\\\/cd-tondela-exclente-equipa-para-um-campeonato-de-portugal\\\/#primaryimage\"},\"thumbnailUrl\":\"https:\\\/\\\/obeirao.pt\\\/online\\\/wp-content\\\/uploads\\\/2019\\\/08\\\/Est\u00e1dio-Jo\u00e3o-Cardoso-1.jpg\",\"datePublished\":\"2019-08-20T16:48:41+00:00\",\"dateModified\":\"2019-08-21T12:47:08+00:00\",\"author\":{\"@id\":\"https:\\\/\\\/obeirao.pt\\\/online\\\/#\\\/schema\\\/person\\\/efac69bb5a33873e1c1bb9c1165ff38c\"},\"breadcrumb\":{\"@id\":\"https:\\\/\\\/obeirao.pt\\\/online\\\/2019\\\/08\\\/20\\\/cd-tondela-exclente-equipa-para-um-campeonato-de-portugal\\\/#breadcrumb\"},\"inLanguage\":\"pt-PT\",\"potentialAction\":[{\"@type\":\"ReadAction\",\"target\":[\"https:\\\/\\\/obeirao.pt\\\/online\\\/2019\\\/08\\\/20\\\/cd-tondela-exclente-equipa-para-um-campeonato-de-portugal\\\/\"]}]},{\"@type\":\"ImageObject\",\"inLanguage\":\"pt-PT\",\"@id\":\"https:\\\/\\\/obeirao.pt\\\/online\\\/2019\\\/08\\\/20\\\/cd-tondela-exclente-equipa-para-um-campeonato-de-portugal\\\/#primaryimage\",\"url\":\"https:\\\/\\\/obeirao.pt\\\/online\\\/wp-content\\\/uploads\\\/2019\\\/08\\\/Est\u00e1dio-Jo\u00e3o-Cardoso-1.jpg\",\"contentUrl\":\"https:\\\/\\\/obeirao.pt\\\/online\\\/wp-content\\\/uploads\\\/2019\\\/08\\\/Est\u00e1dio-Jo\u00e3o-Cardoso-1.jpg\",\"width\":1024,\"height\":515,\"caption\":\"????????????????????????????????????\"},{\"@type\":\"BreadcrumbList\",\"@id\":\"https:\\\/\\\/obeirao.pt\\\/online\\\/2019\\\/08\\\/20\\\/cd-tondela-exclente-equipa-para-um-campeonato-de-portugal\\\/#breadcrumb\",\"itemListElement\":[{\"@type\":\"ListItem\",\"position\":1,\"name\":\"Home\",\"item\":\"https:\\\/\\\/obeirao.pt\\\/online\\\/\"},{\"@type\":\"ListItem\",\"position\":2,\"name\":\"CD TONDELA: Excelente equipa para um Campeonato de Portugal\"}]},{\"@type\":\"WebSite\",\"@id\":\"https:\\\/\\\/obeirao.pt\\\/online\\\/#website\",\"url\":\"https:\\\/\\\/obeirao.pt\\\/online\\\/\",\"name\":\"Beir\u00e3o Online\",\"description\":\"www.obeirao.pt\",\"potentialAction\":[{\"@type\":\"SearchAction\",\"target\":{\"@type\":\"EntryPoint\",\"urlTemplate\":\"https:\\\/\\\/obeirao.pt\\\/online\\\/?s={search_term_string}\"},\"query-input\":{\"@type\":\"PropertyValueSpecification\",\"valueRequired\":true,\"valueName\":\"search_term_string\"}}],\"inLanguage\":\"pt-PT\"},{\"@type\":\"Person\",\"@id\":\"https:\\\/\\\/obeirao.pt\\\/online\\\/#\\\/schema\\\/person\\\/efac69bb5a33873e1c1bb9c1165ff38c\",\"name\":\"Z\u00e9 Beir\u00e3o\",\"image\":{\"@type\":\"ImageObject\",\"inLanguage\":\"pt-PT\",\"@id\":\"https:\\\/\\\/secure.gravatar.com\\\/avatar\\\/c8c44d1f9327baa4d27e9b1149cd71b3?s=96&d=mm&r=g\",\"url\":\"https:\\\/\\\/secure.gravatar.com\\\/avatar\\\/c8c44d1f9327baa4d27e9b1149cd71b3?s=96&d=mm&r=g\",\"contentUrl\":\"https:\\\/\\\/secure.gravatar.com\\\/avatar\\\/c8c44d1f9327baa4d27e9b1149cd71b3?s=96&d=mm&r=g\",\"caption\":\"Z\u00e9 Beir\u00e3o\"},\"url\":\"https:\\\/\\\/obeirao.pt\\\/online\\\/author\\\/zebeirao\\\/\"}]}<\/script>\n<!-- \/ Yoast SEO plugin. -->","yoast_head_json":{"title":"CD TONDELA: Excelente equipa para um Campeonato de Portugal - Beir\u00e3o Online","robots":{"index":"index","follow":"follow","max-snippet":"max-snippet:-1","max-image-preview":"max-image-preview:large","max-video-preview":"max-video-preview:-1"},"canonical":"https:\/\/obeirao.pt\/online\/2019\/08\/20\/cd-tondela-exclente-equipa-para-um-campeonato-de-portugal\/","og_locale":"pt_PT","og_type":"article","og_title":"CD TONDELA: Excelente equipa para um Campeonato de Portugal - Beir\u00e3o Online","og_description":"tempo de leitura: 3 minutosNo seu primeiro jogo em casa, perante o seu p\u00fablico, o Desportivo de Tondela, agora comandado por espanh\u00f3is, foi o reflexo de uma equipa que, [...]","og_url":"https:\/\/obeirao.pt\/online\/2019\/08\/20\/cd-tondela-exclente-equipa-para-um-campeonato-de-portugal\/","og_site_name":"Beir\u00e3o Online","article_publisher":"https:\/\/pt-br.facebook.com\/pages\/Amigos-de-Tondela\/273620439973877","article_published_time":"2019-08-20T16:48:41+00:00","article_modified_time":"2019-08-21T12:47:08+00:00","og_image":[{"width":1024,"height":515,"url":"https:\/\/obeirao.pt\/online\/wp-content\/uploads\/2019\/08\/Est\u00e1dio-Jo\u00e3o-Cardoso-1.jpg","type":"image\/jpeg"}],"author":"Z\u00e9 Beir\u00e3o","twitter_card":"summary_large_image","twitter_creator":"@JoaquimDuarteP2","twitter_site":"@JoaquimDuarteP2","twitter_misc":{"Escrito por":"Z\u00e9 Beir\u00e3o","Tempo estimado de leitura":"4 minutos"},"schema":{"@context":"https:\/\/schema.org","@graph":[{"@type":"Article","@id":"https:\/\/obeirao.pt\/online\/2019\/08\/20\/cd-tondela-exclente-equipa-para-um-campeonato-de-portugal\/#article","isPartOf":{"@id":"https:\/\/obeirao.pt\/online\/2019\/08\/20\/cd-tondela-exclente-equipa-para-um-campeonato-de-portugal\/"},"author":{"name":"Z\u00e9 Beir\u00e3o","@id":"https:\/\/obeirao.pt\/online\/#\/schema\/person\/efac69bb5a33873e1c1bb9c1165ff38c"},"headline":"CD TONDELA: Excelente equipa para um Campeonato de Portugal","datePublished":"2019-08-20T16:48:41+00:00","dateModified":"2019-08-21T12:47:08+00:00","mainEntityOfPage":{"@id":"https:\/\/obeirao.pt\/online\/2019\/08\/20\/cd-tondela-exclente-equipa-para-um-campeonato-de-portugal\/"},"wordCount":718,"commentCount":0,"image":{"@id":"https:\/\/obeirao.pt\/online\/2019\/08\/20\/cd-tondela-exclente-equipa-para-um-campeonato-de-portugal\/#primaryimage"},"thumbnailUrl":"https:\/\/obeirao.pt\/online\/wp-content\/uploads\/2019\/08\/Est\u00e1dio-Jo\u00e3o-Cardoso-1.jpg","articleSection":["_Principal","Desporto","Futebol"],"inLanguage":"pt-PT"},{"@type":"WebPage","@id":"https:\/\/obeirao.pt\/online\/2019\/08\/20\/cd-tondela-exclente-equipa-para-um-campeonato-de-portugal\/","url":"https:\/\/obeirao.pt\/online\/2019\/08\/20\/cd-tondela-exclente-equipa-para-um-campeonato-de-portugal\/","name":"CD TONDELA: Excelente equipa para um Campeonato de Portugal - Beir\u00e3o Online","isPartOf":{"@id":"https:\/\/obeirao.pt\/online\/#website"},"primaryImageOfPage":{"@id":"https:\/\/obeirao.pt\/online\/2019\/08\/20\/cd-tondela-exclente-equipa-para-um-campeonato-de-portugal\/#primaryimage"},"image":{"@id":"https:\/\/obeirao.pt\/online\/2019\/08\/20\/cd-tondela-exclente-equipa-para-um-campeonato-de-portugal\/#primaryimage"},"thumbnailUrl":"https:\/\/obeirao.pt\/online\/wp-content\/uploads\/2019\/08\/Est\u00e1dio-Jo\u00e3o-Cardoso-1.jpg","datePublished":"2019-08-20T16:48:41+00:00","dateModified":"2019-08-21T12:47:08+00:00","author":{"@id":"https:\/\/obeirao.pt\/online\/#\/schema\/person\/efac69bb5a33873e1c1bb9c1165ff38c"},"breadcrumb":{"@id":"https:\/\/obeirao.pt\/online\/2019\/08\/20\/cd-tondela-exclente-equipa-para-um-campeonato-de-portugal\/#breadcrumb"},"inLanguage":"pt-PT","potentialAction":[{"@type":"ReadAction","target":["https:\/\/obeirao.pt\/online\/2019\/08\/20\/cd-tondela-exclente-equipa-para-um-campeonato-de-portugal\/"]}]},{"@type":"ImageObject","inLanguage":"pt-PT","@id":"https:\/\/obeirao.pt\/online\/2019\/08\/20\/cd-tondela-exclente-equipa-para-um-campeonato-de-portugal\/#primaryimage","url":"https:\/\/obeirao.pt\/online\/wp-content\/uploads\/2019\/08\/Est\u00e1dio-Jo\u00e3o-Cardoso-1.jpg","contentUrl":"https:\/\/obeirao.pt\/online\/wp-content\/uploads\/2019\/08\/Est\u00e1dio-Jo\u00e3o-Cardoso-1.jpg","width":1024,"height":515,"caption":"????????????????????????????????????"},{"@type":"BreadcrumbList","@id":"https:\/\/obeirao.pt\/online\/2019\/08\/20\/cd-tondela-exclente-equipa-para-um-campeonato-de-portugal\/#breadcrumb","itemListElement":[{"@type":"ListItem","position":1,"name":"Home","item":"https:\/\/obeirao.pt\/online\/"},{"@type":"ListItem","position":2,"name":"CD TONDELA: Excelente equipa para um Campeonato de Portugal"}]},{"@type":"WebSite","@id":"https:\/\/obeirao.pt\/online\/#website","url":"https:\/\/obeirao.pt\/online\/","name":"Beir\u00e3o Online","description":"www.obeirao.pt","potentialAction":[{"@type":"SearchAction","target":{"@type":"EntryPoint","urlTemplate":"https:\/\/obeirao.pt\/online\/?s={search_term_string}"},"query-input":{"@type":"PropertyValueSpecification","valueRequired":true,"valueName":"search_term_string"}}],"inLanguage":"pt-PT"},{"@type":"Person","@id":"https:\/\/obeirao.pt\/online\/#\/schema\/person\/efac69bb5a33873e1c1bb9c1165ff38c","name":"Z\u00e9 Beir\u00e3o","image":{"@type":"ImageObject","inLanguage":"pt-PT","@id":"https:\/\/secure.gravatar.com\/avatar\/c8c44d1f9327baa4d27e9b1149cd71b3?s=96&d=mm&r=g","url":"https:\/\/secure.gravatar.com\/avatar\/c8c44d1f9327baa4d27e9b1149cd71b3?s=96&d=mm&r=g","contentUrl":"https:\/\/secure.gravatar.com\/avatar\/c8c44d1f9327baa4d27e9b1149cd71b3?s=96&d=mm&r=g","caption":"Z\u00e9 Beir\u00e3o"},"url":"https:\/\/obeirao.pt\/online\/author\/zebeirao\/"}]}},"_links":{"self":[{"href":"https:\/\/obeirao.pt\/online\/wp-json\/wp\/v2\/posts\/3743"}],"collection":[{"href":"https:\/\/obeirao.pt\/online\/wp-json\/wp\/v2\/posts"}],"about":[{"href":"https:\/\/obeirao.pt\/online\/wp-json\/wp\/v2\/types\/post"}],"author":[{"embeddable":true,"href":"https:\/\/obeirao.pt\/online\/wp-json\/wp\/v2\/users\/2"}],"replies":[{"embeddable":true,"href":"https:\/\/obeirao.pt\/online\/wp-json\/wp\/v2\/comments?post=3743"}],"version-history":[{"count":5,"href":"https:\/\/obeirao.pt\/online\/wp-json\/wp\/v2\/posts\/3743\/revisions"}],"predecessor-version":[{"id":3751,"href":"https:\/\/obeirao.pt\/online\/wp-json\/wp\/v2\/posts\/3743\/revisions\/3751"}],"wp:featuredmedia":[{"embeddable":true,"href":"https:\/\/obeirao.pt\/online\/wp-json\/wp\/v2\/media\/3747"}],"wp:attachment":[{"href":"https:\/\/obeirao.pt\/online\/wp-json\/wp\/v2\/media?parent=3743"}],"wp:term":[{"taxonomy":"category","embeddable":true,"href":"https:\/\/obeirao.pt\/online\/wp-json\/wp\/v2\/categories?post=3743"},{"taxonomy":"post_tag","embeddable":true,"href":"https:\/\/obeirao.pt\/online\/wp-json\/wp\/v2\/tags?post=3743"}],"curies":[{"name":"wp","href":"https:\/\/api.w.org\/{rel}","templated":true}]}}