{"id":3752,"date":"2019-08-21T15:20:08","date_gmt":"2019-08-21T14:20:08","guid":{"rendered":"http:\/\/obeirao.pt\/online\/?p=3752"},"modified":"2019-08-21T15:20:26","modified_gmt":"2019-08-21T14:20:26","slug":"tres-milhoes-de-euros-e-o-custo-da-ampliacao-da-zona-industrial-de-tondela","status":"publish","type":"post","link":"https:\/\/obeirao.pt\/online\/2019\/08\/21\/tres-milhoes-de-euros-e-o-custo-da-ampliacao-da-zona-industrial-de-tondela\/","title":{"rendered":"TR\u00caS MILH\u00d5ES DE EUROS \u00e9 o custo da amplia\u00e7\u00e3o da Zona Industrial de Tondela"},"content":{"rendered":"<span class=\"span-reading-time rt-reading-time\" style=\"display: block;\"><span class=\"rt-label rt-prefix\">tempo de leitura:<\/span> <span class=\"rt-time\"> 3<\/span> <span class=\"rt-label rt-postfix\">minutos<\/span><\/span><p><span style=\"font-size: 24pt\"><strong><a href=\"http:\/\/obeirao.pt\/online\/wp-content\/uploads\/2019\/08\/presidente-tondela.jpg\"><img loading=\"lazy\" decoding=\"async\" class=\"alignleft wp-image-3753 size-medium\" src=\"http:\/\/obeirao.pt\/online\/wp-content\/uploads\/2019\/08\/presidente-tondela-300x181.jpg\" alt=\"\" width=\"300\" height=\"181\" srcset=\"https:\/\/obeirao.pt\/online\/wp-content\/uploads\/2019\/08\/presidente-tondela-300x181.jpg 300w, https:\/\/obeirao.pt\/online\/wp-content\/uploads\/2019\/08\/presidente-tondela-768x464.jpg 768w, https:\/\/obeirao.pt\/online\/wp-content\/uploads\/2019\/08\/presidente-tondela.jpg 1024w, https:\/\/obeirao.pt\/online\/wp-content\/uploads\/2019\/08\/presidente-tondela-640x387.jpg 640w\" sizes=\"(max-width: 300px) 100vw, 300px\" \/><\/a><\/strong><\/span><span style=\"font-size: 12pt;color: #000000\"><strong><span style=\"font-family: georgia, palatino, serif\"><em>A C\u00e2mara Municipal de Tondela aprovou hoje a adjudica\u00e7\u00e3o da empreitada de requalifica\u00e7\u00e3o e amplia\u00e7\u00e3o da Zona Industrial Municipal (ZIM) de Tondela, com um investimento de cerca de 3 milh\u00f5es de euros, segundo um comunicado da autarquia.<\/em><!--more--><\/span><\/strong><\/span><\/p>\n<p><span style=\"font-size: 12pt;color: #000000\"><strong><span style=\"font-family: georgia, palatino, serif\">A decis\u00e3o foi tomada por unanimidade na reuni\u00e3o do executivo, que decorreu durante a manh\u00e3 de ontem, dia 20 de Agosto. Esta grande interven\u00e7\u00e3o na ZIM de Tondela, que visa a sua requalifica\u00e7\u00e3o e amplia\u00e7\u00e3o, ser\u00e1 desenvolvida em cinco blocos.<\/span><\/strong><\/span><\/p>\n<p><span style=\"font-size: 12pt;color: #000000\"><strong><span style=\"font-family: georgia, palatino, serif\">O primeiro visa a requalifica\u00e7\u00e3o das infraestruturas existentes, o segundo a amplia\u00e7\u00e3o das infraestruturas da zona noroeste e a requalifica\u00e7\u00e3o da ex-N2 (entre o n\u00f3 do IP3 e a rotunda sul), enquanto que o terceiro prev\u00ea a amplia\u00e7\u00e3o de infraestruturas, com abertura e infraestrutura\u00e7\u00e3o do arruamento nascente.\u00a0O bloco 4 contempla a constru\u00e7\u00e3o de um novo parque de estacionamento e o bloco 5 prev\u00ea um sistema adicional de combate a inc\u00eandios.<\/span><\/strong><\/span><\/p>\n<p><span style=\"font-size: 12pt;color: #000000\"><strong><span style=\"font-family: georgia, palatino, serif\">Para o presidente da C\u00e2mara Municipal de Tondela, Jos\u00e9 Ant\u00f3nio de Jesus, trata-se de um investimento de extrema import\u00e2ncia, j\u00e1 que vai permitir a expans\u00e3o desta infraestrutura, mas tamb\u00e9m a requalifica\u00e7\u00e3o da parte constru\u00edda no in\u00edcio da d\u00e9cada de 90.<\/span><\/strong><\/span><\/p>\n<ul style=\"list-style-type: circle\">\n<li style=\"text-align: right\"><span style=\"font-size: 14pt;color: #ff0000;background-color: #ffff99\"><strong><span style=\"font-family: georgia, palatino, serif\"><em>ZIM DE TONDELA COM MAIS<\/em><\/span><\/strong><\/span><\/li>\n<li style=\"text-align: right\"><span style=\"font-size: 14pt;color: #ff0000;background-color: #ffff99\"><strong><span style=\"font-family: georgia, palatino, serif\"><em>DE 40 HECTARES<\/em><\/span><\/strong><\/span><\/li>\n<li><\/li>\n<li><span style=\"font-size: 12pt;color: #000000\"><strong><span style=\"font-family: georgia, palatino, serif\">Estes trabalhos, desenvolvido<\/span><\/strong><\/span><strong style=\"font-size: 12pt;color: #000000\"><span style=\"font-family: georgia, palatino, serif\">s em cinco blocos, por tr\u00eas empresas diferentes, t\u00eam prazos de execu\u00e7\u00e3o que v\u00e3o dos 120 dias at\u00e9 aos 540 dias.<\/span><\/strong><\/li>\n<\/ul>\n<p><span style=\"font-size: 12pt;color: #000000\"><strong><span style=\"font-family: georgia, palatino, serif\"><em>\u00a0<\/em><em>\u201cEstimamos que todos os trabalhos estejam conclu\u00eddos dentro de um ano e meio, dotando esta ZIM de espa\u00e7o para acolher diferentes investimentos e tornando ainda mais atractivo o nosso concelho. A ZIM de Tondela passar\u00e1 a ocupar uma \u00e1rea superior a 40 hectares<\/em>\u201d, apontou.<\/span><\/strong><\/span><\/p>\n<p><span style=\"font-size: 12pt;color: #000000\"><strong><span style=\"font-family: georgia, palatino, serif\">Durante a reuni\u00e3o do executivo, Jos\u00e9 Ant\u00f3nio de Jesus explicou ainda que o Munic\u00edpio de Tondela tem em curso a defini\u00e7\u00e3o de medidas de apoio e est\u00edmulo ao voluntariado nas corpora\u00e7\u00f5es de bombeiros do concelho.<\/span><\/strong><\/span><\/p>\n<p><span style=\"font-size: 12pt;color: #000000\"><strong><span style=\"font-family: georgia, palatino, serif\"><em>\u201cT\u00eam sido partilhados objectivos para que se construa um plano s\u00f3lido, justo, equitativo e sensato, tendo esta inten\u00e7\u00e3o sido partilhada em algumas interven\u00e7\u00f5es p\u00fablicas. Estimamos concluir este regulamento at\u00e9 ao final do corrente ano, sujeitando-o \u00e0 tramita\u00e7\u00e3o legal inerente a este tipo de documentos\u201d,<\/em> informou.<\/span><\/strong><\/span><\/p>\n<ul style=\"list-style-type: circle\">\n<li style=\"text-align: right\"><span style=\"font-size: 14pt;color: #ff0000;background-color: #ffff99\"><strong><span style=\"font-family: georgia, palatino, serif\"><em>ISEN\u00c7\u00c3O DE IMI PARA<\/em><\/span><\/strong><\/span><\/li>\n<li style=\"text-align: right\"><span style=\"font-size: 14pt;color: #ff0000;background-color: #ffff99\"><strong><span style=\"font-family: georgia, palatino, serif\"><em>BOMBEIROS DO CONCELHO<\/em><\/span><\/strong><\/span><\/li>\n<\/ul>\n<p><span style=\"font-size: 12pt;color: #000000\"><strong><span style=\"font-family: georgia, palatino, serif\"><a href=\"http:\/\/obeirao.pt\/online\/wp-content\/uploads\/2019\/05\/img_757x4982017_07_20_21_57_20_650604.jpg\"><img loading=\"lazy\" decoding=\"async\" class=\"alignleft wp-image-3041 size-medium\" src=\"http:\/\/obeirao.pt\/online\/wp-content\/uploads\/2019\/05\/img_757x4982017_07_20_21_57_20_650604-300x176.jpg\" alt=\"\" width=\"300\" height=\"176\" srcset=\"https:\/\/obeirao.pt\/online\/wp-content\/uploads\/2019\/05\/img_757x4982017_07_20_21_57_20_650604-300x176.jpg 300w, https:\/\/obeirao.pt\/online\/wp-content\/uploads\/2019\/05\/img_757x4982017_07_20_21_57_20_650604-640x376.jpg 640w, https:\/\/obeirao.pt\/online\/wp-content\/uploads\/2019\/05\/img_757x4982017_07_20_21_57_20_650604.jpg 757w\" sizes=\"(max-width: 300px) 100vw, 300px\" \/><\/a>Os vereadores socialistas colocaram naquele dia \u00e0 vota\u00e7\u00e3o a proposta de isentar de IMI os elementos do corpo activo das corpora\u00e7\u00f5es do concelho, com casa pr\u00f3pria, com efeitos em 2020. No entanto, esta proposta acabou por n\u00e3o ser aprovada por ter <em>\u201cuma vis\u00e3o muito redutora\u201d.<\/em><\/span><\/strong><\/span><\/p>\n<p><span style=\"font-size: 12pt;color: #000000\"><strong><span style=\"font-family: georgia, palatino, serif\">De acordo com o presidente da C\u00e2mara Municipal de Tondela, no caso do IMI, \u00e9 defens\u00e1vel um tecto m\u00e1ximo de isen\u00e7\u00e3o\/redu\u00e7\u00e3o para quem tem casa pr\u00f3pria, mas tamb\u00e9m dever\u00e1 existir <em>\u201cuma correspond\u00eancia directa junto daqueles outros bombeiros que t\u00eam casa arrendada\u201d.<\/em><\/span><\/strong><\/span><\/p>\n<p><span style=\"font-size: 12pt;color: #000000\"><strong><span style=\"font-family: georgia, palatino, serif\"><em>\u201cN\u00e3o s\u00e3o ambos bombeiros? N\u00e3o se justificaria uma medida discriminat\u00f3ria entre ambos, pois defendemos que deve haver igualdade de tratamento no mesmo montante de apoio<\/em>\u201d, justificou, acrescentando que tais apoios devem ser efectivados mediante comprovativo de integra\u00e7\u00e3o no quadro do corpo activo, pelo menos durante dois anos, com estes dados a serem validados anualmente.<\/span><\/strong><\/span><\/p>\n<p><span style=\"font-size: 12pt;color: #000000\"><strong><span style=\"font-family: georgia, palatino, serif\">A par do IMI, Jos\u00e9 Ant\u00f3nio de Jesus informa que se pretende ponderar sobre a redu\u00e7\u00e3o do valor das taxas a pagar pela concess\u00e3o de licen\u00e7a de constru\u00e7\u00e3o, amplia\u00e7\u00e3o, modifica\u00e7\u00e3o ou utiliza\u00e7\u00e3o de habita\u00e7\u00e3o pr\u00f3pria (primeira habita\u00e7\u00e3o) ou ainda admiss\u00e3o de comunica\u00e7\u00e3o pr\u00e9via para os fins atr\u00e1s referidos, em grau de proporcionalidade face ao tempo de servi\u00e7o dos benefici\u00e1rios.<\/span><\/strong><\/span><\/p>\n<p><span style=\"font-size: 12pt;color: #000000\"><strong><span style=\"font-family: georgia, palatino, serif\"><em>\u00a0<\/em><em>\u201c\u00c9 tamb\u00e9m admiss\u00edvel a avalia\u00e7\u00e3o em sede de bolsas de estudo aos bombeiros volunt\u00e1rios e\/ou descendentes at\u00e9 ao 1.\u00ba grau da linha recta, que frequentem o ensino superior, desde que o rendimento &#8220;per capita&#8221; do agregado familiar cumpra o disposto no Regulamento Municipal de Bolsas de Estudo, majorado em montante a determinar o coeficiente do rendimento, cumprindo, cumulativamente, todas as outras disposi\u00e7\u00f5es desse regulamento<\/em>\u201d, concluiu.<\/span><\/strong><\/span><\/p>\n<p>&nbsp;<\/p>\n<p>&nbsp;<\/p>\n","protected":false},"excerpt":{"rendered":"<div class=\"mh-excerpt\"><span class=\"span-reading-time rt-reading-time\" style=\"display: block;\"><span class=\"rt-label rt-prefix\">tempo de leitura:<\/span> <span class=\"rt-time\"> 3<\/span> <span class=\"rt-label rt-postfix\">minutos<\/span><\/span>A C\u00e2mara Municipal de Tondela aprovou hoje a adjudica\u00e7\u00e3o da empreitada de requalifica\u00e7\u00e3o e amplia\u00e7\u00e3o da Zona Industrial Municipal (ZIM) de Tondela, com um investimento <a class=\"mh-excerpt-more\" href=\"https:\/\/obeirao.pt\/online\/2019\/08\/21\/tres-milhoes-de-euros-e-o-custo-da-ampliacao-da-zona-industrial-de-tondela\/\" title=\"TR\u00caS MILH\u00d5ES DE EUROS \u00e9 o custo da amplia\u00e7\u00e3o da Zona Industrial de Tondela\">[&#8230;]<\/a><\/div>\n","protected":false},"author":2,"featured_media":3753,"comment_status":"open","ping_status":"open","sticky":false,"template":"","format":"standard","meta":{"footnotes":""},"categories":[2,5,4,63],"tags":[],"class_list":["post-3752","post","type-post","status-publish","format-standard","has-post-thumbnail","hentry","category-principal","category-cidade","category-regiao","category-tondela"],"yoast_head":"<!-- This site is optimized with the Yoast SEO plugin v27.4 - https:\/\/yoast.com\/product\/yoast-seo-wordpress\/ -->\n<title>TR\u00caS MILH\u00d5ES DE EUROS \u00e9 o custo da amplia\u00e7\u00e3o da Zona Industrial de Tondela - Beir\u00e3o Online<\/title>\n<meta name=\"robots\" content=\"index, follow, max-snippet:-1, max-image-preview:large, max-video-preview:-1\" \/>\n<link rel=\"canonical\" href=\"http:\/\/obeirao.pt\/online\/2019\/08\/21\/tres-milhoes-de-euros-e-o-custo-da-ampliacao-da-zona-industrial-de-tondela\/\" \/>\n<meta property=\"og:locale\" content=\"pt_PT\" \/>\n<meta property=\"og:type\" content=\"article\" \/>\n<meta property=\"og:title\" content=\"TR\u00caS MILH\u00d5ES DE EUROS \u00e9 o custo da amplia\u00e7\u00e3o da Zona Industrial de Tondela - Beir\u00e3o Online\" \/>\n<meta property=\"og:description\" content=\"tempo de leitura: 3 minutosA C\u00e2mara Municipal de Tondela aprovou hoje a adjudica\u00e7\u00e3o da empreitada de requalifica\u00e7\u00e3o e amplia\u00e7\u00e3o da Zona Industrial Municipal (ZIM) de Tondela, com um investimento [...]\" \/>\n<meta property=\"og:url\" content=\"http:\/\/obeirao.pt\/online\/2019\/08\/21\/tres-milhoes-de-euros-e-o-custo-da-ampliacao-da-zona-industrial-de-tondela\/\" \/>\n<meta property=\"og:site_name\" content=\"Beir\u00e3o Online\" \/>\n<meta property=\"article:publisher\" content=\"https:\/\/pt-br.facebook.com\/pages\/Amigos-de-Tondela\/273620439973877\" \/>\n<meta property=\"article:published_time\" content=\"2019-08-21T14:20:08+00:00\" \/>\n<meta property=\"article:modified_time\" content=\"2019-08-21T14:20:26+00:00\" \/>\n<meta property=\"og:image\" content=\"http:\/\/obeirao.pt\/online\/wp-content\/uploads\/2019\/08\/presidente-tondela.jpg\" \/>\n\t<meta property=\"og:image:width\" content=\"1024\" \/>\n\t<meta property=\"og:image:height\" content=\"619\" \/>\n\t<meta property=\"og:image:type\" content=\"image\/jpeg\" \/>\n<meta name=\"author\" content=\"Z\u00e9 Beir\u00e3o\" \/>\n<meta name=\"twitter:card\" content=\"summary_large_image\" \/>\n<meta name=\"twitter:creator\" content=\"@JoaquimDuarteP2\" \/>\n<meta name=\"twitter:site\" content=\"@JoaquimDuarteP2\" \/>\n<meta name=\"twitter:label1\" content=\"Escrito por\" \/>\n\t<meta name=\"twitter:data1\" content=\"Z\u00e9 Beir\u00e3o\" \/>\n\t<meta name=\"twitter:label2\" content=\"Tempo estimado de leitura\" \/>\n\t<meta name=\"twitter:data2\" content=\"3 minutos\" \/>\n<script type=\"application\/ld+json\" class=\"yoast-schema-graph\">{\"@context\":\"https:\\\/\\\/schema.org\",\"@graph\":[{\"@type\":\"Article\",\"@id\":\"http:\\\/\\\/obeirao.pt\\\/online\\\/2019\\\/08\\\/21\\\/tres-milhoes-de-euros-e-o-custo-da-ampliacao-da-zona-industrial-de-tondela\\\/#article\",\"isPartOf\":{\"@id\":\"http:\\\/\\\/obeirao.pt\\\/online\\\/2019\\\/08\\\/21\\\/tres-milhoes-de-euros-e-o-custo-da-ampliacao-da-zona-industrial-de-tondela\\\/\"},\"author\":{\"name\":\"Z\u00e9 Beir\u00e3o\",\"@id\":\"http:\\\/\\\/obeirao.pt\\\/online\\\/#\\\/schema\\\/person\\\/efac69bb5a33873e1c1bb9c1165ff38c\"},\"headline\":\"TR\u00caS MILH\u00d5ES DE EUROS \u00e9 o custo da amplia\u00e7\u00e3o da Zona Industrial de Tondela\",\"datePublished\":\"2019-08-21T14:20:08+00:00\",\"dateModified\":\"2019-08-21T14:20:26+00:00\",\"mainEntityOfPage\":{\"@id\":\"http:\\\/\\\/obeirao.pt\\\/online\\\/2019\\\/08\\\/21\\\/tres-milhoes-de-euros-e-o-custo-da-ampliacao-da-zona-industrial-de-tondela\\\/\"},\"wordCount\":706,\"commentCount\":0,\"image\":{\"@id\":\"http:\\\/\\\/obeirao.pt\\\/online\\\/2019\\\/08\\\/21\\\/tres-milhoes-de-euros-e-o-custo-da-ampliacao-da-zona-industrial-de-tondela\\\/#primaryimage\"},\"thumbnailUrl\":\"https:\\\/\\\/obeirao.pt\\\/online\\\/wp-content\\\/uploads\\\/2019\\\/08\\\/presidente-tondela.jpg\",\"articleSection\":[\"_Principal\",\"Cidade\",\"Regi\u00e3o\",\"Tondela\"],\"inLanguage\":\"pt-PT\"},{\"@type\":\"WebPage\",\"@id\":\"http:\\\/\\\/obeirao.pt\\\/online\\\/2019\\\/08\\\/21\\\/tres-milhoes-de-euros-e-o-custo-da-ampliacao-da-zona-industrial-de-tondela\\\/\",\"url\":\"http:\\\/\\\/obeirao.pt\\\/online\\\/2019\\\/08\\\/21\\\/tres-milhoes-de-euros-e-o-custo-da-ampliacao-da-zona-industrial-de-tondela\\\/\",\"name\":\"TR\u00caS MILH\u00d5ES DE EUROS \u00e9 o custo da amplia\u00e7\u00e3o da Zona Industrial de Tondela - Beir\u00e3o Online\",\"isPartOf\":{\"@id\":\"http:\\\/\\\/obeirao.pt\\\/online\\\/#website\"},\"primaryImageOfPage\":{\"@id\":\"http:\\\/\\\/obeirao.pt\\\/online\\\/2019\\\/08\\\/21\\\/tres-milhoes-de-euros-e-o-custo-da-ampliacao-da-zona-industrial-de-tondela\\\/#primaryimage\"},\"image\":{\"@id\":\"http:\\\/\\\/obeirao.pt\\\/online\\\/2019\\\/08\\\/21\\\/tres-milhoes-de-euros-e-o-custo-da-ampliacao-da-zona-industrial-de-tondela\\\/#primaryimage\"},\"thumbnailUrl\":\"https:\\\/\\\/obeirao.pt\\\/online\\\/wp-content\\\/uploads\\\/2019\\\/08\\\/presidente-tondela.jpg\",\"datePublished\":\"2019-08-21T14:20:08+00:00\",\"dateModified\":\"2019-08-21T14:20:26+00:00\",\"author\":{\"@id\":\"http:\\\/\\\/obeirao.pt\\\/online\\\/#\\\/schema\\\/person\\\/efac69bb5a33873e1c1bb9c1165ff38c\"},\"breadcrumb\":{\"@id\":\"http:\\\/\\\/obeirao.pt\\\/online\\\/2019\\\/08\\\/21\\\/tres-milhoes-de-euros-e-o-custo-da-ampliacao-da-zona-industrial-de-tondela\\\/#breadcrumb\"},\"inLanguage\":\"pt-PT\",\"potentialAction\":[{\"@type\":\"ReadAction\",\"target\":[\"http:\\\/\\\/obeirao.pt\\\/online\\\/2019\\\/08\\\/21\\\/tres-milhoes-de-euros-e-o-custo-da-ampliacao-da-zona-industrial-de-tondela\\\/\"]}]},{\"@type\":\"ImageObject\",\"inLanguage\":\"pt-PT\",\"@id\":\"http:\\\/\\\/obeirao.pt\\\/online\\\/2019\\\/08\\\/21\\\/tres-milhoes-de-euros-e-o-custo-da-ampliacao-da-zona-industrial-de-tondela\\\/#primaryimage\",\"url\":\"https:\\\/\\\/obeirao.pt\\\/online\\\/wp-content\\\/uploads\\\/2019\\\/08\\\/presidente-tondela.jpg\",\"contentUrl\":\"https:\\\/\\\/obeirao.pt\\\/online\\\/wp-content\\\/uploads\\\/2019\\\/08\\\/presidente-tondela.jpg\",\"width\":1024,\"height\":619},{\"@type\":\"BreadcrumbList\",\"@id\":\"http:\\\/\\\/obeirao.pt\\\/online\\\/2019\\\/08\\\/21\\\/tres-milhoes-de-euros-e-o-custo-da-ampliacao-da-zona-industrial-de-tondela\\\/#breadcrumb\",\"itemListElement\":[{\"@type\":\"ListItem\",\"position\":1,\"name\":\"Home\",\"item\":\"http:\\\/\\\/obeirao.pt\\\/online\\\/\"},{\"@type\":\"ListItem\",\"position\":2,\"name\":\"TR\u00caS MILH\u00d5ES DE EUROS \u00e9 o custo da amplia\u00e7\u00e3o da Zona Industrial de Tondela\"}]},{\"@type\":\"WebSite\",\"@id\":\"http:\\\/\\\/obeirao.pt\\\/online\\\/#website\",\"url\":\"http:\\\/\\\/obeirao.pt\\\/online\\\/\",\"name\":\"Beir\u00e3o Online\",\"description\":\"www.obeirao.pt\",\"potentialAction\":[{\"@type\":\"SearchAction\",\"target\":{\"@type\":\"EntryPoint\",\"urlTemplate\":\"http:\\\/\\\/obeirao.pt\\\/online\\\/?s={search_term_string}\"},\"query-input\":{\"@type\":\"PropertyValueSpecification\",\"valueRequired\":true,\"valueName\":\"search_term_string\"}}],\"inLanguage\":\"pt-PT\"},{\"@type\":\"Person\",\"@id\":\"http:\\\/\\\/obeirao.pt\\\/online\\\/#\\\/schema\\\/person\\\/efac69bb5a33873e1c1bb9c1165ff38c\",\"name\":\"Z\u00e9 Beir\u00e3o\",\"image\":{\"@type\":\"ImageObject\",\"inLanguage\":\"pt-PT\",\"@id\":\"https:\\\/\\\/secure.gravatar.com\\\/avatar\\\/c8c44d1f9327baa4d27e9b1149cd71b3?s=96&d=mm&r=g\",\"url\":\"https:\\\/\\\/secure.gravatar.com\\\/avatar\\\/c8c44d1f9327baa4d27e9b1149cd71b3?s=96&d=mm&r=g\",\"contentUrl\":\"https:\\\/\\\/secure.gravatar.com\\\/avatar\\\/c8c44d1f9327baa4d27e9b1149cd71b3?s=96&d=mm&r=g\",\"caption\":\"Z\u00e9 Beir\u00e3o\"},\"url\":\"https:\\\/\\\/obeirao.pt\\\/online\\\/author\\\/zebeirao\\\/\"}]}<\/script>\n<!-- \/ Yoast SEO plugin. -->","yoast_head_json":{"title":"TR\u00caS MILH\u00d5ES DE EUROS \u00e9 o custo da amplia\u00e7\u00e3o da Zona Industrial de Tondela - Beir\u00e3o Online","robots":{"index":"index","follow":"follow","max-snippet":"max-snippet:-1","max-image-preview":"max-image-preview:large","max-video-preview":"max-video-preview:-1"},"canonical":"http:\/\/obeirao.pt\/online\/2019\/08\/21\/tres-milhoes-de-euros-e-o-custo-da-ampliacao-da-zona-industrial-de-tondela\/","og_locale":"pt_PT","og_type":"article","og_title":"TR\u00caS MILH\u00d5ES DE EUROS \u00e9 o custo da amplia\u00e7\u00e3o da Zona Industrial de Tondela - Beir\u00e3o Online","og_description":"tempo de leitura: 3 minutosA C\u00e2mara Municipal de Tondela aprovou hoje a adjudica\u00e7\u00e3o da empreitada de requalifica\u00e7\u00e3o e amplia\u00e7\u00e3o da Zona Industrial Municipal (ZIM) de Tondela, com um investimento [...]","og_url":"http:\/\/obeirao.pt\/online\/2019\/08\/21\/tres-milhoes-de-euros-e-o-custo-da-ampliacao-da-zona-industrial-de-tondela\/","og_site_name":"Beir\u00e3o Online","article_publisher":"https:\/\/pt-br.facebook.com\/pages\/Amigos-de-Tondela\/273620439973877","article_published_time":"2019-08-21T14:20:08+00:00","article_modified_time":"2019-08-21T14:20:26+00:00","og_image":[{"width":1024,"height":619,"url":"http:\/\/obeirao.pt\/online\/wp-content\/uploads\/2019\/08\/presidente-tondela.jpg","type":"image\/jpeg"}],"author":"Z\u00e9 Beir\u00e3o","twitter_card":"summary_large_image","twitter_creator":"@JoaquimDuarteP2","twitter_site":"@JoaquimDuarteP2","twitter_misc":{"Escrito por":"Z\u00e9 Beir\u00e3o","Tempo estimado de leitura":"3 minutos"},"schema":{"@context":"https:\/\/schema.org","@graph":[{"@type":"Article","@id":"http:\/\/obeirao.pt\/online\/2019\/08\/21\/tres-milhoes-de-euros-e-o-custo-da-ampliacao-da-zona-industrial-de-tondela\/#article","isPartOf":{"@id":"http:\/\/obeirao.pt\/online\/2019\/08\/21\/tres-milhoes-de-euros-e-o-custo-da-ampliacao-da-zona-industrial-de-tondela\/"},"author":{"name":"Z\u00e9 Beir\u00e3o","@id":"http:\/\/obeirao.pt\/online\/#\/schema\/person\/efac69bb5a33873e1c1bb9c1165ff38c"},"headline":"TR\u00caS MILH\u00d5ES DE EUROS \u00e9 o custo da amplia\u00e7\u00e3o da Zona Industrial de Tondela","datePublished":"2019-08-21T14:20:08+00:00","dateModified":"2019-08-21T14:20:26+00:00","mainEntityOfPage":{"@id":"http:\/\/obeirao.pt\/online\/2019\/08\/21\/tres-milhoes-de-euros-e-o-custo-da-ampliacao-da-zona-industrial-de-tondela\/"},"wordCount":706,"commentCount":0,"image":{"@id":"http:\/\/obeirao.pt\/online\/2019\/08\/21\/tres-milhoes-de-euros-e-o-custo-da-ampliacao-da-zona-industrial-de-tondela\/#primaryimage"},"thumbnailUrl":"https:\/\/obeirao.pt\/online\/wp-content\/uploads\/2019\/08\/presidente-tondela.jpg","articleSection":["_Principal","Cidade","Regi\u00e3o","Tondela"],"inLanguage":"pt-PT"},{"@type":"WebPage","@id":"http:\/\/obeirao.pt\/online\/2019\/08\/21\/tres-milhoes-de-euros-e-o-custo-da-ampliacao-da-zona-industrial-de-tondela\/","url":"http:\/\/obeirao.pt\/online\/2019\/08\/21\/tres-milhoes-de-euros-e-o-custo-da-ampliacao-da-zona-industrial-de-tondela\/","name":"TR\u00caS MILH\u00d5ES DE EUROS \u00e9 o custo da amplia\u00e7\u00e3o da Zona Industrial de Tondela - Beir\u00e3o Online","isPartOf":{"@id":"http:\/\/obeirao.pt\/online\/#website"},"primaryImageOfPage":{"@id":"http:\/\/obeirao.pt\/online\/2019\/08\/21\/tres-milhoes-de-euros-e-o-custo-da-ampliacao-da-zona-industrial-de-tondela\/#primaryimage"},"image":{"@id":"http:\/\/obeirao.pt\/online\/2019\/08\/21\/tres-milhoes-de-euros-e-o-custo-da-ampliacao-da-zona-industrial-de-tondela\/#primaryimage"},"thumbnailUrl":"https:\/\/obeirao.pt\/online\/wp-content\/uploads\/2019\/08\/presidente-tondela.jpg","datePublished":"2019-08-21T14:20:08+00:00","dateModified":"2019-08-21T14:20:26+00:00","author":{"@id":"http:\/\/obeirao.pt\/online\/#\/schema\/person\/efac69bb5a33873e1c1bb9c1165ff38c"},"breadcrumb":{"@id":"http:\/\/obeirao.pt\/online\/2019\/08\/21\/tres-milhoes-de-euros-e-o-custo-da-ampliacao-da-zona-industrial-de-tondela\/#breadcrumb"},"inLanguage":"pt-PT","potentialAction":[{"@type":"ReadAction","target":["http:\/\/obeirao.pt\/online\/2019\/08\/21\/tres-milhoes-de-euros-e-o-custo-da-ampliacao-da-zona-industrial-de-tondela\/"]}]},{"@type":"ImageObject","inLanguage":"pt-PT","@id":"http:\/\/obeirao.pt\/online\/2019\/08\/21\/tres-milhoes-de-euros-e-o-custo-da-ampliacao-da-zona-industrial-de-tondela\/#primaryimage","url":"https:\/\/obeirao.pt\/online\/wp-content\/uploads\/2019\/08\/presidente-tondela.jpg","contentUrl":"https:\/\/obeirao.pt\/online\/wp-content\/uploads\/2019\/08\/presidente-tondela.jpg","width":1024,"height":619},{"@type":"BreadcrumbList","@id":"http:\/\/obeirao.pt\/online\/2019\/08\/21\/tres-milhoes-de-euros-e-o-custo-da-ampliacao-da-zona-industrial-de-tondela\/#breadcrumb","itemListElement":[{"@type":"ListItem","position":1,"name":"Home","item":"http:\/\/obeirao.pt\/online\/"},{"@type":"ListItem","position":2,"name":"TR\u00caS MILH\u00d5ES DE EUROS \u00e9 o custo da amplia\u00e7\u00e3o da Zona Industrial de Tondela"}]},{"@type":"WebSite","@id":"http:\/\/obeirao.pt\/online\/#website","url":"http:\/\/obeirao.pt\/online\/","name":"Beir\u00e3o Online","description":"www.obeirao.pt","potentialAction":[{"@type":"SearchAction","target":{"@type":"EntryPoint","urlTemplate":"http:\/\/obeirao.pt\/online\/?s={search_term_string}"},"query-input":{"@type":"PropertyValueSpecification","valueRequired":true,"valueName":"search_term_string"}}],"inLanguage":"pt-PT"},{"@type":"Person","@id":"http:\/\/obeirao.pt\/online\/#\/schema\/person\/efac69bb5a33873e1c1bb9c1165ff38c","name":"Z\u00e9 Beir\u00e3o","image":{"@type":"ImageObject","inLanguage":"pt-PT","@id":"https:\/\/secure.gravatar.com\/avatar\/c8c44d1f9327baa4d27e9b1149cd71b3?s=96&d=mm&r=g","url":"https:\/\/secure.gravatar.com\/avatar\/c8c44d1f9327baa4d27e9b1149cd71b3?s=96&d=mm&r=g","contentUrl":"https:\/\/secure.gravatar.com\/avatar\/c8c44d1f9327baa4d27e9b1149cd71b3?s=96&d=mm&r=g","caption":"Z\u00e9 Beir\u00e3o"},"url":"https:\/\/obeirao.pt\/online\/author\/zebeirao\/"}]}},"_links":{"self":[{"href":"https:\/\/obeirao.pt\/online\/wp-json\/wp\/v2\/posts\/3752"}],"collection":[{"href":"https:\/\/obeirao.pt\/online\/wp-json\/wp\/v2\/posts"}],"about":[{"href":"https:\/\/obeirao.pt\/online\/wp-json\/wp\/v2\/types\/post"}],"author":[{"embeddable":true,"href":"https:\/\/obeirao.pt\/online\/wp-json\/wp\/v2\/users\/2"}],"replies":[{"embeddable":true,"href":"https:\/\/obeirao.pt\/online\/wp-json\/wp\/v2\/comments?post=3752"}],"version-history":[{"count":1,"href":"https:\/\/obeirao.pt\/online\/wp-json\/wp\/v2\/posts\/3752\/revisions"}],"predecessor-version":[{"id":3754,"href":"https:\/\/obeirao.pt\/online\/wp-json\/wp\/v2\/posts\/3752\/revisions\/3754"}],"wp:featuredmedia":[{"embeddable":true,"href":"https:\/\/obeirao.pt\/online\/wp-json\/wp\/v2\/media\/3753"}],"wp:attachment":[{"href":"https:\/\/obeirao.pt\/online\/wp-json\/wp\/v2\/media?parent=3752"}],"wp:term":[{"taxonomy":"category","embeddable":true,"href":"https:\/\/obeirao.pt\/online\/wp-json\/wp\/v2\/categories?post=3752"},{"taxonomy":"post_tag","embeddable":true,"href":"https:\/\/obeirao.pt\/online\/wp-json\/wp\/v2\/tags?post=3752"}],"curies":[{"name":"wp","href":"https:\/\/api.w.org\/{rel}","templated":true}]}}