{"id":3756,"date":"2019-08-23T17:41:16","date_gmt":"2019-08-23T16:41:16","guid":{"rendered":"http:\/\/obeirao.pt\/online\/?p=3756"},"modified":"2019-08-23T17:44:23","modified_gmt":"2019-08-23T16:44:23","slug":"eng-a-carla-antunes-suspende-mandato-de-vereadora-na-camara-municipal-de-tondela","status":"publish","type":"post","link":"https:\/\/obeirao.pt\/online\/2019\/08\/23\/eng-a-carla-antunes-suspende-mandato-de-vereadora-na-camara-municipal-de-tondela\/","title":{"rendered":"ENG.\u00aa CARLA ANTUNES SUSPENDE MANDATO de vereadora na C\u00e2mara Municipal de Tondela"},"content":{"rendered":"<span class=\"span-reading-time rt-reading-time\" style=\"display: block;\"><span class=\"rt-label rt-prefix\">tempo de leitura:<\/span> <span class=\"rt-time\"> &lt; 1<\/span> <span class=\"rt-label rt-postfix\">minuto<\/span><\/span><p><a href=\"http:\/\/obeirao.pt\/online\/wp-content\/uploads\/2019\/08\/Eng.-Carla-CMT.jpg\"><img loading=\"lazy\" decoding=\"async\" class=\"wp-image-3757 size-medium alignleft\" src=\"http:\/\/obeirao.pt\/online\/wp-content\/uploads\/2019\/08\/Eng.-Carla-CMT-300x293.jpg\" alt=\"\" width=\"300\" height=\"293\" srcset=\"https:\/\/obeirao.pt\/online\/wp-content\/uploads\/2019\/08\/Eng.-Carla-CMT-300x293.jpg 300w, https:\/\/obeirao.pt\/online\/wp-content\/uploads\/2019\/08\/Eng.-Carla-CMT-640x625.jpg 640w, https:\/\/obeirao.pt\/online\/wp-content\/uploads\/2019\/08\/Eng.-Carla-CMT.jpg 734w\" sizes=\"(max-width: 300px) 100vw, 300px\" \/><\/a><\/p>\n<p><em><span style=\"font-size: 14pt;color: #000000;font-family: georgia, palatino, serif\"><strong>Segundo fonte da autarquia, a eng.\u00aa Carla Antunes, at\u00e9 agora vice-presidente da C\u00e2mara Municipal de Tondela, suspendeu hoje (23 de Agosto) o seu mandato no Munic\u00edpio.<\/strong><\/span><\/em><!--more--><\/p>\n<p><span style=\"font-size: 14pt;color: #000000;font-family: georgia, palatino, serif\"><strong>Trata-se de uma decis\u00e3o justificada pelo facto de ser candidata a deputada nas pr\u00f3ximas Elei\u00e7\u00f5es Legislativas. dado que Carla Antunes ocupa a terceira posi\u00e7\u00e3o na lista de candidatos a deputados do PSD, pelo C\u00edrculo Eleitoral de Viseu. <\/strong><\/span><\/p>\n<p><span style=\"font-size: 14pt;color: #000000;font-family: georgia, palatino, serif\"><strong>O pedido de suspens\u00e3o de mandato vigora at\u00e9 ao pr\u00f3ximo dia 6 de Outubro do ano corrente.<\/strong><\/span><\/p>\n<p><span style=\"font-size: 14pt;color: #000000;font-family: georgia, palatino, serif\"><strong>Carla Antunes ocupava fun\u00e7\u00f5es de vereadora da C\u00e2mara Municipal de Tondela, em regime de perman\u00eancia e com compet\u00eancias delegadas, desde 2006. Entre elas a Protec\u00e7\u00e3o Civil. <\/strong><\/span><\/p>\n<p><span style=\"font-size: 14pt;color: #000000;font-family: georgia, palatino, serif\"><strong>Depois desta decis\u00e3o, o presidente da C\u00e2mara Municipal de Tondela, Jos\u00e9 Ant\u00f3nio de Jesus, manifesta o seu agradecimento pelo trabalho e disponibilidade com que desempenhou as suas fun\u00e7\u00f5es ao longo destes mandatos, desejando-lhe sucesso nas novas tarefas a que se prop\u00f4s.<\/strong><\/span><\/p>\n<p><span style=\"font-size: 14pt;color: #000000;font-family: georgia, palatino, serif\"><strong>\u00a0<\/strong><\/span><\/p>\n<p><strong><span style=\"font-size: 14pt;color: #000000;font-family: georgia, palatino, serif\">\u00a0<\/span><\/strong><\/p>\n<p>&nbsp;<\/p>\n","protected":false},"excerpt":{"rendered":"<div class=\"mh-excerpt\"><span class=\"span-reading-time rt-reading-time\" style=\"display: block;\"><span class=\"rt-label rt-prefix\">tempo de leitura:<\/span> <span class=\"rt-time\"> &lt; 1<\/span> <span class=\"rt-label rt-postfix\">minuto<\/span><\/span>Segundo fonte da autarquia, a eng.\u00aa Carla Antunes, at\u00e9 agora vice-presidente da C\u00e2mara Municipal de Tondela, suspendeu hoje (23 de Agosto) o seu mandato no <a class=\"mh-excerpt-more\" href=\"https:\/\/obeirao.pt\/online\/2019\/08\/23\/eng-a-carla-antunes-suspende-mandato-de-vereadora-na-camara-municipal-de-tondela\/\" title=\"ENG.\u00aa CARLA ANTUNES SUSPENDE MANDATO de vereadora na C\u00e2mara Municipal de Tondela\">[&#8230;]<\/a><\/div>\n","protected":false},"author":2,"featured_media":3757,"comment_status":"open","ping_status":"open","sticky":false,"template":"","format":"standard","meta":{"footnotes":""},"categories":[2,5,4,63],"tags":[],"class_list":["post-3756","post","type-post","status-publish","format-standard","has-post-thumbnail","hentry","category-principal","category-cidade","category-regiao","category-tondela"],"yoast_head":"<!-- This site is optimized with the Yoast SEO plugin v27.4 - https:\/\/yoast.com\/product\/yoast-seo-wordpress\/ -->\n<title>ENG.\u00aa CARLA ANTUNES SUSPENDE MANDATO de vereadora na C\u00e2mara Municipal de Tondela - Beir\u00e3o Online<\/title>\n<meta name=\"robots\" content=\"index, follow, max-snippet:-1, max-image-preview:large, max-video-preview:-1\" \/>\n<link rel=\"canonical\" href=\"https:\/\/obeirao.pt\/online\/2019\/08\/23\/eng-a-carla-antunes-suspende-mandato-de-vereadora-na-camara-municipal-de-tondela\/\" \/>\n<meta property=\"og:locale\" content=\"pt_PT\" \/>\n<meta property=\"og:type\" content=\"article\" \/>\n<meta property=\"og:title\" content=\"ENG.\u00aa CARLA ANTUNES SUSPENDE MANDATO de vereadora na C\u00e2mara Municipal de Tondela - Beir\u00e3o Online\" \/>\n<meta property=\"og:description\" content=\"tempo de leitura: &lt; 1 minutoSegundo fonte da autarquia, a eng.\u00aa Carla Antunes, at\u00e9 agora vice-presidente da C\u00e2mara Municipal de Tondela, suspendeu hoje (23 de Agosto) o seu mandato no [...]\" \/>\n<meta property=\"og:url\" content=\"https:\/\/obeirao.pt\/online\/2019\/08\/23\/eng-a-carla-antunes-suspende-mandato-de-vereadora-na-camara-municipal-de-tondela\/\" \/>\n<meta property=\"og:site_name\" content=\"Beir\u00e3o Online\" \/>\n<meta property=\"article:publisher\" content=\"https:\/\/pt-br.facebook.com\/pages\/Amigos-de-Tondela\/273620439973877\" \/>\n<meta property=\"article:published_time\" content=\"2019-08-23T16:41:16+00:00\" \/>\n<meta property=\"article:modified_time\" content=\"2019-08-23T16:44:23+00:00\" \/>\n<meta property=\"og:image\" content=\"https:\/\/obeirao.pt\/online\/wp-content\/uploads\/2019\/08\/Eng.-Carla-CMT.jpg\" \/>\n\t<meta property=\"og:image:width\" content=\"734\" \/>\n\t<meta property=\"og:image:height\" content=\"717\" \/>\n\t<meta property=\"og:image:type\" content=\"image\/jpeg\" \/>\n<meta name=\"author\" content=\"Z\u00e9 Beir\u00e3o\" \/>\n<meta name=\"twitter:card\" content=\"summary_large_image\" \/>\n<meta name=\"twitter:creator\" content=\"@JoaquimDuarteP2\" \/>\n<meta name=\"twitter:site\" content=\"@JoaquimDuarteP2\" \/>\n<meta name=\"twitter:label1\" content=\"Escrito por\" \/>\n\t<meta name=\"twitter:data1\" content=\"Z\u00e9 Beir\u00e3o\" \/>\n\t<meta name=\"twitter:label2\" content=\"Tempo estimado de leitura\" \/>\n\t<meta name=\"twitter:data2\" content=\"1 minuto\" \/>\n<script type=\"application\/ld+json\" class=\"yoast-schema-graph\">{\"@context\":\"https:\\\/\\\/schema.org\",\"@graph\":[{\"@type\":\"Article\",\"@id\":\"https:\\\/\\\/obeirao.pt\\\/online\\\/2019\\\/08\\\/23\\\/eng-a-carla-antunes-suspende-mandato-de-vereadora-na-camara-municipal-de-tondela\\\/#article\",\"isPartOf\":{\"@id\":\"https:\\\/\\\/obeirao.pt\\\/online\\\/2019\\\/08\\\/23\\\/eng-a-carla-antunes-suspende-mandato-de-vereadora-na-camara-municipal-de-tondela\\\/\"},\"author\":{\"name\":\"Z\u00e9 Beir\u00e3o\",\"@id\":\"https:\\\/\\\/obeirao.pt\\\/online\\\/#\\\/schema\\\/person\\\/efac69bb5a33873e1c1bb9c1165ff38c\"},\"headline\":\"ENG.\u00aa CARLA ANTUNES SUSPENDE MANDATO de vereadora na C\u00e2mara Municipal de Tondela\",\"datePublished\":\"2019-08-23T16:41:16+00:00\",\"dateModified\":\"2019-08-23T16:44:23+00:00\",\"mainEntityOfPage\":{\"@id\":\"https:\\\/\\\/obeirao.pt\\\/online\\\/2019\\\/08\\\/23\\\/eng-a-carla-antunes-suspende-mandato-de-vereadora-na-camara-municipal-de-tondela\\\/\"},\"wordCount\":177,\"commentCount\":0,\"image\":{\"@id\":\"https:\\\/\\\/obeirao.pt\\\/online\\\/2019\\\/08\\\/23\\\/eng-a-carla-antunes-suspende-mandato-de-vereadora-na-camara-municipal-de-tondela\\\/#primaryimage\"},\"thumbnailUrl\":\"https:\\\/\\\/obeirao.pt\\\/online\\\/wp-content\\\/uploads\\\/2019\\\/08\\\/Eng.-Carla-CMT.jpg\",\"articleSection\":[\"_Principal\",\"Cidade\",\"Regi\u00e3o\",\"Tondela\"],\"inLanguage\":\"pt-PT\"},{\"@type\":\"WebPage\",\"@id\":\"https:\\\/\\\/obeirao.pt\\\/online\\\/2019\\\/08\\\/23\\\/eng-a-carla-antunes-suspende-mandato-de-vereadora-na-camara-municipal-de-tondela\\\/\",\"url\":\"https:\\\/\\\/obeirao.pt\\\/online\\\/2019\\\/08\\\/23\\\/eng-a-carla-antunes-suspende-mandato-de-vereadora-na-camara-municipal-de-tondela\\\/\",\"name\":\"ENG.\u00aa CARLA ANTUNES SUSPENDE MANDATO de vereadora na C\u00e2mara Municipal de Tondela - Beir\u00e3o Online\",\"isPartOf\":{\"@id\":\"https:\\\/\\\/obeirao.pt\\\/online\\\/#website\"},\"primaryImageOfPage\":{\"@id\":\"https:\\\/\\\/obeirao.pt\\\/online\\\/2019\\\/08\\\/23\\\/eng-a-carla-antunes-suspende-mandato-de-vereadora-na-camara-municipal-de-tondela\\\/#primaryimage\"},\"image\":{\"@id\":\"https:\\\/\\\/obeirao.pt\\\/online\\\/2019\\\/08\\\/23\\\/eng-a-carla-antunes-suspende-mandato-de-vereadora-na-camara-municipal-de-tondela\\\/#primaryimage\"},\"thumbnailUrl\":\"https:\\\/\\\/obeirao.pt\\\/online\\\/wp-content\\\/uploads\\\/2019\\\/08\\\/Eng.-Carla-CMT.jpg\",\"datePublished\":\"2019-08-23T16:41:16+00:00\",\"dateModified\":\"2019-08-23T16:44:23+00:00\",\"author\":{\"@id\":\"https:\\\/\\\/obeirao.pt\\\/online\\\/#\\\/schema\\\/person\\\/efac69bb5a33873e1c1bb9c1165ff38c\"},\"breadcrumb\":{\"@id\":\"https:\\\/\\\/obeirao.pt\\\/online\\\/2019\\\/08\\\/23\\\/eng-a-carla-antunes-suspende-mandato-de-vereadora-na-camara-municipal-de-tondela\\\/#breadcrumb\"},\"inLanguage\":\"pt-PT\",\"potentialAction\":[{\"@type\":\"ReadAction\",\"target\":[\"https:\\\/\\\/obeirao.pt\\\/online\\\/2019\\\/08\\\/23\\\/eng-a-carla-antunes-suspende-mandato-de-vereadora-na-camara-municipal-de-tondela\\\/\"]}]},{\"@type\":\"ImageObject\",\"inLanguage\":\"pt-PT\",\"@id\":\"https:\\\/\\\/obeirao.pt\\\/online\\\/2019\\\/08\\\/23\\\/eng-a-carla-antunes-suspende-mandato-de-vereadora-na-camara-municipal-de-tondela\\\/#primaryimage\",\"url\":\"https:\\\/\\\/obeirao.pt\\\/online\\\/wp-content\\\/uploads\\\/2019\\\/08\\\/Eng.-Carla-CMT.jpg\",\"contentUrl\":\"https:\\\/\\\/obeirao.pt\\\/online\\\/wp-content\\\/uploads\\\/2019\\\/08\\\/Eng.-Carla-CMT.jpg\",\"width\":734,\"height\":717,\"caption\":\"????????????????????????????????????\"},{\"@type\":\"BreadcrumbList\",\"@id\":\"https:\\\/\\\/obeirao.pt\\\/online\\\/2019\\\/08\\\/23\\\/eng-a-carla-antunes-suspende-mandato-de-vereadora-na-camara-municipal-de-tondela\\\/#breadcrumb\",\"itemListElement\":[{\"@type\":\"ListItem\",\"position\":1,\"name\":\"Home\",\"item\":\"https:\\\/\\\/obeirao.pt\\\/online\\\/\"},{\"@type\":\"ListItem\",\"position\":2,\"name\":\"ENG.\u00aa CARLA ANTUNES SUSPENDE MANDATO de vereadora na C\u00e2mara Municipal de Tondela\"}]},{\"@type\":\"WebSite\",\"@id\":\"https:\\\/\\\/obeirao.pt\\\/online\\\/#website\",\"url\":\"https:\\\/\\\/obeirao.pt\\\/online\\\/\",\"name\":\"Beir\u00e3o Online\",\"description\":\"www.obeirao.pt\",\"potentialAction\":[{\"@type\":\"SearchAction\",\"target\":{\"@type\":\"EntryPoint\",\"urlTemplate\":\"https:\\\/\\\/obeirao.pt\\\/online\\\/?s={search_term_string}\"},\"query-input\":{\"@type\":\"PropertyValueSpecification\",\"valueRequired\":true,\"valueName\":\"search_term_string\"}}],\"inLanguage\":\"pt-PT\"},{\"@type\":\"Person\",\"@id\":\"https:\\\/\\\/obeirao.pt\\\/online\\\/#\\\/schema\\\/person\\\/efac69bb5a33873e1c1bb9c1165ff38c\",\"name\":\"Z\u00e9 Beir\u00e3o\",\"image\":{\"@type\":\"ImageObject\",\"inLanguage\":\"pt-PT\",\"@id\":\"https:\\\/\\\/secure.gravatar.com\\\/avatar\\\/c8c44d1f9327baa4d27e9b1149cd71b3?s=96&d=mm&r=g\",\"url\":\"https:\\\/\\\/secure.gravatar.com\\\/avatar\\\/c8c44d1f9327baa4d27e9b1149cd71b3?s=96&d=mm&r=g\",\"contentUrl\":\"https:\\\/\\\/secure.gravatar.com\\\/avatar\\\/c8c44d1f9327baa4d27e9b1149cd71b3?s=96&d=mm&r=g\",\"caption\":\"Z\u00e9 Beir\u00e3o\"},\"url\":\"https:\\\/\\\/obeirao.pt\\\/online\\\/author\\\/zebeirao\\\/\"}]}<\/script>\n<!-- \/ Yoast SEO plugin. -->","yoast_head_json":{"title":"ENG.\u00aa CARLA ANTUNES SUSPENDE MANDATO de vereadora na C\u00e2mara Municipal de Tondela - Beir\u00e3o Online","robots":{"index":"index","follow":"follow","max-snippet":"max-snippet:-1","max-image-preview":"max-image-preview:large","max-video-preview":"max-video-preview:-1"},"canonical":"https:\/\/obeirao.pt\/online\/2019\/08\/23\/eng-a-carla-antunes-suspende-mandato-de-vereadora-na-camara-municipal-de-tondela\/","og_locale":"pt_PT","og_type":"article","og_title":"ENG.\u00aa CARLA ANTUNES SUSPENDE MANDATO de vereadora na C\u00e2mara Municipal de Tondela - Beir\u00e3o Online","og_description":"tempo de leitura: &lt; 1 minutoSegundo fonte da autarquia, a eng.\u00aa Carla Antunes, at\u00e9 agora vice-presidente da C\u00e2mara Municipal de Tondela, suspendeu hoje (23 de Agosto) o seu mandato no [...]","og_url":"https:\/\/obeirao.pt\/online\/2019\/08\/23\/eng-a-carla-antunes-suspende-mandato-de-vereadora-na-camara-municipal-de-tondela\/","og_site_name":"Beir\u00e3o Online","article_publisher":"https:\/\/pt-br.facebook.com\/pages\/Amigos-de-Tondela\/273620439973877","article_published_time":"2019-08-23T16:41:16+00:00","article_modified_time":"2019-08-23T16:44:23+00:00","og_image":[{"width":734,"height":717,"url":"https:\/\/obeirao.pt\/online\/wp-content\/uploads\/2019\/08\/Eng.-Carla-CMT.jpg","type":"image\/jpeg"}],"author":"Z\u00e9 Beir\u00e3o","twitter_card":"summary_large_image","twitter_creator":"@JoaquimDuarteP2","twitter_site":"@JoaquimDuarteP2","twitter_misc":{"Escrito por":"Z\u00e9 Beir\u00e3o","Tempo estimado de leitura":"1 minuto"},"schema":{"@context":"https:\/\/schema.org","@graph":[{"@type":"Article","@id":"https:\/\/obeirao.pt\/online\/2019\/08\/23\/eng-a-carla-antunes-suspende-mandato-de-vereadora-na-camara-municipal-de-tondela\/#article","isPartOf":{"@id":"https:\/\/obeirao.pt\/online\/2019\/08\/23\/eng-a-carla-antunes-suspende-mandato-de-vereadora-na-camara-municipal-de-tondela\/"},"author":{"name":"Z\u00e9 Beir\u00e3o","@id":"https:\/\/obeirao.pt\/online\/#\/schema\/person\/efac69bb5a33873e1c1bb9c1165ff38c"},"headline":"ENG.\u00aa CARLA ANTUNES SUSPENDE MANDATO de vereadora na C\u00e2mara Municipal de Tondela","datePublished":"2019-08-23T16:41:16+00:00","dateModified":"2019-08-23T16:44:23+00:00","mainEntityOfPage":{"@id":"https:\/\/obeirao.pt\/online\/2019\/08\/23\/eng-a-carla-antunes-suspende-mandato-de-vereadora-na-camara-municipal-de-tondela\/"},"wordCount":177,"commentCount":0,"image":{"@id":"https:\/\/obeirao.pt\/online\/2019\/08\/23\/eng-a-carla-antunes-suspende-mandato-de-vereadora-na-camara-municipal-de-tondela\/#primaryimage"},"thumbnailUrl":"https:\/\/obeirao.pt\/online\/wp-content\/uploads\/2019\/08\/Eng.-Carla-CMT.jpg","articleSection":["_Principal","Cidade","Regi\u00e3o","Tondela"],"inLanguage":"pt-PT"},{"@type":"WebPage","@id":"https:\/\/obeirao.pt\/online\/2019\/08\/23\/eng-a-carla-antunes-suspende-mandato-de-vereadora-na-camara-municipal-de-tondela\/","url":"https:\/\/obeirao.pt\/online\/2019\/08\/23\/eng-a-carla-antunes-suspende-mandato-de-vereadora-na-camara-municipal-de-tondela\/","name":"ENG.\u00aa CARLA ANTUNES SUSPENDE MANDATO de vereadora na C\u00e2mara Municipal de Tondela - Beir\u00e3o Online","isPartOf":{"@id":"https:\/\/obeirao.pt\/online\/#website"},"primaryImageOfPage":{"@id":"https:\/\/obeirao.pt\/online\/2019\/08\/23\/eng-a-carla-antunes-suspende-mandato-de-vereadora-na-camara-municipal-de-tondela\/#primaryimage"},"image":{"@id":"https:\/\/obeirao.pt\/online\/2019\/08\/23\/eng-a-carla-antunes-suspende-mandato-de-vereadora-na-camara-municipal-de-tondela\/#primaryimage"},"thumbnailUrl":"https:\/\/obeirao.pt\/online\/wp-content\/uploads\/2019\/08\/Eng.-Carla-CMT.jpg","datePublished":"2019-08-23T16:41:16+00:00","dateModified":"2019-08-23T16:44:23+00:00","author":{"@id":"https:\/\/obeirao.pt\/online\/#\/schema\/person\/efac69bb5a33873e1c1bb9c1165ff38c"},"breadcrumb":{"@id":"https:\/\/obeirao.pt\/online\/2019\/08\/23\/eng-a-carla-antunes-suspende-mandato-de-vereadora-na-camara-municipal-de-tondela\/#breadcrumb"},"inLanguage":"pt-PT","potentialAction":[{"@type":"ReadAction","target":["https:\/\/obeirao.pt\/online\/2019\/08\/23\/eng-a-carla-antunes-suspende-mandato-de-vereadora-na-camara-municipal-de-tondela\/"]}]},{"@type":"ImageObject","inLanguage":"pt-PT","@id":"https:\/\/obeirao.pt\/online\/2019\/08\/23\/eng-a-carla-antunes-suspende-mandato-de-vereadora-na-camara-municipal-de-tondela\/#primaryimage","url":"https:\/\/obeirao.pt\/online\/wp-content\/uploads\/2019\/08\/Eng.-Carla-CMT.jpg","contentUrl":"https:\/\/obeirao.pt\/online\/wp-content\/uploads\/2019\/08\/Eng.-Carla-CMT.jpg","width":734,"height":717,"caption":"????????????????????????????????????"},{"@type":"BreadcrumbList","@id":"https:\/\/obeirao.pt\/online\/2019\/08\/23\/eng-a-carla-antunes-suspende-mandato-de-vereadora-na-camara-municipal-de-tondela\/#breadcrumb","itemListElement":[{"@type":"ListItem","position":1,"name":"Home","item":"https:\/\/obeirao.pt\/online\/"},{"@type":"ListItem","position":2,"name":"ENG.\u00aa CARLA ANTUNES SUSPENDE MANDATO de vereadora na C\u00e2mara Municipal de Tondela"}]},{"@type":"WebSite","@id":"https:\/\/obeirao.pt\/online\/#website","url":"https:\/\/obeirao.pt\/online\/","name":"Beir\u00e3o Online","description":"www.obeirao.pt","potentialAction":[{"@type":"SearchAction","target":{"@type":"EntryPoint","urlTemplate":"https:\/\/obeirao.pt\/online\/?s={search_term_string}"},"query-input":{"@type":"PropertyValueSpecification","valueRequired":true,"valueName":"search_term_string"}}],"inLanguage":"pt-PT"},{"@type":"Person","@id":"https:\/\/obeirao.pt\/online\/#\/schema\/person\/efac69bb5a33873e1c1bb9c1165ff38c","name":"Z\u00e9 Beir\u00e3o","image":{"@type":"ImageObject","inLanguage":"pt-PT","@id":"https:\/\/secure.gravatar.com\/avatar\/c8c44d1f9327baa4d27e9b1149cd71b3?s=96&d=mm&r=g","url":"https:\/\/secure.gravatar.com\/avatar\/c8c44d1f9327baa4d27e9b1149cd71b3?s=96&d=mm&r=g","contentUrl":"https:\/\/secure.gravatar.com\/avatar\/c8c44d1f9327baa4d27e9b1149cd71b3?s=96&d=mm&r=g","caption":"Z\u00e9 Beir\u00e3o"},"url":"https:\/\/obeirao.pt\/online\/author\/zebeirao\/"}]}},"_links":{"self":[{"href":"https:\/\/obeirao.pt\/online\/wp-json\/wp\/v2\/posts\/3756"}],"collection":[{"href":"https:\/\/obeirao.pt\/online\/wp-json\/wp\/v2\/posts"}],"about":[{"href":"https:\/\/obeirao.pt\/online\/wp-json\/wp\/v2\/types\/post"}],"author":[{"embeddable":true,"href":"https:\/\/obeirao.pt\/online\/wp-json\/wp\/v2\/users\/2"}],"replies":[{"embeddable":true,"href":"https:\/\/obeirao.pt\/online\/wp-json\/wp\/v2\/comments?post=3756"}],"version-history":[{"count":3,"href":"https:\/\/obeirao.pt\/online\/wp-json\/wp\/v2\/posts\/3756\/revisions"}],"predecessor-version":[{"id":3760,"href":"https:\/\/obeirao.pt\/online\/wp-json\/wp\/v2\/posts\/3756\/revisions\/3760"}],"wp:featuredmedia":[{"embeddable":true,"href":"https:\/\/obeirao.pt\/online\/wp-json\/wp\/v2\/media\/3757"}],"wp:attachment":[{"href":"https:\/\/obeirao.pt\/online\/wp-json\/wp\/v2\/media?parent=3756"}],"wp:term":[{"taxonomy":"category","embeddable":true,"href":"https:\/\/obeirao.pt\/online\/wp-json\/wp\/v2\/categories?post=3756"},{"taxonomy":"post_tag","embeddable":true,"href":"https:\/\/obeirao.pt\/online\/wp-json\/wp\/v2\/tags?post=3756"}],"curies":[{"name":"wp","href":"https:\/\/api.w.org\/{rel}","templated":true}]}}