{"id":4118,"date":"2019-11-10T20:09:20","date_gmt":"2019-11-10T20:09:20","guid":{"rendered":"http:\/\/obeirao.pt\/online\/?p=4118"},"modified":"2019-11-10T22:03:23","modified_gmt":"2019-11-10T22:03:23","slug":"municipio-de-tondela-investe-cerca-de-200-mil-euros-em-iluminacao-publica","status":"publish","type":"post","link":"https:\/\/obeirao.pt\/online\/2019\/11\/10\/municipio-de-tondela-investe-cerca-de-200-mil-euros-em-iluminacao-publica\/","title":{"rendered":"MUNIC\u00cdPIO DE TONDELA INVESTE CERCA DE 200 MIL EUROS EM ILUMINA\u00c7\u00c3O P\u00daBLICA\u00a0"},"content":{"rendered":"<span class=\"span-reading-time rt-reading-time\" style=\"display: block;\"><span class=\"rt-label rt-prefix\">tempo de leitura:<\/span> <span class=\"rt-time\"> 4<\/span> <span class=\"rt-label rt-postfix\">minutos<\/span><\/span><p><span style=\"font-size: 24pt\"><strong><a href=\"http:\/\/obeirao.pt\/online\/wp-content\/uploads\/2019\/11\/ze-antonio.jpg\"><img loading=\"lazy\" decoding=\"async\" class=\"wp-image-4119 size-medium alignleft\" src=\"http:\/\/obeirao.pt\/online\/wp-content\/uploads\/2019\/11\/ze-antonio-300x169.jpg\" alt=\"\" width=\"300\" height=\"169\" srcset=\"https:\/\/obeirao.pt\/online\/wp-content\/uploads\/2019\/11\/ze-antonio-300x169.jpg 300w, https:\/\/obeirao.pt\/online\/wp-content\/uploads\/2019\/11\/ze-antonio.jpg 581w\" sizes=\"(max-width: 300px) 100vw, 300px\" \/><\/a><\/strong><\/span><strong><span style=\"font-family: georgia, palatino, serif\"><span style=\"font-size: 18pt\"><em>O Munic\u00edpio de Tondela vai investir cerca de 200 mil euros em ilumina\u00e7\u00e3o p\u00fablica, substituindo lumin\u00e1rias de merc\u00fario por novas lumin\u00e1rias com tecnologia LED, em todas as freguesias do concelho.<\/em><\/span><!--more--><\/span><\/strong><\/p>\n<p><strong><span style=\"font-family: georgia, palatino, serif\">O presidente da C\u00e2mara Municipal de Tondela, Jos\u00e9 Ant\u00f3nio de Jesus, disse nesta \u00faltima sexta-feira (dia 8 de Novembro), em confer\u00eancia de imprensa, que este investimento tem por objectivo <em>\u201cmelhorar a efici\u00eancia energ\u00e9tica da rede de ilumina\u00e7\u00e3o p\u00fablica\u201d.<\/em><\/span><\/strong><\/p>\n<p><span style=\"color: #ff0000;background-color: #ffff99\"><strong><span style=\"font-size: 14pt;font-family: georgia, palatino, serif;background-color: #ffff99\"><em>POUPAN\u00c7AS FINANCEIRAS PARA O MUNIC\u00cdPIO<\/em><\/span><\/strong><\/span><\/p>\n<p><strong><span style=\"font-family: georgia, palatino, serif\"><em><a href=\"http:\/\/obeirao.pt\/online\/wp-content\/uploads\/2018\/08\/DSC_0173.jpg\"><img loading=\"lazy\" decoding=\"async\" class=\"alignleft wp-image-1645 size-medium\" src=\"http:\/\/obeirao.pt\/online\/wp-content\/uploads\/2018\/08\/DSC_0173-300x155.jpg\" alt=\"\" width=\"300\" height=\"155\" srcset=\"https:\/\/obeirao.pt\/online\/wp-content\/uploads\/2018\/08\/DSC_0173-300x155.jpg 300w, https:\/\/obeirao.pt\/online\/wp-content\/uploads\/2018\/08\/DSC_0173-768x398.jpg 768w, https:\/\/obeirao.pt\/online\/wp-content\/uploads\/2018\/08\/DSC_0173.jpg 1024w\" sizes=\"(max-width: 300px) 100vw, 300px\" \/><\/a>\u201cContinuamos a investir em solu\u00e7\u00f5es tecnol\u00f3gicas que contribuam para a melhoria da qualidade de vida da popula\u00e7\u00e3o, assim como dos servi\u00e7os p\u00fablicos prestados. Vai trazer poupan\u00e7as financeiras ao Munic\u00edpio de Tondela, pela redu\u00e7\u00e3o significativa dos gastos com a ilumina\u00e7\u00e3o p\u00fablica, mas tamb\u00e9m ir\u00e1 reduzir a emiss\u00e3o de gases com efeito de estufa\u201d<\/em>, acrescentou.<\/span><\/strong><\/p>\n<p><strong><span style=\"font-family: georgia, palatino, serif\">Ao todo ser\u00e3o colocadas cerca de 1.200 lumin\u00e1rias LED que, para al\u00e9m do baixo consumo e sustentabilidade, destacam-se ainda por terem um mais longo tempo de vida.<\/span><\/strong><\/p>\n<p><strong><span style=\"font-family: georgia, palatino, serif\">A Uni\u00e3o de Freguesias de Mouraz e Vila Nova da Rainha \u00e9 aquela onde ser\u00e3o substitu\u00eddas mais lumin\u00e1rias, num total de 150.<\/span><\/strong><\/p>\n<p><strong><span style=\"font-family: georgia, palatino, serif\">Os trabalhos de substitui\u00e7\u00e3o de lumin\u00e1rias dever\u00e3o arrancar ainda durante o m\u00eas de Novembro, sendo o seu prazo de execu\u00e7\u00e3o de dois meses.<\/span><\/strong><\/p>\n<p><span style=\"color: #ff0000;background-color: #ffff99\"><strong><span style=\"font-size: 14pt;font-family: georgia, palatino, serif;background-color: #ffff99\"><em>INVESTIMENTO DE CERCA DE UM MILH\u00c3O DE EUROS NOS \u00daLTIMOS QUATRO ANOS<\/em><\/span><\/strong><\/span><\/p>\n<p><strong><span style=\"font-family: georgia, palatino, serif\"><a href=\"http:\/\/obeirao.pt\/online\/wp-content\/uploads\/2018\/05\/DSC_0293.jpg\"><img loading=\"lazy\" decoding=\"async\" class=\"alignleft wp-image-1100 size-medium\" src=\"http:\/\/obeirao.pt\/online\/wp-content\/uploads\/2018\/05\/DSC_0293-300x200.jpg\" alt=\"\" width=\"300\" height=\"200\" srcset=\"https:\/\/obeirao.pt\/online\/wp-content\/uploads\/2018\/05\/DSC_0293-300x200.jpg 300w, https:\/\/obeirao.pt\/online\/wp-content\/uploads\/2018\/05\/DSC_0293-768x512.jpg 768w, https:\/\/obeirao.pt\/online\/wp-content\/uploads\/2018\/05\/DSC_0293.jpg 1024w\" sizes=\"(max-width: 300px) 100vw, 300px\" \/><\/a>De recordar que a primeira opera\u00e7\u00e3o de substitui\u00e7\u00e3o de lumin\u00e1rias de merc\u00fario por led ocorreu em 2015, num investimento de cerca de 125 mil euros em 400 lumin\u00e1rias LED.<\/span><\/strong><\/p>\n<p><strong><span style=\"font-family: georgia, palatino, serif\">Em 2016, o Munic\u00edpio de Tondela investiu mais 190 mil euros em mais de mil lumin\u00e1rias LED, enquanto que em 2017 foram investidos 130 mil euros em 800 lumin\u00e1rias LED.<\/span><\/strong><\/p>\n<p><strong><span style=\"font-family: georgia, palatino, serif\">Ao todo, o investimento nos \u00faltimos quatro anos ronda os 650 mil euros.<\/span><\/strong><\/p>\n<p><span style=\"color: #ff0000;background-color: #ffff99\"><strong><span style=\"font-size: 14pt;font-family: georgia, palatino, serif;background-color: #ffff99\"><em>LUMIN\u00c1RIAS APAGADAS V\u00c3O SER RELIGADAS<\/em><\/span><\/strong><\/span><\/p>\n<p><strong><span style=\"font-family: georgia, palatino, serif\">Depois desta opera\u00e7\u00e3o de substitui\u00e7\u00e3o de 1.200 lumin\u00e1rias, ser\u00e1 tamb\u00e9m religado um conjunto significativo de lumin\u00e1rias, em articula\u00e7\u00e3o com as juntas e uni\u00f5es de freguesia do concelho. Estas lumin\u00e1rias tinham sido desligadas em alguns pontos do concelho, seguindo orienta\u00e7\u00f5es nacionais de poupan\u00e7a na altura da Troika.<\/span><\/strong><\/p>\n<p><strong><span style=\"font-family: georgia, palatino, serif\"><em><a href=\"http:\/\/obeirao.pt\/online\/wp-content\/uploads\/2018\/06\/DSC_0091.jpg\"><img loading=\"lazy\" decoding=\"async\" class=\"alignleft wp-image-1392 size-medium\" src=\"http:\/\/obeirao.pt\/online\/wp-content\/uploads\/2018\/06\/DSC_0091-300x155.jpg\" alt=\"\" width=\"300\" height=\"155\" srcset=\"https:\/\/obeirao.pt\/online\/wp-content\/uploads\/2018\/06\/DSC_0091-300x155.jpg 300w, https:\/\/obeirao.pt\/online\/wp-content\/uploads\/2018\/06\/DSC_0091-768x397.jpg 768w, https:\/\/obeirao.pt\/online\/wp-content\/uploads\/2018\/06\/DSC_0091.jpg 1024w\" sizes=\"(max-width: 300px) 100vw, 300px\" \/><\/a>\u201cEstamos a rever toda a rede de ilumina\u00e7\u00e3o p\u00fablica, tamb\u00e9m em \u00e1reas da cidade mais sens\u00edveis. No entanto, n\u00e3o deixaremos de continuar a seguir crit\u00e9rios de racionalidade e boa gest\u00e3o\u201d,<\/em> esclareceu.<\/span><\/strong><\/p>\n<p><strong><span style=\"font-family: georgia, palatino, serif\">Ainda referente ao sistema de ilumina\u00e7\u00e3o do concelho de Tondela, destaque para o facto de, ao longo de 2019, terem sido efectuadas 25 extens\u00f5es de rede, num investimento que ultrapassou os 30 mil euros.<\/span><\/strong><\/p>\n<p><strong><span style=\"font-family: georgia, palatino, serif\">Os gastos em ilumina\u00e7\u00e3o p\u00fablica no concelho de Tondela foram de 915 mil euros em 2018. O concelho de Tondela possui cerca de 18 mil lumin\u00e1rias.<\/span><\/strong><\/p>\n<p><span style=\"color: #ff0000;background-color: #ffff99\"><strong><span style=\"font-size: 14pt;font-family: georgia, palatino, serif;background-color: #ffff99\"><em>MONUMENTOS E PATRIM\u00d3NIO<\/em><\/span><\/strong><\/span><\/p>\n<p><strong><span style=\"font-family: georgia, palatino, serif\"><a href=\"http:\/\/obeirao.pt\/online\/wp-content\/uploads\/2019\/11\/chafariz-sereia.jpg\"><img loading=\"lazy\" decoding=\"async\" class=\"alignleft wp-image-4122 size-medium\" src=\"http:\/\/obeirao.pt\/online\/wp-content\/uploads\/2019\/11\/chafariz-sereia-199x300.jpg\" alt=\"\" width=\"199\" height=\"300\" srcset=\"https:\/\/obeirao.pt\/online\/wp-content\/uploads\/2019\/11\/chafariz-sereia-199x300.jpg 199w, https:\/\/obeirao.pt\/online\/wp-content\/uploads\/2019\/11\/chafariz-sereia.jpg 468w\" sizes=\"(max-width: 199px) 100vw, 199px\" \/><\/a><\/span><\/strong><\/p>\n<figure id=\"attachment_3732\" aria-describedby=\"caption-attachment-3732\" style=\"width: 300px\" class=\"wp-caption alignright\"><a href=\"http:\/\/obeirao.pt\/online\/wp-content\/uploads\/2019\/08\/DSC_0103.jpg\"><img loading=\"lazy\" decoding=\"async\" class=\"wp-image-3732 size-medium\" src=\"http:\/\/obeirao.pt\/online\/wp-content\/uploads\/2019\/08\/DSC_0103-300x201.jpg\" alt=\"\" width=\"300\" height=\"201\" srcset=\"https:\/\/obeirao.pt\/online\/wp-content\/uploads\/2019\/08\/DSC_0103-300x201.jpg 300w, https:\/\/obeirao.pt\/online\/wp-content\/uploads\/2019\/08\/DSC_0103-768x514.jpg 768w, https:\/\/obeirao.pt\/online\/wp-content\/uploads\/2019\/08\/DSC_0103.jpg 1024w, https:\/\/obeirao.pt\/online\/wp-content\/uploads\/2019\/08\/DSC_0103-640x429.jpg 640w\" sizes=\"(max-width: 300px) 100vw, 300px\" \/><\/a><figcaption id=\"caption-attachment-3732\" class=\"wp-caption-text\">Ao emigrante (arquivo)<\/figcaption><\/figure>\n<p><strong><span style=\"font-family: georgia, palatino, serif\">Alegramo-nos com estas not\u00edcias que nos chegam da Edilidade tondelense, uma vez que, no que concerne \u00e0 cidade, a ilumina\u00e7\u00e3o tem andado pelas ruas da amargura em certos locais, com os monumentos e as fachadas do patrim\u00f3nio religioso e n\u00e3o s\u00f3, na penumbra. <\/span><span style=\"font-family: georgia, palatino, serif\">At\u00e9 a Pra\u00e7a Besteiros est\u00e1 na penumbra&#8230;<\/span><\/strong><\/p>\n<p><strong><span style=\"font-family: georgia, palatino, serif\">\u00c9 tempo de se iluminarem decentemente, as igrejas e monumentos da cidade, nomeadamente, Monumento aos Mortos da Grande Guerra, Monumento ao Emigrante, Est\u00e1tua a C\u00e2ndido de Figueiredo, Monumento aos Combatentes do Ultramar, o Chafariz da Sereia, a Fonte do Outeiro, sem esquecer as fachadas da Igreja Nova e da Igreja do Carmo, as fachadas do Museu (Solar de Santana), do Pal\u00e1cio da Justi\u00e7a, do Arquivo Hist\u00f3rico, dos Pa\u00e7os do Concelho, da Biblioteca Municipal e do Novo Ciclo (sede da CIM Viseu D\u00e3o Laf\u00f5es), juntando-se, naturalmente, as fachadas das capelas de Santa Euf\u00e9mia, do Calv\u00e1rio, do Carvalhal e da Ermida.<\/span><\/strong><\/p>\n<p><strong><span style=\"font-family: georgia, palatino, serif\"><a href=\"http:\/\/obeirao.pt\/online\/wp-content\/uploads\/2018\/05\/DSC_0298.jpg\"><img loading=\"lazy\" decoding=\"async\" class=\"alignright wp-image-1101 size-medium\" src=\"http:\/\/obeirao.pt\/online\/wp-content\/uploads\/2018\/05\/DSC_0298-300x162.jpg\" alt=\"\" width=\"300\" height=\"162\" srcset=\"https:\/\/obeirao.pt\/online\/wp-content\/uploads\/2018\/05\/DSC_0298-300x162.jpg 300w, https:\/\/obeirao.pt\/online\/wp-content\/uploads\/2018\/05\/DSC_0298-768x414.jpg 768w, https:\/\/obeirao.pt\/online\/wp-content\/uploads\/2018\/05\/DSC_0298.jpg 1024w\" sizes=\"(max-width: 300px) 100vw, 300px\" \/><\/a><\/span><\/strong><\/p>\n<figure id=\"attachment_4123\" aria-describedby=\"caption-attachment-4123\" style=\"width: 300px\" class=\"wp-caption alignleft\"><a href=\"http:\/\/obeirao.pt\/online\/wp-content\/uploads\/2019\/11\/Aos-combatentes-grande-guerra.jpg\"><img loading=\"lazy\" decoding=\"async\" class=\"wp-image-4123 size-medium\" src=\"http:\/\/obeirao.pt\/online\/wp-content\/uploads\/2019\/11\/Aos-combatentes-grande-guerra-300x199.jpg\" alt=\"\" width=\"300\" height=\"199\" srcset=\"https:\/\/obeirao.pt\/online\/wp-content\/uploads\/2019\/11\/Aos-combatentes-grande-guerra-300x199.jpg 300w, https:\/\/obeirao.pt\/online\/wp-content\/uploads\/2019\/11\/Aos-combatentes-grande-guerra-640x426.jpg 640w, https:\/\/obeirao.pt\/online\/wp-content\/uploads\/2019\/11\/Aos-combatentes-grande-guerra.jpg 752w\" sizes=\"(max-width: 300px) 100vw, 300px\" \/><\/a><figcaption id=\"caption-attachment-4123\" class=\"wp-caption-text\">Aos combatentes grande guerra (arquivo)<\/figcaption><\/figure>\n<p><strong><span style=\"font-family: georgia, palatino, serif\">E, mais ainda, a ilumina\u00e7\u00e3o ideal da mocetona que representa a lenda de Tondela, na rotunda da entrada da Avenida das Comunidades, no Alto do Pend\u00e3o. A \u201cmenina\u201d (a necessitar de ser mais levantada em penedos) s\u00f3 tem luz nos \u201ccalcantes\u201d. O resto est\u00e1 \u00e0s escuras.<\/span><\/strong><\/p>\n<p><strong><span style=\"font-family: georgia, palatino, serif\">H\u00e1 ainda certos locais da cidade que carecem de mais luz, como \u00e9 o caso na zona da frontaria da Igreja Matriz e nos lados da Museu, onde faltam dois candeeiros de p\u00e9.<\/span><\/strong><\/p>\n<p><span style=\"font-family: georgia, palatino, serif\"><strong>Por outro lado, sou de parecer que os monumentos e patrim\u00f3nio deveriam ter ilumina\u00e7\u00e3o, n\u00e3o a Led, mas de vapor de s\u00f3dio, destacando-se da ilumina\u00e7\u00e3o geral.<\/strong><\/span><\/p>\n<p>&nbsp;<\/p>\n","protected":false},"excerpt":{"rendered":"<div class=\"mh-excerpt\"><span class=\"span-reading-time rt-reading-time\" style=\"display: block;\"><span class=\"rt-label rt-prefix\">tempo de leitura:<\/span> <span class=\"rt-time\"> 4<\/span> <span class=\"rt-label rt-postfix\">minutos<\/span><\/span>O Munic\u00edpio de Tondela vai investir cerca de 200 mil euros em ilumina\u00e7\u00e3o p\u00fablica, substituindo lumin\u00e1rias de merc\u00fario por novas lumin\u00e1rias com tecnologia LED, em <a class=\"mh-excerpt-more\" href=\"https:\/\/obeirao.pt\/online\/2019\/11\/10\/municipio-de-tondela-investe-cerca-de-200-mil-euros-em-iluminacao-publica\/\" title=\"MUNIC\u00cdPIO DE TONDELA INVESTE CERCA DE 200 MIL EUROS EM ILUMINA\u00c7\u00c3O P\u00daBLICA\u00a0\">[&#8230;]<\/a><\/div>\n","protected":false},"author":2,"featured_media":4119,"comment_status":"open","ping_status":"open","sticky":false,"template":"","format":"standard","meta":{"footnotes":""},"categories":[2,5,4,63],"tags":[],"class_list":["post-4118","post","type-post","status-publish","format-standard","has-post-thumbnail","hentry","category-principal","category-cidade","category-regiao","category-tondela"],"yoast_head":"<!-- This site is optimized with the Yoast SEO plugin v27.4 - https:\/\/yoast.com\/product\/yoast-seo-wordpress\/ -->\n<title>MUNIC\u00cdPIO DE TONDELA INVESTE CERCA DE 200 MIL EUROS EM ILUMINA\u00c7\u00c3O P\u00daBLICA\u00a0 - Beir\u00e3o Online<\/title>\n<meta name=\"robots\" content=\"index, follow, max-snippet:-1, max-image-preview:large, max-video-preview:-1\" \/>\n<link rel=\"canonical\" href=\"http:\/\/obeirao.pt\/online\/2019\/11\/10\/municipio-de-tondela-investe-cerca-de-200-mil-euros-em-iluminacao-publica\/\" \/>\n<meta property=\"og:locale\" content=\"pt_PT\" \/>\n<meta property=\"og:type\" content=\"article\" \/>\n<meta property=\"og:title\" content=\"MUNIC\u00cdPIO DE TONDELA INVESTE CERCA DE 200 MIL EUROS EM ILUMINA\u00c7\u00c3O P\u00daBLICA\u00a0 - Beir\u00e3o Online\" \/>\n<meta property=\"og:description\" content=\"tempo de leitura: 4 minutosO Munic\u00edpio de Tondela vai investir cerca de 200 mil euros em ilumina\u00e7\u00e3o p\u00fablica, substituindo lumin\u00e1rias de merc\u00fario por novas lumin\u00e1rias com tecnologia LED, em [...]\" \/>\n<meta property=\"og:url\" content=\"http:\/\/obeirao.pt\/online\/2019\/11\/10\/municipio-de-tondela-investe-cerca-de-200-mil-euros-em-iluminacao-publica\/\" \/>\n<meta property=\"og:site_name\" content=\"Beir\u00e3o Online\" \/>\n<meta property=\"article:publisher\" content=\"https:\/\/pt-br.facebook.com\/pages\/Amigos-de-Tondela\/273620439973877\" \/>\n<meta property=\"article:published_time\" content=\"2019-11-10T20:09:20+00:00\" \/>\n<meta property=\"article:modified_time\" content=\"2019-11-10T22:03:23+00:00\" \/>\n<meta property=\"og:image\" content=\"http:\/\/obeirao.pt\/online\/wp-content\/uploads\/2019\/11\/ze-antonio.jpg\" \/>\n\t<meta property=\"og:image:width\" content=\"581\" \/>\n\t<meta property=\"og:image:height\" content=\"327\" \/>\n\t<meta property=\"og:image:type\" content=\"image\/jpeg\" \/>\n<meta name=\"author\" content=\"Z\u00e9 Beir\u00e3o\" \/>\n<meta name=\"twitter:card\" content=\"summary_large_image\" \/>\n<meta name=\"twitter:creator\" content=\"@JoaquimDuarteP2\" \/>\n<meta name=\"twitter:site\" content=\"@JoaquimDuarteP2\" \/>\n<meta name=\"twitter:label1\" content=\"Escrito por\" \/>\n\t<meta name=\"twitter:data1\" content=\"Z\u00e9 Beir\u00e3o\" \/>\n\t<meta name=\"twitter:label2\" content=\"Tempo estimado de leitura\" \/>\n\t<meta name=\"twitter:data2\" content=\"4 minutos\" \/>\n<script type=\"application\/ld+json\" class=\"yoast-schema-graph\">{\"@context\":\"https:\\\/\\\/schema.org\",\"@graph\":[{\"@type\":\"Article\",\"@id\":\"http:\\\/\\\/obeirao.pt\\\/online\\\/2019\\\/11\\\/10\\\/municipio-de-tondela-investe-cerca-de-200-mil-euros-em-iluminacao-publica\\\/#article\",\"isPartOf\":{\"@id\":\"http:\\\/\\\/obeirao.pt\\\/online\\\/2019\\\/11\\\/10\\\/municipio-de-tondela-investe-cerca-de-200-mil-euros-em-iluminacao-publica\\\/\"},\"author\":{\"name\":\"Z\u00e9 Beir\u00e3o\",\"@id\":\"http:\\\/\\\/obeirao.pt\\\/online\\\/#\\\/schema\\\/person\\\/efac69bb5a33873e1c1bb9c1165ff38c\"},\"headline\":\"MUNIC\u00cdPIO DE TONDELA INVESTE CERCA DE 200 MIL EUROS EM ILUMINA\u00c7\u00c3O P\u00daBLICA\u00a0\",\"datePublished\":\"2019-11-10T20:09:20+00:00\",\"dateModified\":\"2019-11-10T22:03:23+00:00\",\"mainEntityOfPage\":{\"@id\":\"http:\\\/\\\/obeirao.pt\\\/online\\\/2019\\\/11\\\/10\\\/municipio-de-tondela-investe-cerca-de-200-mil-euros-em-iluminacao-publica\\\/\"},\"wordCount\":789,\"commentCount\":0,\"image\":{\"@id\":\"http:\\\/\\\/obeirao.pt\\\/online\\\/2019\\\/11\\\/10\\\/municipio-de-tondela-investe-cerca-de-200-mil-euros-em-iluminacao-publica\\\/#primaryimage\"},\"thumbnailUrl\":\"https:\\\/\\\/obeirao.pt\\\/online\\\/wp-content\\\/uploads\\\/2019\\\/11\\\/ze-antonio.jpg\",\"articleSection\":[\"_Principal\",\"Cidade\",\"Regi\u00e3o\",\"Tondela\"],\"inLanguage\":\"pt-PT\"},{\"@type\":\"WebPage\",\"@id\":\"http:\\\/\\\/obeirao.pt\\\/online\\\/2019\\\/11\\\/10\\\/municipio-de-tondela-investe-cerca-de-200-mil-euros-em-iluminacao-publica\\\/\",\"url\":\"http:\\\/\\\/obeirao.pt\\\/online\\\/2019\\\/11\\\/10\\\/municipio-de-tondela-investe-cerca-de-200-mil-euros-em-iluminacao-publica\\\/\",\"name\":\"MUNIC\u00cdPIO DE TONDELA INVESTE CERCA DE 200 MIL EUROS EM ILUMINA\u00c7\u00c3O P\u00daBLICA\u00a0 - Beir\u00e3o Online\",\"isPartOf\":{\"@id\":\"http:\\\/\\\/obeirao.pt\\\/online\\\/#website\"},\"primaryImageOfPage\":{\"@id\":\"http:\\\/\\\/obeirao.pt\\\/online\\\/2019\\\/11\\\/10\\\/municipio-de-tondela-investe-cerca-de-200-mil-euros-em-iluminacao-publica\\\/#primaryimage\"},\"image\":{\"@id\":\"http:\\\/\\\/obeirao.pt\\\/online\\\/2019\\\/11\\\/10\\\/municipio-de-tondela-investe-cerca-de-200-mil-euros-em-iluminacao-publica\\\/#primaryimage\"},\"thumbnailUrl\":\"https:\\\/\\\/obeirao.pt\\\/online\\\/wp-content\\\/uploads\\\/2019\\\/11\\\/ze-antonio.jpg\",\"datePublished\":\"2019-11-10T20:09:20+00:00\",\"dateModified\":\"2019-11-10T22:03:23+00:00\",\"author\":{\"@id\":\"http:\\\/\\\/obeirao.pt\\\/online\\\/#\\\/schema\\\/person\\\/efac69bb5a33873e1c1bb9c1165ff38c\"},\"breadcrumb\":{\"@id\":\"http:\\\/\\\/obeirao.pt\\\/online\\\/2019\\\/11\\\/10\\\/municipio-de-tondela-investe-cerca-de-200-mil-euros-em-iluminacao-publica\\\/#breadcrumb\"},\"inLanguage\":\"pt-PT\",\"potentialAction\":[{\"@type\":\"ReadAction\",\"target\":[\"http:\\\/\\\/obeirao.pt\\\/online\\\/2019\\\/11\\\/10\\\/municipio-de-tondela-investe-cerca-de-200-mil-euros-em-iluminacao-publica\\\/\"]}]},{\"@type\":\"ImageObject\",\"inLanguage\":\"pt-PT\",\"@id\":\"http:\\\/\\\/obeirao.pt\\\/online\\\/2019\\\/11\\\/10\\\/municipio-de-tondela-investe-cerca-de-200-mil-euros-em-iluminacao-publica\\\/#primaryimage\",\"url\":\"https:\\\/\\\/obeirao.pt\\\/online\\\/wp-content\\\/uploads\\\/2019\\\/11\\\/ze-antonio.jpg\",\"contentUrl\":\"https:\\\/\\\/obeirao.pt\\\/online\\\/wp-content\\\/uploads\\\/2019\\\/11\\\/ze-antonio.jpg\",\"width\":581,\"height\":327},{\"@type\":\"BreadcrumbList\",\"@id\":\"http:\\\/\\\/obeirao.pt\\\/online\\\/2019\\\/11\\\/10\\\/municipio-de-tondela-investe-cerca-de-200-mil-euros-em-iluminacao-publica\\\/#breadcrumb\",\"itemListElement\":[{\"@type\":\"ListItem\",\"position\":1,\"name\":\"Home\",\"item\":\"http:\\\/\\\/obeirao.pt\\\/online\\\/\"},{\"@type\":\"ListItem\",\"position\":2,\"name\":\"MUNIC\u00cdPIO DE TONDELA INVESTE CERCA DE 200 MIL EUROS EM ILUMINA\u00c7\u00c3O P\u00daBLICA\u00a0\"}]},{\"@type\":\"WebSite\",\"@id\":\"http:\\\/\\\/obeirao.pt\\\/online\\\/#website\",\"url\":\"http:\\\/\\\/obeirao.pt\\\/online\\\/\",\"name\":\"Beir\u00e3o Online\",\"description\":\"www.obeirao.pt\",\"potentialAction\":[{\"@type\":\"SearchAction\",\"target\":{\"@type\":\"EntryPoint\",\"urlTemplate\":\"http:\\\/\\\/obeirao.pt\\\/online\\\/?s={search_term_string}\"},\"query-input\":{\"@type\":\"PropertyValueSpecification\",\"valueRequired\":true,\"valueName\":\"search_term_string\"}}],\"inLanguage\":\"pt-PT\"},{\"@type\":\"Person\",\"@id\":\"http:\\\/\\\/obeirao.pt\\\/online\\\/#\\\/schema\\\/person\\\/efac69bb5a33873e1c1bb9c1165ff38c\",\"name\":\"Z\u00e9 Beir\u00e3o\",\"image\":{\"@type\":\"ImageObject\",\"inLanguage\":\"pt-PT\",\"@id\":\"https:\\\/\\\/secure.gravatar.com\\\/avatar\\\/c8c44d1f9327baa4d27e9b1149cd71b3?s=96&d=mm&r=g\",\"url\":\"https:\\\/\\\/secure.gravatar.com\\\/avatar\\\/c8c44d1f9327baa4d27e9b1149cd71b3?s=96&d=mm&r=g\",\"contentUrl\":\"https:\\\/\\\/secure.gravatar.com\\\/avatar\\\/c8c44d1f9327baa4d27e9b1149cd71b3?s=96&d=mm&r=g\",\"caption\":\"Z\u00e9 Beir\u00e3o\"},\"url\":\"https:\\\/\\\/obeirao.pt\\\/online\\\/author\\\/zebeirao\\\/\"}]}<\/script>\n<!-- \/ Yoast SEO plugin. -->","yoast_head_json":{"title":"MUNIC\u00cdPIO DE TONDELA INVESTE CERCA DE 200 MIL EUROS EM ILUMINA\u00c7\u00c3O P\u00daBLICA\u00a0 - Beir\u00e3o Online","robots":{"index":"index","follow":"follow","max-snippet":"max-snippet:-1","max-image-preview":"max-image-preview:large","max-video-preview":"max-video-preview:-1"},"canonical":"http:\/\/obeirao.pt\/online\/2019\/11\/10\/municipio-de-tondela-investe-cerca-de-200-mil-euros-em-iluminacao-publica\/","og_locale":"pt_PT","og_type":"article","og_title":"MUNIC\u00cdPIO DE TONDELA INVESTE CERCA DE 200 MIL EUROS EM ILUMINA\u00c7\u00c3O P\u00daBLICA\u00a0 - Beir\u00e3o Online","og_description":"tempo de leitura: 4 minutosO Munic\u00edpio de Tondela vai investir cerca de 200 mil euros em ilumina\u00e7\u00e3o p\u00fablica, substituindo lumin\u00e1rias de merc\u00fario por novas lumin\u00e1rias com tecnologia LED, em [...]","og_url":"http:\/\/obeirao.pt\/online\/2019\/11\/10\/municipio-de-tondela-investe-cerca-de-200-mil-euros-em-iluminacao-publica\/","og_site_name":"Beir\u00e3o Online","article_publisher":"https:\/\/pt-br.facebook.com\/pages\/Amigos-de-Tondela\/273620439973877","article_published_time":"2019-11-10T20:09:20+00:00","article_modified_time":"2019-11-10T22:03:23+00:00","og_image":[{"width":581,"height":327,"url":"http:\/\/obeirao.pt\/online\/wp-content\/uploads\/2019\/11\/ze-antonio.jpg","type":"image\/jpeg"}],"author":"Z\u00e9 Beir\u00e3o","twitter_card":"summary_large_image","twitter_creator":"@JoaquimDuarteP2","twitter_site":"@JoaquimDuarteP2","twitter_misc":{"Escrito por":"Z\u00e9 Beir\u00e3o","Tempo estimado de leitura":"4 minutos"},"schema":{"@context":"https:\/\/schema.org","@graph":[{"@type":"Article","@id":"http:\/\/obeirao.pt\/online\/2019\/11\/10\/municipio-de-tondela-investe-cerca-de-200-mil-euros-em-iluminacao-publica\/#article","isPartOf":{"@id":"http:\/\/obeirao.pt\/online\/2019\/11\/10\/municipio-de-tondela-investe-cerca-de-200-mil-euros-em-iluminacao-publica\/"},"author":{"name":"Z\u00e9 Beir\u00e3o","@id":"http:\/\/obeirao.pt\/online\/#\/schema\/person\/efac69bb5a33873e1c1bb9c1165ff38c"},"headline":"MUNIC\u00cdPIO DE TONDELA INVESTE CERCA DE 200 MIL EUROS EM ILUMINA\u00c7\u00c3O P\u00daBLICA\u00a0","datePublished":"2019-11-10T20:09:20+00:00","dateModified":"2019-11-10T22:03:23+00:00","mainEntityOfPage":{"@id":"http:\/\/obeirao.pt\/online\/2019\/11\/10\/municipio-de-tondela-investe-cerca-de-200-mil-euros-em-iluminacao-publica\/"},"wordCount":789,"commentCount":0,"image":{"@id":"http:\/\/obeirao.pt\/online\/2019\/11\/10\/municipio-de-tondela-investe-cerca-de-200-mil-euros-em-iluminacao-publica\/#primaryimage"},"thumbnailUrl":"https:\/\/obeirao.pt\/online\/wp-content\/uploads\/2019\/11\/ze-antonio.jpg","articleSection":["_Principal","Cidade","Regi\u00e3o","Tondela"],"inLanguage":"pt-PT"},{"@type":"WebPage","@id":"http:\/\/obeirao.pt\/online\/2019\/11\/10\/municipio-de-tondela-investe-cerca-de-200-mil-euros-em-iluminacao-publica\/","url":"http:\/\/obeirao.pt\/online\/2019\/11\/10\/municipio-de-tondela-investe-cerca-de-200-mil-euros-em-iluminacao-publica\/","name":"MUNIC\u00cdPIO DE TONDELA INVESTE CERCA DE 200 MIL EUROS EM ILUMINA\u00c7\u00c3O P\u00daBLICA\u00a0 - Beir\u00e3o Online","isPartOf":{"@id":"http:\/\/obeirao.pt\/online\/#website"},"primaryImageOfPage":{"@id":"http:\/\/obeirao.pt\/online\/2019\/11\/10\/municipio-de-tondela-investe-cerca-de-200-mil-euros-em-iluminacao-publica\/#primaryimage"},"image":{"@id":"http:\/\/obeirao.pt\/online\/2019\/11\/10\/municipio-de-tondela-investe-cerca-de-200-mil-euros-em-iluminacao-publica\/#primaryimage"},"thumbnailUrl":"https:\/\/obeirao.pt\/online\/wp-content\/uploads\/2019\/11\/ze-antonio.jpg","datePublished":"2019-11-10T20:09:20+00:00","dateModified":"2019-11-10T22:03:23+00:00","author":{"@id":"http:\/\/obeirao.pt\/online\/#\/schema\/person\/efac69bb5a33873e1c1bb9c1165ff38c"},"breadcrumb":{"@id":"http:\/\/obeirao.pt\/online\/2019\/11\/10\/municipio-de-tondela-investe-cerca-de-200-mil-euros-em-iluminacao-publica\/#breadcrumb"},"inLanguage":"pt-PT","potentialAction":[{"@type":"ReadAction","target":["http:\/\/obeirao.pt\/online\/2019\/11\/10\/municipio-de-tondela-investe-cerca-de-200-mil-euros-em-iluminacao-publica\/"]}]},{"@type":"ImageObject","inLanguage":"pt-PT","@id":"http:\/\/obeirao.pt\/online\/2019\/11\/10\/municipio-de-tondela-investe-cerca-de-200-mil-euros-em-iluminacao-publica\/#primaryimage","url":"https:\/\/obeirao.pt\/online\/wp-content\/uploads\/2019\/11\/ze-antonio.jpg","contentUrl":"https:\/\/obeirao.pt\/online\/wp-content\/uploads\/2019\/11\/ze-antonio.jpg","width":581,"height":327},{"@type":"BreadcrumbList","@id":"http:\/\/obeirao.pt\/online\/2019\/11\/10\/municipio-de-tondela-investe-cerca-de-200-mil-euros-em-iluminacao-publica\/#breadcrumb","itemListElement":[{"@type":"ListItem","position":1,"name":"Home","item":"http:\/\/obeirao.pt\/online\/"},{"@type":"ListItem","position":2,"name":"MUNIC\u00cdPIO DE TONDELA INVESTE CERCA DE 200 MIL EUROS EM ILUMINA\u00c7\u00c3O P\u00daBLICA\u00a0"}]},{"@type":"WebSite","@id":"http:\/\/obeirao.pt\/online\/#website","url":"http:\/\/obeirao.pt\/online\/","name":"Beir\u00e3o Online","description":"www.obeirao.pt","potentialAction":[{"@type":"SearchAction","target":{"@type":"EntryPoint","urlTemplate":"http:\/\/obeirao.pt\/online\/?s={search_term_string}"},"query-input":{"@type":"PropertyValueSpecification","valueRequired":true,"valueName":"search_term_string"}}],"inLanguage":"pt-PT"},{"@type":"Person","@id":"http:\/\/obeirao.pt\/online\/#\/schema\/person\/efac69bb5a33873e1c1bb9c1165ff38c","name":"Z\u00e9 Beir\u00e3o","image":{"@type":"ImageObject","inLanguage":"pt-PT","@id":"https:\/\/secure.gravatar.com\/avatar\/c8c44d1f9327baa4d27e9b1149cd71b3?s=96&d=mm&r=g","url":"https:\/\/secure.gravatar.com\/avatar\/c8c44d1f9327baa4d27e9b1149cd71b3?s=96&d=mm&r=g","contentUrl":"https:\/\/secure.gravatar.com\/avatar\/c8c44d1f9327baa4d27e9b1149cd71b3?s=96&d=mm&r=g","caption":"Z\u00e9 Beir\u00e3o"},"url":"https:\/\/obeirao.pt\/online\/author\/zebeirao\/"}]}},"_links":{"self":[{"href":"https:\/\/obeirao.pt\/online\/wp-json\/wp\/v2\/posts\/4118"}],"collection":[{"href":"https:\/\/obeirao.pt\/online\/wp-json\/wp\/v2\/posts"}],"about":[{"href":"https:\/\/obeirao.pt\/online\/wp-json\/wp\/v2\/types\/post"}],"author":[{"embeddable":true,"href":"https:\/\/obeirao.pt\/online\/wp-json\/wp\/v2\/users\/2"}],"replies":[{"embeddable":true,"href":"https:\/\/obeirao.pt\/online\/wp-json\/wp\/v2\/comments?post=4118"}],"version-history":[{"count":3,"href":"https:\/\/obeirao.pt\/online\/wp-json\/wp\/v2\/posts\/4118\/revisions"}],"predecessor-version":[{"id":4124,"href":"https:\/\/obeirao.pt\/online\/wp-json\/wp\/v2\/posts\/4118\/revisions\/4124"}],"wp:featuredmedia":[{"embeddable":true,"href":"https:\/\/obeirao.pt\/online\/wp-json\/wp\/v2\/media\/4119"}],"wp:attachment":[{"href":"https:\/\/obeirao.pt\/online\/wp-json\/wp\/v2\/media?parent=4118"}],"wp:term":[{"taxonomy":"category","embeddable":true,"href":"https:\/\/obeirao.pt\/online\/wp-json\/wp\/v2\/categories?post=4118"},{"taxonomy":"post_tag","embeddable":true,"href":"https:\/\/obeirao.pt\/online\/wp-json\/wp\/v2\/tags?post=4118"}],"curies":[{"name":"wp","href":"https:\/\/api.w.org\/{rel}","templated":true}]}}