{"id":4126,"date":"2019-11-11T17:49:44","date_gmt":"2019-11-11T17:49:44","guid":{"rendered":"http:\/\/obeirao.pt\/online\/?p=4126"},"modified":"2020-02-03T11:47:37","modified_gmt":"2020-02-03T11:47:37","slug":"sophia-de-mello-breyner-andressen","status":"publish","type":"post","link":"https:\/\/obeirao.pt\/online\/2019\/11\/11\/sophia-de-mello-breyner-andressen\/","title":{"rendered":"SOPHIA DE MELLO BREYNER ANDRESSEN"},"content":{"rendered":"<span class=\"span-reading-time rt-reading-time\" style=\"display: block;\"><span class=\"rt-label rt-prefix\">tempo de leitura:<\/span> <span class=\"rt-time\"> 4<\/span> <span class=\"rt-label rt-postfix\">minutos<\/span><\/span><ul style=\"list-style-type: circle\">\n<li class=\"alignnone\"><img loading=\"lazy\" decoding=\"async\" class=\"alignnone size-medium wp-image-4127 alignleft\" src=\"http:\/\/obeirao.pt\/online\/wp-content\/uploads\/2019\/11\/GetResource-300x300.jpg\" alt=\"\" width=\"300\" height=\"300\" srcset=\"https:\/\/obeirao.pt\/online\/wp-content\/uploads\/2019\/11\/GetResource-300x300.jpg 300w, https:\/\/obeirao.pt\/online\/wp-content\/uploads\/2019\/11\/GetResource-150x150.jpg 150w, https:\/\/obeirao.pt\/online\/wp-content\/uploads\/2019\/11\/GetResource.jpg 310w\" sizes=\"(max-width: 300px) 100vw, 300px\" \/><strong><span style=\"font-family: georgia, palatino, serif\"><span style=\"font-size: 18pt\"><em>Da<span style=\"font-family: georgia, palatino, serif\"> lei da morte j\u00e1<\/span> se libertou Sophia de Mello Breyner Andressen, <span style=\"font-family: georgia, palatino, serif\">cujo centen\u00e1rio do nascimento ocorreu em 6 de Novembro.<\/span> Em homenagem \u00e0 poetiza, o Dr. Leonel Marcelino enviou-nos este poema, que passamos a transcrever na \u00edntegra e a sua pr\u00f3pria an\u00e1lise \u00e0 obra:<\/em><\/span><!--more--><\/span><\/strong><\/li>\n<\/ul>\n<p><strong><span style=\"font-family: georgia, palatino, serif\">As diversas artes po\u00e9ticas de Sophia (conhe\u00e7o, pelo menos, cinco, em prosa) ajudam-nos, n\u00e3o s\u00f3 a entender a sua poesia, como ainda a perceber o fen\u00f3meno da cria\u00e7\u00e3o art\u00edstica.<\/span><\/strong><\/p>\n<p><strong><span style=\"font-family: georgia, palatino, serif\">Descobrimos, ali, os objectivos que procurou atingir: a aten\u00e7\u00e3o ao real material e humano, a lucidez para festejar a beleza e a capacidade para sofrer com a dor, o envolvimento com a sociedade e os seus problemas, a busca da verdade e da dignidade, a promo\u00e7\u00e3o de uma consci\u00eancia c\u00edvica empenhada. Inventar beleza e lutar pela dignifica\u00e7\u00e3o da pessoa humana s\u00e3o dois p\u00f3los sempre presentes na obra po\u00e9tica de Sophia de Mello Breyner Andressen.<\/span><\/strong><\/p>\n<p><strong><span style=\"font-family: georgia, palatino, serif\"><a href=\"http:\/\/obeirao.pt\/online\/wp-content\/uploads\/2019\/11\/150x.jpg\"><img loading=\"lazy\" decoding=\"async\" class=\"alignright wp-image-4128 size-full\" src=\"http:\/\/obeirao.pt\/online\/wp-content\/uploads\/2019\/11\/150x.jpg\" alt=\"\" width=\"150\" height=\"181\" \/><\/a>Mas, n\u00e3o s\u00f3.<\/span><\/strong><\/p>\n<p><strong><span style=\"font-family: georgia, palatino, serif\">Muito se tem debatido acerca do papel do poeta e da poesia. H\u00e1 quem defenda o poeta como um art\u00edfice da palavra, um embelezador da realidade, misterioso, divertido, sem sentido social, mas, Sophia de Mello Breyner enfileira ao lado dos que cultivam a poesia como algo de importante, n\u00e3o s\u00f3 do ponto de vista art\u00edstico, mas muito do ponto de vista social, pois sendo o poeta um ser de uma sensibilidade apurada, dificilmente poderia alhear-se do mundo para se recrear apenas com a palavra. O poeta usa a sua arte n\u00e3o s\u00f3 para prender a realidade mas, quase me apetece dizer, sobretudo, para, com ela, se transformar, como voz de combate, num instrumento important\u00edssimo no panorama da luta pela <em>liberdade<\/em> e pela <em>dignidade do ser<\/em>.<\/span><\/strong><\/p>\n<p><strong><span style=\"font-family: georgia, palatino, serif\">O texto seguinte, na pr\u00e1tica mais uma Arte Po\u00e9tica, \u00e9 quase uma s\u00edntese do seu pensamento sobre poesia.<\/span><\/strong><\/p>\n<p><span style=\"font-size: 18pt\"><strong><span style=\"font-family: georgia, palatino, serif\"><em><a href=\"http:\/\/obeirao.pt\/online\/wp-content\/uploads\/2019\/11\/Sophia_Mello_Breyner_Andersen.png\"><img loading=\"lazy\" decoding=\"async\" class=\"alignright wp-image-4131 \" src=\"http:\/\/obeirao.pt\/online\/wp-content\/uploads\/2019\/11\/Sophia_Mello_Breyner_Andersen-247x300.png\" alt=\"\" width=\"370\" height=\"450\" srcset=\"https:\/\/obeirao.pt\/online\/wp-content\/uploads\/2019\/11\/Sophia_Mello_Breyner_Andersen-247x300.png 247w, https:\/\/obeirao.pt\/online\/wp-content\/uploads\/2019\/11\/Sophia_Mello_Breyner_Andersen.png 528w\" sizes=\"(max-width: 370px) 100vw, 370px\" \/><\/a>Poema<\/em><\/span><\/strong><\/span><\/p>\n<ul style=\"list-style-type: circle\">\n<li><span style=\"background-color: #ffff99\"><strong><span style=\"font-family: georgia, palatino, serif\"><em>A minha vida \u00e9 o mar o Abril a rua<\/em><\/span><\/strong><\/span><\/li>\n<li><span style=\"background-color: #ffff99\"><strong><span style=\"font-family: georgia, palatino, serif\"><em>O meu interior \u00e9 uma aten\u00e7\u00e3o voltada para fora<\/em><\/span><\/strong><\/span><\/li>\n<li><span style=\"background-color: #ffff99\"><strong><span style=\"font-family: georgia, palatino, serif\"><em>O meu viver escuta<\/em><\/span><\/strong><\/span><\/li>\n<li><span style=\"background-color: #ffff99\"><strong><span style=\"font-family: georgia, palatino, serif\"><em>A frase que de coisa em coisa silabada<\/em><\/span><\/strong><\/span><\/li>\n<li><span style=\"background-color: #ffff99\"><strong><span style=\"font-family: georgia, palatino, serif\"><em>Grava no espa\u00e7o e no tempo a sua escrita<\/em><\/span><\/strong><\/span><\/li>\n<li><span style=\"background-color: #ffff99\"><strong><span style=\"font-family: georgia, palatino, serif\"><em>N\u00e3o trago Deus em mim mas no mundo o procuro<\/em><\/span><\/strong><\/span><\/li>\n<li><span style=\"background-color: #ffff99\"><strong><span style=\"font-family: georgia, palatino, serif\"><em>Sabendo que o real o mostrar\u00e1<\/em><\/span><\/strong><\/span><\/li>\n<li><span style=\"background-color: #ffff99\"><strong><span style=\"font-family: georgia, palatino, serif\"><em>N\u00e3o tenho explica\u00e7\u00f5es<\/em><\/span><\/strong><\/span><\/li>\n<li><span style=\"background-color: #ffff99\"><strong><span style=\"font-family: georgia, palatino, serif\"><em>Olho e confronto<\/em><\/span><\/strong><\/span><\/li>\n<li><span style=\"background-color: #ffff99\"><strong><span style=\"font-family: georgia, palatino, serif\"><em>E por m\u00e9todo \u00e9 nu meu pensamento<\/em><\/span><\/strong><\/span><\/li>\n<li><span style=\"background-color: #ffff99\"><strong><span style=\"font-family: georgia, palatino, serif\"><em>A terra o sol o vento o mar<\/em><\/span><\/strong><\/span><\/li>\n<li><span style=\"background-color: #ffff99\"><strong><span style=\"font-family: georgia, palatino, serif\"><em>S\u00e3o a minha biografia e s\u00e3o meu rosto<\/em><\/span><\/strong><\/span><\/li>\n<li><span style=\"background-color: #ffff99\"><strong><span style=\"font-family: georgia, palatino, serif\"><em>Por isso n\u00e3o me pe\u00e7am cart\u00e3o de identidade<\/em><\/span><\/strong><\/span><\/li>\n<li><span style=\"background-color: #ffff99\"><strong><span style=\"font-family: georgia, palatino, serif\"><em>Pois nenhum outro sen\u00e3o o mundo tenho<\/em><\/span><\/strong><\/span><\/li>\n<li><span style=\"background-color: #ffff99\"><strong><span style=\"font-family: georgia, palatino, serif\"><em>N\u00e3o me pe\u00e7am opini\u00f5es nem entrevistas<\/em><\/span><\/strong><\/span><\/li>\n<li><span style=\"background-color: #ffff99\"><strong><span style=\"font-family: georgia, palatino, serif\"><em>N\u00e3o me perguntem datas nem moradas<\/em><\/span><\/strong><\/span><\/li>\n<li><span style=\"background-color: #ffff99\"><strong><span style=\"font-family: georgia, palatino, serif\"><em>De tudo quanto vejo me acrescento<\/em><\/span><\/strong><\/span><\/li>\n<li><span style=\"background-color: #ffff99\"><strong><span style=\"font-family: georgia, palatino, serif\"><em>E a hora da minha morte aflora lentamente<\/em><\/span><\/strong><\/span><\/li>\n<li><span style=\"background-color: #ffff99\"><strong><span style=\"font-family: georgia, palatino, serif\"><em>Cada dia preparada<\/em><\/span><\/strong><\/span><\/li>\n<\/ul>\n<p><strong><span style=\"font-family: georgia, palatino, serif\">Quando levantamos as palavras de um texto, abrimos um mundo de surpresas. Mas, sobretudo, temos a possibilidade de melhor entender as inten\u00e7\u00f5es do autor. Em todo o poema, existe apenas um adjectivo: \u201cnu\u201d<\/span><\/strong><\/p>\n<p><strong><span style=\"font-family: georgia, palatino, serif\">(v. 10: <em>e nu meu pensamento<\/em>) o que n\u00e3o \u00e9 muito habitual num texto po\u00e9tico, quase sempre carregado de adjectivos que transpiram subjectividade. Isso pode dar-nos uma pista. Embora a poetisa, de certo modo, desnude aspectos da sua maneira muito pessoal de estar na vida, ela quer, no entanto, faz\u00ea-lo de um modo objectivo, racional, reflectido, fruto de uma escolha, que presidiu \u00e0 sua passagem pela vida: atenta \u00e0 realidade, despida de pr\u00e9-conceitos, de consci\u00eancia tranquila, enriquecendo-se com as experi\u00eancias, amante da natureza, incapaz de impor as suas explica\u00e7\u00f5es, receptiva, simples, artista: \u201c<em>O meu viver escuta\/ A frase que de coisa em coisa silabada\/Grava no espa\u00e7o e no tempo a sua escrita<\/em>\u201d, \u201c<em>N\u00e3o tenho explica\u00e7\u00f5es\/Olho e confronto\/E por m\u00e9todo \u00e9 nu meu pensamento<\/em>\u201d.<\/span><\/strong><\/p>\n<p><strong><span style=\"font-family: georgia, palatino, serif\">O verso \u201c <em>O meu interior \u00e9 uma aten\u00e7\u00e3o voltada para fora<\/em>\u201d \u00e9 como que a chave do poema e d\u00e1-nos o tema ( a ideia) que o despoletou: o mundo interior \u00e9 a s\u00edntese do mundo de fora, olhado, confrontado, analisado, escrutinado, identificado: \u201c<em>por isso n\u00e3o me pe\u00e7am cart\u00e3o de identidade\/Pois nenhum outro sen\u00e3o o mundo tenho<\/em>\u201d. O <em>fora<\/em> e o <em>dentro<\/em> n\u00e3o s\u00e3o duas faces do sujeito, mas uma s\u00f3, a s\u00edntese da vida \u2013 caminho percorrido como prepara\u00e7\u00e3o para a morte: \u201c<em>E a hora da minha morte aflora lentamente\/cada dia preparada<\/em>\u201d. Poderemos, pois, afirmar que o tema do texto \u00e9 uma confiss\u00e3o\/testemunho de como estar na vida.<\/span><\/strong><\/p>\n<p><strong><span style=\"font-family: georgia, palatino, serif\">Os verbos s\u00e3o usados no presente, pois \u00e9 no presente que se vive. Aparece um futuro (<em>mostrar\u00e1<\/em>), como express\u00e3o da procura de um Deus que tem a certeza de encontrar no mundo real.<\/span><\/strong><\/p>\n<p><strong><span style=\"font-family: georgia, palatino, serif\">Repare-se na aus\u00eancia de pontua\u00e7\u00e3o. Tudo flui, harmoniosamente, naturalmente, ao ritmo tranquilo do rio que corre pacificamente para o mar.<\/span><\/strong><\/p>\n<p>&nbsp;<\/p>\n","protected":false},"excerpt":{"rendered":"<div class=\"mh-excerpt\"><span class=\"span-reading-time rt-reading-time\" style=\"display: block;\"><span class=\"rt-label rt-prefix\">tempo de leitura:<\/span> <span class=\"rt-time\"> 4<\/span> <span class=\"rt-label rt-postfix\">minutos<\/span><\/span>Da lei da morte j\u00e1 se libertou Sophia de Mello Breyner Andressen, cujo centen\u00e1rio do nascimento ocorreu em 6 de Novembro. Em homenagem \u00e0 poetiza, <a class=\"mh-excerpt-more\" href=\"https:\/\/obeirao.pt\/online\/2019\/11\/11\/sophia-de-mello-breyner-andressen\/\" title=\"SOPHIA DE MELLO BREYNER ANDRESSEN\">[&#8230;]<\/a><\/div>\n","protected":false},"author":2,"featured_media":4127,"comment_status":"open","ping_status":"open","sticky":false,"template":"","format":"standard","meta":{"footnotes":""},"categories":[2,18],"tags":[],"class_list":["post-4126","post","type-post","status-publish","format-standard","has-post-thumbnail","hentry","category-principal","category-artigos-de-opiniao"],"yoast_head":"<!-- This site is optimized with the Yoast SEO plugin v27.4 - https:\/\/yoast.com\/product\/yoast-seo-wordpress\/ -->\n<title>SOPHIA DE MELLO BREYNER ANDRESSEN - Beir\u00e3o Online<\/title>\n<meta name=\"robots\" content=\"index, follow, max-snippet:-1, max-image-preview:large, max-video-preview:-1\" \/>\n<link rel=\"canonical\" href=\"https:\/\/obeirao.pt\/online\/2019\/11\/11\/sophia-de-mello-breyner-andressen\/\" \/>\n<meta property=\"og:locale\" content=\"pt_PT\" \/>\n<meta property=\"og:type\" content=\"article\" \/>\n<meta property=\"og:title\" content=\"SOPHIA DE MELLO BREYNER ANDRESSEN - Beir\u00e3o Online\" \/>\n<meta property=\"og:description\" content=\"tempo de leitura: 4 minutosDa lei da morte j\u00e1 se libertou Sophia de Mello Breyner Andressen, cujo centen\u00e1rio do nascimento ocorreu em 6 de Novembro. Em homenagem \u00e0 poetiza, [...]\" \/>\n<meta property=\"og:url\" content=\"https:\/\/obeirao.pt\/online\/2019\/11\/11\/sophia-de-mello-breyner-andressen\/\" \/>\n<meta property=\"og:site_name\" content=\"Beir\u00e3o Online\" \/>\n<meta property=\"article:publisher\" content=\"https:\/\/pt-br.facebook.com\/pages\/Amigos-de-Tondela\/273620439973877\" \/>\n<meta property=\"article:published_time\" content=\"2019-11-11T17:49:44+00:00\" \/>\n<meta property=\"article:modified_time\" content=\"2020-02-03T11:47:37+00:00\" \/>\n<meta property=\"og:image\" content=\"https:\/\/obeirao.pt\/online\/wp-content\/uploads\/2019\/11\/GetResource.jpg\" \/>\n\t<meta property=\"og:image:width\" content=\"310\" \/>\n\t<meta property=\"og:image:height\" content=\"310\" \/>\n\t<meta property=\"og:image:type\" content=\"image\/jpeg\" \/>\n<meta name=\"author\" content=\"Z\u00e9 Beir\u00e3o\" \/>\n<meta name=\"twitter:card\" content=\"summary_large_image\" \/>\n<meta name=\"twitter:creator\" content=\"@JoaquimDuarteP2\" \/>\n<meta name=\"twitter:site\" content=\"@JoaquimDuarteP2\" \/>\n<meta name=\"twitter:label1\" content=\"Escrito por\" \/>\n\t<meta name=\"twitter:data1\" content=\"Z\u00e9 Beir\u00e3o\" \/>\n\t<meta name=\"twitter:label2\" content=\"Tempo estimado de leitura\" \/>\n\t<meta name=\"twitter:data2\" content=\"4 minutos\" \/>\n<script type=\"application\/ld+json\" class=\"yoast-schema-graph\">{\"@context\":\"https:\\\/\\\/schema.org\",\"@graph\":[{\"@type\":\"Article\",\"@id\":\"https:\\\/\\\/obeirao.pt\\\/online\\\/2019\\\/11\\\/11\\\/sophia-de-mello-breyner-andressen\\\/#article\",\"isPartOf\":{\"@id\":\"https:\\\/\\\/obeirao.pt\\\/online\\\/2019\\\/11\\\/11\\\/sophia-de-mello-breyner-andressen\\\/\"},\"author\":{\"name\":\"Z\u00e9 Beir\u00e3o\",\"@id\":\"http:\\\/\\\/obeirao.pt\\\/online\\\/#\\\/schema\\\/person\\\/efac69bb5a33873e1c1bb9c1165ff38c\"},\"headline\":\"SOPHIA DE MELLO BREYNER ANDRESSEN\",\"datePublished\":\"2019-11-11T17:49:44+00:00\",\"dateModified\":\"2020-02-03T11:47:37+00:00\",\"mainEntityOfPage\":{\"@id\":\"https:\\\/\\\/obeirao.pt\\\/online\\\/2019\\\/11\\\/11\\\/sophia-de-mello-breyner-andressen\\\/\"},\"wordCount\":805,\"commentCount\":0,\"image\":{\"@id\":\"https:\\\/\\\/obeirao.pt\\\/online\\\/2019\\\/11\\\/11\\\/sophia-de-mello-breyner-andressen\\\/#primaryimage\"},\"thumbnailUrl\":\"https:\\\/\\\/obeirao.pt\\\/online\\\/wp-content\\\/uploads\\\/2019\\\/11\\\/GetResource.jpg\",\"articleSection\":[\"_Principal\",\"Artigos de Opini\u00e3o\"],\"inLanguage\":\"pt-PT\"},{\"@type\":\"WebPage\",\"@id\":\"https:\\\/\\\/obeirao.pt\\\/online\\\/2019\\\/11\\\/11\\\/sophia-de-mello-breyner-andressen\\\/\",\"url\":\"https:\\\/\\\/obeirao.pt\\\/online\\\/2019\\\/11\\\/11\\\/sophia-de-mello-breyner-andressen\\\/\",\"name\":\"SOPHIA DE MELLO BREYNER ANDRESSEN - Beir\u00e3o Online\",\"isPartOf\":{\"@id\":\"http:\\\/\\\/obeirao.pt\\\/online\\\/#website\"},\"primaryImageOfPage\":{\"@id\":\"https:\\\/\\\/obeirao.pt\\\/online\\\/2019\\\/11\\\/11\\\/sophia-de-mello-breyner-andressen\\\/#primaryimage\"},\"image\":{\"@id\":\"https:\\\/\\\/obeirao.pt\\\/online\\\/2019\\\/11\\\/11\\\/sophia-de-mello-breyner-andressen\\\/#primaryimage\"},\"thumbnailUrl\":\"https:\\\/\\\/obeirao.pt\\\/online\\\/wp-content\\\/uploads\\\/2019\\\/11\\\/GetResource.jpg\",\"datePublished\":\"2019-11-11T17:49:44+00:00\",\"dateModified\":\"2020-02-03T11:47:37+00:00\",\"author\":{\"@id\":\"http:\\\/\\\/obeirao.pt\\\/online\\\/#\\\/schema\\\/person\\\/efac69bb5a33873e1c1bb9c1165ff38c\"},\"breadcrumb\":{\"@id\":\"https:\\\/\\\/obeirao.pt\\\/online\\\/2019\\\/11\\\/11\\\/sophia-de-mello-breyner-andressen\\\/#breadcrumb\"},\"inLanguage\":\"pt-PT\",\"potentialAction\":[{\"@type\":\"ReadAction\",\"target\":[\"https:\\\/\\\/obeirao.pt\\\/online\\\/2019\\\/11\\\/11\\\/sophia-de-mello-breyner-andressen\\\/\"]}]},{\"@type\":\"ImageObject\",\"inLanguage\":\"pt-PT\",\"@id\":\"https:\\\/\\\/obeirao.pt\\\/online\\\/2019\\\/11\\\/11\\\/sophia-de-mello-breyner-andressen\\\/#primaryimage\",\"url\":\"https:\\\/\\\/obeirao.pt\\\/online\\\/wp-content\\\/uploads\\\/2019\\\/11\\\/GetResource.jpg\",\"contentUrl\":\"https:\\\/\\\/obeirao.pt\\\/online\\\/wp-content\\\/uploads\\\/2019\\\/11\\\/GetResource.jpg\",\"width\":310,\"height\":310},{\"@type\":\"BreadcrumbList\",\"@id\":\"https:\\\/\\\/obeirao.pt\\\/online\\\/2019\\\/11\\\/11\\\/sophia-de-mello-breyner-andressen\\\/#breadcrumb\",\"itemListElement\":[{\"@type\":\"ListItem\",\"position\":1,\"name\":\"Home\",\"item\":\"http:\\\/\\\/obeirao.pt\\\/online\\\/\"},{\"@type\":\"ListItem\",\"position\":2,\"name\":\"SOPHIA DE MELLO BREYNER ANDRESSEN\"}]},{\"@type\":\"WebSite\",\"@id\":\"http:\\\/\\\/obeirao.pt\\\/online\\\/#website\",\"url\":\"http:\\\/\\\/obeirao.pt\\\/online\\\/\",\"name\":\"Beir\u00e3o Online\",\"description\":\"www.obeirao.pt\",\"potentialAction\":[{\"@type\":\"SearchAction\",\"target\":{\"@type\":\"EntryPoint\",\"urlTemplate\":\"http:\\\/\\\/obeirao.pt\\\/online\\\/?s={search_term_string}\"},\"query-input\":{\"@type\":\"PropertyValueSpecification\",\"valueRequired\":true,\"valueName\":\"search_term_string\"}}],\"inLanguage\":\"pt-PT\"},{\"@type\":\"Person\",\"@id\":\"http:\\\/\\\/obeirao.pt\\\/online\\\/#\\\/schema\\\/person\\\/efac69bb5a33873e1c1bb9c1165ff38c\",\"name\":\"Z\u00e9 Beir\u00e3o\",\"image\":{\"@type\":\"ImageObject\",\"inLanguage\":\"pt-PT\",\"@id\":\"https:\\\/\\\/secure.gravatar.com\\\/avatar\\\/c8c44d1f9327baa4d27e9b1149cd71b3?s=96&d=mm&r=g\",\"url\":\"https:\\\/\\\/secure.gravatar.com\\\/avatar\\\/c8c44d1f9327baa4d27e9b1149cd71b3?s=96&d=mm&r=g\",\"contentUrl\":\"https:\\\/\\\/secure.gravatar.com\\\/avatar\\\/c8c44d1f9327baa4d27e9b1149cd71b3?s=96&d=mm&r=g\",\"caption\":\"Z\u00e9 Beir\u00e3o\"},\"url\":\"https:\\\/\\\/obeirao.pt\\\/online\\\/author\\\/zebeirao\\\/\"}]}<\/script>\n<!-- \/ Yoast SEO plugin. -->","yoast_head_json":{"title":"SOPHIA DE MELLO BREYNER ANDRESSEN - Beir\u00e3o Online","robots":{"index":"index","follow":"follow","max-snippet":"max-snippet:-1","max-image-preview":"max-image-preview:large","max-video-preview":"max-video-preview:-1"},"canonical":"https:\/\/obeirao.pt\/online\/2019\/11\/11\/sophia-de-mello-breyner-andressen\/","og_locale":"pt_PT","og_type":"article","og_title":"SOPHIA DE MELLO BREYNER ANDRESSEN - Beir\u00e3o Online","og_description":"tempo de leitura: 4 minutosDa lei da morte j\u00e1 se libertou Sophia de Mello Breyner Andressen, cujo centen\u00e1rio do nascimento ocorreu em 6 de Novembro. Em homenagem \u00e0 poetiza, [...]","og_url":"https:\/\/obeirao.pt\/online\/2019\/11\/11\/sophia-de-mello-breyner-andressen\/","og_site_name":"Beir\u00e3o Online","article_publisher":"https:\/\/pt-br.facebook.com\/pages\/Amigos-de-Tondela\/273620439973877","article_published_time":"2019-11-11T17:49:44+00:00","article_modified_time":"2020-02-03T11:47:37+00:00","og_image":[{"width":310,"height":310,"url":"https:\/\/obeirao.pt\/online\/wp-content\/uploads\/2019\/11\/GetResource.jpg","type":"image\/jpeg"}],"author":"Z\u00e9 Beir\u00e3o","twitter_card":"summary_large_image","twitter_creator":"@JoaquimDuarteP2","twitter_site":"@JoaquimDuarteP2","twitter_misc":{"Escrito por":"Z\u00e9 Beir\u00e3o","Tempo estimado de leitura":"4 minutos"},"schema":{"@context":"https:\/\/schema.org","@graph":[{"@type":"Article","@id":"https:\/\/obeirao.pt\/online\/2019\/11\/11\/sophia-de-mello-breyner-andressen\/#article","isPartOf":{"@id":"https:\/\/obeirao.pt\/online\/2019\/11\/11\/sophia-de-mello-breyner-andressen\/"},"author":{"name":"Z\u00e9 Beir\u00e3o","@id":"http:\/\/obeirao.pt\/online\/#\/schema\/person\/efac69bb5a33873e1c1bb9c1165ff38c"},"headline":"SOPHIA DE MELLO BREYNER ANDRESSEN","datePublished":"2019-11-11T17:49:44+00:00","dateModified":"2020-02-03T11:47:37+00:00","mainEntityOfPage":{"@id":"https:\/\/obeirao.pt\/online\/2019\/11\/11\/sophia-de-mello-breyner-andressen\/"},"wordCount":805,"commentCount":0,"image":{"@id":"https:\/\/obeirao.pt\/online\/2019\/11\/11\/sophia-de-mello-breyner-andressen\/#primaryimage"},"thumbnailUrl":"https:\/\/obeirao.pt\/online\/wp-content\/uploads\/2019\/11\/GetResource.jpg","articleSection":["_Principal","Artigos de Opini\u00e3o"],"inLanguage":"pt-PT"},{"@type":"WebPage","@id":"https:\/\/obeirao.pt\/online\/2019\/11\/11\/sophia-de-mello-breyner-andressen\/","url":"https:\/\/obeirao.pt\/online\/2019\/11\/11\/sophia-de-mello-breyner-andressen\/","name":"SOPHIA DE MELLO BREYNER ANDRESSEN - Beir\u00e3o Online","isPartOf":{"@id":"http:\/\/obeirao.pt\/online\/#website"},"primaryImageOfPage":{"@id":"https:\/\/obeirao.pt\/online\/2019\/11\/11\/sophia-de-mello-breyner-andressen\/#primaryimage"},"image":{"@id":"https:\/\/obeirao.pt\/online\/2019\/11\/11\/sophia-de-mello-breyner-andressen\/#primaryimage"},"thumbnailUrl":"https:\/\/obeirao.pt\/online\/wp-content\/uploads\/2019\/11\/GetResource.jpg","datePublished":"2019-11-11T17:49:44+00:00","dateModified":"2020-02-03T11:47:37+00:00","author":{"@id":"http:\/\/obeirao.pt\/online\/#\/schema\/person\/efac69bb5a33873e1c1bb9c1165ff38c"},"breadcrumb":{"@id":"https:\/\/obeirao.pt\/online\/2019\/11\/11\/sophia-de-mello-breyner-andressen\/#breadcrumb"},"inLanguage":"pt-PT","potentialAction":[{"@type":"ReadAction","target":["https:\/\/obeirao.pt\/online\/2019\/11\/11\/sophia-de-mello-breyner-andressen\/"]}]},{"@type":"ImageObject","inLanguage":"pt-PT","@id":"https:\/\/obeirao.pt\/online\/2019\/11\/11\/sophia-de-mello-breyner-andressen\/#primaryimage","url":"https:\/\/obeirao.pt\/online\/wp-content\/uploads\/2019\/11\/GetResource.jpg","contentUrl":"https:\/\/obeirao.pt\/online\/wp-content\/uploads\/2019\/11\/GetResource.jpg","width":310,"height":310},{"@type":"BreadcrumbList","@id":"https:\/\/obeirao.pt\/online\/2019\/11\/11\/sophia-de-mello-breyner-andressen\/#breadcrumb","itemListElement":[{"@type":"ListItem","position":1,"name":"Home","item":"http:\/\/obeirao.pt\/online\/"},{"@type":"ListItem","position":2,"name":"SOPHIA DE MELLO BREYNER ANDRESSEN"}]},{"@type":"WebSite","@id":"http:\/\/obeirao.pt\/online\/#website","url":"http:\/\/obeirao.pt\/online\/","name":"Beir\u00e3o Online","description":"www.obeirao.pt","potentialAction":[{"@type":"SearchAction","target":{"@type":"EntryPoint","urlTemplate":"http:\/\/obeirao.pt\/online\/?s={search_term_string}"},"query-input":{"@type":"PropertyValueSpecification","valueRequired":true,"valueName":"search_term_string"}}],"inLanguage":"pt-PT"},{"@type":"Person","@id":"http:\/\/obeirao.pt\/online\/#\/schema\/person\/efac69bb5a33873e1c1bb9c1165ff38c","name":"Z\u00e9 Beir\u00e3o","image":{"@type":"ImageObject","inLanguage":"pt-PT","@id":"https:\/\/secure.gravatar.com\/avatar\/c8c44d1f9327baa4d27e9b1149cd71b3?s=96&d=mm&r=g","url":"https:\/\/secure.gravatar.com\/avatar\/c8c44d1f9327baa4d27e9b1149cd71b3?s=96&d=mm&r=g","contentUrl":"https:\/\/secure.gravatar.com\/avatar\/c8c44d1f9327baa4d27e9b1149cd71b3?s=96&d=mm&r=g","caption":"Z\u00e9 Beir\u00e3o"},"url":"https:\/\/obeirao.pt\/online\/author\/zebeirao\/"}]}},"_links":{"self":[{"href":"https:\/\/obeirao.pt\/online\/wp-json\/wp\/v2\/posts\/4126"}],"collection":[{"href":"https:\/\/obeirao.pt\/online\/wp-json\/wp\/v2\/posts"}],"about":[{"href":"https:\/\/obeirao.pt\/online\/wp-json\/wp\/v2\/types\/post"}],"author":[{"embeddable":true,"href":"https:\/\/obeirao.pt\/online\/wp-json\/wp\/v2\/users\/2"}],"replies":[{"embeddable":true,"href":"https:\/\/obeirao.pt\/online\/wp-json\/wp\/v2\/comments?post=4126"}],"version-history":[{"count":5,"href":"https:\/\/obeirao.pt\/online\/wp-json\/wp\/v2\/posts\/4126\/revisions"}],"predecessor-version":[{"id":4134,"href":"https:\/\/obeirao.pt\/online\/wp-json\/wp\/v2\/posts\/4126\/revisions\/4134"}],"wp:featuredmedia":[{"embeddable":true,"href":"https:\/\/obeirao.pt\/online\/wp-json\/wp\/v2\/media\/4127"}],"wp:attachment":[{"href":"https:\/\/obeirao.pt\/online\/wp-json\/wp\/v2\/media?parent=4126"}],"wp:term":[{"taxonomy":"category","embeddable":true,"href":"https:\/\/obeirao.pt\/online\/wp-json\/wp\/v2\/categories?post=4126"},{"taxonomy":"post_tag","embeddable":true,"href":"https:\/\/obeirao.pt\/online\/wp-json\/wp\/v2\/tags?post=4126"}],"curies":[{"name":"wp","href":"https:\/\/api.w.org\/{rel}","templated":true}]}}