{"id":4186,"date":"2019-11-19T18:32:19","date_gmt":"2019-11-19T18:32:19","guid":{"rendered":"http:\/\/obeirao.pt\/online\/?p=4186"},"modified":"2019-11-19T18:32:49","modified_gmt":"2019-11-19T18:32:49","slug":"comunidade-escolar-de-mangualde-visita-associacao-planalto-beirao","status":"publish","type":"post","link":"https:\/\/obeirao.pt\/online\/2019\/11\/19\/comunidade-escolar-de-mangualde-visita-associacao-planalto-beirao\/","title":{"rendered":"COMUNIDADE ESCOLAR DE MANGUALDE VISITA ASSOCIA\u00c7\u00c3O PLANALTO BEIR\u00c3O"},"content":{"rendered":"<span class=\"span-reading-time rt-reading-time\" style=\"display: block;\"><span class=\"rt-label rt-prefix\">tempo de leitura:<\/span> <span class=\"rt-time\"> 2<\/span> <span class=\"rt-label rt-postfix\">minutos<\/span><\/span><p><span style=\"font-size: 24pt\"><strong><a href=\"http:\/\/obeirao.pt\/online\/wp-content\/uploads\/2019\/11\/Visita-Planalto-Beir\u00e3o.jpg\"><img loading=\"lazy\" decoding=\"async\" class=\"alignleft wp-image-4187 \" src=\"http:\/\/obeirao.pt\/online\/wp-content\/uploads\/2019\/11\/Visita-Planalto-Beir\u00e3o-300x153.jpg\" alt=\"\" width=\"388\" height=\"198\" srcset=\"https:\/\/obeirao.pt\/online\/wp-content\/uploads\/2019\/11\/Visita-Planalto-Beir\u00e3o-300x153.jpg 300w, https:\/\/obeirao.pt\/online\/wp-content\/uploads\/2019\/11\/Visita-Planalto-Beir\u00e3o-768x391.jpg 768w, https:\/\/obeirao.pt\/online\/wp-content\/uploads\/2019\/11\/Visita-Planalto-Beir\u00e3o-640x326.jpg 640w, https:\/\/obeirao.pt\/online\/wp-content\/uploads\/2019\/11\/Visita-Planalto-Beir\u00e3o.jpg 998w\" sizes=\"(max-width: 388px) 100vw, 388px\" \/><\/a><\/strong><\/span><span style=\"font-family: georgia, palatino, serif\"><span style=\"font-size: 18pt\"><strong><em>Em causa a sensibiliza\u00e7\u00e3o para a protec\u00e7\u00e3o do ambiente e para a preserva\u00e7\u00e3o da beleza da regi\u00e3o<\/em><\/strong><\/span><!--more--><\/span><\/p>\n<p><span style=\"font-family: georgia, palatino, serif\"><strong>No \u00e2mbito do projecto \u201cEco-Escolas\u201d, decorreu esta sexta-feira (dia 15 de Novembro) uma visita guiada \u00e0 AMRPL, com os cerca de 150 alunos e professores do Agrupamento de Escolas de Mangualde a terem a oportunidade de ver a recep\u00e7\u00e3o, a prepara\u00e7\u00e3o e o tratamento dos res\u00edduos s\u00f3lidos urbanos, entendendo melhor todo o processo.<\/strong><\/span><\/p>\n<p><span style=\"font-family: georgia, palatino, serif\"><strong>Acompanhados pelo vereador do Ambiente da C\u00e2mara Municipal de Mangualde, Jo\u00e3o Lopes, os alunos e os professores visitaram assim a Associa\u00e7\u00e3o de Munic\u00edpios da Regi\u00e3o do Planalto Beir\u00e3o, com sede no concelho de Tondela, que det\u00e9m um sistema integrado de gest\u00e3o de res\u00edduos s\u00f3lidos urbanos, com solu\u00e7\u00f5es de valoriza\u00e7\u00e3o e tratamento dos mesmos para os 19 munic\u00edpios abrangidos, dos quais faz parte o Munic\u00edpio de Mangualde.<\/strong><strong>\u00a0<\/strong><\/span><\/p>\n<p><span style=\"font-family: georgia, palatino, serif\"><strong>Segundo um comunicado da autarquia mangualdense, a comunidade escolar foi sensibilizada para a protec\u00e7\u00e3o do ambiente e para a preserva\u00e7\u00e3o da beleza da regi\u00e3o<\/strong><strong>. Tiveram a oportunidade de ver a recep\u00e7\u00e3o, a prepara\u00e7\u00e3o e o tratamento dos res\u00edduos s\u00f3lidos urbanos, visitando as instala\u00e7\u00f5es e entendendo melhor todo o processo. Por dia, a Associa\u00e7\u00e3o do Planalto Beir\u00e3o recebe, dos 19 munic\u00edpios, cerca de 400 toneladas de res\u00edduos e, por ano, recebe s\u00f3 de Mangualde cerca de 700 toneladas.<\/strong><strong>\u00a0<\/strong><\/span><\/p>\n<p><span style=\"font-family: georgia, palatino, serif\"><strong>\u201cEco-Escolas\u201d \u00e9 um programa internacional da \u201cFoundation for Environmental Education\u201d, desenvolvido em Portugal desde 1996 pela ABAE. Pretende encorajar ac\u00e7\u00f5es e reconhecer o trabalho de qualidade desenvolvido pela escola, no \u00e2mbito da Educa\u00e7\u00e3o Ambiental para a Sustentabilidade. O programa \u00e9 coordenado a n\u00edvel internacional, nacional, regional e de escola.<\/strong><strong>\u00a0<\/strong><\/span><\/p>\n<p><span style=\"font-family: georgia, palatino, serif\"><strong>Esta coordena\u00e7\u00e3o multin\u00edvel permite a conflu\u00eancia para objectivos, metodologias e crit\u00e9rios comuns que respeitam a especificidade de cada escola relativamente aos seus alunos e caracter\u00edsticas do meio envolvente.<\/strong><\/span><\/p>\n<p><span style=\"font-family: georgia, palatino, serif\"><strong>\u00a0<\/strong><\/span><\/p>\n","protected":false},"excerpt":{"rendered":"<div class=\"mh-excerpt\"><span class=\"span-reading-time rt-reading-time\" style=\"display: block;\"><span class=\"rt-label rt-prefix\">tempo de leitura:<\/span> <span class=\"rt-time\"> 2<\/span> <span class=\"rt-label rt-postfix\">minutos<\/span><\/span>Em causa a sensibiliza\u00e7\u00e3o para a protec\u00e7\u00e3o do ambiente e para a preserva\u00e7\u00e3o da beleza da regi\u00e3o<\/div>\n","protected":false},"author":2,"featured_media":4187,"comment_status":"open","ping_status":"open","sticky":false,"template":"","format":"standard","meta":{"footnotes":""},"categories":[2,4,63],"tags":[],"class_list":["post-4186","post","type-post","status-publish","format-standard","has-post-thumbnail","hentry","category-principal","category-regiao","category-tondela"],"yoast_head":"<!-- This site is optimized with the Yoast SEO plugin v27.4 - https:\/\/yoast.com\/product\/yoast-seo-wordpress\/ -->\n<title>COMUNIDADE ESCOLAR DE MANGUALDE VISITA ASSOCIA\u00c7\u00c3O PLANALTO BEIR\u00c3O - Beir\u00e3o Online<\/title>\n<meta name=\"robots\" content=\"index, follow, max-snippet:-1, max-image-preview:large, max-video-preview:-1\" \/>\n<link rel=\"canonical\" href=\"https:\/\/obeirao.pt\/online\/2019\/11\/19\/comunidade-escolar-de-mangualde-visita-associacao-planalto-beirao\/\" \/>\n<meta property=\"og:locale\" content=\"pt_PT\" \/>\n<meta property=\"og:type\" content=\"article\" \/>\n<meta property=\"og:title\" content=\"COMUNIDADE ESCOLAR DE MANGUALDE VISITA ASSOCIA\u00c7\u00c3O PLANALTO BEIR\u00c3O - Beir\u00e3o Online\" \/>\n<meta property=\"og:description\" content=\"tempo de leitura: 2 minutosEm causa a sensibiliza\u00e7\u00e3o para a protec\u00e7\u00e3o do ambiente e para a preserva\u00e7\u00e3o da beleza da regi\u00e3o\" \/>\n<meta property=\"og:url\" content=\"https:\/\/obeirao.pt\/online\/2019\/11\/19\/comunidade-escolar-de-mangualde-visita-associacao-planalto-beirao\/\" \/>\n<meta property=\"og:site_name\" content=\"Beir\u00e3o Online\" \/>\n<meta property=\"article:publisher\" content=\"https:\/\/pt-br.facebook.com\/pages\/Amigos-de-Tondela\/273620439973877\" \/>\n<meta property=\"article:published_time\" content=\"2019-11-19T18:32:19+00:00\" \/>\n<meta property=\"article:modified_time\" content=\"2019-11-19T18:32:49+00:00\" \/>\n<meta property=\"og:image\" content=\"https:\/\/obeirao.pt\/online\/wp-content\/uploads\/2019\/11\/Visita-Planalto-Beir\u00e3o.jpg\" \/>\n\t<meta property=\"og:image:width\" content=\"998\" \/>\n\t<meta property=\"og:image:height\" content=\"508\" \/>\n\t<meta property=\"og:image:type\" content=\"image\/jpeg\" \/>\n<meta name=\"author\" content=\"Z\u00e9 Beir\u00e3o\" \/>\n<meta name=\"twitter:card\" content=\"summary_large_image\" \/>\n<meta name=\"twitter:creator\" content=\"@JoaquimDuarteP2\" \/>\n<meta name=\"twitter:site\" content=\"@JoaquimDuarteP2\" \/>\n<meta name=\"twitter:label1\" content=\"Escrito por\" \/>\n\t<meta name=\"twitter:data1\" content=\"Z\u00e9 Beir\u00e3o\" \/>\n\t<meta name=\"twitter:label2\" content=\"Tempo estimado de leitura\" \/>\n\t<meta name=\"twitter:data2\" content=\"2 minutos\" \/>\n<script type=\"application\/ld+json\" class=\"yoast-schema-graph\">{\"@context\":\"https:\\\/\\\/schema.org\",\"@graph\":[{\"@type\":\"Article\",\"@id\":\"https:\\\/\\\/obeirao.pt\\\/online\\\/2019\\\/11\\\/19\\\/comunidade-escolar-de-mangualde-visita-associacao-planalto-beirao\\\/#article\",\"isPartOf\":{\"@id\":\"https:\\\/\\\/obeirao.pt\\\/online\\\/2019\\\/11\\\/19\\\/comunidade-escolar-de-mangualde-visita-associacao-planalto-beirao\\\/\"},\"author\":{\"name\":\"Z\u00e9 Beir\u00e3o\",\"@id\":\"https:\\\/\\\/obeirao.pt\\\/online\\\/#\\\/schema\\\/person\\\/efac69bb5a33873e1c1bb9c1165ff38c\"},\"headline\":\"COMUNIDADE ESCOLAR DE MANGUALDE VISITA ASSOCIA\u00c7\u00c3O PLANALTO BEIR\u00c3O\",\"datePublished\":\"2019-11-19T18:32:19+00:00\",\"dateModified\":\"2019-11-19T18:32:49+00:00\",\"mainEntityOfPage\":{\"@id\":\"https:\\\/\\\/obeirao.pt\\\/online\\\/2019\\\/11\\\/19\\\/comunidade-escolar-de-mangualde-visita-associacao-planalto-beirao\\\/\"},\"wordCount\":332,\"commentCount\":0,\"image\":{\"@id\":\"https:\\\/\\\/obeirao.pt\\\/online\\\/2019\\\/11\\\/19\\\/comunidade-escolar-de-mangualde-visita-associacao-planalto-beirao\\\/#primaryimage\"},\"thumbnailUrl\":\"https:\\\/\\\/obeirao.pt\\\/online\\\/wp-content\\\/uploads\\\/2019\\\/11\\\/Visita-Planalto-Beir\u00e3o.jpg\",\"articleSection\":[\"_Principal\",\"Regi\u00e3o\",\"Tondela\"],\"inLanguage\":\"pt-PT\"},{\"@type\":\"WebPage\",\"@id\":\"https:\\\/\\\/obeirao.pt\\\/online\\\/2019\\\/11\\\/19\\\/comunidade-escolar-de-mangualde-visita-associacao-planalto-beirao\\\/\",\"url\":\"https:\\\/\\\/obeirao.pt\\\/online\\\/2019\\\/11\\\/19\\\/comunidade-escolar-de-mangualde-visita-associacao-planalto-beirao\\\/\",\"name\":\"COMUNIDADE ESCOLAR DE MANGUALDE VISITA ASSOCIA\u00c7\u00c3O PLANALTO BEIR\u00c3O - Beir\u00e3o Online\",\"isPartOf\":{\"@id\":\"https:\\\/\\\/obeirao.pt\\\/online\\\/#website\"},\"primaryImageOfPage\":{\"@id\":\"https:\\\/\\\/obeirao.pt\\\/online\\\/2019\\\/11\\\/19\\\/comunidade-escolar-de-mangualde-visita-associacao-planalto-beirao\\\/#primaryimage\"},\"image\":{\"@id\":\"https:\\\/\\\/obeirao.pt\\\/online\\\/2019\\\/11\\\/19\\\/comunidade-escolar-de-mangualde-visita-associacao-planalto-beirao\\\/#primaryimage\"},\"thumbnailUrl\":\"https:\\\/\\\/obeirao.pt\\\/online\\\/wp-content\\\/uploads\\\/2019\\\/11\\\/Visita-Planalto-Beir\u00e3o.jpg\",\"datePublished\":\"2019-11-19T18:32:19+00:00\",\"dateModified\":\"2019-11-19T18:32:49+00:00\",\"author\":{\"@id\":\"https:\\\/\\\/obeirao.pt\\\/online\\\/#\\\/schema\\\/person\\\/efac69bb5a33873e1c1bb9c1165ff38c\"},\"breadcrumb\":{\"@id\":\"https:\\\/\\\/obeirao.pt\\\/online\\\/2019\\\/11\\\/19\\\/comunidade-escolar-de-mangualde-visita-associacao-planalto-beirao\\\/#breadcrumb\"},\"inLanguage\":\"pt-PT\",\"potentialAction\":[{\"@type\":\"ReadAction\",\"target\":[\"https:\\\/\\\/obeirao.pt\\\/online\\\/2019\\\/11\\\/19\\\/comunidade-escolar-de-mangualde-visita-associacao-planalto-beirao\\\/\"]}]},{\"@type\":\"ImageObject\",\"inLanguage\":\"pt-PT\",\"@id\":\"https:\\\/\\\/obeirao.pt\\\/online\\\/2019\\\/11\\\/19\\\/comunidade-escolar-de-mangualde-visita-associacao-planalto-beirao\\\/#primaryimage\",\"url\":\"https:\\\/\\\/obeirao.pt\\\/online\\\/wp-content\\\/uploads\\\/2019\\\/11\\\/Visita-Planalto-Beir\u00e3o.jpg\",\"contentUrl\":\"https:\\\/\\\/obeirao.pt\\\/online\\\/wp-content\\\/uploads\\\/2019\\\/11\\\/Visita-Planalto-Beir\u00e3o.jpg\",\"width\":998,\"height\":508},{\"@type\":\"BreadcrumbList\",\"@id\":\"https:\\\/\\\/obeirao.pt\\\/online\\\/2019\\\/11\\\/19\\\/comunidade-escolar-de-mangualde-visita-associacao-planalto-beirao\\\/#breadcrumb\",\"itemListElement\":[{\"@type\":\"ListItem\",\"position\":1,\"name\":\"Home\",\"item\":\"https:\\\/\\\/obeirao.pt\\\/online\\\/\"},{\"@type\":\"ListItem\",\"position\":2,\"name\":\"COMUNIDADE ESCOLAR DE MANGUALDE VISITA ASSOCIA\u00c7\u00c3O PLANALTO BEIR\u00c3O\"}]},{\"@type\":\"WebSite\",\"@id\":\"https:\\\/\\\/obeirao.pt\\\/online\\\/#website\",\"url\":\"https:\\\/\\\/obeirao.pt\\\/online\\\/\",\"name\":\"Beir\u00e3o Online\",\"description\":\"www.obeirao.pt\",\"potentialAction\":[{\"@type\":\"SearchAction\",\"target\":{\"@type\":\"EntryPoint\",\"urlTemplate\":\"https:\\\/\\\/obeirao.pt\\\/online\\\/?s={search_term_string}\"},\"query-input\":{\"@type\":\"PropertyValueSpecification\",\"valueRequired\":true,\"valueName\":\"search_term_string\"}}],\"inLanguage\":\"pt-PT\"},{\"@type\":\"Person\",\"@id\":\"https:\\\/\\\/obeirao.pt\\\/online\\\/#\\\/schema\\\/person\\\/efac69bb5a33873e1c1bb9c1165ff38c\",\"name\":\"Z\u00e9 Beir\u00e3o\",\"image\":{\"@type\":\"ImageObject\",\"inLanguage\":\"pt-PT\",\"@id\":\"https:\\\/\\\/secure.gravatar.com\\\/avatar\\\/c8c44d1f9327baa4d27e9b1149cd71b3?s=96&d=mm&r=g\",\"url\":\"https:\\\/\\\/secure.gravatar.com\\\/avatar\\\/c8c44d1f9327baa4d27e9b1149cd71b3?s=96&d=mm&r=g\",\"contentUrl\":\"https:\\\/\\\/secure.gravatar.com\\\/avatar\\\/c8c44d1f9327baa4d27e9b1149cd71b3?s=96&d=mm&r=g\",\"caption\":\"Z\u00e9 Beir\u00e3o\"},\"url\":\"https:\\\/\\\/obeirao.pt\\\/online\\\/author\\\/zebeirao\\\/\"}]}<\/script>\n<!-- \/ Yoast SEO plugin. -->","yoast_head_json":{"title":"COMUNIDADE ESCOLAR DE MANGUALDE VISITA ASSOCIA\u00c7\u00c3O PLANALTO BEIR\u00c3O - Beir\u00e3o Online","robots":{"index":"index","follow":"follow","max-snippet":"max-snippet:-1","max-image-preview":"max-image-preview:large","max-video-preview":"max-video-preview:-1"},"canonical":"https:\/\/obeirao.pt\/online\/2019\/11\/19\/comunidade-escolar-de-mangualde-visita-associacao-planalto-beirao\/","og_locale":"pt_PT","og_type":"article","og_title":"COMUNIDADE ESCOLAR DE MANGUALDE VISITA ASSOCIA\u00c7\u00c3O PLANALTO BEIR\u00c3O - Beir\u00e3o Online","og_description":"tempo de leitura: 2 minutosEm causa a sensibiliza\u00e7\u00e3o para a protec\u00e7\u00e3o do ambiente e para a preserva\u00e7\u00e3o da beleza da regi\u00e3o","og_url":"https:\/\/obeirao.pt\/online\/2019\/11\/19\/comunidade-escolar-de-mangualde-visita-associacao-planalto-beirao\/","og_site_name":"Beir\u00e3o Online","article_publisher":"https:\/\/pt-br.facebook.com\/pages\/Amigos-de-Tondela\/273620439973877","article_published_time":"2019-11-19T18:32:19+00:00","article_modified_time":"2019-11-19T18:32:49+00:00","og_image":[{"width":998,"height":508,"url":"https:\/\/obeirao.pt\/online\/wp-content\/uploads\/2019\/11\/Visita-Planalto-Beir\u00e3o.jpg","type":"image\/jpeg"}],"author":"Z\u00e9 Beir\u00e3o","twitter_card":"summary_large_image","twitter_creator":"@JoaquimDuarteP2","twitter_site":"@JoaquimDuarteP2","twitter_misc":{"Escrito por":"Z\u00e9 Beir\u00e3o","Tempo estimado de leitura":"2 minutos"},"schema":{"@context":"https:\/\/schema.org","@graph":[{"@type":"Article","@id":"https:\/\/obeirao.pt\/online\/2019\/11\/19\/comunidade-escolar-de-mangualde-visita-associacao-planalto-beirao\/#article","isPartOf":{"@id":"https:\/\/obeirao.pt\/online\/2019\/11\/19\/comunidade-escolar-de-mangualde-visita-associacao-planalto-beirao\/"},"author":{"name":"Z\u00e9 Beir\u00e3o","@id":"https:\/\/obeirao.pt\/online\/#\/schema\/person\/efac69bb5a33873e1c1bb9c1165ff38c"},"headline":"COMUNIDADE ESCOLAR DE MANGUALDE VISITA ASSOCIA\u00c7\u00c3O PLANALTO BEIR\u00c3O","datePublished":"2019-11-19T18:32:19+00:00","dateModified":"2019-11-19T18:32:49+00:00","mainEntityOfPage":{"@id":"https:\/\/obeirao.pt\/online\/2019\/11\/19\/comunidade-escolar-de-mangualde-visita-associacao-planalto-beirao\/"},"wordCount":332,"commentCount":0,"image":{"@id":"https:\/\/obeirao.pt\/online\/2019\/11\/19\/comunidade-escolar-de-mangualde-visita-associacao-planalto-beirao\/#primaryimage"},"thumbnailUrl":"https:\/\/obeirao.pt\/online\/wp-content\/uploads\/2019\/11\/Visita-Planalto-Beir\u00e3o.jpg","articleSection":["_Principal","Regi\u00e3o","Tondela"],"inLanguage":"pt-PT"},{"@type":"WebPage","@id":"https:\/\/obeirao.pt\/online\/2019\/11\/19\/comunidade-escolar-de-mangualde-visita-associacao-planalto-beirao\/","url":"https:\/\/obeirao.pt\/online\/2019\/11\/19\/comunidade-escolar-de-mangualde-visita-associacao-planalto-beirao\/","name":"COMUNIDADE ESCOLAR DE MANGUALDE VISITA ASSOCIA\u00c7\u00c3O PLANALTO BEIR\u00c3O - Beir\u00e3o Online","isPartOf":{"@id":"https:\/\/obeirao.pt\/online\/#website"},"primaryImageOfPage":{"@id":"https:\/\/obeirao.pt\/online\/2019\/11\/19\/comunidade-escolar-de-mangualde-visita-associacao-planalto-beirao\/#primaryimage"},"image":{"@id":"https:\/\/obeirao.pt\/online\/2019\/11\/19\/comunidade-escolar-de-mangualde-visita-associacao-planalto-beirao\/#primaryimage"},"thumbnailUrl":"https:\/\/obeirao.pt\/online\/wp-content\/uploads\/2019\/11\/Visita-Planalto-Beir\u00e3o.jpg","datePublished":"2019-11-19T18:32:19+00:00","dateModified":"2019-11-19T18:32:49+00:00","author":{"@id":"https:\/\/obeirao.pt\/online\/#\/schema\/person\/efac69bb5a33873e1c1bb9c1165ff38c"},"breadcrumb":{"@id":"https:\/\/obeirao.pt\/online\/2019\/11\/19\/comunidade-escolar-de-mangualde-visita-associacao-planalto-beirao\/#breadcrumb"},"inLanguage":"pt-PT","potentialAction":[{"@type":"ReadAction","target":["https:\/\/obeirao.pt\/online\/2019\/11\/19\/comunidade-escolar-de-mangualde-visita-associacao-planalto-beirao\/"]}]},{"@type":"ImageObject","inLanguage":"pt-PT","@id":"https:\/\/obeirao.pt\/online\/2019\/11\/19\/comunidade-escolar-de-mangualde-visita-associacao-planalto-beirao\/#primaryimage","url":"https:\/\/obeirao.pt\/online\/wp-content\/uploads\/2019\/11\/Visita-Planalto-Beir\u00e3o.jpg","contentUrl":"https:\/\/obeirao.pt\/online\/wp-content\/uploads\/2019\/11\/Visita-Planalto-Beir\u00e3o.jpg","width":998,"height":508},{"@type":"BreadcrumbList","@id":"https:\/\/obeirao.pt\/online\/2019\/11\/19\/comunidade-escolar-de-mangualde-visita-associacao-planalto-beirao\/#breadcrumb","itemListElement":[{"@type":"ListItem","position":1,"name":"Home","item":"https:\/\/obeirao.pt\/online\/"},{"@type":"ListItem","position":2,"name":"COMUNIDADE ESCOLAR DE MANGUALDE VISITA ASSOCIA\u00c7\u00c3O PLANALTO BEIR\u00c3O"}]},{"@type":"WebSite","@id":"https:\/\/obeirao.pt\/online\/#website","url":"https:\/\/obeirao.pt\/online\/","name":"Beir\u00e3o Online","description":"www.obeirao.pt","potentialAction":[{"@type":"SearchAction","target":{"@type":"EntryPoint","urlTemplate":"https:\/\/obeirao.pt\/online\/?s={search_term_string}"},"query-input":{"@type":"PropertyValueSpecification","valueRequired":true,"valueName":"search_term_string"}}],"inLanguage":"pt-PT"},{"@type":"Person","@id":"https:\/\/obeirao.pt\/online\/#\/schema\/person\/efac69bb5a33873e1c1bb9c1165ff38c","name":"Z\u00e9 Beir\u00e3o","image":{"@type":"ImageObject","inLanguage":"pt-PT","@id":"https:\/\/secure.gravatar.com\/avatar\/c8c44d1f9327baa4d27e9b1149cd71b3?s=96&d=mm&r=g","url":"https:\/\/secure.gravatar.com\/avatar\/c8c44d1f9327baa4d27e9b1149cd71b3?s=96&d=mm&r=g","contentUrl":"https:\/\/secure.gravatar.com\/avatar\/c8c44d1f9327baa4d27e9b1149cd71b3?s=96&d=mm&r=g","caption":"Z\u00e9 Beir\u00e3o"},"url":"https:\/\/obeirao.pt\/online\/author\/zebeirao\/"}]}},"_links":{"self":[{"href":"https:\/\/obeirao.pt\/online\/wp-json\/wp\/v2\/posts\/4186"}],"collection":[{"href":"https:\/\/obeirao.pt\/online\/wp-json\/wp\/v2\/posts"}],"about":[{"href":"https:\/\/obeirao.pt\/online\/wp-json\/wp\/v2\/types\/post"}],"author":[{"embeddable":true,"href":"https:\/\/obeirao.pt\/online\/wp-json\/wp\/v2\/users\/2"}],"replies":[{"embeddable":true,"href":"https:\/\/obeirao.pt\/online\/wp-json\/wp\/v2\/comments?post=4186"}],"version-history":[{"count":1,"href":"https:\/\/obeirao.pt\/online\/wp-json\/wp\/v2\/posts\/4186\/revisions"}],"predecessor-version":[{"id":4188,"href":"https:\/\/obeirao.pt\/online\/wp-json\/wp\/v2\/posts\/4186\/revisions\/4188"}],"wp:featuredmedia":[{"embeddable":true,"href":"https:\/\/obeirao.pt\/online\/wp-json\/wp\/v2\/media\/4187"}],"wp:attachment":[{"href":"https:\/\/obeirao.pt\/online\/wp-json\/wp\/v2\/media?parent=4186"}],"wp:term":[{"taxonomy":"category","embeddable":true,"href":"https:\/\/obeirao.pt\/online\/wp-json\/wp\/v2\/categories?post=4186"},{"taxonomy":"post_tag","embeddable":true,"href":"https:\/\/obeirao.pt\/online\/wp-json\/wp\/v2\/tags?post=4186"}],"curies":[{"name":"wp","href":"https:\/\/api.w.org\/{rel}","templated":true}]}}