{"id":4305,"date":"2019-12-08T22:18:34","date_gmt":"2019-12-08T22:18:34","guid":{"rendered":"http:\/\/obeirao.pt\/online\/?p=4305"},"modified":"2021-03-26T23:14:55","modified_gmt":"2021-03-26T23:14:55","slug":"tondela-vence-em-famalicao-a-equipa-sensacao-da-liga","status":"publish","type":"post","link":"https:\/\/obeirao.pt\/online\/2019\/12\/08\/tondela-vence-em-famalicao-a-equipa-sensacao-da-liga\/","title":{"rendered":"TONDELA VENCE EM FAMALIC\u00c3O \u2013 A EQUIPA SENSA\u00c7\u00c3O DA LIGA"},"content":{"rendered":"<span class=\"span-reading-time rt-reading-time\" style=\"display: block;\"><span class=\"rt-label rt-prefix\">tempo de leitura:<\/span> <span class=\"rt-time\"> 2<\/span> <span class=\"rt-label rt-postfix\">minutos<\/span><\/span><p><strong style=\"font-size: 32px\"><a href=\"http:\/\/obeirao.pt\/online\/wp-content\/uploads\/2019\/12\/noticia3_1652.png\"><img loading=\"lazy\" decoding=\"async\" class=\"alignleft wp-image-4306 size-medium\" src=\"http:\/\/obeirao.pt\/online\/wp-content\/uploads\/2019\/12\/noticia3_1652-300x174.png\" alt=\"\" width=\"300\" height=\"174\" srcset=\"https:\/\/obeirao.pt\/online\/wp-content\/uploads\/2019\/12\/noticia3_1652-300x174.png 300w, https:\/\/obeirao.pt\/online\/wp-content\/uploads\/2019\/12\/noticia3_1652-768x445.png 768w, https:\/\/obeirao.pt\/online\/wp-content\/uploads\/2019\/12\/noticia3_1652.png 1024w, https:\/\/obeirao.pt\/online\/wp-content\/uploads\/2019\/12\/noticia3_1652-640x371.png 640w\" sizes=\"(max-width: 300px) 100vw, 300px\" \/><\/a><\/strong><span style=\"font-size: 14pt\"><em><strong>Depois de estar a ganhar no est\u00e1dio do Famalic\u00e3o, por 2-0, aos 19 minutos, o Tondela deixou-se empatar, mas o melhor estava guardado para o final<\/strong><\/em><\/span><!--more--><\/p>\n<p><strong><span style=\"font-family: georgia, palatino, serif\">Com efeito, no minuto 7.\u00ba de compensa\u00e7\u00e3o (90+10) a equipa beir\u00e3 consegue o triunfo, numa altura em que a equipa da casa dava tudo por tudo, para ser ela a chegar \u00e0 vit\u00f3ria.<\/span><\/strong><\/p>\n<p><strong><span style=\"font-family: georgia, palatino, serif\"><a href=\"http:\/\/obeirao.pt\/online\/wp-content\/uploads\/2019\/12\/Cl\u00e1udio-Ramos-azul-1.jpg\"><img loading=\"lazy\" decoding=\"async\" class=\"alignright wp-image-4308 size-medium\" src=\"http:\/\/obeirao.pt\/online\/wp-content\/uploads\/2019\/12\/Cl\u00e1udio-Ramos-azul-1-300x180.jpg\" alt=\"\" width=\"300\" height=\"180\" srcset=\"https:\/\/obeirao.pt\/online\/wp-content\/uploads\/2019\/12\/Cl\u00e1udio-Ramos-azul-1-300x180.jpg 300w, https:\/\/obeirao.pt\/online\/wp-content\/uploads\/2019\/12\/Cl\u00e1udio-Ramos-azul-1-768x461.jpg 768w, https:\/\/obeirao.pt\/online\/wp-content\/uploads\/2019\/12\/Cl\u00e1udio-Ramos-azul-1.jpg 1024w, https:\/\/obeirao.pt\/online\/wp-content\/uploads\/2019\/12\/Cl\u00e1udio-Ramos-azul-1-640x384.jpg 640w\" sizes=\"(max-width: 300px) 100vw, 300px\" \/><\/a>Deste modo, a equipa auriverde imp\u00f4s ontem, dia 7 de Dezembro, a primeira derrota em casa ao Famalic\u00e3o na I Liga portuguesa de futebol, ao venc\u00ea-la, por 3-2, num jogo da 13.\u00aa jornada da prova.<\/span><\/strong><\/p>\n<p><strong><span style=\"font-family: georgia, palatino, serif\">O espanhol Pepelu, aos seis minutos, e Ant\u00f3nio Xavier, aos 19, deram uma vantagem confort\u00e1vel aos visitantes, mas Roderick Miranda, aos 39, e F\u00e1bio Martins, aos 54, de grande penalidade, igualaram, antes de o venezuelano Jhon Murillo, aos 90+7, resgatar o triunfo para o Tondela.<\/span><\/strong><\/p>\n<p><strong><span style=\"font-family: georgia, palatino, serif\">O Famalic\u00e3o manteve o terceiro lugar, com 24 pontos, e o estatuto de equipa sensa\u00e7\u00e3o, mas j\u00e1 n\u00e3o vence no campeonato h\u00e1 quatro rondas, enquanto o Tondela conquistou o quarto triunfo em terreno alheio e subiu ao sexto posto provis\u00f3rio, com 18, \u00e0 condi\u00e7\u00e3o.<\/span><\/strong><\/p>\n<p><strong><span style=\"font-family: georgia, palatino, serif\"><em>N\u00daMEROS PARA REFLECTIR: 5 golos + 1 anulado + 10 minutos de compensa\u00e7\u00e3o. 7 cart\u00f5es amarelos para o Tondela e apenas 2 para o Famalic\u00e3o. Por pouco, os beir\u00f5es eram todos \u201camarelados\u201d&#8230;<\/em><\/span><\/strong><\/p>\n<ul style=\"list-style-type: circle\">\n<li><span style=\"background-color: #ffff99\"><strong><span style=\"font-family: georgia, palatino, serif\">JOGO: Est\u00e1dio Municipal de Famalic\u00e3o<\/span><\/strong><\/span><\/li>\n<li><span style=\"background-color: #ffff99\"><strong><span style=\"font-family: georgia, palatino, serif\">ASSIST\u00caNCIA: cerca de 4.000 espectadores<\/span><\/strong><\/span><\/li>\n<li><span style=\"background-color: #ffff99\"><strong><span style=\"font-family: georgia, palatino, serif\">\u00c1RBITRO: Jo\u00e3o Bento<\/span><\/strong><\/span><\/li>\n<li><span style=\"background-color: #ffff99\"><strong><span style=\"font-family: georgia, palatino, serif\">AO INTERVALO: 1-2<\/span><\/strong><\/span><\/li>\n<li><span style=\"background-color: #ffff99\"><strong><span style=\"font-family: georgia, palatino, serif\">MARCADORES: 0-1, Pepelu, 6\u2019; 0-2, Xavier, 19\u2019; 1-2, Roderick, 39\u2019;<\/span><\/strong><\/span><\/li>\n<li><span style=\"background-color: #ffff99\"><strong><span style=\"font-family: georgia, palatino, serif\">2-2, F\u00e1bio Martins, 54\u2019 (gp); 2-3, Jhon Murillo, 90\u2019+6\u2019<\/span><\/strong><\/span><\/li>\n<li><span style=\"background-color: #ffff99\"><strong><span style=\"font-family: georgia, palatino, serif\">DISCIPLINA: Cart\u00e3o amarelo a Pepelu (45\u2019), Gustavo Assun\u00e7\u00e3o (45\u2019+1\u2019), Filipe Ferreira (50\u2019), Philipe Sampaio (53\u2019), Jo\u00e3o Pedro (58\u2019), Bruno Wilson (81\u2019), Guga (88\u2019), Jaquit\u00e9 (90\u2019+5\u2019) e Jhon Murillo (90\u2019+7\u2019)<\/span><\/strong><\/span><\/li>\n<\/ul>\n<p><span style=\"font-size: 18pt;color: #ff0000\"><strong><span style=\"font-family: georgia, palatino, serif\">FAMALIC\u00c3O, 2<\/span><\/strong><\/span><\/p>\n<ul style=\"list-style-type: circle\">\n<li><strong><span style=\"font-family: georgia, palatino, serif\">Defendi, Riccieli (R\u00faben Lameiras, 46\u2019), Nehu\u00e9n P\u00e9rez, Roderick, Alex Centelles, Gustavo Assun\u00e7\u00e3o (Guga, 76\u2019), Racic, Pedro Gon\u00e7alves, Diogo Gon\u00e7alves, F\u00e1bio Martins e Anderson (Toni Mart\u00ednez, 81\u2019).<\/span><\/strong><\/li>\n<li><strong><span style=\"font-family: georgia, palatino, serif\">SUPLENTES:\u00a0Van\u00e1, Caf\u00fa Phete, Guga, Ofori, Schiappacasse, R\u00faben Lameiras,Toni Mart\u00ednez;<\/span><\/strong><\/li>\n<li><strong><span style=\"font-family: georgia, palatino, serif\">TREINADOR:\u00a0Jo\u00e3o Pedro Sousa.<\/span><\/strong><\/li>\n<\/ul>\n<p><span style=\"font-size: 18pt;color: #008080;background-color: #ffff00\"><strong><span style=\"font-family: georgia, palatino, serif\">TONDELA, 3<\/span><\/strong><\/span><\/p>\n<ul style=\"list-style-type: circle\">\n<li><strong><span style=\"font-family: georgia, palatino, serif\">Cl\u00e1udio Ramos, Moufi, Bruno Wilson, Yohan Tavares, Filipe Ferreira, Jaquit\u00e9, Jo\u00e3o Pedro (Denilson J\u00fanior, 61\u2019), Pepelu, Jhon Murillo, Xavier (Jonathan Toro, 77\u2019), Tomislav Straklj (Philipe Sampaio, 46\u2019);<\/span><\/strong><\/li>\n<li><strong><span style=\"font-family: georgia, palatino, serif\">SUPLENTES:\u00a0Babacar Niasse, Ricardo Alves, Philipe Sampaio, Pedro Augusto, Richard Rodrigues, Jonathan Toro, Denilson J\u00fanior;<\/span><\/strong><\/li>\n<li><strong><span style=\"font-family: georgia, palatino, serif\">TREINADOR:\u00a0Natxo Gonz\u00e1lez.<\/span><\/strong><\/li>\n<\/ul>\n<p><strong><span style=\"font-family: georgia, palatino, serif\">RESULTADOS DA 13.\u00aa JORNADA<\/span><\/strong><\/p>\n<ul style=\"list-style-type: circle\">\n<li><span style=\"color: #ff0000;background-color: #ffff99\"><strong><span style=\"font-family: georgia, palatino, serif\">Famalic\u00e3o \u2013 TONDELA 2-3<\/span><\/strong><\/span><\/li>\n<li><strong><span style=\"font-family: georgia, palatino, serif\">Ferreira \u2013 Set\u00fabal 2-3<\/span><\/strong><\/li>\n<li><strong><span style=\"font-family: georgia, palatino, serif\">Aves \u2013 Braga 1-0<\/span><\/strong><\/li>\n<li><strong><span style=\"font-family: georgia, palatino, serif\">Guimar\u00e3es \u2013 Portimonense 2-0<\/span><\/strong><\/li>\n<li><strong><span style=\"font-family: georgia, palatino, serif\">Boavista \u2013 Benfica 1-4<\/span><\/strong><\/li>\n<li><strong><span style=\"font-family: georgia, palatino, serif\">Mar\u00edtimo \u2013 Santa Clara 2-2<\/span><\/strong><\/li>\n<li><strong><span style=\"font-family: georgia, palatino, serif\">Sporting \u2013 Moreirense 1-0<\/span><\/strong><\/li>\n<li><strong><span style=\"font-family: georgia, palatino, serif\">Belenenses \u2013 Porto 1-1<\/span><\/strong><\/li>\n<li><strong><span style=\"font-family: georgia, palatino, serif\">Rio Ave \u2013 Gil Vicente (*)<\/span><\/strong><\/li>\n<li><strong><span style=\"font-family: georgia, palatino, serif\">(*) Amanh\u00e3<\/span><\/strong><\/li>\n<\/ul>\n<p><strong><span style=\"font-family: georgia, palatino, serif\">PR\u00d3XIMA JORNADA 14.\u00aa<\/span><\/strong><\/p>\n<ul style=\"list-style-type: circle\">\n<li><strong><span style=\"font-family: georgia, palatino, serif\">Gil Vicente \u2013 Guimar\u00e3es<\/span><\/strong><\/li>\n<li><strong><span style=\"font-family: georgia, palatino, serif\">Santa Clara \u2013 Sporting<\/span><\/strong><\/li>\n<li><span style=\"color: #ff0000;background-color: #ffff99\"><strong><span style=\"font-family: georgia, palatino, serif\">Porto \u2013 TONDELA<\/span><\/strong><\/span><br \/>\n<strong><span style=\"font-family: georgia, palatino, serif\">Portimonense \u2013 Rio Ave<\/span><\/strong><\/li>\n<li><strong><span style=\"font-family: georgia, palatino, serif\">Benfica \u2013 Famalic\u00e3o<\/span><\/strong><\/li>\n<li><strong><span style=\"font-family: georgia, palatino, serif\">Braga \u2013 P. Ferreira<\/span><\/strong><\/li>\n<li><strong><span style=\"font-family: georgia, palatino, serif\">Set\u00fabal \u2013 Aves<\/span><\/strong><\/li>\n<li><strong><span style=\"font-family: georgia, palatino, serif\">Moreirense \u2013 Belenenses<\/span><\/strong><\/li>\n<li><strong><span style=\"font-family: georgia, palatino, serif\">Mar\u00edtimo \u2013 Boavista<\/span><\/strong><\/li>\n<li><\/li>\n<\/ul>\n<p>&nbsp;<\/p>\n<p>&nbsp;<\/p>\n","protected":false},"excerpt":{"rendered":"<div class=\"mh-excerpt\"><span class=\"span-reading-time rt-reading-time\" style=\"display: block;\"><span class=\"rt-label rt-prefix\">tempo de leitura:<\/span> <span class=\"rt-time\"> 2<\/span> <span class=\"rt-label rt-postfix\">minutos<\/span><\/span>Depois de estar a ganhar no est\u00e1dio do Famalic\u00e3o, por 2-0, aos 19 minutos, o Tondela deixou-se empatar, mas o melhor estava guardado para o <a class=\"mh-excerpt-more\" href=\"https:\/\/obeirao.pt\/online\/2019\/12\/08\/tondela-vence-em-famalicao-a-equipa-sensacao-da-liga\/\" title=\"TONDELA VENCE EM FAMALIC\u00c3O \u2013 A EQUIPA SENSA\u00c7\u00c3O DA LIGA\">[&#8230;]<\/a><\/div>\n","protected":false},"author":2,"featured_media":4306,"comment_status":"closed","ping_status":"closed","sticky":false,"template":"","format":"standard","meta":{"footnotes":""},"categories":[2,43,44,4,63,243],"tags":[],"class_list":["post-4305","post","type-post","status-publish","format-standard","has-post-thumbnail","hentry","category-principal","category-desporto","category-futebol","category-regiao","category-tondela","category-vila-nova-de-famalicao"],"yoast_head":"<!-- This site is optimized with the Yoast SEO plugin v27.4 - https:\/\/yoast.com\/product\/yoast-seo-wordpress\/ -->\n<title>TONDELA VENCE EM FAMALIC\u00c3O \u2013 A EQUIPA SENSA\u00c7\u00c3O DA LIGA - Beir\u00e3o Online<\/title>\n<meta name=\"robots\" content=\"index, follow, max-snippet:-1, max-image-preview:large, max-video-preview:-1\" \/>\n<link rel=\"canonical\" href=\"http:\/\/obeirao.pt\/online\/2019\/12\/08\/tondela-vence-em-famalicao-a-equipa-sensacao-da-liga\/\" \/>\n<meta property=\"og:locale\" content=\"pt_PT\" \/>\n<meta property=\"og:type\" content=\"article\" \/>\n<meta property=\"og:title\" content=\"TONDELA VENCE EM FAMALIC\u00c3O \u2013 A EQUIPA SENSA\u00c7\u00c3O DA LIGA - Beir\u00e3o Online\" \/>\n<meta property=\"og:description\" content=\"tempo de leitura: 2 minutosDepois de estar a ganhar no est\u00e1dio do Famalic\u00e3o, por 2-0, aos 19 minutos, o Tondela deixou-se empatar, mas o melhor estava guardado para o [...]\" \/>\n<meta property=\"og:url\" content=\"http:\/\/obeirao.pt\/online\/2019\/12\/08\/tondela-vence-em-famalicao-a-equipa-sensacao-da-liga\/\" \/>\n<meta property=\"og:site_name\" content=\"Beir\u00e3o Online\" \/>\n<meta property=\"article:publisher\" content=\"https:\/\/pt-br.facebook.com\/pages\/Amigos-de-Tondela\/273620439973877\" \/>\n<meta property=\"article:published_time\" content=\"2019-12-08T22:18:34+00:00\" \/>\n<meta property=\"article:modified_time\" content=\"2021-03-26T23:14:55+00:00\" \/>\n<meta property=\"og:image\" content=\"http:\/\/obeirao.pt\/online\/wp-content\/uploads\/2019\/12\/noticia3_1652.png\" \/>\n\t<meta property=\"og:image:width\" content=\"1024\" \/>\n\t<meta property=\"og:image:height\" content=\"594\" \/>\n\t<meta property=\"og:image:type\" content=\"image\/png\" \/>\n<meta name=\"author\" content=\"Z\u00e9 Beir\u00e3o\" \/>\n<meta name=\"twitter:card\" content=\"summary_large_image\" \/>\n<meta name=\"twitter:creator\" content=\"@JoaquimDuarteP2\" \/>\n<meta name=\"twitter:site\" content=\"@JoaquimDuarteP2\" \/>\n<meta name=\"twitter:label1\" content=\"Escrito por\" \/>\n\t<meta name=\"twitter:data1\" content=\"Z\u00e9 Beir\u00e3o\" \/>\n\t<meta name=\"twitter:label2\" content=\"Tempo estimado de leitura\" \/>\n\t<meta name=\"twitter:data2\" content=\"2 minutos\" \/>\n<script type=\"application\/ld+json\" class=\"yoast-schema-graph\">{\"@context\":\"https:\\\/\\\/schema.org\",\"@graph\":[{\"@type\":\"Article\",\"@id\":\"http:\\\/\\\/obeirao.pt\\\/online\\\/2019\\\/12\\\/08\\\/tondela-vence-em-famalicao-a-equipa-sensacao-da-liga\\\/#article\",\"isPartOf\":{\"@id\":\"http:\\\/\\\/obeirao.pt\\\/online\\\/2019\\\/12\\\/08\\\/tondela-vence-em-famalicao-a-equipa-sensacao-da-liga\\\/\"},\"author\":{\"name\":\"Z\u00e9 Beir\u00e3o\",\"@id\":\"http:\\\/\\\/obeirao.pt\\\/online\\\/#\\\/schema\\\/person\\\/efac69bb5a33873e1c1bb9c1165ff38c\"},\"headline\":\"TONDELA VENCE EM FAMALIC\u00c3O \u2013 A EQUIPA SENSA\u00c7\u00c3O DA LIGA\",\"datePublished\":\"2019-12-08T22:18:34+00:00\",\"dateModified\":\"2021-03-26T23:14:55+00:00\",\"mainEntityOfPage\":{\"@id\":\"http:\\\/\\\/obeirao.pt\\\/online\\\/2019\\\/12\\\/08\\\/tondela-vence-em-famalicao-a-equipa-sensacao-da-liga\\\/\"},\"wordCount\":450,\"image\":{\"@id\":\"http:\\\/\\\/obeirao.pt\\\/online\\\/2019\\\/12\\\/08\\\/tondela-vence-em-famalicao-a-equipa-sensacao-da-liga\\\/#primaryimage\"},\"thumbnailUrl\":\"https:\\\/\\\/obeirao.pt\\\/online\\\/wp-content\\\/uploads\\\/2019\\\/12\\\/noticia3_1652.png\",\"articleSection\":[\"_Principal\",\"Desporto\",\"Futebol\",\"Regi\u00e3o\",\"Tondela\",\"Vila Nova de Famalic\u00e3o\"],\"inLanguage\":\"pt-PT\"},{\"@type\":\"WebPage\",\"@id\":\"http:\\\/\\\/obeirao.pt\\\/online\\\/2019\\\/12\\\/08\\\/tondela-vence-em-famalicao-a-equipa-sensacao-da-liga\\\/\",\"url\":\"http:\\\/\\\/obeirao.pt\\\/online\\\/2019\\\/12\\\/08\\\/tondela-vence-em-famalicao-a-equipa-sensacao-da-liga\\\/\",\"name\":\"TONDELA VENCE EM FAMALIC\u00c3O \u2013 A EQUIPA SENSA\u00c7\u00c3O DA LIGA - Beir\u00e3o Online\",\"isPartOf\":{\"@id\":\"http:\\\/\\\/obeirao.pt\\\/online\\\/#website\"},\"primaryImageOfPage\":{\"@id\":\"http:\\\/\\\/obeirao.pt\\\/online\\\/2019\\\/12\\\/08\\\/tondela-vence-em-famalicao-a-equipa-sensacao-da-liga\\\/#primaryimage\"},\"image\":{\"@id\":\"http:\\\/\\\/obeirao.pt\\\/online\\\/2019\\\/12\\\/08\\\/tondela-vence-em-famalicao-a-equipa-sensacao-da-liga\\\/#primaryimage\"},\"thumbnailUrl\":\"https:\\\/\\\/obeirao.pt\\\/online\\\/wp-content\\\/uploads\\\/2019\\\/12\\\/noticia3_1652.png\",\"datePublished\":\"2019-12-08T22:18:34+00:00\",\"dateModified\":\"2021-03-26T23:14:55+00:00\",\"author\":{\"@id\":\"http:\\\/\\\/obeirao.pt\\\/online\\\/#\\\/schema\\\/person\\\/efac69bb5a33873e1c1bb9c1165ff38c\"},\"breadcrumb\":{\"@id\":\"http:\\\/\\\/obeirao.pt\\\/online\\\/2019\\\/12\\\/08\\\/tondela-vence-em-famalicao-a-equipa-sensacao-da-liga\\\/#breadcrumb\"},\"inLanguage\":\"pt-PT\",\"potentialAction\":[{\"@type\":\"ReadAction\",\"target\":[\"http:\\\/\\\/obeirao.pt\\\/online\\\/2019\\\/12\\\/08\\\/tondela-vence-em-famalicao-a-equipa-sensacao-da-liga\\\/\"]}]},{\"@type\":\"ImageObject\",\"inLanguage\":\"pt-PT\",\"@id\":\"http:\\\/\\\/obeirao.pt\\\/online\\\/2019\\\/12\\\/08\\\/tondela-vence-em-famalicao-a-equipa-sensacao-da-liga\\\/#primaryimage\",\"url\":\"https:\\\/\\\/obeirao.pt\\\/online\\\/wp-content\\\/uploads\\\/2019\\\/12\\\/noticia3_1652.png\",\"contentUrl\":\"https:\\\/\\\/obeirao.pt\\\/online\\\/wp-content\\\/uploads\\\/2019\\\/12\\\/noticia3_1652.png\",\"width\":1024,\"height\":594},{\"@type\":\"BreadcrumbList\",\"@id\":\"http:\\\/\\\/obeirao.pt\\\/online\\\/2019\\\/12\\\/08\\\/tondela-vence-em-famalicao-a-equipa-sensacao-da-liga\\\/#breadcrumb\",\"itemListElement\":[{\"@type\":\"ListItem\",\"position\":1,\"name\":\"Home\",\"item\":\"http:\\\/\\\/obeirao.pt\\\/online\\\/\"},{\"@type\":\"ListItem\",\"position\":2,\"name\":\"TONDELA VENCE EM FAMALIC\u00c3O \u2013 A EQUIPA SENSA\u00c7\u00c3O DA LIGA\"}]},{\"@type\":\"WebSite\",\"@id\":\"http:\\\/\\\/obeirao.pt\\\/online\\\/#website\",\"url\":\"http:\\\/\\\/obeirao.pt\\\/online\\\/\",\"name\":\"Beir\u00e3o Online\",\"description\":\"www.obeirao.pt\",\"potentialAction\":[{\"@type\":\"SearchAction\",\"target\":{\"@type\":\"EntryPoint\",\"urlTemplate\":\"http:\\\/\\\/obeirao.pt\\\/online\\\/?s={search_term_string}\"},\"query-input\":{\"@type\":\"PropertyValueSpecification\",\"valueRequired\":true,\"valueName\":\"search_term_string\"}}],\"inLanguage\":\"pt-PT\"},{\"@type\":\"Person\",\"@id\":\"http:\\\/\\\/obeirao.pt\\\/online\\\/#\\\/schema\\\/person\\\/efac69bb5a33873e1c1bb9c1165ff38c\",\"name\":\"Z\u00e9 Beir\u00e3o\",\"image\":{\"@type\":\"ImageObject\",\"inLanguage\":\"pt-PT\",\"@id\":\"https:\\\/\\\/secure.gravatar.com\\\/avatar\\\/c8c44d1f9327baa4d27e9b1149cd71b3?s=96&d=mm&r=g\",\"url\":\"https:\\\/\\\/secure.gravatar.com\\\/avatar\\\/c8c44d1f9327baa4d27e9b1149cd71b3?s=96&d=mm&r=g\",\"contentUrl\":\"https:\\\/\\\/secure.gravatar.com\\\/avatar\\\/c8c44d1f9327baa4d27e9b1149cd71b3?s=96&d=mm&r=g\",\"caption\":\"Z\u00e9 Beir\u00e3o\"},\"url\":\"https:\\\/\\\/obeirao.pt\\\/online\\\/author\\\/zebeirao\\\/\"}]}<\/script>\n<!-- \/ Yoast SEO plugin. -->","yoast_head_json":{"title":"TONDELA VENCE EM FAMALIC\u00c3O \u2013 A EQUIPA SENSA\u00c7\u00c3O DA LIGA - Beir\u00e3o Online","robots":{"index":"index","follow":"follow","max-snippet":"max-snippet:-1","max-image-preview":"max-image-preview:large","max-video-preview":"max-video-preview:-1"},"canonical":"http:\/\/obeirao.pt\/online\/2019\/12\/08\/tondela-vence-em-famalicao-a-equipa-sensacao-da-liga\/","og_locale":"pt_PT","og_type":"article","og_title":"TONDELA VENCE EM FAMALIC\u00c3O \u2013 A EQUIPA SENSA\u00c7\u00c3O DA LIGA - Beir\u00e3o Online","og_description":"tempo de leitura: 2 minutosDepois de estar a ganhar no est\u00e1dio do Famalic\u00e3o, por 2-0, aos 19 minutos, o Tondela deixou-se empatar, mas o melhor estava guardado para o [...]","og_url":"http:\/\/obeirao.pt\/online\/2019\/12\/08\/tondela-vence-em-famalicao-a-equipa-sensacao-da-liga\/","og_site_name":"Beir\u00e3o Online","article_publisher":"https:\/\/pt-br.facebook.com\/pages\/Amigos-de-Tondela\/273620439973877","article_published_time":"2019-12-08T22:18:34+00:00","article_modified_time":"2021-03-26T23:14:55+00:00","og_image":[{"width":1024,"height":594,"url":"http:\/\/obeirao.pt\/online\/wp-content\/uploads\/2019\/12\/noticia3_1652.png","type":"image\/png"}],"author":"Z\u00e9 Beir\u00e3o","twitter_card":"summary_large_image","twitter_creator":"@JoaquimDuarteP2","twitter_site":"@JoaquimDuarteP2","twitter_misc":{"Escrito por":"Z\u00e9 Beir\u00e3o","Tempo estimado de leitura":"2 minutos"},"schema":{"@context":"https:\/\/schema.org","@graph":[{"@type":"Article","@id":"http:\/\/obeirao.pt\/online\/2019\/12\/08\/tondela-vence-em-famalicao-a-equipa-sensacao-da-liga\/#article","isPartOf":{"@id":"http:\/\/obeirao.pt\/online\/2019\/12\/08\/tondela-vence-em-famalicao-a-equipa-sensacao-da-liga\/"},"author":{"name":"Z\u00e9 Beir\u00e3o","@id":"http:\/\/obeirao.pt\/online\/#\/schema\/person\/efac69bb5a33873e1c1bb9c1165ff38c"},"headline":"TONDELA VENCE EM FAMALIC\u00c3O \u2013 A EQUIPA SENSA\u00c7\u00c3O DA LIGA","datePublished":"2019-12-08T22:18:34+00:00","dateModified":"2021-03-26T23:14:55+00:00","mainEntityOfPage":{"@id":"http:\/\/obeirao.pt\/online\/2019\/12\/08\/tondela-vence-em-famalicao-a-equipa-sensacao-da-liga\/"},"wordCount":450,"image":{"@id":"http:\/\/obeirao.pt\/online\/2019\/12\/08\/tondela-vence-em-famalicao-a-equipa-sensacao-da-liga\/#primaryimage"},"thumbnailUrl":"https:\/\/obeirao.pt\/online\/wp-content\/uploads\/2019\/12\/noticia3_1652.png","articleSection":["_Principal","Desporto","Futebol","Regi\u00e3o","Tondela","Vila Nova de Famalic\u00e3o"],"inLanguage":"pt-PT"},{"@type":"WebPage","@id":"http:\/\/obeirao.pt\/online\/2019\/12\/08\/tondela-vence-em-famalicao-a-equipa-sensacao-da-liga\/","url":"http:\/\/obeirao.pt\/online\/2019\/12\/08\/tondela-vence-em-famalicao-a-equipa-sensacao-da-liga\/","name":"TONDELA VENCE EM FAMALIC\u00c3O \u2013 A EQUIPA SENSA\u00c7\u00c3O DA LIGA - Beir\u00e3o Online","isPartOf":{"@id":"http:\/\/obeirao.pt\/online\/#website"},"primaryImageOfPage":{"@id":"http:\/\/obeirao.pt\/online\/2019\/12\/08\/tondela-vence-em-famalicao-a-equipa-sensacao-da-liga\/#primaryimage"},"image":{"@id":"http:\/\/obeirao.pt\/online\/2019\/12\/08\/tondela-vence-em-famalicao-a-equipa-sensacao-da-liga\/#primaryimage"},"thumbnailUrl":"https:\/\/obeirao.pt\/online\/wp-content\/uploads\/2019\/12\/noticia3_1652.png","datePublished":"2019-12-08T22:18:34+00:00","dateModified":"2021-03-26T23:14:55+00:00","author":{"@id":"http:\/\/obeirao.pt\/online\/#\/schema\/person\/efac69bb5a33873e1c1bb9c1165ff38c"},"breadcrumb":{"@id":"http:\/\/obeirao.pt\/online\/2019\/12\/08\/tondela-vence-em-famalicao-a-equipa-sensacao-da-liga\/#breadcrumb"},"inLanguage":"pt-PT","potentialAction":[{"@type":"ReadAction","target":["http:\/\/obeirao.pt\/online\/2019\/12\/08\/tondela-vence-em-famalicao-a-equipa-sensacao-da-liga\/"]}]},{"@type":"ImageObject","inLanguage":"pt-PT","@id":"http:\/\/obeirao.pt\/online\/2019\/12\/08\/tondela-vence-em-famalicao-a-equipa-sensacao-da-liga\/#primaryimage","url":"https:\/\/obeirao.pt\/online\/wp-content\/uploads\/2019\/12\/noticia3_1652.png","contentUrl":"https:\/\/obeirao.pt\/online\/wp-content\/uploads\/2019\/12\/noticia3_1652.png","width":1024,"height":594},{"@type":"BreadcrumbList","@id":"http:\/\/obeirao.pt\/online\/2019\/12\/08\/tondela-vence-em-famalicao-a-equipa-sensacao-da-liga\/#breadcrumb","itemListElement":[{"@type":"ListItem","position":1,"name":"Home","item":"http:\/\/obeirao.pt\/online\/"},{"@type":"ListItem","position":2,"name":"TONDELA VENCE EM FAMALIC\u00c3O \u2013 A EQUIPA SENSA\u00c7\u00c3O DA LIGA"}]},{"@type":"WebSite","@id":"http:\/\/obeirao.pt\/online\/#website","url":"http:\/\/obeirao.pt\/online\/","name":"Beir\u00e3o Online","description":"www.obeirao.pt","potentialAction":[{"@type":"SearchAction","target":{"@type":"EntryPoint","urlTemplate":"http:\/\/obeirao.pt\/online\/?s={search_term_string}"},"query-input":{"@type":"PropertyValueSpecification","valueRequired":true,"valueName":"search_term_string"}}],"inLanguage":"pt-PT"},{"@type":"Person","@id":"http:\/\/obeirao.pt\/online\/#\/schema\/person\/efac69bb5a33873e1c1bb9c1165ff38c","name":"Z\u00e9 Beir\u00e3o","image":{"@type":"ImageObject","inLanguage":"pt-PT","@id":"https:\/\/secure.gravatar.com\/avatar\/c8c44d1f9327baa4d27e9b1149cd71b3?s=96&d=mm&r=g","url":"https:\/\/secure.gravatar.com\/avatar\/c8c44d1f9327baa4d27e9b1149cd71b3?s=96&d=mm&r=g","contentUrl":"https:\/\/secure.gravatar.com\/avatar\/c8c44d1f9327baa4d27e9b1149cd71b3?s=96&d=mm&r=g","caption":"Z\u00e9 Beir\u00e3o"},"url":"https:\/\/obeirao.pt\/online\/author\/zebeirao\/"}]}},"_links":{"self":[{"href":"https:\/\/obeirao.pt\/online\/wp-json\/wp\/v2\/posts\/4305"}],"collection":[{"href":"https:\/\/obeirao.pt\/online\/wp-json\/wp\/v2\/posts"}],"about":[{"href":"https:\/\/obeirao.pt\/online\/wp-json\/wp\/v2\/types\/post"}],"author":[{"embeddable":true,"href":"https:\/\/obeirao.pt\/online\/wp-json\/wp\/v2\/users\/2"}],"replies":[{"embeddable":true,"href":"https:\/\/obeirao.pt\/online\/wp-json\/wp\/v2\/comments?post=4305"}],"version-history":[{"count":4,"href":"https:\/\/obeirao.pt\/online\/wp-json\/wp\/v2\/posts\/4305\/revisions"}],"predecessor-version":[{"id":4311,"href":"https:\/\/obeirao.pt\/online\/wp-json\/wp\/v2\/posts\/4305\/revisions\/4311"}],"wp:featuredmedia":[{"embeddable":true,"href":"https:\/\/obeirao.pt\/online\/wp-json\/wp\/v2\/media\/4306"}],"wp:attachment":[{"href":"https:\/\/obeirao.pt\/online\/wp-json\/wp\/v2\/media?parent=4305"}],"wp:term":[{"taxonomy":"category","embeddable":true,"href":"https:\/\/obeirao.pt\/online\/wp-json\/wp\/v2\/categories?post=4305"},{"taxonomy":"post_tag","embeddable":true,"href":"https:\/\/obeirao.pt\/online\/wp-json\/wp\/v2\/tags?post=4305"}],"curies":[{"name":"wp","href":"https:\/\/api.w.org\/{rel}","templated":true}]}}