{"id":5657,"date":"2020-10-27T18:56:19","date_gmt":"2020-10-27T18:56:19","guid":{"rendered":"http:\/\/obeirao.pt\/online\/?p=5657"},"modified":"2020-10-27T18:56:49","modified_gmt":"2020-10-27T18:56:49","slug":"cd-tondela-1-a-vitoria-na-liga-2020-21","status":"publish","type":"post","link":"https:\/\/obeirao.pt\/online\/2020\/10\/27\/cd-tondela-1-a-vitoria-na-liga-2020-21\/","title":{"rendered":"CD TONDELA: 1.\u00aa VIT\u00d3RIA NA LIGA 2020\/21"},"content":{"rendered":"<span class=\"span-reading-time rt-reading-time\" style=\"display: block;\"><span class=\"rt-label rt-prefix\">tempo de leitura:<\/span> <span class=\"rt-time\"> 3<\/span> <span class=\"rt-label rt-postfix\">minutos<\/span><\/span><p><span style=\"font-size: 24pt\"><strong><a href=\"http:\/\/obeirao.pt\/online\/wp-content\/uploads\/2020\/10\/ojogo_pt_.jpg\"><img loading=\"lazy\" decoding=\"async\" class=\"alignleft wp-image-5658 size-medium\" src=\"http:\/\/obeirao.pt\/online\/wp-content\/uploads\/2020\/10\/ojogo_pt_-300x200.jpg\" alt=\"\" width=\"300\" height=\"200\" srcset=\"https:\/\/obeirao.pt\/online\/wp-content\/uploads\/2020\/10\/ojogo_pt_-300x200.jpg 300w, https:\/\/obeirao.pt\/online\/wp-content\/uploads\/2020\/10\/ojogo_pt_-640x427.jpg 640w, https:\/\/obeirao.pt\/online\/wp-content\/uploads\/2020\/10\/ojogo_pt_.jpg 768w\" sizes=\"(max-width: 300px) 100vw, 300px\" \/><\/a><\/strong><\/span><strong><em>No jogo que marcou o regresso do p\u00fablico \u00e0s bancadas do Est\u00e1dio Jo\u00e3o Cardoso, as duas equipas entraram para dentro das quatro linhas um tanto t\u00edmidas, talvez por j\u00e1 n\u00e3o estarem acostumadas \u00e0 presen\u00e7a e \u00e0 press\u00e3o dos (poucos) adeptos que assistiam ao duelo.<\/em><\/strong><!--more--><\/p>\n<p><span style=\"color: #000000;font-family: georgia, palatino, serif\">Contudo, e apesar de um arranque a meio g\u00e1s, foi a equipa beir\u00e3 quem foi assumindo as r\u00e9deas do encontro,\u00a0encostando o Portimonense \u00e0s cordas. Uma excelente combina\u00e7\u00e3o na ala direita entre Salvador Agra e Jhon Murillo, culminou num passe para Rafael Barbosa, que rematou e fez o primeiro aviso a Samuel. Valeu o desvio dos centrais dos forasteiros.<\/span><\/p>\n<p><span style=\"color: #000000;font-family: georgia, palatino, serif\">Rafael Barbosa demonstrava estar faminto por golo e poucos minutos depois atirou ao \u00e2ngulo da baliza do Portimonense:\u00a0brilhou o guardi\u00e3o do conjunto algarvio, que negou um gola\u00e7o ao extremo do Tondela.<\/span><\/p>\n<p><span style=\"color: #000000;font-family: georgia, palatino, serif\">Pouco depois, um erro de Enzo Martinez ia gelando o Est\u00e1dio Jo\u00e3o Cardoso. Fabr\u00edcio teve uma boa oportunidade para mexer no marcador, mas foi Pedro Trigueira quem se saiu melhor, naquela que foi a sua primeira interven\u00e7\u00e3o no jogo.<\/span><\/p>\n<p><span style=\"color: #000000;font-family: georgia, palatino, serif\">J\u00e1 dizia o ditado, \u201c\u00e1gua mole em pedra dura, tanto bate at\u00e9 que fura\u201d. Como n\u00e3o h\u00e1 duas sem tr\u00eas, Rafael Barbosa acabou por fazer o gosto ao p\u00e9 aos 33 minutos. Tomislav \u0160trkalj, com um passe que vale meio golo, deixou o extremo auriverde isolado, que no frente a frente com Samuel n\u00e3o perdoou e colocou a bola no fundo das redes com bastante precis\u00e3o.<\/span><\/p>\n<p><span style=\"color: #000000;font-family: georgia, palatino, serif\">At\u00e9 ao golo era o Tondela quem comandava o encontro, mas parece que o tento apontado por Rafael Barbosa despertou um Portimonense que at\u00e9 ent\u00e3o parecia adormecido. Mudou o panorama do jogo, e era a equipa de Paulo S\u00e9rgio quem tentava de tudo para repor a igualdade no marcador.<\/span><\/p>\n<p><span style=\"color: #000000;font-family: georgia, palatino, serif\">Apesar das v\u00e1rias tentativas, todas sem sucesso, o Tondela conseguiu segurar a vantagem at\u00e9 ao apito para o final da primeira metade. Foi para o intervalo na lideran\u00e7a.<\/span><\/p>\n<p><span style=\"color: #000000;font-family: georgia, palatino, serif\">Na segunda parte, o jogo come\u00e7ou mais equilibrado, contrastando com os minutos iniciais da primeira metade do encontro. Com o desenrolar do jogo, foi o Portimonense quem foi assumindo as despesas do embate.<\/span><\/p>\n<p><span style=\"color: #000000;font-family: georgia, palatino, serif\">Com o conjunto de Portim\u00e3o instalado no meio-campo do Tondela, a equipa beir\u00e3 foi usando a defesa como a sua melhor arma e foi segurando a vantagem no marcador.<\/span><\/p>\n<p><span style=\"color: #000000;font-family: georgia, palatino, serif\">Aos 56 minutos do encontro, Welinton, acabado de entrar, ficou\u00a0isolado depois de um passe de Vaz T\u00ea, mas acabou por deslumbrar-se com a baliza aberta e atirou \u00e0 barra. \u00b4<\/span><\/p>\n<p><span style=\"color: #000000;font-family: georgia, palatino, serif\">Depois do Est\u00e1dio Jo\u00e3o Cardoso ter congelado com esta oportunidade desperdi\u00e7ada por parte do Portimonense, foi o Tondela quem cresceu e beneficiou de duas chances claras de golo. Salvador Agra, de livre, obrigou Samuel a uma grande defesa. J\u00e1 Rafael Barbosa atirou ao poste direito da baliza dos algarvios.<\/span><\/p>\n<p><span style=\"color: #000000;font-family: georgia, palatino, serif\">Poucos minutos depois, aos 71&#8242;, o jogo ficou em suspenso, com uma grande penalidade a ser assinalada a favor do Portimonense. Valeu aos da casa o VAR, que acabou por anular o pen\u00e1lti ao conjunto de Portim\u00e3o, por posi\u00e7\u00e3o irregular de Welinton (138 cent\u00edmetros)\u00a0jogador que havia sofrido a falta.<\/span><\/p>\n<p><span style=\"color: #000000;font-family: georgia, palatino, serif\">O resto do encontro acabou por ser controlado pelo Tondela, que conseguiu segurar a todo o custo a vantagem no marcador. No entanto, a turma de Pako Ayest\u00e1ran ainda precisou de sofrer, especialmente nos sete minutos de compensa\u00e7\u00e3o dados pelo \u00e1rbitro.<\/span><\/p>\n<p><span style=\"color: #000000;font-family: georgia, palatino, serif\"><a style=\"color: #000000\" href=\"https:\/\/maisfutebol.iol.pt\/jogo\/aominuto\/tondela\/portimonense\/13601736\"> <strong>Uma vit\u00f3ria<\/strong><\/a>\u00a0que presenteou os\u00a0132 adeptos que estiveram presentes no Est\u00e1dio Jo\u00e3o Cardoso, neste que foi mais um jogo teste para que seja poss\u00edvel a abertura dos complexos desportivos ao p\u00fablico.<\/span><\/p>\n<p style=\"text-align: right\"><span style=\"color: #000000;font-family: georgia, palatino, serif\"><em><strong>FONTE: Mais Futebol<\/strong><\/em><\/span><\/p>\n<ul style=\"list-style-type: disc\">\n<li><span style=\"color: #000000;font-family: georgia, palatino, serif\"><strong>JOGO: Est\u00e1dio Jo\u00e3o Cardoso, em Tondela<\/strong><\/span><\/li>\n<li><span style=\"color: #000000;font-family: georgia, palatino, serif\"><strong>\u00c1RBITRO:<\/strong><\/span><\/li>\n<li><span style=\"color: #000000;font-family: georgia, palatino, serif\"><strong>RESULTADO AO INTEREVALO: 1-0<\/strong><\/span><\/li>\n<li><span style=\"color: #000000;font-family: georgia, palatino, serif\"><strong>MARCADOR: Rafael Barbosa (33\u2019)<\/strong><\/span><\/li>\n<li><span style=\"color: #000000;font-family: georgia, palatino, serif\"><strong>DISCIPLINA: Cart\u00e3o amarelo para Yohan Tavares (44); Ricardo Vaz T\u00e9 (67); Salvador Agra (69) e Welinton Junior (73)<\/strong><\/span><\/li>\n<\/ul>\n<p><span style=\"color: #008000;font-family: georgia, palatino, serif;font-size: 18pt;background-color: #ffff00\"><strong>TONDELA, 1 (5x3x2)<\/strong><\/span><\/p>\n<ul style=\"list-style-type: disc\">\n<li><span style=\"color: #000000;font-family: georgia, palatino, serif\">Pedro Trigueira; N. Khacef, Filipe, E. Martinez, Yohn Tavares e J. Murillo; Jaume Grau, Jo\u00e3o Pedro e Rafael Barbosa; Salvador Agra e T. Strkalj<\/span><\/li>\n<li><span style=\"color: #000000;font-family: georgia, palatino, serif\"><strong>SUBSTITUI\u00c7\u00d5ES: 51 \u2013<\/strong> Sai Y. Tavares e entra Jaquit\u00e9;\u00a0 66 \u2013 Sai Jo\u00e3o Pedro, entra Tiago Almeida; 85 \u2013 Sai N. Khacef, entra Pedro Augusto; 86 \u2013 Sai T. Strkalj, entra S. Anne<\/span><\/li>\n<li><span style=\"color: #000000;font-family: georgia, palatino, serif\"><strong>TREINADOR: Pako Ayestar\u00e1n<\/strong><\/span><\/li>\n<\/ul>\n<p><span style=\"color: #000000;font-family: georgia, palatino, serif;font-size: 18pt\"><strong>PORTIMONENSE, 0 (4x3x3)<\/strong><\/span><\/p>\n<ul style=\"list-style-type: disc\">\n<li><span style=\"color: #000000;font-family: georgia, palatino, serif\">Samuel; K. Anzai, Maur\u00edcio, Willyan e Fali Cand\u00e9; Lucas, Pedro S\u00e1 e Dener; Anderson, Fabr\u00edcio e Aylton Boa Morte<\/span><\/li>\n<li><span style=\"color: #000000;font-family: georgia, palatino, serif\"><strong>SUBSTITUI\u00c7\u00d5ES:<\/strong> 45 \u2013 Sai Aylton, entra Ricardo Vaz T\u00e9; 55 \u2013 Sai Pedro S\u00e1, entra Welinton Junior; 81 \u2013 Sai Fali Cand\u00e9, entra Henrique<\/span><\/li>\n<li><span style=\"color: #000000;font-family: georgia, palatino, serif\"><strong>TREINADOR: Paulo S\u00e9rgio<\/strong><\/span><\/li>\n<\/ul>\n<p><span style=\"color: #000000;font-family: georgia, palatino, serif\"><strong>RESULTADOS DA JORNADA 5<\/strong><\/span><\/p>\n<ul style=\"list-style-type: disc\">\n<li><span style=\"color: #000000;font-family: georgia, palatino, serif\"><strong>TONDELA \u2013 Portimonense 1-0<\/strong><\/span><\/li>\n<li><span style=\"color: #000000;font-family: georgia, palatino, serif\">Famalic\u00e3o \u2013 Boavista 2-2<\/span><\/li>\n<li><span style=\"color: #000000;font-family: georgia, palatino, serif\">Nacional \u2013 P. Ferreira 1-1<\/span><\/li>\n<li><span style=\"color: #000000;font-family: georgia, palatino, serif\">Benfica \u2013 Belenenses 2-0<\/span><\/li>\n<li><span style=\"color: #000000;font-family: georgia, palatino, serif\">Santa Clara \u2013 Sporting 1-2<\/span><\/li>\n<li><span style=\"color: #000000;font-family: georgia, palatino, serif\">Guimar\u00e3es \u2013 Braga 0-1<\/span><\/li>\n<li><span style=\"color: #000000;font-family: georgia, palatino, serif\">Moreirense \u2013 Mar\u00edtimo 2-1<\/span><\/li>\n<li><span style=\"color: #000000;font-family: georgia, palatino, serif\">Porto \u2013 Gil Vicente 1-0<\/span><\/li>\n<li><span style=\"color: #000000;font-family: georgia, palatino, serif\">Farense \u2013 Rio Ave \u2013 0-1<\/span><\/li>\n<\/ul>\n<p><span style=\"color: #000000;font-family: georgia, palatino, serif\"><strong>PR\u00d3XIMA JORNADA 6<\/strong><\/span><\/p>\n<ul style=\"list-style-type: disc\">\n<li><span style=\"color: #000000;font-family: georgia, palatino, serif\">Gil Vicente \u2013 Guimar\u00e3es<\/span><\/li>\n<li><span style=\"color: #000000;font-family: georgia, palatino, serif\">Ferreira \u2013 Porto<\/span><\/li>\n<li><span style=\"color: #000000;font-family: georgia, palatino, serif\">Belenenses \u2013 Farense<\/span><\/li>\n<li><span style=\"color: #000000;font-family: georgia, palatino, serif\">Boavista \u2013 Benfica<\/span><\/li>\n<li><span style=\"color: #000000;font-family: georgia, palatino, serif\">Braga \u2013 Famalic\u00e3o<\/span><\/li>\n<li><span style=\"color: #000000;font-family: georgia, palatino, serif\">Mar\u00edtimo \u2013 Nacional<\/span><\/li>\n<li><span style=\"color: #000000;font-family: georgia, palatino, serif\">Rio Ave \u2013 Moreirense<\/span><\/li>\n<li><span style=\"color: #000000;font-family: georgia, palatino, serif\">Portimonense \u2013 Santa Clara<\/span><\/li>\n<li><span style=\"color: #000000;font-family: georgia, palatino, serif\"><strong>Sporting \u2013 TONDELA<\/strong><\/span><\/li>\n<\/ul>\n<p><span style=\"color: #000000;font-family: georgia, palatino, serif\"><strong>\u00a0<\/strong><\/span><\/p>\n<p><strong>\u00a0<\/strong><\/p>\n<p><strong>\u00a0<\/strong><\/p>\n<p>&nbsp;<\/p>\n<p><strong>\u00a0<\/strong><\/p>\n<p><strong>\u00a0<\/strong><\/p>\n","protected":false},"excerpt":{"rendered":"<div class=\"mh-excerpt\"><span class=\"span-reading-time rt-reading-time\" style=\"display: block;\"><span class=\"rt-label rt-prefix\">tempo de leitura:<\/span> <span class=\"rt-time\"> 3<\/span> <span class=\"rt-label rt-postfix\">minutos<\/span><\/span>No jogo que marcou o regresso do p\u00fablico \u00e0s bancadas do Est\u00e1dio Jo\u00e3o Cardoso, as duas equipas entraram para dentro das quatro linhas um tanto <a class=\"mh-excerpt-more\" href=\"https:\/\/obeirao.pt\/online\/2020\/10\/27\/cd-tondela-1-a-vitoria-na-liga-2020-21\/\" title=\"CD TONDELA: 1.\u00aa VIT\u00d3RIA NA LIGA 2020\/21\">[&#8230;]<\/a><\/div>\n","protected":false},"author":2,"featured_media":5658,"comment_status":"closed","ping_status":"closed","sticky":false,"template":"","format":"standard","meta":{"footnotes":""},"categories":[2,5,43,44,4,63],"tags":[],"class_list":["post-5657","post","type-post","status-publish","format-standard","has-post-thumbnail","hentry","category-principal","category-cidade","category-desporto","category-futebol","category-regiao","category-tondela"],"yoast_head":"<!-- This site is optimized with the Yoast SEO plugin v27.4 - https:\/\/yoast.com\/product\/yoast-seo-wordpress\/ -->\n<title>CD TONDELA: 1.\u00aa VIT\u00d3RIA NA LIGA 2020\/21 - Beir\u00e3o Online<\/title>\n<meta name=\"robots\" content=\"index, follow, max-snippet:-1, max-image-preview:large, max-video-preview:-1\" \/>\n<link rel=\"canonical\" href=\"https:\/\/obeirao.pt\/online\/2020\/10\/27\/cd-tondela-1-a-vitoria-na-liga-2020-21\/\" \/>\n<meta property=\"og:locale\" content=\"pt_PT\" \/>\n<meta property=\"og:type\" content=\"article\" \/>\n<meta property=\"og:title\" content=\"CD TONDELA: 1.\u00aa VIT\u00d3RIA NA LIGA 2020\/21 - Beir\u00e3o Online\" \/>\n<meta property=\"og:description\" content=\"tempo de leitura: 3 minutosNo jogo que marcou o regresso do p\u00fablico \u00e0s bancadas do Est\u00e1dio Jo\u00e3o Cardoso, as duas equipas entraram para dentro das quatro linhas um tanto [...]\" \/>\n<meta property=\"og:url\" content=\"https:\/\/obeirao.pt\/online\/2020\/10\/27\/cd-tondela-1-a-vitoria-na-liga-2020-21\/\" \/>\n<meta property=\"og:site_name\" content=\"Beir\u00e3o Online\" \/>\n<meta property=\"article:publisher\" content=\"https:\/\/pt-br.facebook.com\/pages\/Amigos-de-Tondela\/273620439973877\" \/>\n<meta property=\"article:published_time\" content=\"2020-10-27T18:56:19+00:00\" \/>\n<meta property=\"article:modified_time\" content=\"2020-10-27T18:56:49+00:00\" \/>\n<meta property=\"og:image\" content=\"https:\/\/obeirao.pt\/online\/wp-content\/uploads\/2020\/10\/ojogo_pt_.jpg\" \/>\n\t<meta property=\"og:image:width\" content=\"768\" \/>\n\t<meta property=\"og:image:height\" content=\"512\" \/>\n\t<meta property=\"og:image:type\" content=\"image\/jpeg\" \/>\n<meta name=\"author\" content=\"Z\u00e9 Beir\u00e3o\" \/>\n<meta name=\"twitter:card\" content=\"summary_large_image\" \/>\n<meta name=\"twitter:creator\" content=\"@JoaquimDuarteP2\" \/>\n<meta name=\"twitter:site\" content=\"@JoaquimDuarteP2\" \/>\n<meta name=\"twitter:label1\" content=\"Escrito por\" \/>\n\t<meta name=\"twitter:data1\" content=\"Z\u00e9 Beir\u00e3o\" \/>\n\t<meta name=\"twitter:label2\" content=\"Tempo estimado de leitura\" \/>\n\t<meta name=\"twitter:data2\" content=\"4 minutos\" \/>\n<script type=\"application\/ld+json\" class=\"yoast-schema-graph\">{\"@context\":\"https:\\\/\\\/schema.org\",\"@graph\":[{\"@type\":\"Article\",\"@id\":\"https:\\\/\\\/obeirao.pt\\\/online\\\/2020\\\/10\\\/27\\\/cd-tondela-1-a-vitoria-na-liga-2020-21\\\/#article\",\"isPartOf\":{\"@id\":\"https:\\\/\\\/obeirao.pt\\\/online\\\/2020\\\/10\\\/27\\\/cd-tondela-1-a-vitoria-na-liga-2020-21\\\/\"},\"author\":{\"name\":\"Z\u00e9 Beir\u00e3o\",\"@id\":\"http:\\\/\\\/obeirao.pt\\\/online\\\/#\\\/schema\\\/person\\\/efac69bb5a33873e1c1bb9c1165ff38c\"},\"headline\":\"CD TONDELA: 1.\u00aa VIT\u00d3RIA NA LIGA 2020\\\/21\",\"datePublished\":\"2020-10-27T18:56:19+00:00\",\"dateModified\":\"2020-10-27T18:56:49+00:00\",\"mainEntityOfPage\":{\"@id\":\"https:\\\/\\\/obeirao.pt\\\/online\\\/2020\\\/10\\\/27\\\/cd-tondela-1-a-vitoria-na-liga-2020-21\\\/\"},\"wordCount\":825,\"image\":{\"@id\":\"https:\\\/\\\/obeirao.pt\\\/online\\\/2020\\\/10\\\/27\\\/cd-tondela-1-a-vitoria-na-liga-2020-21\\\/#primaryimage\"},\"thumbnailUrl\":\"https:\\\/\\\/obeirao.pt\\\/online\\\/wp-content\\\/uploads\\\/2020\\\/10\\\/ojogo_pt_.jpg\",\"articleSection\":[\"_Principal\",\"Cidade\",\"Desporto\",\"Futebol\",\"Regi\u00e3o\",\"Tondela\"],\"inLanguage\":\"pt-PT\"},{\"@type\":\"WebPage\",\"@id\":\"https:\\\/\\\/obeirao.pt\\\/online\\\/2020\\\/10\\\/27\\\/cd-tondela-1-a-vitoria-na-liga-2020-21\\\/\",\"url\":\"https:\\\/\\\/obeirao.pt\\\/online\\\/2020\\\/10\\\/27\\\/cd-tondela-1-a-vitoria-na-liga-2020-21\\\/\",\"name\":\"CD TONDELA: 1.\u00aa VIT\u00d3RIA NA LIGA 2020\\\/21 - Beir\u00e3o Online\",\"isPartOf\":{\"@id\":\"http:\\\/\\\/obeirao.pt\\\/online\\\/#website\"},\"primaryImageOfPage\":{\"@id\":\"https:\\\/\\\/obeirao.pt\\\/online\\\/2020\\\/10\\\/27\\\/cd-tondela-1-a-vitoria-na-liga-2020-21\\\/#primaryimage\"},\"image\":{\"@id\":\"https:\\\/\\\/obeirao.pt\\\/online\\\/2020\\\/10\\\/27\\\/cd-tondela-1-a-vitoria-na-liga-2020-21\\\/#primaryimage\"},\"thumbnailUrl\":\"https:\\\/\\\/obeirao.pt\\\/online\\\/wp-content\\\/uploads\\\/2020\\\/10\\\/ojogo_pt_.jpg\",\"datePublished\":\"2020-10-27T18:56:19+00:00\",\"dateModified\":\"2020-10-27T18:56:49+00:00\",\"author\":{\"@id\":\"http:\\\/\\\/obeirao.pt\\\/online\\\/#\\\/schema\\\/person\\\/efac69bb5a33873e1c1bb9c1165ff38c\"},\"breadcrumb\":{\"@id\":\"https:\\\/\\\/obeirao.pt\\\/online\\\/2020\\\/10\\\/27\\\/cd-tondela-1-a-vitoria-na-liga-2020-21\\\/#breadcrumb\"},\"inLanguage\":\"pt-PT\",\"potentialAction\":[{\"@type\":\"ReadAction\",\"target\":[\"https:\\\/\\\/obeirao.pt\\\/online\\\/2020\\\/10\\\/27\\\/cd-tondela-1-a-vitoria-na-liga-2020-21\\\/\"]}]},{\"@type\":\"ImageObject\",\"inLanguage\":\"pt-PT\",\"@id\":\"https:\\\/\\\/obeirao.pt\\\/online\\\/2020\\\/10\\\/27\\\/cd-tondela-1-a-vitoria-na-liga-2020-21\\\/#primaryimage\",\"url\":\"https:\\\/\\\/obeirao.pt\\\/online\\\/wp-content\\\/uploads\\\/2020\\\/10\\\/ojogo_pt_.jpg\",\"contentUrl\":\"https:\\\/\\\/obeirao.pt\\\/online\\\/wp-content\\\/uploads\\\/2020\\\/10\\\/ojogo_pt_.jpg\",\"width\":768,\"height\":512},{\"@type\":\"BreadcrumbList\",\"@id\":\"https:\\\/\\\/obeirao.pt\\\/online\\\/2020\\\/10\\\/27\\\/cd-tondela-1-a-vitoria-na-liga-2020-21\\\/#breadcrumb\",\"itemListElement\":[{\"@type\":\"ListItem\",\"position\":1,\"name\":\"Home\",\"item\":\"http:\\\/\\\/obeirao.pt\\\/online\\\/\"},{\"@type\":\"ListItem\",\"position\":2,\"name\":\"CD TONDELA: 1.\u00aa VIT\u00d3RIA NA LIGA 2020\\\/21\"}]},{\"@type\":\"WebSite\",\"@id\":\"http:\\\/\\\/obeirao.pt\\\/online\\\/#website\",\"url\":\"http:\\\/\\\/obeirao.pt\\\/online\\\/\",\"name\":\"Beir\u00e3o Online\",\"description\":\"www.obeirao.pt\",\"potentialAction\":[{\"@type\":\"SearchAction\",\"target\":{\"@type\":\"EntryPoint\",\"urlTemplate\":\"http:\\\/\\\/obeirao.pt\\\/online\\\/?s={search_term_string}\"},\"query-input\":{\"@type\":\"PropertyValueSpecification\",\"valueRequired\":true,\"valueName\":\"search_term_string\"}}],\"inLanguage\":\"pt-PT\"},{\"@type\":\"Person\",\"@id\":\"http:\\\/\\\/obeirao.pt\\\/online\\\/#\\\/schema\\\/person\\\/efac69bb5a33873e1c1bb9c1165ff38c\",\"name\":\"Z\u00e9 Beir\u00e3o\",\"image\":{\"@type\":\"ImageObject\",\"inLanguage\":\"pt-PT\",\"@id\":\"https:\\\/\\\/secure.gravatar.com\\\/avatar\\\/c8c44d1f9327baa4d27e9b1149cd71b3?s=96&d=mm&r=g\",\"url\":\"https:\\\/\\\/secure.gravatar.com\\\/avatar\\\/c8c44d1f9327baa4d27e9b1149cd71b3?s=96&d=mm&r=g\",\"contentUrl\":\"https:\\\/\\\/secure.gravatar.com\\\/avatar\\\/c8c44d1f9327baa4d27e9b1149cd71b3?s=96&d=mm&r=g\",\"caption\":\"Z\u00e9 Beir\u00e3o\"},\"url\":\"https:\\\/\\\/obeirao.pt\\\/online\\\/author\\\/zebeirao\\\/\"}]}<\/script>\n<!-- \/ Yoast SEO plugin. -->","yoast_head_json":{"title":"CD TONDELA: 1.\u00aa VIT\u00d3RIA NA LIGA 2020\/21 - Beir\u00e3o Online","robots":{"index":"index","follow":"follow","max-snippet":"max-snippet:-1","max-image-preview":"max-image-preview:large","max-video-preview":"max-video-preview:-1"},"canonical":"https:\/\/obeirao.pt\/online\/2020\/10\/27\/cd-tondela-1-a-vitoria-na-liga-2020-21\/","og_locale":"pt_PT","og_type":"article","og_title":"CD TONDELA: 1.\u00aa VIT\u00d3RIA NA LIGA 2020\/21 - Beir\u00e3o Online","og_description":"tempo de leitura: 3 minutosNo jogo que marcou o regresso do p\u00fablico \u00e0s bancadas do Est\u00e1dio Jo\u00e3o Cardoso, as duas equipas entraram para dentro das quatro linhas um tanto [...]","og_url":"https:\/\/obeirao.pt\/online\/2020\/10\/27\/cd-tondela-1-a-vitoria-na-liga-2020-21\/","og_site_name":"Beir\u00e3o Online","article_publisher":"https:\/\/pt-br.facebook.com\/pages\/Amigos-de-Tondela\/273620439973877","article_published_time":"2020-10-27T18:56:19+00:00","article_modified_time":"2020-10-27T18:56:49+00:00","og_image":[{"width":768,"height":512,"url":"https:\/\/obeirao.pt\/online\/wp-content\/uploads\/2020\/10\/ojogo_pt_.jpg","type":"image\/jpeg"}],"author":"Z\u00e9 Beir\u00e3o","twitter_card":"summary_large_image","twitter_creator":"@JoaquimDuarteP2","twitter_site":"@JoaquimDuarteP2","twitter_misc":{"Escrito por":"Z\u00e9 Beir\u00e3o","Tempo estimado de leitura":"4 minutos"},"schema":{"@context":"https:\/\/schema.org","@graph":[{"@type":"Article","@id":"https:\/\/obeirao.pt\/online\/2020\/10\/27\/cd-tondela-1-a-vitoria-na-liga-2020-21\/#article","isPartOf":{"@id":"https:\/\/obeirao.pt\/online\/2020\/10\/27\/cd-tondela-1-a-vitoria-na-liga-2020-21\/"},"author":{"name":"Z\u00e9 Beir\u00e3o","@id":"http:\/\/obeirao.pt\/online\/#\/schema\/person\/efac69bb5a33873e1c1bb9c1165ff38c"},"headline":"CD TONDELA: 1.\u00aa VIT\u00d3RIA NA LIGA 2020\/21","datePublished":"2020-10-27T18:56:19+00:00","dateModified":"2020-10-27T18:56:49+00:00","mainEntityOfPage":{"@id":"https:\/\/obeirao.pt\/online\/2020\/10\/27\/cd-tondela-1-a-vitoria-na-liga-2020-21\/"},"wordCount":825,"image":{"@id":"https:\/\/obeirao.pt\/online\/2020\/10\/27\/cd-tondela-1-a-vitoria-na-liga-2020-21\/#primaryimage"},"thumbnailUrl":"https:\/\/obeirao.pt\/online\/wp-content\/uploads\/2020\/10\/ojogo_pt_.jpg","articleSection":["_Principal","Cidade","Desporto","Futebol","Regi\u00e3o","Tondela"],"inLanguage":"pt-PT"},{"@type":"WebPage","@id":"https:\/\/obeirao.pt\/online\/2020\/10\/27\/cd-tondela-1-a-vitoria-na-liga-2020-21\/","url":"https:\/\/obeirao.pt\/online\/2020\/10\/27\/cd-tondela-1-a-vitoria-na-liga-2020-21\/","name":"CD TONDELA: 1.\u00aa VIT\u00d3RIA NA LIGA 2020\/21 - Beir\u00e3o Online","isPartOf":{"@id":"http:\/\/obeirao.pt\/online\/#website"},"primaryImageOfPage":{"@id":"https:\/\/obeirao.pt\/online\/2020\/10\/27\/cd-tondela-1-a-vitoria-na-liga-2020-21\/#primaryimage"},"image":{"@id":"https:\/\/obeirao.pt\/online\/2020\/10\/27\/cd-tondela-1-a-vitoria-na-liga-2020-21\/#primaryimage"},"thumbnailUrl":"https:\/\/obeirao.pt\/online\/wp-content\/uploads\/2020\/10\/ojogo_pt_.jpg","datePublished":"2020-10-27T18:56:19+00:00","dateModified":"2020-10-27T18:56:49+00:00","author":{"@id":"http:\/\/obeirao.pt\/online\/#\/schema\/person\/efac69bb5a33873e1c1bb9c1165ff38c"},"breadcrumb":{"@id":"https:\/\/obeirao.pt\/online\/2020\/10\/27\/cd-tondela-1-a-vitoria-na-liga-2020-21\/#breadcrumb"},"inLanguage":"pt-PT","potentialAction":[{"@type":"ReadAction","target":["https:\/\/obeirao.pt\/online\/2020\/10\/27\/cd-tondela-1-a-vitoria-na-liga-2020-21\/"]}]},{"@type":"ImageObject","inLanguage":"pt-PT","@id":"https:\/\/obeirao.pt\/online\/2020\/10\/27\/cd-tondela-1-a-vitoria-na-liga-2020-21\/#primaryimage","url":"https:\/\/obeirao.pt\/online\/wp-content\/uploads\/2020\/10\/ojogo_pt_.jpg","contentUrl":"https:\/\/obeirao.pt\/online\/wp-content\/uploads\/2020\/10\/ojogo_pt_.jpg","width":768,"height":512},{"@type":"BreadcrumbList","@id":"https:\/\/obeirao.pt\/online\/2020\/10\/27\/cd-tondela-1-a-vitoria-na-liga-2020-21\/#breadcrumb","itemListElement":[{"@type":"ListItem","position":1,"name":"Home","item":"http:\/\/obeirao.pt\/online\/"},{"@type":"ListItem","position":2,"name":"CD TONDELA: 1.\u00aa VIT\u00d3RIA NA LIGA 2020\/21"}]},{"@type":"WebSite","@id":"http:\/\/obeirao.pt\/online\/#website","url":"http:\/\/obeirao.pt\/online\/","name":"Beir\u00e3o Online","description":"www.obeirao.pt","potentialAction":[{"@type":"SearchAction","target":{"@type":"EntryPoint","urlTemplate":"http:\/\/obeirao.pt\/online\/?s={search_term_string}"},"query-input":{"@type":"PropertyValueSpecification","valueRequired":true,"valueName":"search_term_string"}}],"inLanguage":"pt-PT"},{"@type":"Person","@id":"http:\/\/obeirao.pt\/online\/#\/schema\/person\/efac69bb5a33873e1c1bb9c1165ff38c","name":"Z\u00e9 Beir\u00e3o","image":{"@type":"ImageObject","inLanguage":"pt-PT","@id":"https:\/\/secure.gravatar.com\/avatar\/c8c44d1f9327baa4d27e9b1149cd71b3?s=96&d=mm&r=g","url":"https:\/\/secure.gravatar.com\/avatar\/c8c44d1f9327baa4d27e9b1149cd71b3?s=96&d=mm&r=g","contentUrl":"https:\/\/secure.gravatar.com\/avatar\/c8c44d1f9327baa4d27e9b1149cd71b3?s=96&d=mm&r=g","caption":"Z\u00e9 Beir\u00e3o"},"url":"https:\/\/obeirao.pt\/online\/author\/zebeirao\/"}]}},"_links":{"self":[{"href":"https:\/\/obeirao.pt\/online\/wp-json\/wp\/v2\/posts\/5657"}],"collection":[{"href":"https:\/\/obeirao.pt\/online\/wp-json\/wp\/v2\/posts"}],"about":[{"href":"https:\/\/obeirao.pt\/online\/wp-json\/wp\/v2\/types\/post"}],"author":[{"embeddable":true,"href":"https:\/\/obeirao.pt\/online\/wp-json\/wp\/v2\/users\/2"}],"replies":[{"embeddable":true,"href":"https:\/\/obeirao.pt\/online\/wp-json\/wp\/v2\/comments?post=5657"}],"version-history":[{"count":1,"href":"https:\/\/obeirao.pt\/online\/wp-json\/wp\/v2\/posts\/5657\/revisions"}],"predecessor-version":[{"id":5659,"href":"https:\/\/obeirao.pt\/online\/wp-json\/wp\/v2\/posts\/5657\/revisions\/5659"}],"wp:featuredmedia":[{"embeddable":true,"href":"https:\/\/obeirao.pt\/online\/wp-json\/wp\/v2\/media\/5658"}],"wp:attachment":[{"href":"https:\/\/obeirao.pt\/online\/wp-json\/wp\/v2\/media?parent=5657"}],"wp:term":[{"taxonomy":"category","embeddable":true,"href":"https:\/\/obeirao.pt\/online\/wp-json\/wp\/v2\/categories?post=5657"},{"taxonomy":"post_tag","embeddable":true,"href":"https:\/\/obeirao.pt\/online\/wp-json\/wp\/v2\/tags?post=5657"}],"curies":[{"name":"wp","href":"https:\/\/api.w.org\/{rel}","templated":true}]}}