{"id":5939,"date":"2021-02-09T20:28:54","date_gmt":"2021-02-09T20:28:54","guid":{"rendered":"http:\/\/obeirao.pt\/online\/?p=5939"},"modified":"2021-02-09T20:29:19","modified_gmt":"2021-02-09T20:29:19","slug":"rio-ave-tondela-2-1-equipa-beira-desencalha-mais-um-aflito","status":"publish","type":"post","link":"https:\/\/obeirao.pt\/online\/2021\/02\/09\/rio-ave-tondela-2-1-equipa-beira-desencalha-mais-um-aflito\/","title":{"rendered":"RIO AVE \u2013 TONDELA (2-1): EQUIPA BEIR\u00c3 \u201cDESENCALHA\u201d MAIS UM AFLITO !"},"content":{"rendered":"<span class=\"span-reading-time rt-reading-time\" style=\"display: block;\"><span class=\"rt-label rt-prefix\">tempo de leitura:<\/span> <span class=\"rt-time\"> 2<\/span> <span class=\"rt-label rt-postfix\">minutos<\/span><\/span><p><span style=\"font-size: 24pt\"><strong><a href=\"http:\/\/obeirao.pt\/online\/wp-content\/uploads\/2021\/02\/arquivo-Rio-Ave-Tondela.jpg\"><img loading=\"lazy\" decoding=\"async\" class=\"alignleft wp-image-5940 size-medium\" src=\"http:\/\/obeirao.pt\/online\/wp-content\/uploads\/2021\/02\/arquivo-Rio-Ave-Tondela-300x225.jpg\" alt=\"\" width=\"300\" height=\"225\" srcset=\"https:\/\/obeirao.pt\/online\/wp-content\/uploads\/2021\/02\/arquivo-Rio-Ave-Tondela-300x225.jpg 300w, https:\/\/obeirao.pt\/online\/wp-content\/uploads\/2021\/02\/arquivo-Rio-Ave-Tondela-768x576.jpg 768w, https:\/\/obeirao.pt\/online\/wp-content\/uploads\/2021\/02\/arquivo-Rio-Ave-Tondela-640x480.jpg 640w, https:\/\/obeirao.pt\/online\/wp-content\/uploads\/2021\/02\/arquivo-Rio-Ave-Tondela-678x509.jpg 678w, https:\/\/obeirao.pt\/online\/wp-content\/uploads\/2021\/02\/arquivo-Rio-Ave-Tondela-326x245.jpg 326w, https:\/\/obeirao.pt\/online\/wp-content\/uploads\/2021\/02\/arquivo-Rio-Ave-Tondela-80x60.jpg 80w, https:\/\/obeirao.pt\/online\/wp-content\/uploads\/2021\/02\/arquivo-Rio-Ave-Tondela.jpg 1024w\" sizes=\"(max-width: 300px) 100vw, 300px\" \/><\/a><\/strong><\/span><span style=\"font-family: georgia, palatino, serif;font-size: 14pt\"><strong><em>Ao contr\u00e1rio do que bem poderia fazer, fugindo aos lugares de despromo\u00e7\u00e3o, o CD Tondela vai \u201cdesencalhando\u201d equipas do fundo da tabela<\/em><\/strong><\/span><!--more--><\/p>\n<p><span style=\"font-family: georgia, palatino, serif;font-size: 12pt\">Desta forma, o Rio Ave (a dois pontos da linha de \u00e1gua) ascendeu hoje, provisoriamente, ao nono lugar da I Liga portuguesa de futebol, ao vencer em casa o Tondela por 2-1, depois de estar a perder, num encontro da 18.\u00aa jornada da prova.<\/span><\/p>\n<p><span style=\"font-family: georgia, palatino, serif;font-size: 12pt\">A equipa auriverde, adiantou-se no marcador, chegando ao intervalo a vencer pela diferen\u00e7a m\u00ednima. Aguentou at\u00e9 cerca dos 60 minutos, mas depois n\u00e3o conseguiu controlar o advers\u00e1rio e deu facilidades na sua \u00e1rea de rigor, a um Rio Ave que, desta forma, \u201cvoou\u201d por cima de v\u00e1rios emblemas, para se colocar \u00e0 frente do Tondela, com mais um ponto.<\/span><\/p>\n<p><span style=\"font-family: georgia, palatino, serif;font-size: 12pt\">Os visitantes, alcan\u00e7ando o seu golo aos 32 minutos, por Jhon Murillo, poderiam ter feito o 2.\u00ba golo e, como quem n\u00e3o marca, sofre, deixaram que o Rio Ave desse a volta ao resultado, com tentos de Carlos Man\u00e9, aos 59, e Rafael Camacho, aos 64.<\/span><\/p>\n<p><span style=\"font-family: georgia, palatino, serif;font-size: 12pt\">Em apenas cinco minutos, o Rio Ave conseguiu os golos da vit\u00f3ria, que lhe permitiu voar mais alto na tabela.<\/span><\/p>\n<p><span style=\"font-family: georgia, palatino, serif;font-size: 12pt\">Na classifica\u00e7\u00e3o, o Rio Ave, que s\u00f3 tinha vencido um dos \u00faltimos 11 jogos, passou a somar 19 pontos e saltou, \u00e0 condi\u00e7\u00e3o, para o nono posto, ultrapassando, entre outros, o Tondela, que somou a s\u00e9tima derrota consecutiva fora e caiu para 11.\u00ba, com 18.<\/span><\/p>\n<p><span style=\"font-family: georgia, palatino, serif;font-size: 18pt;color: #ff0000;background-color: #ffff99\"><strong><em>CD TONDELA: UMA DESGRA\u00c7A FORA DE CASA<\/em><\/strong><\/span><\/p>\n<p><span style=\"font-family: georgia, palatino, serif;font-size: 12pt\">\u00c9 impressionante a carreira do Desportivo de Tondela nos jogos fora de casa, averbando, nada menos, de oito derrotas e apenas conseguindo um ponto, que foi o empate em casa do Gil Vicente (1-1) na 4. Jornada.<\/span><\/p>\n<p><span style=\"font-family: georgia, palatino, serif;font-size: 12pt\">A ganhar 1-0 aos 59 minutos, sempre pensaram os tondelenses que era desta que a equipa auriverde conseguiria a sua primeira vit\u00f3ria em campo alheio. Contudo, n\u00e3o teve estaleca para se aguentar a vantagem e nem um empate conseguiu.<\/span><\/p>\n<p><strong><span style=\"font-family: georgia, palatino, serif;font-size: 14pt\">RESULTADOS DA 18.\u00aa JORNADA<\/span><\/strong><\/p>\n<ul>\n<li><span style=\"font-family: georgia, palatino, serif;font-size: 12pt\">Benfica \u2013 Famalic\u00e3o 2-0<\/span><\/li>\n<li><span style=\"font-family: georgia, palatino, serif;font-size: 12pt\">Mar\u00edtimo \u2013 Santa Clara 1-2<\/span><\/li>\n<li><span style=\"font-family: georgia, palatino, serif;font-size: 12pt\">Belenenses \u2013 Guimar\u00e3es 1-1<\/span><\/li>\n<li><span style=\"font-family: georgia, palatino, serif;font-size: 12pt\">Farense- Moreirense 1-2<\/span><\/li>\n<li><span style=\"font-family: georgia, palatino, serif;font-size: 12pt\">Braga \u2013 Porto 2-2<\/span><\/li>\n<li><span style=\"font-family: georgia, palatino, serif;font-size: 12pt\">Ferreira \u2013 Portimonense 0-0<\/span><\/li>\n<li><span style=\"font-family: georgia, palatino, serif;font-size: 12pt\"><strong>Rio Ave \u2013 TONDELA 2-1<\/strong><\/span><\/li>\n<li><span style=\"font-family: georgia, palatino, serif;font-size: 12pt\">Gil Vicente \u2013 Sporting (*)<\/span><\/li>\n<li><span style=\"font-family: georgia, palatino, serif;font-size: 12pt\">Boavista \u2013 Nacional (*)<\/span><\/li>\n<\/ul>\n<p><span style=\"font-family: georgia, palatino, serif;font-size: 12pt\"><strong><em>(*) Ainda n\u00e3o tinham conclu\u00eddos os encontros \u00e0 hora do fecho desta not\u00edcia<\/em><\/strong><\/span><\/p>\n<p><span style=\"font-family: georgia, palatino, serif;font-size: 14pt\"><strong>PR\u00d3XIMA JORNADA 19-\u00aa<\/strong><\/span><\/p>\n<ul>\n<li><span style=\"font-family: georgia, palatino, serif;font-size: 12pt\">Portimonense \u2013 Gil Vicente<\/span><\/li>\n<li><span style=\"font-family: georgia, palatino, serif;font-size: 12pt\">Sporting \u2013 P. Ferreira<\/span><\/li>\n<li><span style=\"font-family: georgia, palatino, serif;font-size: 12pt\">Famalic\u00e3o \u2013 Belenenses<\/span><\/li>\n<li><span style=\"font-family: georgia, palatino, serif;font-size: 12pt\">Moreirense \u2013 Benfica<\/span><\/li>\n<li><span style=\"font-family: georgia, palatino, serif;font-size: 12pt\">Porto \u2013 Boavista<\/span><\/li>\n<li><span style=\"font-family: georgia, palatino, serif;font-size: 12pt\">Santa Clara \u2013 Braga<\/span><\/li>\n<li><span style=\"font-family: georgia, palatino, serif;font-size: 12pt\"><strong>TONDELA \u2013 Mar\u00edtimo<\/strong><\/span><\/li>\n<li><span style=\"font-family: georgia, palatino, serif;font-size: 12pt\">Nacional \u2013 Farense<\/span><\/li>\n<li><span style=\"font-family: georgia, palatino, serif;font-size: 12pt\">Guimar\u00e3es \u2013 Rio Ave<\/span><\/li>\n<\/ul>\n","protected":false},"excerpt":{"rendered":"<div class=\"mh-excerpt\"><span class=\"span-reading-time rt-reading-time\" style=\"display: block;\"><span class=\"rt-label rt-prefix\">tempo de leitura:<\/span> <span class=\"rt-time\"> 2<\/span> <span class=\"rt-label rt-postfix\">minutos<\/span><\/span>Ao contr\u00e1rio do que bem poderia fazer, fugindo aos lugares de despromo\u00e7\u00e3o, o CD Tondela vai \u201cdesencalhando\u201d equipas do fundo da tabela<\/div>\n","protected":false},"author":2,"featured_media":5940,"comment_status":"closed","ping_status":"closed","sticky":false,"template":"","format":"standard","meta":{"footnotes":""},"categories":[2,5,43,44,6,4,63],"tags":[],"class_list":["post-5939","post","type-post","status-publish","format-standard","has-post-thumbnail","hentry","category-principal","category-cidade","category-desporto","category-futebol","category-pais","category-regiao","category-tondela"],"yoast_head":"<!-- This site is optimized with the Yoast SEO plugin v27.4 - https:\/\/yoast.com\/product\/yoast-seo-wordpress\/ -->\n<title>RIO AVE \u2013 TONDELA (2-1): EQUIPA BEIR\u00c3 \u201cDESENCALHA\u201d MAIS UM AFLITO ! - Beir\u00e3o Online<\/title>\n<meta name=\"robots\" content=\"index, follow, max-snippet:-1, max-image-preview:large, max-video-preview:-1\" \/>\n<link rel=\"canonical\" href=\"https:\/\/obeirao.pt\/online\/2021\/02\/09\/rio-ave-tondela-2-1-equipa-beira-desencalha-mais-um-aflito\/\" \/>\n<meta property=\"og:locale\" content=\"pt_PT\" \/>\n<meta property=\"og:type\" content=\"article\" \/>\n<meta property=\"og:title\" content=\"RIO AVE \u2013 TONDELA (2-1): EQUIPA BEIR\u00c3 \u201cDESENCALHA\u201d MAIS UM AFLITO ! - Beir\u00e3o Online\" \/>\n<meta property=\"og:description\" content=\"tempo de leitura: 2 minutosAo contr\u00e1rio do que bem poderia fazer, fugindo aos lugares de despromo\u00e7\u00e3o, o CD Tondela vai \u201cdesencalhando\u201d equipas do fundo da tabela\" \/>\n<meta property=\"og:url\" content=\"https:\/\/obeirao.pt\/online\/2021\/02\/09\/rio-ave-tondela-2-1-equipa-beira-desencalha-mais-um-aflito\/\" \/>\n<meta property=\"og:site_name\" content=\"Beir\u00e3o Online\" \/>\n<meta property=\"article:publisher\" content=\"https:\/\/pt-br.facebook.com\/pages\/Amigos-de-Tondela\/273620439973877\" \/>\n<meta property=\"article:published_time\" content=\"2021-02-09T20:28:54+00:00\" \/>\n<meta property=\"article:modified_time\" content=\"2021-02-09T20:29:19+00:00\" \/>\n<meta property=\"og:image\" content=\"https:\/\/obeirao.pt\/online\/wp-content\/uploads\/2021\/02\/arquivo-Rio-Ave-Tondela.jpg\" \/>\n\t<meta property=\"og:image:width\" content=\"1024\" \/>\n\t<meta property=\"og:image:height\" content=\"768\" \/>\n\t<meta property=\"og:image:type\" content=\"image\/jpeg\" \/>\n<meta name=\"author\" content=\"Z\u00e9 Beir\u00e3o\" \/>\n<meta name=\"twitter:card\" content=\"summary_large_image\" \/>\n<meta name=\"twitter:creator\" content=\"@JoaquimDuarteP2\" \/>\n<meta name=\"twitter:site\" content=\"@JoaquimDuarteP2\" \/>\n<meta name=\"twitter:label1\" content=\"Escrito por\" \/>\n\t<meta name=\"twitter:data1\" content=\"Z\u00e9 Beir\u00e3o\" \/>\n\t<meta name=\"twitter:label2\" content=\"Tempo estimado de leitura\" \/>\n\t<meta name=\"twitter:data2\" content=\"2 minutos\" \/>\n<script type=\"application\/ld+json\" class=\"yoast-schema-graph\">{\"@context\":\"https:\\\/\\\/schema.org\",\"@graph\":[{\"@type\":\"Article\",\"@id\":\"https:\\\/\\\/obeirao.pt\\\/online\\\/2021\\\/02\\\/09\\\/rio-ave-tondela-2-1-equipa-beira-desencalha-mais-um-aflito\\\/#article\",\"isPartOf\":{\"@id\":\"https:\\\/\\\/obeirao.pt\\\/online\\\/2021\\\/02\\\/09\\\/rio-ave-tondela-2-1-equipa-beira-desencalha-mais-um-aflito\\\/\"},\"author\":{\"name\":\"Z\u00e9 Beir\u00e3o\",\"@id\":\"http:\\\/\\\/obeirao.pt\\\/online\\\/#\\\/schema\\\/person\\\/efac69bb5a33873e1c1bb9c1165ff38c\"},\"headline\":\"RIO AVE \u2013 TONDELA (2-1): EQUIPA BEIR\u00c3 \u201cDESENCALHA\u201d MAIS UM AFLITO !\",\"datePublished\":\"2021-02-09T20:28:54+00:00\",\"dateModified\":\"2021-02-09T20:29:19+00:00\",\"mainEntityOfPage\":{\"@id\":\"https:\\\/\\\/obeirao.pt\\\/online\\\/2021\\\/02\\\/09\\\/rio-ave-tondela-2-1-equipa-beira-desencalha-mais-um-aflito\\\/\"},\"wordCount\":407,\"image\":{\"@id\":\"https:\\\/\\\/obeirao.pt\\\/online\\\/2021\\\/02\\\/09\\\/rio-ave-tondela-2-1-equipa-beira-desencalha-mais-um-aflito\\\/#primaryimage\"},\"thumbnailUrl\":\"https:\\\/\\\/obeirao.pt\\\/online\\\/wp-content\\\/uploads\\\/2021\\\/02\\\/arquivo-Rio-Ave-Tondela.jpg\",\"articleSection\":[\"_Principal\",\"Cidade\",\"Desporto\",\"Futebol\",\"Pa\u00eds\",\"Regi\u00e3o\",\"Tondela\"],\"inLanguage\":\"pt-PT\"},{\"@type\":\"WebPage\",\"@id\":\"https:\\\/\\\/obeirao.pt\\\/online\\\/2021\\\/02\\\/09\\\/rio-ave-tondela-2-1-equipa-beira-desencalha-mais-um-aflito\\\/\",\"url\":\"https:\\\/\\\/obeirao.pt\\\/online\\\/2021\\\/02\\\/09\\\/rio-ave-tondela-2-1-equipa-beira-desencalha-mais-um-aflito\\\/\",\"name\":\"RIO AVE \u2013 TONDELA (2-1): EQUIPA BEIR\u00c3 \u201cDESENCALHA\u201d MAIS UM AFLITO ! - Beir\u00e3o Online\",\"isPartOf\":{\"@id\":\"http:\\\/\\\/obeirao.pt\\\/online\\\/#website\"},\"primaryImageOfPage\":{\"@id\":\"https:\\\/\\\/obeirao.pt\\\/online\\\/2021\\\/02\\\/09\\\/rio-ave-tondela-2-1-equipa-beira-desencalha-mais-um-aflito\\\/#primaryimage\"},\"image\":{\"@id\":\"https:\\\/\\\/obeirao.pt\\\/online\\\/2021\\\/02\\\/09\\\/rio-ave-tondela-2-1-equipa-beira-desencalha-mais-um-aflito\\\/#primaryimage\"},\"thumbnailUrl\":\"https:\\\/\\\/obeirao.pt\\\/online\\\/wp-content\\\/uploads\\\/2021\\\/02\\\/arquivo-Rio-Ave-Tondela.jpg\",\"datePublished\":\"2021-02-09T20:28:54+00:00\",\"dateModified\":\"2021-02-09T20:29:19+00:00\",\"author\":{\"@id\":\"http:\\\/\\\/obeirao.pt\\\/online\\\/#\\\/schema\\\/person\\\/efac69bb5a33873e1c1bb9c1165ff38c\"},\"breadcrumb\":{\"@id\":\"https:\\\/\\\/obeirao.pt\\\/online\\\/2021\\\/02\\\/09\\\/rio-ave-tondela-2-1-equipa-beira-desencalha-mais-um-aflito\\\/#breadcrumb\"},\"inLanguage\":\"pt-PT\",\"potentialAction\":[{\"@type\":\"ReadAction\",\"target\":[\"https:\\\/\\\/obeirao.pt\\\/online\\\/2021\\\/02\\\/09\\\/rio-ave-tondela-2-1-equipa-beira-desencalha-mais-um-aflito\\\/\"]}]},{\"@type\":\"ImageObject\",\"inLanguage\":\"pt-PT\",\"@id\":\"https:\\\/\\\/obeirao.pt\\\/online\\\/2021\\\/02\\\/09\\\/rio-ave-tondela-2-1-equipa-beira-desencalha-mais-um-aflito\\\/#primaryimage\",\"url\":\"https:\\\/\\\/obeirao.pt\\\/online\\\/wp-content\\\/uploads\\\/2021\\\/02\\\/arquivo-Rio-Ave-Tondela.jpg\",\"contentUrl\":\"https:\\\/\\\/obeirao.pt\\\/online\\\/wp-content\\\/uploads\\\/2021\\\/02\\\/arquivo-Rio-Ave-Tondela.jpg\",\"width\":1024,\"height\":768},{\"@type\":\"BreadcrumbList\",\"@id\":\"https:\\\/\\\/obeirao.pt\\\/online\\\/2021\\\/02\\\/09\\\/rio-ave-tondela-2-1-equipa-beira-desencalha-mais-um-aflito\\\/#breadcrumb\",\"itemListElement\":[{\"@type\":\"ListItem\",\"position\":1,\"name\":\"Home\",\"item\":\"http:\\\/\\\/obeirao.pt\\\/online\\\/\"},{\"@type\":\"ListItem\",\"position\":2,\"name\":\"RIO AVE \u2013 TONDELA (2-1): EQUIPA BEIR\u00c3 \u201cDESENCALHA\u201d MAIS UM AFLITO !\"}]},{\"@type\":\"WebSite\",\"@id\":\"http:\\\/\\\/obeirao.pt\\\/online\\\/#website\",\"url\":\"http:\\\/\\\/obeirao.pt\\\/online\\\/\",\"name\":\"Beir\u00e3o Online\",\"description\":\"www.obeirao.pt\",\"potentialAction\":[{\"@type\":\"SearchAction\",\"target\":{\"@type\":\"EntryPoint\",\"urlTemplate\":\"http:\\\/\\\/obeirao.pt\\\/online\\\/?s={search_term_string}\"},\"query-input\":{\"@type\":\"PropertyValueSpecification\",\"valueRequired\":true,\"valueName\":\"search_term_string\"}}],\"inLanguage\":\"pt-PT\"},{\"@type\":\"Person\",\"@id\":\"http:\\\/\\\/obeirao.pt\\\/online\\\/#\\\/schema\\\/person\\\/efac69bb5a33873e1c1bb9c1165ff38c\",\"name\":\"Z\u00e9 Beir\u00e3o\",\"image\":{\"@type\":\"ImageObject\",\"inLanguage\":\"pt-PT\",\"@id\":\"https:\\\/\\\/secure.gravatar.com\\\/avatar\\\/c8c44d1f9327baa4d27e9b1149cd71b3?s=96&d=mm&r=g\",\"url\":\"https:\\\/\\\/secure.gravatar.com\\\/avatar\\\/c8c44d1f9327baa4d27e9b1149cd71b3?s=96&d=mm&r=g\",\"contentUrl\":\"https:\\\/\\\/secure.gravatar.com\\\/avatar\\\/c8c44d1f9327baa4d27e9b1149cd71b3?s=96&d=mm&r=g\",\"caption\":\"Z\u00e9 Beir\u00e3o\"},\"url\":\"https:\\\/\\\/obeirao.pt\\\/online\\\/author\\\/zebeirao\\\/\"}]}<\/script>\n<!-- \/ Yoast SEO plugin. -->","yoast_head_json":{"title":"RIO AVE \u2013 TONDELA (2-1): EQUIPA BEIR\u00c3 \u201cDESENCALHA\u201d MAIS UM AFLITO ! - Beir\u00e3o Online","robots":{"index":"index","follow":"follow","max-snippet":"max-snippet:-1","max-image-preview":"max-image-preview:large","max-video-preview":"max-video-preview:-1"},"canonical":"https:\/\/obeirao.pt\/online\/2021\/02\/09\/rio-ave-tondela-2-1-equipa-beira-desencalha-mais-um-aflito\/","og_locale":"pt_PT","og_type":"article","og_title":"RIO AVE \u2013 TONDELA (2-1): EQUIPA BEIR\u00c3 \u201cDESENCALHA\u201d MAIS UM AFLITO ! - Beir\u00e3o Online","og_description":"tempo de leitura: 2 minutosAo contr\u00e1rio do que bem poderia fazer, fugindo aos lugares de despromo\u00e7\u00e3o, o CD Tondela vai \u201cdesencalhando\u201d equipas do fundo da tabela","og_url":"https:\/\/obeirao.pt\/online\/2021\/02\/09\/rio-ave-tondela-2-1-equipa-beira-desencalha-mais-um-aflito\/","og_site_name":"Beir\u00e3o Online","article_publisher":"https:\/\/pt-br.facebook.com\/pages\/Amigos-de-Tondela\/273620439973877","article_published_time":"2021-02-09T20:28:54+00:00","article_modified_time":"2021-02-09T20:29:19+00:00","og_image":[{"width":1024,"height":768,"url":"https:\/\/obeirao.pt\/online\/wp-content\/uploads\/2021\/02\/arquivo-Rio-Ave-Tondela.jpg","type":"image\/jpeg"}],"author":"Z\u00e9 Beir\u00e3o","twitter_card":"summary_large_image","twitter_creator":"@JoaquimDuarteP2","twitter_site":"@JoaquimDuarteP2","twitter_misc":{"Escrito por":"Z\u00e9 Beir\u00e3o","Tempo estimado de leitura":"2 minutos"},"schema":{"@context":"https:\/\/schema.org","@graph":[{"@type":"Article","@id":"https:\/\/obeirao.pt\/online\/2021\/02\/09\/rio-ave-tondela-2-1-equipa-beira-desencalha-mais-um-aflito\/#article","isPartOf":{"@id":"https:\/\/obeirao.pt\/online\/2021\/02\/09\/rio-ave-tondela-2-1-equipa-beira-desencalha-mais-um-aflito\/"},"author":{"name":"Z\u00e9 Beir\u00e3o","@id":"http:\/\/obeirao.pt\/online\/#\/schema\/person\/efac69bb5a33873e1c1bb9c1165ff38c"},"headline":"RIO AVE \u2013 TONDELA (2-1): EQUIPA BEIR\u00c3 \u201cDESENCALHA\u201d MAIS UM AFLITO !","datePublished":"2021-02-09T20:28:54+00:00","dateModified":"2021-02-09T20:29:19+00:00","mainEntityOfPage":{"@id":"https:\/\/obeirao.pt\/online\/2021\/02\/09\/rio-ave-tondela-2-1-equipa-beira-desencalha-mais-um-aflito\/"},"wordCount":407,"image":{"@id":"https:\/\/obeirao.pt\/online\/2021\/02\/09\/rio-ave-tondela-2-1-equipa-beira-desencalha-mais-um-aflito\/#primaryimage"},"thumbnailUrl":"https:\/\/obeirao.pt\/online\/wp-content\/uploads\/2021\/02\/arquivo-Rio-Ave-Tondela.jpg","articleSection":["_Principal","Cidade","Desporto","Futebol","Pa\u00eds","Regi\u00e3o","Tondela"],"inLanguage":"pt-PT"},{"@type":"WebPage","@id":"https:\/\/obeirao.pt\/online\/2021\/02\/09\/rio-ave-tondela-2-1-equipa-beira-desencalha-mais-um-aflito\/","url":"https:\/\/obeirao.pt\/online\/2021\/02\/09\/rio-ave-tondela-2-1-equipa-beira-desencalha-mais-um-aflito\/","name":"RIO AVE \u2013 TONDELA (2-1): EQUIPA BEIR\u00c3 \u201cDESENCALHA\u201d MAIS UM AFLITO ! - Beir\u00e3o Online","isPartOf":{"@id":"http:\/\/obeirao.pt\/online\/#website"},"primaryImageOfPage":{"@id":"https:\/\/obeirao.pt\/online\/2021\/02\/09\/rio-ave-tondela-2-1-equipa-beira-desencalha-mais-um-aflito\/#primaryimage"},"image":{"@id":"https:\/\/obeirao.pt\/online\/2021\/02\/09\/rio-ave-tondela-2-1-equipa-beira-desencalha-mais-um-aflito\/#primaryimage"},"thumbnailUrl":"https:\/\/obeirao.pt\/online\/wp-content\/uploads\/2021\/02\/arquivo-Rio-Ave-Tondela.jpg","datePublished":"2021-02-09T20:28:54+00:00","dateModified":"2021-02-09T20:29:19+00:00","author":{"@id":"http:\/\/obeirao.pt\/online\/#\/schema\/person\/efac69bb5a33873e1c1bb9c1165ff38c"},"breadcrumb":{"@id":"https:\/\/obeirao.pt\/online\/2021\/02\/09\/rio-ave-tondela-2-1-equipa-beira-desencalha-mais-um-aflito\/#breadcrumb"},"inLanguage":"pt-PT","potentialAction":[{"@type":"ReadAction","target":["https:\/\/obeirao.pt\/online\/2021\/02\/09\/rio-ave-tondela-2-1-equipa-beira-desencalha-mais-um-aflito\/"]}]},{"@type":"ImageObject","inLanguage":"pt-PT","@id":"https:\/\/obeirao.pt\/online\/2021\/02\/09\/rio-ave-tondela-2-1-equipa-beira-desencalha-mais-um-aflito\/#primaryimage","url":"https:\/\/obeirao.pt\/online\/wp-content\/uploads\/2021\/02\/arquivo-Rio-Ave-Tondela.jpg","contentUrl":"https:\/\/obeirao.pt\/online\/wp-content\/uploads\/2021\/02\/arquivo-Rio-Ave-Tondela.jpg","width":1024,"height":768},{"@type":"BreadcrumbList","@id":"https:\/\/obeirao.pt\/online\/2021\/02\/09\/rio-ave-tondela-2-1-equipa-beira-desencalha-mais-um-aflito\/#breadcrumb","itemListElement":[{"@type":"ListItem","position":1,"name":"Home","item":"http:\/\/obeirao.pt\/online\/"},{"@type":"ListItem","position":2,"name":"RIO AVE \u2013 TONDELA (2-1): EQUIPA BEIR\u00c3 \u201cDESENCALHA\u201d MAIS UM AFLITO !"}]},{"@type":"WebSite","@id":"http:\/\/obeirao.pt\/online\/#website","url":"http:\/\/obeirao.pt\/online\/","name":"Beir\u00e3o Online","description":"www.obeirao.pt","potentialAction":[{"@type":"SearchAction","target":{"@type":"EntryPoint","urlTemplate":"http:\/\/obeirao.pt\/online\/?s={search_term_string}"},"query-input":{"@type":"PropertyValueSpecification","valueRequired":true,"valueName":"search_term_string"}}],"inLanguage":"pt-PT"},{"@type":"Person","@id":"http:\/\/obeirao.pt\/online\/#\/schema\/person\/efac69bb5a33873e1c1bb9c1165ff38c","name":"Z\u00e9 Beir\u00e3o","image":{"@type":"ImageObject","inLanguage":"pt-PT","@id":"https:\/\/secure.gravatar.com\/avatar\/c8c44d1f9327baa4d27e9b1149cd71b3?s=96&d=mm&r=g","url":"https:\/\/secure.gravatar.com\/avatar\/c8c44d1f9327baa4d27e9b1149cd71b3?s=96&d=mm&r=g","contentUrl":"https:\/\/secure.gravatar.com\/avatar\/c8c44d1f9327baa4d27e9b1149cd71b3?s=96&d=mm&r=g","caption":"Z\u00e9 Beir\u00e3o"},"url":"https:\/\/obeirao.pt\/online\/author\/zebeirao\/"}]}},"_links":{"self":[{"href":"https:\/\/obeirao.pt\/online\/wp-json\/wp\/v2\/posts\/5939"}],"collection":[{"href":"https:\/\/obeirao.pt\/online\/wp-json\/wp\/v2\/posts"}],"about":[{"href":"https:\/\/obeirao.pt\/online\/wp-json\/wp\/v2\/types\/post"}],"author":[{"embeddable":true,"href":"https:\/\/obeirao.pt\/online\/wp-json\/wp\/v2\/users\/2"}],"replies":[{"embeddable":true,"href":"https:\/\/obeirao.pt\/online\/wp-json\/wp\/v2\/comments?post=5939"}],"version-history":[{"count":1,"href":"https:\/\/obeirao.pt\/online\/wp-json\/wp\/v2\/posts\/5939\/revisions"}],"predecessor-version":[{"id":5941,"href":"https:\/\/obeirao.pt\/online\/wp-json\/wp\/v2\/posts\/5939\/revisions\/5941"}],"wp:featuredmedia":[{"embeddable":true,"href":"https:\/\/obeirao.pt\/online\/wp-json\/wp\/v2\/media\/5940"}],"wp:attachment":[{"href":"https:\/\/obeirao.pt\/online\/wp-json\/wp\/v2\/media?parent=5939"}],"wp:term":[{"taxonomy":"category","embeddable":true,"href":"https:\/\/obeirao.pt\/online\/wp-json\/wp\/v2\/categories?post=5939"},{"taxonomy":"post_tag","embeddable":true,"href":"https:\/\/obeirao.pt\/online\/wp-json\/wp\/v2\/tags?post=5939"}],"curies":[{"name":"wp","href":"https:\/\/api.w.org\/{rel}","templated":true}]}}